{"id":32870,"date":"2026-03-07T11:10:35","date_gmt":"2026-03-07T14:10:35","guid":{"rendered":"https:\/\/sulsc.com\/?p=32870"},"modified":"2026-03-07T11:10:35","modified_gmt":"2026-03-07T14:10:35","slug":"moraes-nega-conversas-com-vorcaro-no-dia-em-que-banqueiro-foi-preso","status":"publish","type":"post","link":"https:\/\/sulsc.com\/index.php\/2026\/03\/07\/moraes-nega-conversas-com-vorcaro-no-dia-em-que-banqueiro-foi-preso\/","title":{"rendered":"Moraes nega conversas com Vorcaro no dia em que banqueiro foi preso"},"content":{"rendered":"<p>O ministro Alexandre de Moraes, do Supremo Tribunal Federal (STF), nega ter mantido conversas com o banqueiro Daniel Vorcaro, em 17 de novembro do ano passado. A suposta troca de mensagens foi divulgada pelo jornal O Globo, que teve acesso aos prints de mensagens encontradas pela Pol\u00edcia Federal (PF) no celular de Vorcaro, que foi preso durante opera\u00e7\u00e3o da Pol\u00edcia Federal.\u00a0No dia, Vorcaro foi preso pela primeira vez ao ser alvo da Opera\u00e7\u00e3o Compliance Zero, que investiga fraudes no Banco Master.<\/p>\n<div id=\"metaslider-id-25573\" style=\"width: 100%;\" class=\"ml-slider-3-99-0 metaslider metaslider-flex metaslider-25573 ml-slider has-onhover-arrows ms-theme-default-base has-dots-nav\" role=\"region\" aria-label=\"Meio\" data-width=\"1200\">\n    <div id=\"metaslider_container_25573\">\n        <div id=\"metaslider_25573\">\n            <ul class='slides'>\n                <li style=\"display: block; width: 100%;\" class=\"slide-25684 ms-image \" aria-roledescription=\"slide\" data-date=\"2025-07-24 07:55:40\"><img src=\"https:\/\/sulsc.com\/wp-content\/uploads\/2025\/07\/Marr-2-1000x166.jpg\" height=\"200\" width=\"1200\" alt=\"\" class=\"slider-25573 slide-25684 msDefaultImage\" title=\"Marr 2\" \/><\/li>\n                <li style=\"display: none; width: 100%;\" class=\"slide-32412 ms-image \" aria-roledescription=\"slide\" data-date=\"2026-02-18 13:59:46\"><img src=\"https:\/\/sulsc.com\/wp-content\/uploads\/2026\/02\/40dc1580-cad5-4867-bc58-c4243821ad38-1000x166.jpeg\" height=\"200\" width=\"1200\" alt=\"\" class=\"slider-25573 slide-32412 msDefaultImage\" title=\"40dc1580-cad5-4867-bc58-c4243821ad38\" \/><\/li>\n                <li style=\"display: none; width: 100%;\" class=\"slide-32766 ms-image \" aria-roledescription=\"slide\" data-date=\"2026-03-03 17:22:59\"><img src=\"https:\/\/sulsc.com\/wp-content\/uploads\/2026\/03\/271ce739-f268-41c5-8051-3de1a1750359-1000x166.jpeg\" height=\"200\" width=\"1200\" alt=\"\" class=\"slider-25573 slide-32766 msDefaultImage\" title=\"271ce739-f268-41c5-8051-3de1a1750359\" \/><\/li>\n            <\/ul>\n        <\/div>\n        \n    <\/div>\n<\/div>\n<p>Conforme nota divulgada nesta sexta-feira (6) pela Secretaria de Comunica\u00e7\u00e3o do Supremo Tribunal Federal (STF), as mensagens n\u00e3o foram destinadas a Moraes, mas a outros contatos que constam na agenda de Vorcaro. A conclus\u00e3o ocorre ap\u00f3s uma an\u00e1lise dos dados sigilosos que foram divulgados pela reportagem. O STF n\u00e3o informou quem realizou a an\u00e1lise.<\/p>\n<p><img fetchpriority=\"high\" decoding=\"async\" class=\"aligncenter size-full wp-image-32871\" src=\"http:\/\/sulsc.com\/wp-content\/uploads\/2026\/03\/fb23adaf-bff7-4129-9651-5abf79ae3171.jpeg\" alt=\"\" width=\"1536\" height=\"1022\" srcset=\"https:\/\/sulsc.com\/wp-content\/uploads\/2026\/03\/fb23adaf-bff7-4129-9651-5abf79ae3171.jpeg 1536w, https:\/\/sulsc.com\/wp-content\/uploads\/2026\/03\/fb23adaf-bff7-4129-9651-5abf79ae3171-300x200.jpeg 300w, https:\/\/sulsc.com\/wp-content\/uploads\/2026\/03\/fb23adaf-bff7-4129-9651-5abf79ae3171-1024x681.jpeg 1024w, https:\/\/sulsc.com\/wp-content\/uploads\/2026\/03\/fb23adaf-bff7-4129-9651-5abf79ae3171-768x511.jpeg 768w\" sizes=\"(max-width: 1536px) 100vw, 1536px\" \/><\/p>\n<p><strong>\u201cNo conte\u00fado extra\u00eddo do celular do executivo pelos investigadores, os prints dessas mensagens enviadas por Vorcaro est\u00e3o vinculadas a pastas de outras pessoas de sua lista de contatos e n\u00e3o constam como direcionadas ao ministro Alexandre de Moraes\u201d, diz o comunicado.<\/strong><\/p>\n<p>A secretaria declarou ainda que as mensagens foram direcionadas a outros contatos, que n\u00e3o ter\u00e3o os nomes divulgados em raz\u00e3o de sigilo.<\/p>\n<p><strong>\u201cA mensagem e o respectivo contato est\u00e3o na mesma pasta do computador de quem fez os prints (Vorcaro). Ou seja, fica demonstrado que as mensagens (prints) est\u00e3o vinculadas a outros contatos telef\u00f4nicos no computador de Daniel Vorcaro, jamais ao Ministro Alexandre de Moraes\u201d, completa a nota.<\/strong><\/p>\n<p>Daniel Vorcaro, dono do Banco Master, foi transferido nesta sexta-feira (6) para a Penitenci\u00e1ria Federal em Bras\u00edlia, pres\u00eddio de seguran\u00e7a m\u00e1xima.<\/p>\n<p>Ele estava preso desde quarta-feira (4) e estava custodiado na Penitenci\u00e1ria de Potim, no interior paulista.<\/p>\n<p>A transfer\u00eancia foi autorizada, nesta quinta-feira (5), pelo ministro do Supremo Tribunal Federal (STF) Andr\u00e9 Mendon\u00e7a, relator das investiga\u00e7\u00f5es da Opera\u00e7\u00e3o Compliance Zero, que apura as fraudes no Banco Master, e atendeu a um pedido da pr\u00f3pria PF.<\/p>\n<p>Segundo a corpora\u00e7\u00e3o, o banqueiro pode influenciar as investiga\u00e7\u00f5es sobre as fraudes no Banco Master.<\/p>\n<p><strong>Inqu\u00e9rito<\/strong><br \/>\nO ministro Andr\u00e9 Mendon\u00e7a tamb\u00e9m autorizou nesta sexta-feira (6) abertura de inqu\u00e9rito da Pol\u00edcia Federal (PF) para investigar os vazamentos dos dados dos sigilos banc\u00e1rio, fiscal e telem\u00e1tico do banqueiro Daniel Vorcaro.<\/p>\n<p>A decis\u00e3o do ministro foi motivada por um pedido de investiga\u00e7\u00e3o feito defesa do banqueiro.<\/p>\n<p>Segundo os advogados, os vazamentos come\u00e7aram ap\u00f3s Mendon\u00e7a autorizar o compartilhamento dos dados com a Comiss\u00e3o Parlamentar Mista de Inqu\u00e9rito (CPMI) do INSS.<\/p>\n<p>Os sigilos do banqueiro foram solicitados pela CPMI para apurar a suposta liga\u00e7\u00e3o do Banco Master com fraudes em empr\u00e9stimos consignados de aposentados e pensionistas do INSS.<\/p>\n","protected":false},"excerpt":{"rendered":"<p>O ministro Alexandre de Moraes, do Supremo Tribunal Federal (STF), nega ter mantido conversas com o banqueiro Daniel Vorcaro, em 17 de novembro do ano passado. A suposta troca de mensagens foi divulgada pelo jornal O Globo, que teve acesso aos prints de mensagens encontradas pela Pol\u00edcia Federal (PF) no celular de Vorcaro, que foi &hellip;<\/p>\n<p class=\"read-more\"> <a class=\"\" href=\"https:\/\/sulsc.com\/index.php\/2026\/03\/07\/moraes-nega-conversas-com-vorcaro-no-dia-em-que-banqueiro-foi-preso\/\"> <span class=\"screen-reader-text\">Moraes nega conversas com Vorcaro no dia em que banqueiro foi preso<\/span> Read More &raquo;<\/a><\/p>\n","protected":false},"author":3,"featured_media":32872,"comment_status":"open","ping_status":"open","sticky":false,"template":"","format":"standard","meta":{"site-sidebar-layout":"default","site-content-layout":"","ast-site-content-layout":"default","site-content-style":"default","site-sidebar-style":"default","ast-global-header-display":"","ast-banner-title-visibility":"","ast-main-header-display":"","ast-hfb-above-header-display":"","ast-hfb-below-header-display":"","ast-hfb-mobile-header-display":"","site-post-title":"","ast-breadcrumbs-content":"","ast-featured-img":"","footer-sml-layout":"","theme-transparent-header-meta":"default","adv-header-id-meta":"","stick-header-meta":"","header-above-stick-meta":"","header-main-stick-meta":"","header-below-stick-meta":"","astra-migrate-meta-layouts":"set","footnotes":""},"categories":[1,15,2417,12],"tags":[98],"yoast_head":"<!-- This site is optimized with the Yoast SEO plugin v21.4 - https:\/\/yoast.com\/wordpress\/plugins\/seo\/ -->\n<title>Moraes nega conversas com Vorcaro no dia em que banqueiro foi preso -<\/title>\n<meta name=\"robots\" content=\"index, follow, max-snippet:-1, max-image-preview:large, max-video-preview:-1\" \/>\n<link rel=\"canonical\" href=\"https:\/\/sulsc.com\/index.php\/2026\/03\/07\/moraes-nega-conversas-com-vorcaro-no-dia-em-que-banqueiro-foi-preso\/\" \/>\n<meta property=\"og:locale\" content=\"en_US\" \/>\n<meta property=\"og:type\" content=\"article\" \/>\n<meta property=\"og:title\" content=\"Moraes nega conversas com Vorcaro no dia em que banqueiro foi preso -\" \/>\n<meta property=\"og:description\" content=\"O ministro Alexandre de Moraes, do Supremo Tribunal Federal (STF), nega ter mantido conversas com o banqueiro Daniel Vorcaro, em 17 de novembro do ano passado. A suposta troca de mensagens foi divulgada pelo jornal O Globo, que teve acesso aos prints de mensagens encontradas pela Pol\u00edcia Federal (PF) no celular de Vorcaro, que foi &hellip; Moraes nega conversas com Vorcaro no dia em que banqueiro foi preso Read More &raquo;\" \/>\n<meta property=\"og:url\" content=\"https:\/\/sulsc.com\/index.php\/2026\/03\/07\/moraes-nega-conversas-com-vorcaro-no-dia-em-que-banqueiro-foi-preso\/\" \/>\n<meta property=\"article:author\" content=\"https:\/\/www.facebook.com\/profile.php?id=61559278119680\" \/>\n<meta property=\"article:published_time\" content=\"2026-03-07T14:10:35+00:00\" \/>\n<meta property=\"og:image\" content=\"http:\/\/sulsc.com\/wp-content\/uploads\/2026\/03\/92531c53-36cb-4a72-9605-84591e8cd000.jpeg\" \/>\n\t<meta property=\"og:image:width\" content=\"888\" \/>\n\t<meta property=\"og:image:height\" content=\"530\" \/>\n\t<meta property=\"og:image:type\" content=\"image\/jpeg\" \/>\n<meta name=\"author\" content=\"Reda\u00e7\u00e3o Sul SC\" \/>\n<meta name=\"twitter:card\" content=\"summary_large_image\" \/>\n<meta name=\"twitter:creator\" content=\"@https:\/\/twitter.com\/PortalSulSC\" \/>\n<meta name=\"twitter:label1\" content=\"Written by\" \/>\n\t<meta name=\"twitter:data1\" content=\"Reda\u00e7\u00e3o Sul SC\" \/>\n\t<meta name=\"twitter:label2\" content=\"Est. reading time\" \/>\n\t<meta name=\"twitter:data2\" content=\"3 minutes\" \/>\n<script type=\"application\/ld+json\" class=\"yoast-schema-graph\">{\"@context\":\"https:\/\/schema.org\",\"@graph\":[{\"@type\":\"WebPage\",\"@id\":\"https:\/\/sulsc.com\/index.php\/2026\/03\/07\/moraes-nega-conversas-com-vorcaro-no-dia-em-que-banqueiro-foi-preso\/\",\"url\":\"https:\/\/sulsc.com\/index.php\/2026\/03\/07\/moraes-nega-conversas-com-vorcaro-no-dia-em-que-banqueiro-foi-preso\/\",\"name\":\"Moraes nega conversas com Vorcaro no dia em que banqueiro foi preso -\",\"isPartOf\":{\"@id\":\"https:\/\/sulsc.com\/#website\"},\"datePublished\":\"2026-03-07T14:10:35+00:00\",\"dateModified\":\"2026-03-07T14:10:35+00:00\",\"author\":{\"@id\":\"https:\/\/sulsc.com\/#\/schema\/person\/84d2fc571684f6248ba83092f07750a3\"},\"breadcrumb\":{\"@id\":\"https:\/\/sulsc.com\/index.php\/2026\/03\/07\/moraes-nega-conversas-com-vorcaro-no-dia-em-que-banqueiro-foi-preso\/#breadcrumb\"},\"inLanguage\":\"en-US\",\"potentialAction\":[{\"@type\":\"ReadAction\",\"target\":[\"https:\/\/sulsc.com\/index.php\/2026\/03\/07\/moraes-nega-conversas-com-vorcaro-no-dia-em-que-banqueiro-foi-preso\/\"]}]},{\"@type\":\"BreadcrumbList\",\"@id\":\"https:\/\/sulsc.com\/index.php\/2026\/03\/07\/moraes-nega-conversas-com-vorcaro-no-dia-em-que-banqueiro-foi-preso\/#breadcrumb\",\"itemListElement\":[{\"@type\":\"ListItem\",\"position\":1,\"name\":\"In\u00edcio\",\"item\":\"https:\/\/sulsc.com\/\"},{\"@type\":\"ListItem\",\"position\":2,\"name\":\"Moraes nega conversas com Vorcaro no dia em que banqueiro foi preso\"}]},{\"@type\":\"WebSite\",\"@id\":\"https:\/\/sulsc.com\/#website\",\"url\":\"https:\/\/sulsc.com\/\",\"name\":\"\",\"description\":\"\",\"potentialAction\":[{\"@type\":\"SearchAction\",\"target\":{\"@type\":\"EntryPoint\",\"urlTemplate\":\"https:\/\/sulsc.com\/?s={search_term_string}\"},\"query-input\":\"required name=search_term_string\"}],\"inLanguage\":\"en-US\"},{\"@type\":\"Person\",\"@id\":\"https:\/\/sulsc.com\/#\/schema\/person\/84d2fc571684f6248ba83092f07750a3\",\"name\":\"Reda\u00e7\u00e3o Sul SC\",\"image\":{\"@type\":\"ImageObject\",\"inLanguage\":\"en-US\",\"@id\":\"https:\/\/sulsc.com\/#\/schema\/person\/image\/e08d7fe2cc4ed596372063bbe852b8d0\",\"url\":\"https:\/\/sulsc.com\/wp-content\/uploads\/2023\/09\/redacao.png\",\"contentUrl\":\"https:\/\/sulsc.com\/wp-content\/uploads\/2023\/09\/redacao.png\",\"caption\":\"Reda\u00e7\u00e3o Sul SC\"},\"description\":\"Foco em um jornalismo imparcial, voltado \u00e0 qualidade dos seus conte\u00fados e, assim, levar informa\u00e7\u00e3o de valor que agregue \u00e0 vida dos leitores. Esta \u00e9 grande miss\u00e3o do Portal de Not\u00edcias Sul SC. N\u00e3o \u00e9 quantidade que muda o mundo, sempre foi e seguir\u00e1 sendo qualidade!\",\"sameAs\":[\"https:\/\/sulsc.com\/\",\"https:\/\/www.facebook.com\/profile.php?id=61559278119680\",\"https:\/\/www.instagram.com\/sulscportal\/?hl=pt-br\",\"https:\/\/twitter.com\/https:\/\/twitter.com\/PortalSulSC\",\"https:\/\/www.youtube.com\/channel\/UCv_BE8GeySluDov2n8qhVmw\"],\"url\":\"https:\/\/sulsc.com\/index.php\/author\/redacao\/\"}]}<\/script>\n<!-- \/ Yoast SEO plugin. -->","yoast_head_json":{"title":"Moraes nega conversas com Vorcaro no dia em que banqueiro foi preso -","robots":{"index":"index","follow":"follow","max-snippet":"max-snippet:-1","max-image-preview":"max-image-preview:large","max-video-preview":"max-video-preview:-1"},"canonical":"https:\/\/sulsc.com\/index.php\/2026\/03\/07\/moraes-nega-conversas-com-vorcaro-no-dia-em-que-banqueiro-foi-preso\/","og_locale":"en_US","og_type":"article","og_title":"Moraes nega conversas com Vorcaro no dia em que banqueiro foi preso -","og_description":"O ministro Alexandre de Moraes, do Supremo Tribunal Federal (STF), nega ter mantido conversas com o banqueiro Daniel Vorcaro, em 17 de novembro do ano passado. A suposta troca de mensagens foi divulgada pelo jornal O Globo, que teve acesso aos prints de mensagens encontradas pela Pol\u00edcia Federal (PF) no celular de Vorcaro, que foi &hellip; Moraes nega conversas com Vorcaro no dia em que banqueiro foi preso Read More &raquo;","og_url":"https:\/\/sulsc.com\/index.php\/2026\/03\/07\/moraes-nega-conversas-com-vorcaro-no-dia-em-que-banqueiro-foi-preso\/","article_author":"https:\/\/www.facebook.com\/profile.php?id=61559278119680","article_published_time":"2026-03-07T14:10:35+00:00","og_image":[{"width":888,"height":530,"url":"http:\/\/sulsc.com\/wp-content\/uploads\/2026\/03\/92531c53-36cb-4a72-9605-84591e8cd000.jpeg","type":"image\/jpeg"}],"author":"Reda\u00e7\u00e3o Sul SC","twitter_card":"summary_large_image","twitter_creator":"@https:\/\/twitter.com\/PortalSulSC","twitter_misc":{"Written by":"Reda\u00e7\u00e3o Sul SC","Est. reading time":"3 minutes"},"schema":{"@context":"https:\/\/schema.org","@graph":[{"@type":"WebPage","@id":"https:\/\/sulsc.com\/index.php\/2026\/03\/07\/moraes-nega-conversas-com-vorcaro-no-dia-em-que-banqueiro-foi-preso\/","url":"https:\/\/sulsc.com\/index.php\/2026\/03\/07\/moraes-nega-conversas-com-vorcaro-no-dia-em-que-banqueiro-foi-preso\/","name":"Moraes nega conversas com Vorcaro no dia em que banqueiro foi preso -","isPartOf":{"@id":"https:\/\/sulsc.com\/#website"},"datePublished":"2026-03-07T14:10:35+00:00","dateModified":"2026-03-07T14:10:35+00:00","author":{"@id":"https:\/\/sulsc.com\/#\/schema\/person\/84d2fc571684f6248ba83092f07750a3"},"breadcrumb":{"@id":"https:\/\/sulsc.com\/index.php\/2026\/03\/07\/moraes-nega-conversas-com-vorcaro-no-dia-em-que-banqueiro-foi-preso\/#breadcrumb"},"inLanguage":"en-US","potentialAction":[{"@type":"ReadAction","target":["https:\/\/sulsc.com\/index.php\/2026\/03\/07\/moraes-nega-conversas-com-vorcaro-no-dia-em-que-banqueiro-foi-preso\/"]}]},{"@type":"BreadcrumbList","@id":"https:\/\/sulsc.com\/index.php\/2026\/03\/07\/moraes-nega-conversas-com-vorcaro-no-dia-em-que-banqueiro-foi-preso\/#breadcrumb","itemListElement":[{"@type":"ListItem","position":1,"name":"In\u00edcio","item":"https:\/\/sulsc.com\/"},{"@type":"ListItem","position":2,"name":"Moraes nega conversas com Vorcaro no dia em que banqueiro foi preso"}]},{"@type":"WebSite","@id":"https:\/\/sulsc.com\/#website","url":"https:\/\/sulsc.com\/","name":"","description":"","potentialAction":[{"@type":"SearchAction","target":{"@type":"EntryPoint","urlTemplate":"https:\/\/sulsc.com\/?s={search_term_string}"},"query-input":"required name=search_term_string"}],"inLanguage":"en-US"},{"@type":"Person","@id":"https:\/\/sulsc.com\/#\/schema\/person\/84d2fc571684f6248ba83092f07750a3","name":"Reda\u00e7\u00e3o Sul SC","image":{"@type":"ImageObject","inLanguage":"en-US","@id":"https:\/\/sulsc.com\/#\/schema\/person\/image\/e08d7fe2cc4ed596372063bbe852b8d0","url":"https:\/\/sulsc.com\/wp-content\/uploads\/2023\/09\/redacao.png","contentUrl":"https:\/\/sulsc.com\/wp-content\/uploads\/2023\/09\/redacao.png","caption":"Reda\u00e7\u00e3o Sul SC"},"description":"Foco em um jornalismo imparcial, voltado \u00e0 qualidade dos seus conte\u00fados e, assim, levar informa\u00e7\u00e3o de valor que agregue \u00e0 vida dos leitores. Esta \u00e9 grande miss\u00e3o do Portal de Not\u00edcias Sul SC. N\u00e3o \u00e9 quantidade que muda o mundo, sempre foi e seguir\u00e1 sendo qualidade!","sameAs":["https:\/\/sulsc.com\/","https:\/\/www.facebook.com\/profile.php?id=61559278119680","https:\/\/www.instagram.com\/sulscportal\/?hl=pt-br","https:\/\/twitter.com\/https:\/\/twitter.com\/PortalSulSC","https:\/\/www.youtube.com\/channel\/UCv_BE8GeySluDov2n8qhVmw"],"url":"https:\/\/sulsc.com\/index.php\/author\/redacao\/"}]}},"authors":[],"_links":{"self":[{"href":"https:\/\/sulsc.com\/index.php\/wp-json\/wp\/v2\/posts\/32870"}],"collection":[{"href":"https:\/\/sulsc.com\/index.php\/wp-json\/wp\/v2\/posts"}],"about":[{"href":"https:\/\/sulsc.com\/index.php\/wp-json\/wp\/v2\/types\/post"}],"author":[{"embeddable":true,"href":"https:\/\/sulsc.com\/index.php\/wp-json\/wp\/v2\/users\/3"}],"replies":[{"embeddable":true,"href":"https:\/\/sulsc.com\/index.php\/wp-json\/wp\/v2\/comments?post=32870"}],"version-history":[{"count":1,"href":"https:\/\/sulsc.com\/index.php\/wp-json\/wp\/v2\/posts\/32870\/revisions"}],"predecessor-version":[{"id":32873,"href":"https:\/\/sulsc.com\/index.php\/wp-json\/wp\/v2\/posts\/32870\/revisions\/32873"}],"wp:featuredmedia":[{"embeddable":true,"href":"https:\/\/sulsc.com\/index.php\/wp-json\/wp\/v2\/media\/32872"}],"wp:attachment":[{"href":"https:\/\/sulsc.com\/index.php\/wp-json\/wp\/v2\/media?parent=32870"}],"wp:term":[{"taxonomy":"category","embeddable":true,"href":"https:\/\/sulsc.com\/index.php\/wp-json\/wp\/v2\/categories?post=32870"},{"taxonomy":"post_tag","embeddable":true,"href":"https:\/\/sulsc.com\/index.php\/wp-json\/wp\/v2\/tags?post=32870"}],"curies":[{"name":"wp","href":"https:\/\/api.w.org\/{rel}","templated":true}]}}