{"id":32874,"date":"2026-03-07T13:34:45","date_gmt":"2026-03-07T16:34:45","guid":{"rendered":"https:\/\/sulsc.com\/?p=32874"},"modified":"2026-03-07T13:35:35","modified_gmt":"2026-03-07T16:35:35","slug":"32874","status":"publish","type":"post","link":"https:\/\/sulsc.com\/index.php\/2026\/03\/07\/32874\/","title":{"rendered":"Final de Ver\u00e3o em Grande Estilo: Armandinho se Apresenta na Guarda do Emba\u00fa"},"content":{"rendered":"<p><span dir=\"auto\" style=\"vertical-align: inherit;\"><span dir=\"auto\" style=\"vertical-align: inherit;\">A tarde e noite deste s\u00e1bado (7) promete agitar a Guarda do Emba\u00fa, em Palho\u00e7a, com o aguardado Show Viva Ver\u00e3o. A programa\u00e7\u00e3o come\u00e7a \u00e0s 14h, reunindo uma s\u00e9rie de apresenta\u00e7\u00f5es musicais, com o ponto alto marcado para as 18h, quando o cantor Armandinho sobe ao palco para encantar o p\u00fablico com seus maiores sucessos.<\/span><\/span><\/p>\n<p><span dir=\"auto\" style=\"vertical-align: inherit;\"><span dir=\"auto\" style=\"vertical-align: inherit;\">O evento, que \u00e9 gratuito, celebra o encerramento das atividades da temporada de <\/span><\/span><strong><span dir=\"auto\" style=\"vertical-align: inherit;\"><span dir=\"auto\" style=\"vertical-align: inherit;\">ver\u00e3o 2025\/2026<\/span><\/span><\/strong><span dir=\"auto\" style=\"vertical-align: inherit;\"><span dir=\"auto\" style=\"vertical-align: inherit;\"> na cidade, destacando a import\u00e2ncia da Guarda do Emba\u00fa como um dos principais destinos tur\u00edsticos do litoral catarinense. Conhecida por suas belezas naturais e pela cultura praiana, uma regi\u00e3o atrai um grande fluxo de visitantes durante o ver\u00e3o.<\/span><\/span><\/p>\n<div id=\"metaslider-id-25573\" style=\"width: 100%;\" class=\"ml-slider-3-99-0 metaslider metaslider-flex metaslider-25573 ml-slider has-onhover-arrows ms-theme-default-base has-dots-nav\" role=\"region\" aria-label=\"Meio\" data-width=\"1200\">\n    <div id=\"metaslider_container_25573\">\n        <div id=\"metaslider_25573\">\n            <ul class='slides'>\n                <li style=\"display: block; width: 100%;\" class=\"slide-25684 ms-image \" aria-roledescription=\"slide\" data-date=\"2025-07-24 07:55:40\"><img src=\"https:\/\/sulsc.com\/wp-content\/uploads\/2025\/07\/Marr-2-1000x166.jpg\" height=\"200\" width=\"1200\" alt=\"\" class=\"slider-25573 slide-25684 msDefaultImage\" title=\"Marr 2\" \/><\/li>\n                <li style=\"display: none; width: 100%;\" class=\"slide-32412 ms-image \" aria-roledescription=\"slide\" data-date=\"2026-02-18 13:59:46\"><img src=\"https:\/\/sulsc.com\/wp-content\/uploads\/2026\/02\/40dc1580-cad5-4867-bc58-c4243821ad38-1000x166.jpeg\" height=\"200\" width=\"1200\" alt=\"\" class=\"slider-25573 slide-32412 msDefaultImage\" title=\"40dc1580-cad5-4867-bc58-c4243821ad38\" \/><\/li>\n                <li style=\"display: none; width: 100%;\" class=\"slide-32766 ms-image \" aria-roledescription=\"slide\" data-date=\"2026-03-03 17:22:59\"><img src=\"https:\/\/sulsc.com\/wp-content\/uploads\/2026\/03\/271ce739-f268-41c5-8051-3de1a1750359-1000x166.jpeg\" height=\"200\" width=\"1200\" alt=\"\" class=\"slider-25573 slide-32766 msDefaultImage\" title=\"271ce739-f268-41c5-8051-3de1a1750359\" \/><\/li>\n            <\/ul>\n        <\/div>\n        \n    <\/div>\n<\/div>\n<p><span dir=\"auto\" style=\"vertical-align: inherit;\"><span dir=\"auto\" style=\"vertical-align: inherit;\">Al\u00e9m de Armandinho, que promete um repert\u00f3rio recheado de cl\u00e1ssicos como <\/span><\/span><strong><span dir=\"auto\" style=\"vertical-align: inherit;\"><span dir=\"auto\" style=\"vertical-align: inherit;\">\u201cA Ilha\u201d e \u201cDesenho de Deus\u201d, outras atra\u00e7\u00f5es est\u00e3o programadas para animar ou p\u00fablico durante a tarde, incluindo Nathan Malagoli, a Banda Ac\u00fastico + e DJ Rhuan Ramires.<\/span><\/span><\/strong><\/p>\n<p><span dir=\"auto\" style=\"vertical-align: inherit;\"><span dir=\"auto\" style=\"vertical-align: inherit;\">Com a expectativa de um grande p\u00fablico, a organiza\u00e7\u00e3o do evento implementou um esquema de seguran\u00e7a envolvendo a Pol\u00edcia Militar, a Pol\u00edcia Civil, a Pol\u00edcia Rodovi\u00e1ria Federal e o Corpo de Bombeiros. Medidas como monitoramento de ve\u00edculos e controle de acesso foram planejadas para garantir a seguran\u00e7a de todos.<\/span><\/span><\/p>\n<p><span dir=\"auto\" style=\"vertical-align: inherit;\"><span dir=\"auto\" style=\"vertical-align: inherit;\">Embora o evento seja gratuito, os visitantes dever\u00e3o se preparar para o estacionamento, que pode ter custos em <\/span><\/span><strong><span dir=\"auto\" style=\"vertical-align: inherit;\"><span dir=\"auto\" style=\"vertical-align: inherit;\">torno de R$ 100 para carros e R$ 30 para motos<\/span><\/span><\/strong><span dir=\"auto\" style=\"vertical-align: inherit;\"><span dir=\"auto\" style=\"vertical-align: inherit;\"> . A organiza\u00e7\u00e3o recomenda que o p\u00fablico chegue com anteced\u00eancia e siga algumas orienta\u00e7\u00f5es de seguran\u00e7a, como manter pessoas seguras e se hidratar durante o evento.<\/span><\/span><\/p>\n<p><span dir=\"auto\" style=\"vertical-align: inherit;\"><span dir=\"auto\" style=\"vertical-align: inherit;\">Para quem quiser prolongar a festa ap\u00f3s o show, a Guarda do Emba\u00fa oferece op\u00e7\u00f5es de bares e casas que programaram apresenta\u00e7\u00f5es especiais, mantendo o clima de f\u00e9rias da temporada de ver\u00e3o.<\/span><\/span><\/p>\n<p><img fetchpriority=\"high\" decoding=\"async\" class=\"aligncenter size-full wp-image-32875\" src=\"http:\/\/sulsc.com\/wp-content\/uploads\/2026\/03\/89a28dc1-d6ca-4b02-9c62-c9dc5f644769.jpeg\" alt=\"\" width=\"923\" height=\"957\" srcset=\"https:\/\/sulsc.com\/wp-content\/uploads\/2026\/03\/89a28dc1-d6ca-4b02-9c62-c9dc5f644769.jpeg 923w, https:\/\/sulsc.com\/wp-content\/uploads\/2026\/03\/89a28dc1-d6ca-4b02-9c62-c9dc5f644769-289x300.jpeg 289w, https:\/\/sulsc.com\/wp-content\/uploads\/2026\/03\/89a28dc1-d6ca-4b02-9c62-c9dc5f644769-768x796.jpeg 768w\" sizes=\"(max-width: 923px) 100vw, 923px\" \/><\/p>\n<p><span dir=\"auto\" style=\"vertical-align: inherit;\"><span dir=\"auto\" style=\"vertical-align: inherit;\">Prepare-se para um dia repleto de m\u00fasica, divers\u00e3o e boas vibra\u00e7\u00f5es na Guarda do Emba\u00fa!<\/span><\/span><\/p>\n","protected":false},"excerpt":{"rendered":"<p>A tarde e noite deste s\u00e1bado (7) promete agitar a Guarda do Emba\u00fa, em Palho\u00e7a, com o aguardado Show Viva Ver\u00e3o. A programa\u00e7\u00e3o come\u00e7a \u00e0s 14h, reunindo uma s\u00e9rie de apresenta\u00e7\u00f5es musicais, com o ponto alto marcado para as 18h, quando o cantor Armandinho sobe ao palco para encantar o p\u00fablico com seus maiores sucessos. &hellip;<\/p>\n<p class=\"read-more\"> <a class=\"\" href=\"https:\/\/sulsc.com\/index.php\/2026\/03\/07\/32874\/\"> <span class=\"screen-reader-text\">Final de Ver\u00e3o em Grande Estilo: Armandinho se Apresenta na Guarda do Emba\u00fa<\/span> Read More &raquo;<\/a><\/p>\n","protected":false},"author":3,"featured_media":32875,"comment_status":"open","ping_status":"open","sticky":false,"template":"","format":"standard","meta":{"site-sidebar-layout":"default","site-content-layout":"","ast-site-content-layout":"default","site-content-style":"default","site-sidebar-style":"default","ast-global-header-display":"","ast-banner-title-visibility":"","ast-main-header-display":"","ast-hfb-above-header-display":"","ast-hfb-below-header-display":"","ast-hfb-mobile-header-display":"","site-post-title":"","ast-breadcrumbs-content":"","ast-featured-img":"","footer-sml-layout":"","theme-transparent-header-meta":"default","adv-header-id-meta":"","stick-header-meta":"","header-above-stick-meta":"","header-main-stick-meta":"","header-below-stick-meta":"","astra-migrate-meta-layouts":"set","footnotes":""},"categories":[2597,2280,1,14,12],"tags":[669],"yoast_head":"<!-- This site is optimized with the Yoast SEO plugin v21.4 - https:\/\/yoast.com\/wordpress\/plugins\/seo\/ -->\n<title>Final de Ver\u00e3o em Grande Estilo: Armandinho se Apresenta na Guarda do Emba\u00fa -<\/title>\n<meta name=\"robots\" content=\"index, follow, max-snippet:-1, max-image-preview:large, max-video-preview:-1\" \/>\n<link rel=\"canonical\" href=\"https:\/\/sulsc.com\/index.php\/2026\/03\/07\/32874\/\" \/>\n<meta property=\"og:locale\" content=\"en_US\" \/>\n<meta property=\"og:type\" content=\"article\" \/>\n<meta property=\"og:title\" content=\"Final de Ver\u00e3o em Grande Estilo: Armandinho se Apresenta na Guarda do Emba\u00fa -\" \/>\n<meta property=\"og:description\" content=\"A tarde e noite deste s\u00e1bado (7) promete agitar a Guarda do Emba\u00fa, em Palho\u00e7a, com o aguardado Show Viva Ver\u00e3o. A programa\u00e7\u00e3o come\u00e7a \u00e0s 14h, reunindo uma s\u00e9rie de apresenta\u00e7\u00f5es musicais, com o ponto alto marcado para as 18h, quando o cantor Armandinho sobe ao palco para encantar o p\u00fablico com seus maiores sucessos. &hellip; Final de Ver\u00e3o em Grande Estilo: Armandinho se Apresenta na Guarda do Emba\u00fa Read More &raquo;\" \/>\n<meta property=\"og:url\" content=\"https:\/\/sulsc.com\/index.php\/2026\/03\/07\/32874\/\" \/>\n<meta property=\"article:author\" content=\"https:\/\/www.facebook.com\/profile.php?id=61559278119680\" \/>\n<meta property=\"article:published_time\" content=\"2026-03-07T16:34:45+00:00\" \/>\n<meta property=\"article:modified_time\" content=\"2026-03-07T16:35:35+00:00\" \/>\n<meta property=\"og:image\" content=\"http:\/\/sulsc.com\/wp-content\/uploads\/2026\/03\/89a28dc1-d6ca-4b02-9c62-c9dc5f644769.jpeg\" \/>\n\t<meta property=\"og:image:width\" content=\"923\" \/>\n\t<meta property=\"og:image:height\" content=\"957\" \/>\n\t<meta property=\"og:image:type\" content=\"image\/jpeg\" \/>\n<meta name=\"author\" content=\"Reda\u00e7\u00e3o Sul SC\" \/>\n<meta name=\"twitter:card\" content=\"summary_large_image\" \/>\n<meta name=\"twitter:creator\" content=\"@https:\/\/twitter.com\/PortalSulSC\" \/>\n<meta name=\"twitter:label1\" content=\"Written by\" \/>\n\t<meta name=\"twitter:data1\" content=\"Reda\u00e7\u00e3o Sul SC\" \/>\n\t<meta name=\"twitter:label2\" content=\"Est. reading time\" \/>\n\t<meta name=\"twitter:data2\" content=\"2 minutes\" \/>\n<script type=\"application\/ld+json\" class=\"yoast-schema-graph\">{\"@context\":\"https:\/\/schema.org\",\"@graph\":[{\"@type\":\"WebPage\",\"@id\":\"https:\/\/sulsc.com\/index.php\/2026\/03\/07\/32874\/\",\"url\":\"https:\/\/sulsc.com\/index.php\/2026\/03\/07\/32874\/\",\"name\":\"Final de Ver\u00e3o em Grande Estilo: Armandinho se Apresenta na Guarda do Emba\u00fa -\",\"isPartOf\":{\"@id\":\"https:\/\/sulsc.com\/#website\"},\"datePublished\":\"2026-03-07T16:34:45+00:00\",\"dateModified\":\"2026-03-07T16:35:35+00:00\",\"author\":{\"@id\":\"https:\/\/sulsc.com\/#\/schema\/person\/84d2fc571684f6248ba83092f07750a3\"},\"breadcrumb\":{\"@id\":\"https:\/\/sulsc.com\/index.php\/2026\/03\/07\/32874\/#breadcrumb\"},\"inLanguage\":\"en-US\",\"potentialAction\":[{\"@type\":\"ReadAction\",\"target\":[\"https:\/\/sulsc.com\/index.php\/2026\/03\/07\/32874\/\"]}]},{\"@type\":\"BreadcrumbList\",\"@id\":\"https:\/\/sulsc.com\/index.php\/2026\/03\/07\/32874\/#breadcrumb\",\"itemListElement\":[{\"@type\":\"ListItem\",\"position\":1,\"name\":\"In\u00edcio\",\"item\":\"https:\/\/sulsc.com\/\"},{\"@type\":\"ListItem\",\"position\":2,\"name\":\"Final de Ver\u00e3o em Grande Estilo: Armandinho se Apresenta na Guarda do Emba\u00fa\"}]},{\"@type\":\"WebSite\",\"@id\":\"https:\/\/sulsc.com\/#website\",\"url\":\"https:\/\/sulsc.com\/\",\"name\":\"\",\"description\":\"\",\"potentialAction\":[{\"@type\":\"SearchAction\",\"target\":{\"@type\":\"EntryPoint\",\"urlTemplate\":\"https:\/\/sulsc.com\/?s={search_term_string}\"},\"query-input\":\"required name=search_term_string\"}],\"inLanguage\":\"en-US\"},{\"@type\":\"Person\",\"@id\":\"https:\/\/sulsc.com\/#\/schema\/person\/84d2fc571684f6248ba83092f07750a3\",\"name\":\"Reda\u00e7\u00e3o Sul SC\",\"image\":{\"@type\":\"ImageObject\",\"inLanguage\":\"en-US\",\"@id\":\"https:\/\/sulsc.com\/#\/schema\/person\/image\/e08d7fe2cc4ed596372063bbe852b8d0\",\"url\":\"https:\/\/sulsc.com\/wp-content\/uploads\/2023\/09\/redacao.png\",\"contentUrl\":\"https:\/\/sulsc.com\/wp-content\/uploads\/2023\/09\/redacao.png\",\"caption\":\"Reda\u00e7\u00e3o Sul SC\"},\"description\":\"Foco em um jornalismo imparcial, voltado \u00e0 qualidade dos seus conte\u00fados e, assim, levar informa\u00e7\u00e3o de valor que agregue \u00e0 vida dos leitores. Esta \u00e9 grande miss\u00e3o do Portal de Not\u00edcias Sul SC. N\u00e3o \u00e9 quantidade que muda o mundo, sempre foi e seguir\u00e1 sendo qualidade!\",\"sameAs\":[\"https:\/\/sulsc.com\/\",\"https:\/\/www.facebook.com\/profile.php?id=61559278119680\",\"https:\/\/www.instagram.com\/sulscportal\/?hl=pt-br\",\"https:\/\/twitter.com\/https:\/\/twitter.com\/PortalSulSC\",\"https:\/\/www.youtube.com\/channel\/UCv_BE8GeySluDov2n8qhVmw\"],\"url\":\"https:\/\/sulsc.com\/index.php\/author\/redacao\/\"}]}<\/script>\n<!-- \/ Yoast SEO plugin. -->","yoast_head_json":{"title":"Final de Ver\u00e3o em Grande Estilo: Armandinho se Apresenta na Guarda do Emba\u00fa -","robots":{"index":"index","follow":"follow","max-snippet":"max-snippet:-1","max-image-preview":"max-image-preview:large","max-video-preview":"max-video-preview:-1"},"canonical":"https:\/\/sulsc.com\/index.php\/2026\/03\/07\/32874\/","og_locale":"en_US","og_type":"article","og_title":"Final de Ver\u00e3o em Grande Estilo: Armandinho se Apresenta na Guarda do Emba\u00fa -","og_description":"A tarde e noite deste s\u00e1bado (7) promete agitar a Guarda do Emba\u00fa, em Palho\u00e7a, com o aguardado Show Viva Ver\u00e3o. A programa\u00e7\u00e3o come\u00e7a \u00e0s 14h, reunindo uma s\u00e9rie de apresenta\u00e7\u00f5es musicais, com o ponto alto marcado para as 18h, quando o cantor Armandinho sobe ao palco para encantar o p\u00fablico com seus maiores sucessos. &hellip; Final de Ver\u00e3o em Grande Estilo: Armandinho se Apresenta na Guarda do Emba\u00fa Read More &raquo;","og_url":"https:\/\/sulsc.com\/index.php\/2026\/03\/07\/32874\/","article_author":"https:\/\/www.facebook.com\/profile.php?id=61559278119680","article_published_time":"2026-03-07T16:34:45+00:00","article_modified_time":"2026-03-07T16:35:35+00:00","og_image":[{"width":923,"height":957,"url":"http:\/\/sulsc.com\/wp-content\/uploads\/2026\/03\/89a28dc1-d6ca-4b02-9c62-c9dc5f644769.jpeg","type":"image\/jpeg"}],"author":"Reda\u00e7\u00e3o Sul SC","twitter_card":"summary_large_image","twitter_creator":"@https:\/\/twitter.com\/PortalSulSC","twitter_misc":{"Written by":"Reda\u00e7\u00e3o Sul SC","Est. reading time":"2 minutes"},"schema":{"@context":"https:\/\/schema.org","@graph":[{"@type":"WebPage","@id":"https:\/\/sulsc.com\/index.php\/2026\/03\/07\/32874\/","url":"https:\/\/sulsc.com\/index.php\/2026\/03\/07\/32874\/","name":"Final de Ver\u00e3o em Grande Estilo: Armandinho se Apresenta na Guarda do Emba\u00fa -","isPartOf":{"@id":"https:\/\/sulsc.com\/#website"},"datePublished":"2026-03-07T16:34:45+00:00","dateModified":"2026-03-07T16:35:35+00:00","author":{"@id":"https:\/\/sulsc.com\/#\/schema\/person\/84d2fc571684f6248ba83092f07750a3"},"breadcrumb":{"@id":"https:\/\/sulsc.com\/index.php\/2026\/03\/07\/32874\/#breadcrumb"},"inLanguage":"en-US","potentialAction":[{"@type":"ReadAction","target":["https:\/\/sulsc.com\/index.php\/2026\/03\/07\/32874\/"]}]},{"@type":"BreadcrumbList","@id":"https:\/\/sulsc.com\/index.php\/2026\/03\/07\/32874\/#breadcrumb","itemListElement":[{"@type":"ListItem","position":1,"name":"In\u00edcio","item":"https:\/\/sulsc.com\/"},{"@type":"ListItem","position":2,"name":"Final de Ver\u00e3o em Grande Estilo: Armandinho se Apresenta na Guarda do Emba\u00fa"}]},{"@type":"WebSite","@id":"https:\/\/sulsc.com\/#website","url":"https:\/\/sulsc.com\/","name":"","description":"","potentialAction":[{"@type":"SearchAction","target":{"@type":"EntryPoint","urlTemplate":"https:\/\/sulsc.com\/?s={search_term_string}"},"query-input":"required name=search_term_string"}],"inLanguage":"en-US"},{"@type":"Person","@id":"https:\/\/sulsc.com\/#\/schema\/person\/84d2fc571684f6248ba83092f07750a3","name":"Reda\u00e7\u00e3o Sul SC","image":{"@type":"ImageObject","inLanguage":"en-US","@id":"https:\/\/sulsc.com\/#\/schema\/person\/image\/e08d7fe2cc4ed596372063bbe852b8d0","url":"https:\/\/sulsc.com\/wp-content\/uploads\/2023\/09\/redacao.png","contentUrl":"https:\/\/sulsc.com\/wp-content\/uploads\/2023\/09\/redacao.png","caption":"Reda\u00e7\u00e3o Sul SC"},"description":"Foco em um jornalismo imparcial, voltado \u00e0 qualidade dos seus conte\u00fados e, assim, levar informa\u00e7\u00e3o de valor que agregue \u00e0 vida dos leitores. Esta \u00e9 grande miss\u00e3o do Portal de Not\u00edcias Sul SC. N\u00e3o \u00e9 quantidade que muda o mundo, sempre foi e seguir\u00e1 sendo qualidade!","sameAs":["https:\/\/sulsc.com\/","https:\/\/www.facebook.com\/profile.php?id=61559278119680","https:\/\/www.instagram.com\/sulscportal\/?hl=pt-br","https:\/\/twitter.com\/https:\/\/twitter.com\/PortalSulSC","https:\/\/www.youtube.com\/channel\/UCv_BE8GeySluDov2n8qhVmw"],"url":"https:\/\/sulsc.com\/index.php\/author\/redacao\/"}]}},"authors":[],"_links":{"self":[{"href":"https:\/\/sulsc.com\/index.php\/wp-json\/wp\/v2\/posts\/32874"}],"collection":[{"href":"https:\/\/sulsc.com\/index.php\/wp-json\/wp\/v2\/posts"}],"about":[{"href":"https:\/\/sulsc.com\/index.php\/wp-json\/wp\/v2\/types\/post"}],"author":[{"embeddable":true,"href":"https:\/\/sulsc.com\/index.php\/wp-json\/wp\/v2\/users\/3"}],"replies":[{"embeddable":true,"href":"https:\/\/sulsc.com\/index.php\/wp-json\/wp\/v2\/comments?post=32874"}],"version-history":[{"count":2,"href":"https:\/\/sulsc.com\/index.php\/wp-json\/wp\/v2\/posts\/32874\/revisions"}],"predecessor-version":[{"id":32877,"href":"https:\/\/sulsc.com\/index.php\/wp-json\/wp\/v2\/posts\/32874\/revisions\/32877"}],"wp:featuredmedia":[{"embeddable":true,"href":"https:\/\/sulsc.com\/index.php\/wp-json\/wp\/v2\/media\/32875"}],"wp:attachment":[{"href":"https:\/\/sulsc.com\/index.php\/wp-json\/wp\/v2\/media?parent=32874"}],"wp:term":[{"taxonomy":"category","embeddable":true,"href":"https:\/\/sulsc.com\/index.php\/wp-json\/wp\/v2\/categories?post=32874"},{"taxonomy":"post_tag","embeddable":true,"href":"https:\/\/sulsc.com\/index.php\/wp-json\/wp\/v2\/tags?post=32874"}],"curies":[{"name":"wp","href":"https:\/\/api.w.org\/{rel}","templated":true}]}}