{"id":32895,"date":"2026-03-09T09:07:49","date_gmt":"2026-03-09T12:07:49","guid":{"rendered":"https:\/\/sulsc.com\/?p=32895"},"modified":"2026-03-09T09:08:46","modified_gmt":"2026-03-09T12:08:46","slug":"jovem-de-19-anos-e-preso-por-receptacao-em-tubarao","status":"publish","type":"post","link":"https:\/\/sulsc.com\/index.php\/2026\/03\/09\/jovem-de-19-anos-e-preso-por-receptacao-em-tubarao\/","title":{"rendered":"Jovem de 19 anos \u00e9 preso por recepta\u00e7\u00e3o em Tubar\u00e3o"},"content":{"rendered":"<p><span dir=\"auto\" style=\"vertical-align: inherit;\"><span dir=\"auto\" style=\"vertical-align: inherit;\"><span dir=\"auto\" style=\"vertical-align: inherit;\"><span dir=\"auto\" style=\"vertical-align: inherit;\">Na tarde deste domingo (8), por volta das 15h15, a Pol\u00edcia Militar de Tubar\u00e3o foi acionada ap\u00f3s um jovem de 19 anos relatar o furto de sua motocicleta, ocorrido dias antes. Utilizando um rastreador instalado no ve\u00edculo, o solicitante conseguiu localizar o poss\u00edvel paradeiro da moto, que estava pr\u00f3ximo a uma ponte.<\/span><\/span><\/span><\/span><\/p>\n<div id=\"metaslider-id-25573\" style=\"width: 100%;\" class=\"ml-slider-3-99-0 metaslider metaslider-flex metaslider-25573 ml-slider has-onhover-arrows ms-theme-default-base has-dots-nav\" role=\"region\" aria-label=\"Meio\" data-width=\"1200\">\n    <div id=\"metaslider_container_25573\">\n        <div id=\"metaslider_25573\">\n            <ul class='slides'>\n                <li style=\"display: block; width: 100%;\" class=\"slide-25684 ms-image \" aria-roledescription=\"slide\" data-date=\"2025-07-24 07:55:40\"><img src=\"https:\/\/sulsc.com\/wp-content\/uploads\/2025\/07\/Marr-2-1000x166.jpg\" height=\"200\" width=\"1200\" alt=\"\" class=\"slider-25573 slide-25684 msDefaultImage\" title=\"Marr 2\" \/><\/li>\n                <li style=\"display: none; width: 100%;\" class=\"slide-32412 ms-image \" aria-roledescription=\"slide\" data-date=\"2026-02-18 13:59:46\"><img src=\"https:\/\/sulsc.com\/wp-content\/uploads\/2026\/02\/40dc1580-cad5-4867-bc58-c4243821ad38-1000x166.jpeg\" height=\"200\" width=\"1200\" alt=\"\" class=\"slider-25573 slide-32412 msDefaultImage\" title=\"40dc1580-cad5-4867-bc58-c4243821ad38\" \/><\/li>\n                <li style=\"display: none; width: 100%;\" class=\"slide-32766 ms-image \" aria-roledescription=\"slide\" data-date=\"2026-03-03 17:22:59\"><img src=\"https:\/\/sulsc.com\/wp-content\/uploads\/2026\/03\/271ce739-f268-41c5-8051-3de1a1750359-1000x166.jpeg\" height=\"200\" width=\"1200\" alt=\"\" class=\"slider-25573 slide-32766 msDefaultImage\" title=\"271ce739-f268-41c5-8051-3de1a1750359\" \/><\/li>\n            <\/ul>\n        <\/div>\n        \n    <\/div>\n<\/div>\n<p><span dir=\"auto\" style=\"vertical-align: inherit;\"><span dir=\"auto\" style=\"vertical-align: inherit;\"><span dir=\"auto\" style=\"vertical-align: inherit;\"><span dir=\"auto\" style=\"vertical-align: inherit;\">Ao acompanhar o sinal, ele avistou sua motocicleta do outro lado do rio e imediatamente informou \u00e0 pol\u00edcia. No local indicado, os policiais encontraram a motocicleta sendo atrasados \u200b\u200bpor outro jovem, tamb\u00e9m de 19 anos.<\/span><\/span><\/span><\/span><\/p>\n<p><span dir=\"auto\" style=\"vertical-align: inherit;\"><span dir=\"auto\" style=\"vertical-align: inherit;\"><span dir=\"auto\" style=\"vertical-align: inherit;\"><span dir=\"auto\" style=\"vertical-align: inherit;\">Ao ser questionado, o suspeito alegou ter adquirido o ve\u00edculo por R$ 2.500 atrav\u00e9s de um an\u00fancio em uma rede social, afirmando que n\u00e3o teve mais contato com o suposto vendedor ap\u00f3s a negocia\u00e7\u00e3o.<\/span><\/span><\/span><\/span><\/p>\n<p><span dir=\"auto\" style=\"vertical-align: inherit;\"><span dir=\"auto\" style=\"vertical-align: inherit;\"><span dir=\"auto\" style=\"vertical-align: inherit;\"><span dir=\"auto\" style=\"vertical-align: inherit;\">Diante das situa\u00e7\u00f5es, a execu\u00e7\u00e3o deu voz de pris\u00e3o ao jovem por recep\u00e7\u00e3o. A motocicleta foi recuperada e a ocorr\u00eancia foi encaminhada para os procedimentos legais cab\u00edveis.<\/span><\/span><\/span><\/span><\/p>\n<p><img fetchpriority=\"high\" decoding=\"async\" class=\"aligncenter size-full wp-image-32897\" src=\"http:\/\/sulsc.com\/wp-content\/uploads\/2026\/03\/d7e41548-1862-4340-aa12-d68ee0cd67bd.jpeg\" alt=\"\" width=\"1080\" height=\"1427\" srcset=\"https:\/\/sulsc.com\/wp-content\/uploads\/2026\/03\/d7e41548-1862-4340-aa12-d68ee0cd67bd.jpeg 1080w, https:\/\/sulsc.com\/wp-content\/uploads\/2026\/03\/d7e41548-1862-4340-aa12-d68ee0cd67bd-227x300.jpeg 227w, https:\/\/sulsc.com\/wp-content\/uploads\/2026\/03\/d7e41548-1862-4340-aa12-d68ee0cd67bd-775x1024.jpeg 775w, https:\/\/sulsc.com\/wp-content\/uploads\/2026\/03\/d7e41548-1862-4340-aa12-d68ee0cd67bd-768x1015.jpeg 768w\" sizes=\"(max-width: 1080px) 100vw, 1080px\" \/><\/p>\n<p><span dir=\"auto\" style=\"vertical-align: inherit;\"><span dir=\"auto\" style=\"vertical-align: inherit;\"><span dir=\"auto\" style=\"vertical-align: inherit;\"><span dir=\"auto\" style=\"vertical-align: inherit;\">PMSC\/Divulga\u00e7\u00e3o\/SulSC<\/span><\/span><\/span><\/span><\/p>\n","protected":false},"excerpt":{"rendered":"<p>Na tarde deste domingo (8), por volta das 15h15, a Pol\u00edcia Militar de Tubar\u00e3o foi acionada ap\u00f3s um jovem de 19 anos relatar o furto de sua motocicleta, ocorrido dias antes. Utilizando um rastreador instalado no ve\u00edculo, o solicitante conseguiu localizar o poss\u00edvel paradeiro da moto, que estava pr\u00f3ximo a uma ponte. Ao acompanhar o &hellip;<\/p>\n<p class=\"read-more\"> <a class=\"\" href=\"https:\/\/sulsc.com\/index.php\/2026\/03\/09\/jovem-de-19-anos-e-preso-por-receptacao-em-tubarao\/\"> <span class=\"screen-reader-text\">Jovem de 19 anos \u00e9 preso por recepta\u00e7\u00e3o em Tubar\u00e3o<\/span> Read More &raquo;<\/a><\/p>\n","protected":false},"author":3,"featured_media":32897,"comment_status":"open","ping_status":"open","sticky":false,"template":"","format":"standard","meta":{"site-sidebar-layout":"default","site-content-layout":"","ast-site-content-layout":"default","site-content-style":"default","site-sidebar-style":"default","ast-global-header-display":"","ast-banner-title-visibility":"","ast-main-header-display":"","ast-hfb-above-header-display":"","ast-hfb-below-header-display":"","ast-hfb-mobile-header-display":"","site-post-title":"","ast-breadcrumbs-content":"","ast-featured-img":"","footer-sml-layout":"","theme-transparent-header-meta":"default","adv-header-id-meta":"","stick-header-meta":"","header-above-stick-meta":"","header-main-stick-meta":"","header-below-stick-meta":"","astra-migrate-meta-layouts":"set","footnotes":""},"categories":[2231,1,14,2782,21,12],"tags":[2840],"yoast_head":"<!-- This site is optimized with the Yoast SEO plugin v21.4 - https:\/\/yoast.com\/wordpress\/plugins\/seo\/ -->\n<title>Jovem de 19 anos \u00e9 preso por recepta\u00e7\u00e3o em Tubar\u00e3o -<\/title>\n<meta name=\"robots\" content=\"index, follow, max-snippet:-1, max-image-preview:large, max-video-preview:-1\" \/>\n<link rel=\"canonical\" href=\"https:\/\/sulsc.com\/index.php\/2026\/03\/09\/jovem-de-19-anos-e-preso-por-receptacao-em-tubarao\/\" \/>\n<meta property=\"og:locale\" content=\"en_US\" \/>\n<meta property=\"og:type\" content=\"article\" \/>\n<meta property=\"og:title\" content=\"Jovem de 19 anos \u00e9 preso por recepta\u00e7\u00e3o em Tubar\u00e3o -\" \/>\n<meta property=\"og:description\" content=\"Na tarde deste domingo (8), por volta das 15h15, a Pol\u00edcia Militar de Tubar\u00e3o foi acionada ap\u00f3s um jovem de 19 anos relatar o furto de sua motocicleta, ocorrido dias antes. Utilizando um rastreador instalado no ve\u00edculo, o solicitante conseguiu localizar o poss\u00edvel paradeiro da moto, que estava pr\u00f3ximo a uma ponte. Ao acompanhar o &hellip; Jovem de 19 anos \u00e9 preso por recepta\u00e7\u00e3o em Tubar\u00e3o Read More &raquo;\" \/>\n<meta property=\"og:url\" content=\"https:\/\/sulsc.com\/index.php\/2026\/03\/09\/jovem-de-19-anos-e-preso-por-receptacao-em-tubarao\/\" \/>\n<meta property=\"article:author\" content=\"https:\/\/www.facebook.com\/profile.php?id=61559278119680\" \/>\n<meta property=\"article:published_time\" content=\"2026-03-09T12:07:49+00:00\" \/>\n<meta property=\"article:modified_time\" content=\"2026-03-09T12:08:46+00:00\" \/>\n<meta property=\"og:image\" content=\"http:\/\/sulsc.com\/wp-content\/uploads\/2026\/03\/d7e41548-1862-4340-aa12-d68ee0cd67bd.jpeg\" \/>\n\t<meta property=\"og:image:width\" content=\"1080\" \/>\n\t<meta property=\"og:image:height\" content=\"1427\" \/>\n\t<meta property=\"og:image:type\" content=\"image\/jpeg\" \/>\n<meta name=\"author\" content=\"Reda\u00e7\u00e3o Sul SC\" \/>\n<meta name=\"twitter:card\" content=\"summary_large_image\" \/>\n<meta name=\"twitter:creator\" content=\"@https:\/\/twitter.com\/PortalSulSC\" \/>\n<meta name=\"twitter:label1\" content=\"Written by\" \/>\n\t<meta name=\"twitter:data1\" content=\"Reda\u00e7\u00e3o Sul SC\" \/>\n\t<meta name=\"twitter:label2\" content=\"Est. reading time\" \/>\n\t<meta name=\"twitter:data2\" content=\"1 minute\" \/>\n<script type=\"application\/ld+json\" class=\"yoast-schema-graph\">{\"@context\":\"https:\/\/schema.org\",\"@graph\":[{\"@type\":\"WebPage\",\"@id\":\"https:\/\/sulsc.com\/index.php\/2026\/03\/09\/jovem-de-19-anos-e-preso-por-receptacao-em-tubarao\/\",\"url\":\"https:\/\/sulsc.com\/index.php\/2026\/03\/09\/jovem-de-19-anos-e-preso-por-receptacao-em-tubarao\/\",\"name\":\"Jovem de 19 anos \u00e9 preso por recepta\u00e7\u00e3o em Tubar\u00e3o -\",\"isPartOf\":{\"@id\":\"https:\/\/sulsc.com\/#website\"},\"datePublished\":\"2026-03-09T12:07:49+00:00\",\"dateModified\":\"2026-03-09T12:08:46+00:00\",\"author\":{\"@id\":\"https:\/\/sulsc.com\/#\/schema\/person\/84d2fc571684f6248ba83092f07750a3\"},\"breadcrumb\":{\"@id\":\"https:\/\/sulsc.com\/index.php\/2026\/03\/09\/jovem-de-19-anos-e-preso-por-receptacao-em-tubarao\/#breadcrumb\"},\"inLanguage\":\"en-US\",\"potentialAction\":[{\"@type\":\"ReadAction\",\"target\":[\"https:\/\/sulsc.com\/index.php\/2026\/03\/09\/jovem-de-19-anos-e-preso-por-receptacao-em-tubarao\/\"]}]},{\"@type\":\"BreadcrumbList\",\"@id\":\"https:\/\/sulsc.com\/index.php\/2026\/03\/09\/jovem-de-19-anos-e-preso-por-receptacao-em-tubarao\/#breadcrumb\",\"itemListElement\":[{\"@type\":\"ListItem\",\"position\":1,\"name\":\"In\u00edcio\",\"item\":\"https:\/\/sulsc.com\/\"},{\"@type\":\"ListItem\",\"position\":2,\"name\":\"Jovem de 19 anos \u00e9 preso por recepta\u00e7\u00e3o em Tubar\u00e3o\"}]},{\"@type\":\"WebSite\",\"@id\":\"https:\/\/sulsc.com\/#website\",\"url\":\"https:\/\/sulsc.com\/\",\"name\":\"\",\"description\":\"\",\"potentialAction\":[{\"@type\":\"SearchAction\",\"target\":{\"@type\":\"EntryPoint\",\"urlTemplate\":\"https:\/\/sulsc.com\/?s={search_term_string}\"},\"query-input\":\"required name=search_term_string\"}],\"inLanguage\":\"en-US\"},{\"@type\":\"Person\",\"@id\":\"https:\/\/sulsc.com\/#\/schema\/person\/84d2fc571684f6248ba83092f07750a3\",\"name\":\"Reda\u00e7\u00e3o Sul SC\",\"image\":{\"@type\":\"ImageObject\",\"inLanguage\":\"en-US\",\"@id\":\"https:\/\/sulsc.com\/#\/schema\/person\/image\/e08d7fe2cc4ed596372063bbe852b8d0\",\"url\":\"https:\/\/sulsc.com\/wp-content\/uploads\/2023\/09\/redacao.png\",\"contentUrl\":\"https:\/\/sulsc.com\/wp-content\/uploads\/2023\/09\/redacao.png\",\"caption\":\"Reda\u00e7\u00e3o Sul SC\"},\"description\":\"Foco em um jornalismo imparcial, voltado \u00e0 qualidade dos seus conte\u00fados e, assim, levar informa\u00e7\u00e3o de valor que agregue \u00e0 vida dos leitores. Esta \u00e9 grande miss\u00e3o do Portal de Not\u00edcias Sul SC. N\u00e3o \u00e9 quantidade que muda o mundo, sempre foi e seguir\u00e1 sendo qualidade!\",\"sameAs\":[\"https:\/\/sulsc.com\/\",\"https:\/\/www.facebook.com\/profile.php?id=61559278119680\",\"https:\/\/www.instagram.com\/sulscportal\/?hl=pt-br\",\"https:\/\/twitter.com\/https:\/\/twitter.com\/PortalSulSC\",\"https:\/\/www.youtube.com\/channel\/UCv_BE8GeySluDov2n8qhVmw\"],\"url\":\"https:\/\/sulsc.com\/index.php\/author\/redacao\/\"}]}<\/script>\n<!-- \/ Yoast SEO plugin. -->","yoast_head_json":{"title":"Jovem de 19 anos \u00e9 preso por recepta\u00e7\u00e3o em Tubar\u00e3o -","robots":{"index":"index","follow":"follow","max-snippet":"max-snippet:-1","max-image-preview":"max-image-preview:large","max-video-preview":"max-video-preview:-1"},"canonical":"https:\/\/sulsc.com\/index.php\/2026\/03\/09\/jovem-de-19-anos-e-preso-por-receptacao-em-tubarao\/","og_locale":"en_US","og_type":"article","og_title":"Jovem de 19 anos \u00e9 preso por recepta\u00e7\u00e3o em Tubar\u00e3o -","og_description":"Na tarde deste domingo (8), por volta das 15h15, a Pol\u00edcia Militar de Tubar\u00e3o foi acionada ap\u00f3s um jovem de 19 anos relatar o furto de sua motocicleta, ocorrido dias antes. Utilizando um rastreador instalado no ve\u00edculo, o solicitante conseguiu localizar o poss\u00edvel paradeiro da moto, que estava pr\u00f3ximo a uma ponte. Ao acompanhar o &hellip; Jovem de 19 anos \u00e9 preso por recepta\u00e7\u00e3o em Tubar\u00e3o Read More &raquo;","og_url":"https:\/\/sulsc.com\/index.php\/2026\/03\/09\/jovem-de-19-anos-e-preso-por-receptacao-em-tubarao\/","article_author":"https:\/\/www.facebook.com\/profile.php?id=61559278119680","article_published_time":"2026-03-09T12:07:49+00:00","article_modified_time":"2026-03-09T12:08:46+00:00","og_image":[{"width":1080,"height":1427,"url":"http:\/\/sulsc.com\/wp-content\/uploads\/2026\/03\/d7e41548-1862-4340-aa12-d68ee0cd67bd.jpeg","type":"image\/jpeg"}],"author":"Reda\u00e7\u00e3o Sul SC","twitter_card":"summary_large_image","twitter_creator":"@https:\/\/twitter.com\/PortalSulSC","twitter_misc":{"Written by":"Reda\u00e7\u00e3o Sul SC","Est. reading time":"1 minute"},"schema":{"@context":"https:\/\/schema.org","@graph":[{"@type":"WebPage","@id":"https:\/\/sulsc.com\/index.php\/2026\/03\/09\/jovem-de-19-anos-e-preso-por-receptacao-em-tubarao\/","url":"https:\/\/sulsc.com\/index.php\/2026\/03\/09\/jovem-de-19-anos-e-preso-por-receptacao-em-tubarao\/","name":"Jovem de 19 anos \u00e9 preso por recepta\u00e7\u00e3o em Tubar\u00e3o -","isPartOf":{"@id":"https:\/\/sulsc.com\/#website"},"datePublished":"2026-03-09T12:07:49+00:00","dateModified":"2026-03-09T12:08:46+00:00","author":{"@id":"https:\/\/sulsc.com\/#\/schema\/person\/84d2fc571684f6248ba83092f07750a3"},"breadcrumb":{"@id":"https:\/\/sulsc.com\/index.php\/2026\/03\/09\/jovem-de-19-anos-e-preso-por-receptacao-em-tubarao\/#breadcrumb"},"inLanguage":"en-US","potentialAction":[{"@type":"ReadAction","target":["https:\/\/sulsc.com\/index.php\/2026\/03\/09\/jovem-de-19-anos-e-preso-por-receptacao-em-tubarao\/"]}]},{"@type":"BreadcrumbList","@id":"https:\/\/sulsc.com\/index.php\/2026\/03\/09\/jovem-de-19-anos-e-preso-por-receptacao-em-tubarao\/#breadcrumb","itemListElement":[{"@type":"ListItem","position":1,"name":"In\u00edcio","item":"https:\/\/sulsc.com\/"},{"@type":"ListItem","position":2,"name":"Jovem de 19 anos \u00e9 preso por recepta\u00e7\u00e3o em Tubar\u00e3o"}]},{"@type":"WebSite","@id":"https:\/\/sulsc.com\/#website","url":"https:\/\/sulsc.com\/","name":"","description":"","potentialAction":[{"@type":"SearchAction","target":{"@type":"EntryPoint","urlTemplate":"https:\/\/sulsc.com\/?s={search_term_string}"},"query-input":"required name=search_term_string"}],"inLanguage":"en-US"},{"@type":"Person","@id":"https:\/\/sulsc.com\/#\/schema\/person\/84d2fc571684f6248ba83092f07750a3","name":"Reda\u00e7\u00e3o Sul SC","image":{"@type":"ImageObject","inLanguage":"en-US","@id":"https:\/\/sulsc.com\/#\/schema\/person\/image\/e08d7fe2cc4ed596372063bbe852b8d0","url":"https:\/\/sulsc.com\/wp-content\/uploads\/2023\/09\/redacao.png","contentUrl":"https:\/\/sulsc.com\/wp-content\/uploads\/2023\/09\/redacao.png","caption":"Reda\u00e7\u00e3o Sul SC"},"description":"Foco em um jornalismo imparcial, voltado \u00e0 qualidade dos seus conte\u00fados e, assim, levar informa\u00e7\u00e3o de valor que agregue \u00e0 vida dos leitores. Esta \u00e9 grande miss\u00e3o do Portal de Not\u00edcias Sul SC. N\u00e3o \u00e9 quantidade que muda o mundo, sempre foi e seguir\u00e1 sendo qualidade!","sameAs":["https:\/\/sulsc.com\/","https:\/\/www.facebook.com\/profile.php?id=61559278119680","https:\/\/www.instagram.com\/sulscportal\/?hl=pt-br","https:\/\/twitter.com\/https:\/\/twitter.com\/PortalSulSC","https:\/\/www.youtube.com\/channel\/UCv_BE8GeySluDov2n8qhVmw"],"url":"https:\/\/sulsc.com\/index.php\/author\/redacao\/"}]}},"authors":[],"_links":{"self":[{"href":"https:\/\/sulsc.com\/index.php\/wp-json\/wp\/v2\/posts\/32895"}],"collection":[{"href":"https:\/\/sulsc.com\/index.php\/wp-json\/wp\/v2\/posts"}],"about":[{"href":"https:\/\/sulsc.com\/index.php\/wp-json\/wp\/v2\/types\/post"}],"author":[{"embeddable":true,"href":"https:\/\/sulsc.com\/index.php\/wp-json\/wp\/v2\/users\/3"}],"replies":[{"embeddable":true,"href":"https:\/\/sulsc.com\/index.php\/wp-json\/wp\/v2\/comments?post=32895"}],"version-history":[{"count":2,"href":"https:\/\/sulsc.com\/index.php\/wp-json\/wp\/v2\/posts\/32895\/revisions"}],"predecessor-version":[{"id":32899,"href":"https:\/\/sulsc.com\/index.php\/wp-json\/wp\/v2\/posts\/32895\/revisions\/32899"}],"wp:featuredmedia":[{"embeddable":true,"href":"https:\/\/sulsc.com\/index.php\/wp-json\/wp\/v2\/media\/32897"}],"wp:attachment":[{"href":"https:\/\/sulsc.com\/index.php\/wp-json\/wp\/v2\/media?parent=32895"}],"wp:term":[{"taxonomy":"category","embeddable":true,"href":"https:\/\/sulsc.com\/index.php\/wp-json\/wp\/v2\/categories?post=32895"},{"taxonomy":"post_tag","embeddable":true,"href":"https:\/\/sulsc.com\/index.php\/wp-json\/wp\/v2\/tags?post=32895"}],"curies":[{"name":"wp","href":"https:\/\/api.w.org\/{rel}","templated":true}]}}