{"id":32900,"date":"2026-03-09T09:22:01","date_gmt":"2026-03-09T12:22:01","guid":{"rendered":"https:\/\/sulsc.com\/?p=32900"},"modified":"2026-03-09T09:22:01","modified_gmt":"2026-03-09T12:22:01","slug":"adolescente-vitima-de-estupro-e-resgatada-apos-pedido-de-socorro-por-aplicativo-em-criciuma","status":"publish","type":"post","link":"https:\/\/sulsc.com\/index.php\/2026\/03\/09\/adolescente-vitima-de-estupro-e-resgatada-apos-pedido-de-socorro-por-aplicativo-em-criciuma\/","title":{"rendered":"Adolescente vitima de estupro \u00e9 resgatada ap\u00f3s pedido de socorro por Aplicativo em Crici\u00fama"},"content":{"rendered":"<p>Em uma r\u00e1pida a\u00e7\u00e3o da Pol\u00edcia Militar de Crici\u00fama, na tarde deste domingo (8), resultou no resgate de uma adolescente de 16 anos e na pris\u00e3o de dois homens, ap\u00f3s den\u00fancias da pratica de sequestro, viol\u00eancia sexual, tr\u00e1fico de drogas e posse ilegal de arma de fogo.<\/p>\n<p>A ocorr\u00eancia come\u00e7ou ap\u00f3s a m\u00e3e da jovem receber mensagens de socorro da filha, que informava estar sendo mantida contra a vontade por um homem e enviava sua localiza\u00e7\u00e3o em tempo real. Com essas informa\u00e7\u00f5es, a guarni\u00e7\u00e3o iniciou as buscas e localizou o ve\u00edculo indicado no bairro Boa Vista, em Crici\u00fama, poucos minutos depois.<\/p>\n<div id=\"metaslider-id-25573\" style=\"width: 100%;\" class=\"ml-slider-3-99-0 metaslider metaslider-flex metaslider-25573 ml-slider has-onhover-arrows ms-theme-default-base has-dots-nav\" role=\"region\" aria-label=\"Meio\" data-width=\"1200\">\n    <div id=\"metaslider_container_25573\">\n        <div id=\"metaslider_25573\">\n            <ul class='slides'>\n                <li style=\"display: block; width: 100%;\" class=\"slide-25684 ms-image \" aria-roledescription=\"slide\" data-date=\"2025-07-24 07:55:40\"><img src=\"https:\/\/sulsc.com\/wp-content\/uploads\/2025\/07\/Marr-2-1000x166.jpg\" height=\"200\" width=\"1200\" alt=\"\" class=\"slider-25573 slide-25684 msDefaultImage\" title=\"Marr 2\" \/><\/li>\n                <li style=\"display: none; width: 100%;\" class=\"slide-32412 ms-image \" aria-roledescription=\"slide\" data-date=\"2026-02-18 13:59:46\"><img src=\"https:\/\/sulsc.com\/wp-content\/uploads\/2026\/02\/40dc1580-cad5-4867-bc58-c4243821ad38-1000x166.jpeg\" height=\"200\" width=\"1200\" alt=\"\" class=\"slider-25573 slide-32412 msDefaultImage\" title=\"40dc1580-cad5-4867-bc58-c4243821ad38\" \/><\/li>\n                <li style=\"display: none; width: 100%;\" class=\"slide-32766 ms-image \" aria-roledescription=\"slide\" data-date=\"2026-03-03 17:22:59\"><img src=\"https:\/\/sulsc.com\/wp-content\/uploads\/2026\/03\/271ce739-f268-41c5-8051-3de1a1750359-1000x166.jpeg\" height=\"200\" width=\"1200\" alt=\"\" class=\"slider-25573 slide-32766 msDefaultImage\" title=\"271ce739-f268-41c5-8051-3de1a1750359\" \/><\/li>\n            <\/ul>\n        <\/div>\n        \n    <\/div>\n<\/div>\n<p>Ao abordar o carro, a adolescente saiu em estado de choque e imediatamente pediu ajuda aos policiais. Em seu relato, ela afirmou que havia sido coagida pelo motorista, um homem de 55 anos, a praticar atos libidinosos, configurando o crime de estupro. Al\u00e9m disso, a jovem revelou que o suspeito havia parado em uma resid\u00eancia para buscar entorpecentes, instruindo-a a esconder a droga em suas roupas \u00edntimas.<\/p>\n<p>Com base nas informa\u00e7\u00f5es, os policiais se dirigiram ao im\u00f3vel indicado, onde foram recebidos com resist\u00eancia. Diante da fundada suspeita, a equipe, com o aux\u00edlio de um c\u00e3o de faro, realizou a entrada para averigua\u00e7\u00e3o. Durante as buscas, foram encontrados diversos materiais relacionados ao tr\u00e1fico de drogas, incluindo por\u00e7\u00f5es de maconha e coca\u00edna, uma balan\u00e7a de precis\u00e3o, uma prensa para compacta\u00e7\u00e3o de entorpecentes e dinheiro em esp\u00e9cie.<\/p>\n<p><img fetchpriority=\"high\" decoding=\"async\" class=\"aligncenter size-full wp-image-32901\" src=\"http:\/\/sulsc.com\/wp-content\/uploads\/2026\/03\/5d9b920e-d5d6-44b8-9a34-2b7bd96ef9c1.jpeg\" alt=\"\" width=\"1200\" height=\"1600\" srcset=\"https:\/\/sulsc.com\/wp-content\/uploads\/2026\/03\/5d9b920e-d5d6-44b8-9a34-2b7bd96ef9c1.jpeg 1200w, https:\/\/sulsc.com\/wp-content\/uploads\/2026\/03\/5d9b920e-d5d6-44b8-9a34-2b7bd96ef9c1-225x300.jpeg 225w, https:\/\/sulsc.com\/wp-content\/uploads\/2026\/03\/5d9b920e-d5d6-44b8-9a34-2b7bd96ef9c1-768x1024.jpeg 768w, https:\/\/sulsc.com\/wp-content\/uploads\/2026\/03\/5d9b920e-d5d6-44b8-9a34-2b7bd96ef9c1-1152x1536.jpeg 1152w\" sizes=\"(max-width: 1200px) 100vw, 1200px\" \/><\/p>\n<p>PMSC\/Divulga\u00e7\u00e3o\/SulSC<\/p>\n<p>Ainda nos fundos do terreno, foi localizado um rev\u00f3lver calibre .38 com numera\u00e7\u00e3o suprimida, al\u00e9m de muni\u00e7\u00f5es. Um homem de 41 anos foi detido por suspeita de tr\u00e1fico de drogas e posse ilegal de arma de fogo, enquanto o condutor do ve\u00edculo foi preso pelo crime de estupro e posse de droga para consumo pessoal.<\/p>\n<p>Todos os envolvidos foram conduzidos \u00e0 Delegacia de Pol\u00edcia Civil, juntamente com o material apreendido, para os procedimentos legais cab\u00edveis.<\/p>\n<p>Foto Capa\/ Ilustra\u00e7\u00e3o<\/p>\n","protected":false},"excerpt":{"rendered":"<p>Em uma r\u00e1pida a\u00e7\u00e3o da Pol\u00edcia Militar de Crici\u00fama, na tarde deste domingo (8), resultou no resgate de uma adolescente de 16 anos e na pris\u00e3o de dois homens, ap\u00f3s den\u00fancias da pratica de sequestro, viol\u00eancia sexual, tr\u00e1fico de drogas e posse ilegal de arma de fogo. A ocorr\u00eancia come\u00e7ou ap\u00f3s a m\u00e3e da jovem &hellip;<\/p>\n<p class=\"read-more\"> <a class=\"\" href=\"https:\/\/sulsc.com\/index.php\/2026\/03\/09\/adolescente-vitima-de-estupro-e-resgatada-apos-pedido-de-socorro-por-aplicativo-em-criciuma\/\"> <span class=\"screen-reader-text\">Adolescente vitima de estupro \u00e9 resgatada ap\u00f3s pedido de socorro por Aplicativo em Crici\u00fama<\/span> Read More &raquo;<\/a><\/p>\n","protected":false},"author":3,"featured_media":29013,"comment_status":"open","ping_status":"open","sticky":false,"template":"","format":"standard","meta":{"site-sidebar-layout":"default","site-content-layout":"","ast-site-content-layout":"default","site-content-style":"default","site-sidebar-style":"default","ast-global-header-display":"","ast-banner-title-visibility":"","ast-main-header-display":"","ast-hfb-above-header-display":"","ast-hfb-below-header-display":"","ast-hfb-mobile-header-display":"","site-post-title":"","ast-breadcrumbs-content":"","ast-featured-img":"","footer-sml-layout":"","theme-transparent-header-meta":"default","adv-header-id-meta":"","stick-header-meta":"","header-above-stick-meta":"","header-main-stick-meta":"","header-below-stick-meta":"","astra-migrate-meta-layouts":"set","footnotes":""},"categories":[2354,23,14,2782,12],"tags":[521],"yoast_head":"<!-- This site is optimized with the Yoast SEO plugin v21.4 - https:\/\/yoast.com\/wordpress\/plugins\/seo\/ -->\n<title>Adolescente vitima de estupro \u00e9 resgatada ap\u00f3s pedido de socorro por Aplicativo em Crici\u00fama -<\/title>\n<meta name=\"robots\" content=\"index, follow, max-snippet:-1, max-image-preview:large, max-video-preview:-1\" \/>\n<link rel=\"canonical\" href=\"https:\/\/sulsc.com\/index.php\/2026\/03\/09\/adolescente-vitima-de-estupro-e-resgatada-apos-pedido-de-socorro-por-aplicativo-em-criciuma\/\" \/>\n<meta property=\"og:locale\" content=\"en_US\" \/>\n<meta property=\"og:type\" content=\"article\" \/>\n<meta property=\"og:title\" content=\"Adolescente vitima de estupro \u00e9 resgatada ap\u00f3s pedido de socorro por Aplicativo em Crici\u00fama -\" \/>\n<meta property=\"og:description\" content=\"Em uma r\u00e1pida a\u00e7\u00e3o da Pol\u00edcia Militar de Crici\u00fama, na tarde deste domingo (8), resultou no resgate de uma adolescente de 16 anos e na pris\u00e3o de dois homens, ap\u00f3s den\u00fancias da pratica de sequestro, viol\u00eancia sexual, tr\u00e1fico de drogas e posse ilegal de arma de fogo. A ocorr\u00eancia come\u00e7ou ap\u00f3s a m\u00e3e da jovem &hellip; Adolescente vitima de estupro \u00e9 resgatada ap\u00f3s pedido de socorro por Aplicativo em Crici\u00fama Read More &raquo;\" \/>\n<meta property=\"og:url\" content=\"https:\/\/sulsc.com\/index.php\/2026\/03\/09\/adolescente-vitima-de-estupro-e-resgatada-apos-pedido-de-socorro-por-aplicativo-em-criciuma\/\" \/>\n<meta property=\"article:author\" content=\"https:\/\/www.facebook.com\/profile.php?id=61559278119680\" \/>\n<meta property=\"article:published_time\" content=\"2026-03-09T12:22:01+00:00\" \/>\n<meta property=\"og:image\" content=\"http:\/\/sulsc.com\/wp-content\/uploads\/2025\/10\/feche-o-retrato-de-uma-mulher-mostrando-um-gesto-de-parar-scaled.jpg\" \/>\n\t<meta property=\"og:image:width\" content=\"2560\" \/>\n\t<meta property=\"og:image:height\" content=\"1707\" \/>\n\t<meta property=\"og:image:type\" content=\"image\/jpeg\" \/>\n<meta name=\"author\" content=\"Reda\u00e7\u00e3o Sul SC\" \/>\n<meta name=\"twitter:card\" content=\"summary_large_image\" \/>\n<meta name=\"twitter:creator\" content=\"@https:\/\/twitter.com\/PortalSulSC\" \/>\n<meta name=\"twitter:label1\" content=\"Written by\" \/>\n\t<meta name=\"twitter:data1\" content=\"Reda\u00e7\u00e3o Sul SC\" \/>\n\t<meta name=\"twitter:label2\" content=\"Est. reading time\" \/>\n\t<meta name=\"twitter:data2\" content=\"2 minutes\" \/>\n<script type=\"application\/ld+json\" class=\"yoast-schema-graph\">{\"@context\":\"https:\/\/schema.org\",\"@graph\":[{\"@type\":\"WebPage\",\"@id\":\"https:\/\/sulsc.com\/index.php\/2026\/03\/09\/adolescente-vitima-de-estupro-e-resgatada-apos-pedido-de-socorro-por-aplicativo-em-criciuma\/\",\"url\":\"https:\/\/sulsc.com\/index.php\/2026\/03\/09\/adolescente-vitima-de-estupro-e-resgatada-apos-pedido-de-socorro-por-aplicativo-em-criciuma\/\",\"name\":\"Adolescente vitima de estupro \u00e9 resgatada ap\u00f3s pedido de socorro por Aplicativo em Crici\u00fama -\",\"isPartOf\":{\"@id\":\"https:\/\/sulsc.com\/#website\"},\"datePublished\":\"2026-03-09T12:22:01+00:00\",\"dateModified\":\"2026-03-09T12:22:01+00:00\",\"author\":{\"@id\":\"https:\/\/sulsc.com\/#\/schema\/person\/84d2fc571684f6248ba83092f07750a3\"},\"breadcrumb\":{\"@id\":\"https:\/\/sulsc.com\/index.php\/2026\/03\/09\/adolescente-vitima-de-estupro-e-resgatada-apos-pedido-de-socorro-por-aplicativo-em-criciuma\/#breadcrumb\"},\"inLanguage\":\"en-US\",\"potentialAction\":[{\"@type\":\"ReadAction\",\"target\":[\"https:\/\/sulsc.com\/index.php\/2026\/03\/09\/adolescente-vitima-de-estupro-e-resgatada-apos-pedido-de-socorro-por-aplicativo-em-criciuma\/\"]}]},{\"@type\":\"BreadcrumbList\",\"@id\":\"https:\/\/sulsc.com\/index.php\/2026\/03\/09\/adolescente-vitima-de-estupro-e-resgatada-apos-pedido-de-socorro-por-aplicativo-em-criciuma\/#breadcrumb\",\"itemListElement\":[{\"@type\":\"ListItem\",\"position\":1,\"name\":\"In\u00edcio\",\"item\":\"https:\/\/sulsc.com\/\"},{\"@type\":\"ListItem\",\"position\":2,\"name\":\"Adolescente vitima de estupro \u00e9 resgatada ap\u00f3s pedido de socorro por Aplicativo em Crici\u00fama\"}]},{\"@type\":\"WebSite\",\"@id\":\"https:\/\/sulsc.com\/#website\",\"url\":\"https:\/\/sulsc.com\/\",\"name\":\"\",\"description\":\"\",\"potentialAction\":[{\"@type\":\"SearchAction\",\"target\":{\"@type\":\"EntryPoint\",\"urlTemplate\":\"https:\/\/sulsc.com\/?s={search_term_string}\"},\"query-input\":\"required name=search_term_string\"}],\"inLanguage\":\"en-US\"},{\"@type\":\"Person\",\"@id\":\"https:\/\/sulsc.com\/#\/schema\/person\/84d2fc571684f6248ba83092f07750a3\",\"name\":\"Reda\u00e7\u00e3o Sul SC\",\"image\":{\"@type\":\"ImageObject\",\"inLanguage\":\"en-US\",\"@id\":\"https:\/\/sulsc.com\/#\/schema\/person\/image\/e08d7fe2cc4ed596372063bbe852b8d0\",\"url\":\"https:\/\/sulsc.com\/wp-content\/uploads\/2023\/09\/redacao.png\",\"contentUrl\":\"https:\/\/sulsc.com\/wp-content\/uploads\/2023\/09\/redacao.png\",\"caption\":\"Reda\u00e7\u00e3o Sul SC\"},\"description\":\"Foco em um jornalismo imparcial, voltado \u00e0 qualidade dos seus conte\u00fados e, assim, levar informa\u00e7\u00e3o de valor que agregue \u00e0 vida dos leitores. Esta \u00e9 grande miss\u00e3o do Portal de Not\u00edcias Sul SC. N\u00e3o \u00e9 quantidade que muda o mundo, sempre foi e seguir\u00e1 sendo qualidade!\",\"sameAs\":[\"https:\/\/sulsc.com\/\",\"https:\/\/www.facebook.com\/profile.php?id=61559278119680\",\"https:\/\/www.instagram.com\/sulscportal\/?hl=pt-br\",\"https:\/\/twitter.com\/https:\/\/twitter.com\/PortalSulSC\",\"https:\/\/www.youtube.com\/channel\/UCv_BE8GeySluDov2n8qhVmw\"],\"url\":\"https:\/\/sulsc.com\/index.php\/author\/redacao\/\"}]}<\/script>\n<!-- \/ Yoast SEO plugin. -->","yoast_head_json":{"title":"Adolescente vitima de estupro \u00e9 resgatada ap\u00f3s pedido de socorro por Aplicativo em Crici\u00fama -","robots":{"index":"index","follow":"follow","max-snippet":"max-snippet:-1","max-image-preview":"max-image-preview:large","max-video-preview":"max-video-preview:-1"},"canonical":"https:\/\/sulsc.com\/index.php\/2026\/03\/09\/adolescente-vitima-de-estupro-e-resgatada-apos-pedido-de-socorro-por-aplicativo-em-criciuma\/","og_locale":"en_US","og_type":"article","og_title":"Adolescente vitima de estupro \u00e9 resgatada ap\u00f3s pedido de socorro por Aplicativo em Crici\u00fama -","og_description":"Em uma r\u00e1pida a\u00e7\u00e3o da Pol\u00edcia Militar de Crici\u00fama, na tarde deste domingo (8), resultou no resgate de uma adolescente de 16 anos e na pris\u00e3o de dois homens, ap\u00f3s den\u00fancias da pratica de sequestro, viol\u00eancia sexual, tr\u00e1fico de drogas e posse ilegal de arma de fogo. A ocorr\u00eancia come\u00e7ou ap\u00f3s a m\u00e3e da jovem &hellip; Adolescente vitima de estupro \u00e9 resgatada ap\u00f3s pedido de socorro por Aplicativo em Crici\u00fama Read More &raquo;","og_url":"https:\/\/sulsc.com\/index.php\/2026\/03\/09\/adolescente-vitima-de-estupro-e-resgatada-apos-pedido-de-socorro-por-aplicativo-em-criciuma\/","article_author":"https:\/\/www.facebook.com\/profile.php?id=61559278119680","article_published_time":"2026-03-09T12:22:01+00:00","og_image":[{"width":2560,"height":1707,"url":"http:\/\/sulsc.com\/wp-content\/uploads\/2025\/10\/feche-o-retrato-de-uma-mulher-mostrando-um-gesto-de-parar-scaled.jpg","type":"image\/jpeg"}],"author":"Reda\u00e7\u00e3o Sul SC","twitter_card":"summary_large_image","twitter_creator":"@https:\/\/twitter.com\/PortalSulSC","twitter_misc":{"Written by":"Reda\u00e7\u00e3o Sul SC","Est. reading time":"2 minutes"},"schema":{"@context":"https:\/\/schema.org","@graph":[{"@type":"WebPage","@id":"https:\/\/sulsc.com\/index.php\/2026\/03\/09\/adolescente-vitima-de-estupro-e-resgatada-apos-pedido-de-socorro-por-aplicativo-em-criciuma\/","url":"https:\/\/sulsc.com\/index.php\/2026\/03\/09\/adolescente-vitima-de-estupro-e-resgatada-apos-pedido-de-socorro-por-aplicativo-em-criciuma\/","name":"Adolescente vitima de estupro \u00e9 resgatada ap\u00f3s pedido de socorro por Aplicativo em Crici\u00fama -","isPartOf":{"@id":"https:\/\/sulsc.com\/#website"},"datePublished":"2026-03-09T12:22:01+00:00","dateModified":"2026-03-09T12:22:01+00:00","author":{"@id":"https:\/\/sulsc.com\/#\/schema\/person\/84d2fc571684f6248ba83092f07750a3"},"breadcrumb":{"@id":"https:\/\/sulsc.com\/index.php\/2026\/03\/09\/adolescente-vitima-de-estupro-e-resgatada-apos-pedido-de-socorro-por-aplicativo-em-criciuma\/#breadcrumb"},"inLanguage":"en-US","potentialAction":[{"@type":"ReadAction","target":["https:\/\/sulsc.com\/index.php\/2026\/03\/09\/adolescente-vitima-de-estupro-e-resgatada-apos-pedido-de-socorro-por-aplicativo-em-criciuma\/"]}]},{"@type":"BreadcrumbList","@id":"https:\/\/sulsc.com\/index.php\/2026\/03\/09\/adolescente-vitima-de-estupro-e-resgatada-apos-pedido-de-socorro-por-aplicativo-em-criciuma\/#breadcrumb","itemListElement":[{"@type":"ListItem","position":1,"name":"In\u00edcio","item":"https:\/\/sulsc.com\/"},{"@type":"ListItem","position":2,"name":"Adolescente vitima de estupro \u00e9 resgatada ap\u00f3s pedido de socorro por Aplicativo em Crici\u00fama"}]},{"@type":"WebSite","@id":"https:\/\/sulsc.com\/#website","url":"https:\/\/sulsc.com\/","name":"","description":"","potentialAction":[{"@type":"SearchAction","target":{"@type":"EntryPoint","urlTemplate":"https:\/\/sulsc.com\/?s={search_term_string}"},"query-input":"required name=search_term_string"}],"inLanguage":"en-US"},{"@type":"Person","@id":"https:\/\/sulsc.com\/#\/schema\/person\/84d2fc571684f6248ba83092f07750a3","name":"Reda\u00e7\u00e3o Sul SC","image":{"@type":"ImageObject","inLanguage":"en-US","@id":"https:\/\/sulsc.com\/#\/schema\/person\/image\/e08d7fe2cc4ed596372063bbe852b8d0","url":"https:\/\/sulsc.com\/wp-content\/uploads\/2023\/09\/redacao.png","contentUrl":"https:\/\/sulsc.com\/wp-content\/uploads\/2023\/09\/redacao.png","caption":"Reda\u00e7\u00e3o Sul SC"},"description":"Foco em um jornalismo imparcial, voltado \u00e0 qualidade dos seus conte\u00fados e, assim, levar informa\u00e7\u00e3o de valor que agregue \u00e0 vida dos leitores. Esta \u00e9 grande miss\u00e3o do Portal de Not\u00edcias Sul SC. N\u00e3o \u00e9 quantidade que muda o mundo, sempre foi e seguir\u00e1 sendo qualidade!","sameAs":["https:\/\/sulsc.com\/","https:\/\/www.facebook.com\/profile.php?id=61559278119680","https:\/\/www.instagram.com\/sulscportal\/?hl=pt-br","https:\/\/twitter.com\/https:\/\/twitter.com\/PortalSulSC","https:\/\/www.youtube.com\/channel\/UCv_BE8GeySluDov2n8qhVmw"],"url":"https:\/\/sulsc.com\/index.php\/author\/redacao\/"}]}},"authors":[],"_links":{"self":[{"href":"https:\/\/sulsc.com\/index.php\/wp-json\/wp\/v2\/posts\/32900"}],"collection":[{"href":"https:\/\/sulsc.com\/index.php\/wp-json\/wp\/v2\/posts"}],"about":[{"href":"https:\/\/sulsc.com\/index.php\/wp-json\/wp\/v2\/types\/post"}],"author":[{"embeddable":true,"href":"https:\/\/sulsc.com\/index.php\/wp-json\/wp\/v2\/users\/3"}],"replies":[{"embeddable":true,"href":"https:\/\/sulsc.com\/index.php\/wp-json\/wp\/v2\/comments?post=32900"}],"version-history":[{"count":1,"href":"https:\/\/sulsc.com\/index.php\/wp-json\/wp\/v2\/posts\/32900\/revisions"}],"predecessor-version":[{"id":32902,"href":"https:\/\/sulsc.com\/index.php\/wp-json\/wp\/v2\/posts\/32900\/revisions\/32902"}],"wp:featuredmedia":[{"embeddable":true,"href":"https:\/\/sulsc.com\/index.php\/wp-json\/wp\/v2\/media\/29013"}],"wp:attachment":[{"href":"https:\/\/sulsc.com\/index.php\/wp-json\/wp\/v2\/media?parent=32900"}],"wp:term":[{"taxonomy":"category","embeddable":true,"href":"https:\/\/sulsc.com\/index.php\/wp-json\/wp\/v2\/categories?post=32900"},{"taxonomy":"post_tag","embeddable":true,"href":"https:\/\/sulsc.com\/index.php\/wp-json\/wp\/v2\/tags?post=32900"}],"curies":[{"name":"wp","href":"https:\/\/api.w.org\/{rel}","templated":true}]}}