{"id":3291,"date":"2023-11-03T07:30:26","date_gmt":"2023-11-03T10:30:26","guid":{"rendered":"https:\/\/sulsc.com\/?p=3291"},"modified":"2023-11-03T07:42:11","modified_gmt":"2023-11-03T10:42:11","slug":"sexta-feira-3-comeca-com-tempo-instavel-em-toda-sc","status":"publish","type":"post","link":"https:\/\/sulsc.com\/index.php\/2023\/11\/03\/sexta-feira-3-comeca-com-tempo-instavel-em-toda-sc\/","title":{"rendered":"Sexta-feira (3) come\u00e7a com tempo inst\u00e1vel em toda SC"},"content":{"rendered":"<p>A sexta-feira (3) come\u00e7a com tempo inst\u00e1vel. Chuva intensa e temporais isolados em todas as regi\u00f5es de Santa Catarina, devido a passagem de uma frente fria associada a um ciclone extratropical entre o Uruguai e a costa do Rio Grande do Sul. <span style=\"font-size: 16px;\">No decorrer da tarde a chuva se afasta do estado, a medida que uma massa de ar seco e frio avan\u00e7a para o Sul do Brasil estabilizando o tempo e declinando as temperaturas. <\/span><\/p>\n<p><span style=\"font-size: 16px;\">O risco \u00e9 moderado a alto para ocorr\u00eancias associadas \u00e0 chuva, como alagamentos, enxurradas e deslizamentos. Vento de noroeste, virando para oeste\/sudoeste ao longo do dia, com intensidade moderada, entre 25 e 35kn\/h e rajadas entre 50 e 75 km\/m principalmente na Serra e \u00e1reas costeiras.<\/span><\/p>\n<p>O risco \u00e9 moderado para ocorr\u00eancias relacionadas ao vento. O mar fica agitado, com ondas de leste entre 1,5 e 2,0m e picos de 3,0m entre Florian\u00f3polis e o Litoral Sul, com risco moderado para ocorr\u00eancias relacionadas \u00e0 agita\u00e7\u00e3o mar\u00edtima e ressaca.<\/p>\n<p><img fetchpriority=\"high\" decoding=\"async\" class=\"alignnone size-full wp-image-3292\" src=\"http:\/\/sulsc.com\/wp-content\/uploads\/2023\/11\/tempo-SC.png\" alt=\"\" width=\"882\" height=\"606\" srcset=\"https:\/\/sulsc.com\/wp-content\/uploads\/2023\/11\/tempo-SC.png 882w, https:\/\/sulsc.com\/wp-content\/uploads\/2023\/11\/tempo-SC-300x206.png 300w, https:\/\/sulsc.com\/wp-content\/uploads\/2023\/11\/tempo-SC-768x528.png 768w\" sizes=\"(max-width: 882px) 100vw, 882px\" \/><\/p>\n<p>Fonte: Defesa Civil<\/p>\n","protected":false},"excerpt":{"rendered":"<p>A sexta-feira (3) come\u00e7a com tempo inst\u00e1vel. Chuva intensa e temporais isolados em todas as regi\u00f5es de Santa Catarina, devido a passagem de uma frente fria associada a um ciclone extratropical entre o Uruguai e a costa do Rio Grande do Sul. No decorrer da tarde a chuva se afasta do estado, a medida que &hellip;<\/p>\n<p class=\"read-more\"> <a class=\"\" href=\"https:\/\/sulsc.com\/index.php\/2023\/11\/03\/sexta-feira-3-comeca-com-tempo-instavel-em-toda-sc\/\"> <span class=\"screen-reader-text\">Sexta-feira (3) come\u00e7a com tempo inst\u00e1vel em toda SC<\/span> Read More &raquo;<\/a><\/p>\n","protected":false},"author":3,"featured_media":3015,"comment_status":"open","ping_status":"open","sticky":false,"template":"","format":"standard","meta":{"site-sidebar-layout":"default","site-content-layout":"","ast-site-content-layout":"default","site-content-style":"default","site-sidebar-style":"default","ast-global-header-display":"","ast-banner-title-visibility":"","ast-main-header-display":"","ast-hfb-above-header-display":"","ast-hfb-below-header-display":"","ast-hfb-mobile-header-display":"","site-post-title":"","ast-breadcrumbs-content":"","ast-featured-img":"","footer-sml-layout":"","theme-transparent-header-meta":"default","adv-header-id-meta":"","stick-header-meta":"","header-above-stick-meta":"","header-main-stick-meta":"","header-below-stick-meta":"","astra-migrate-meta-layouts":"set","footnotes":""},"categories":[1,38],"tags":[],"yoast_head":"<!-- This site is optimized with the Yoast SEO plugin v21.4 - https:\/\/yoast.com\/wordpress\/plugins\/seo\/ -->\n<title>Sexta-feira (3) come\u00e7a com tempo inst\u00e1vel em toda SC -<\/title>\n<meta name=\"robots\" content=\"index, follow, max-snippet:-1, max-image-preview:large, max-video-preview:-1\" \/>\n<link rel=\"canonical\" href=\"https:\/\/sulsc.com\/index.php\/2023\/11\/03\/sexta-feira-3-comeca-com-tempo-instavel-em-toda-sc\/\" \/>\n<meta property=\"og:locale\" content=\"en_US\" \/>\n<meta property=\"og:type\" content=\"article\" \/>\n<meta property=\"og:title\" content=\"Sexta-feira (3) come\u00e7a com tempo inst\u00e1vel em toda SC -\" \/>\n<meta property=\"og:description\" content=\"A sexta-feira (3) come\u00e7a com tempo inst\u00e1vel. Chuva intensa e temporais isolados em todas as regi\u00f5es de Santa Catarina, devido a passagem de uma frente fria associada a um ciclone extratropical entre o Uruguai e a costa do Rio Grande do Sul. No decorrer da tarde a chuva se afasta do estado, a medida que &hellip; Sexta-feira (3) come\u00e7a com tempo inst\u00e1vel em toda SC Read More &raquo;\" \/>\n<meta property=\"og:url\" content=\"https:\/\/sulsc.com\/index.php\/2023\/11\/03\/sexta-feira-3-comeca-com-tempo-instavel-em-toda-sc\/\" \/>\n<meta property=\"article:author\" content=\"https:\/\/www.facebook.com\/profile.php?id=61559278119680\" \/>\n<meta property=\"article:published_time\" content=\"2023-11-03T10:30:26+00:00\" \/>\n<meta property=\"article:modified_time\" content=\"2023-11-03T10:42:11+00:00\" \/>\n<meta property=\"og:image\" content=\"http:\/\/sulsc.com\/wp-content\/uploads\/2023\/10\/chuva-1.jpg\" \/>\n\t<meta property=\"og:image:width\" content=\"800\" \/>\n\t<meta property=\"og:image:height\" content=\"534\" \/>\n\t<meta property=\"og:image:type\" content=\"image\/jpeg\" \/>\n<meta name=\"author\" content=\"Reda\u00e7\u00e3o Sul SC\" \/>\n<meta name=\"twitter:card\" content=\"summary_large_image\" \/>\n<meta name=\"twitter:creator\" content=\"@https:\/\/twitter.com\/PortalSulSC\" \/>\n<meta name=\"twitter:label1\" content=\"Written by\" \/>\n\t<meta name=\"twitter:data1\" content=\"Reda\u00e7\u00e3o Sul SC\" \/>\n\t<meta name=\"twitter:label2\" content=\"Est. reading time\" \/>\n\t<meta name=\"twitter:data2\" content=\"2 minutes\" \/>\n<script type=\"application\/ld+json\" class=\"yoast-schema-graph\">{\"@context\":\"https:\/\/schema.org\",\"@graph\":[{\"@type\":\"WebPage\",\"@id\":\"https:\/\/sulsc.com\/index.php\/2023\/11\/03\/sexta-feira-3-comeca-com-tempo-instavel-em-toda-sc\/\",\"url\":\"https:\/\/sulsc.com\/index.php\/2023\/11\/03\/sexta-feira-3-comeca-com-tempo-instavel-em-toda-sc\/\",\"name\":\"Sexta-feira (3) come\u00e7a com tempo inst\u00e1vel em toda SC -\",\"isPartOf\":{\"@id\":\"https:\/\/sulsc.com\/#website\"},\"datePublished\":\"2023-11-03T10:30:26+00:00\",\"dateModified\":\"2023-11-03T10:42:11+00:00\",\"author\":{\"@id\":\"https:\/\/sulsc.com\/#\/schema\/person\/84d2fc571684f6248ba83092f07750a3\"},\"breadcrumb\":{\"@id\":\"https:\/\/sulsc.com\/index.php\/2023\/11\/03\/sexta-feira-3-comeca-com-tempo-instavel-em-toda-sc\/#breadcrumb\"},\"inLanguage\":\"en-US\",\"potentialAction\":[{\"@type\":\"ReadAction\",\"target\":[\"https:\/\/sulsc.com\/index.php\/2023\/11\/03\/sexta-feira-3-comeca-com-tempo-instavel-em-toda-sc\/\"]}]},{\"@type\":\"BreadcrumbList\",\"@id\":\"https:\/\/sulsc.com\/index.php\/2023\/11\/03\/sexta-feira-3-comeca-com-tempo-instavel-em-toda-sc\/#breadcrumb\",\"itemListElement\":[{\"@type\":\"ListItem\",\"position\":1,\"name\":\"In\u00edcio\",\"item\":\"https:\/\/sulsc.com\/\"},{\"@type\":\"ListItem\",\"position\":2,\"name\":\"Sexta-feira (3) come\u00e7a com tempo inst\u00e1vel em toda SC\"}]},{\"@type\":\"WebSite\",\"@id\":\"https:\/\/sulsc.com\/#website\",\"url\":\"https:\/\/sulsc.com\/\",\"name\":\"\",\"description\":\"\",\"potentialAction\":[{\"@type\":\"SearchAction\",\"target\":{\"@type\":\"EntryPoint\",\"urlTemplate\":\"https:\/\/sulsc.com\/?s={search_term_string}\"},\"query-input\":\"required name=search_term_string\"}],\"inLanguage\":\"en-US\"},{\"@type\":\"Person\",\"@id\":\"https:\/\/sulsc.com\/#\/schema\/person\/84d2fc571684f6248ba83092f07750a3\",\"name\":\"Reda\u00e7\u00e3o Sul SC\",\"image\":{\"@type\":\"ImageObject\",\"inLanguage\":\"en-US\",\"@id\":\"https:\/\/sulsc.com\/#\/schema\/person\/image\/e08d7fe2cc4ed596372063bbe852b8d0\",\"url\":\"https:\/\/sulsc.com\/wp-content\/uploads\/2023\/09\/redacao.png\",\"contentUrl\":\"https:\/\/sulsc.com\/wp-content\/uploads\/2023\/09\/redacao.png\",\"caption\":\"Reda\u00e7\u00e3o Sul SC\"},\"description\":\"Foco em um jornalismo imparcial, voltado \u00e0 qualidade dos seus conte\u00fados e, assim, levar informa\u00e7\u00e3o de valor que agregue \u00e0 vida dos leitores. Esta \u00e9 grande miss\u00e3o do Portal de Not\u00edcias Sul SC. N\u00e3o \u00e9 quantidade que muda o mundo, sempre foi e seguir\u00e1 sendo qualidade!\",\"sameAs\":[\"https:\/\/sulsc.com\/\",\"https:\/\/www.facebook.com\/profile.php?id=61559278119680\",\"https:\/\/www.instagram.com\/sulscportal\/?hl=pt-br\",\"https:\/\/twitter.com\/https:\/\/twitter.com\/PortalSulSC\",\"https:\/\/www.youtube.com\/channel\/UCv_BE8GeySluDov2n8qhVmw\"],\"url\":\"https:\/\/sulsc.com\/index.php\/author\/redacao\/\"}]}<\/script>\n<!-- \/ Yoast SEO plugin. -->","yoast_head_json":{"title":"Sexta-feira (3) come\u00e7a com tempo inst\u00e1vel em toda SC -","robots":{"index":"index","follow":"follow","max-snippet":"max-snippet:-1","max-image-preview":"max-image-preview:large","max-video-preview":"max-video-preview:-1"},"canonical":"https:\/\/sulsc.com\/index.php\/2023\/11\/03\/sexta-feira-3-comeca-com-tempo-instavel-em-toda-sc\/","og_locale":"en_US","og_type":"article","og_title":"Sexta-feira (3) come\u00e7a com tempo inst\u00e1vel em toda SC -","og_description":"A sexta-feira (3) come\u00e7a com tempo inst\u00e1vel. Chuva intensa e temporais isolados em todas as regi\u00f5es de Santa Catarina, devido a passagem de uma frente fria associada a um ciclone extratropical entre o Uruguai e a costa do Rio Grande do Sul. No decorrer da tarde a chuva se afasta do estado, a medida que &hellip; Sexta-feira (3) come\u00e7a com tempo inst\u00e1vel em toda SC Read More &raquo;","og_url":"https:\/\/sulsc.com\/index.php\/2023\/11\/03\/sexta-feira-3-comeca-com-tempo-instavel-em-toda-sc\/","article_author":"https:\/\/www.facebook.com\/profile.php?id=61559278119680","article_published_time":"2023-11-03T10:30:26+00:00","article_modified_time":"2023-11-03T10:42:11+00:00","og_image":[{"width":800,"height":534,"url":"http:\/\/sulsc.com\/wp-content\/uploads\/2023\/10\/chuva-1.jpg","type":"image\/jpeg"}],"author":"Reda\u00e7\u00e3o Sul SC","twitter_card":"summary_large_image","twitter_creator":"@https:\/\/twitter.com\/PortalSulSC","twitter_misc":{"Written by":"Reda\u00e7\u00e3o Sul SC","Est. reading time":"2 minutes"},"schema":{"@context":"https:\/\/schema.org","@graph":[{"@type":"WebPage","@id":"https:\/\/sulsc.com\/index.php\/2023\/11\/03\/sexta-feira-3-comeca-com-tempo-instavel-em-toda-sc\/","url":"https:\/\/sulsc.com\/index.php\/2023\/11\/03\/sexta-feira-3-comeca-com-tempo-instavel-em-toda-sc\/","name":"Sexta-feira (3) come\u00e7a com tempo inst\u00e1vel em toda SC -","isPartOf":{"@id":"https:\/\/sulsc.com\/#website"},"datePublished":"2023-11-03T10:30:26+00:00","dateModified":"2023-11-03T10:42:11+00:00","author":{"@id":"https:\/\/sulsc.com\/#\/schema\/person\/84d2fc571684f6248ba83092f07750a3"},"breadcrumb":{"@id":"https:\/\/sulsc.com\/index.php\/2023\/11\/03\/sexta-feira-3-comeca-com-tempo-instavel-em-toda-sc\/#breadcrumb"},"inLanguage":"en-US","potentialAction":[{"@type":"ReadAction","target":["https:\/\/sulsc.com\/index.php\/2023\/11\/03\/sexta-feira-3-comeca-com-tempo-instavel-em-toda-sc\/"]}]},{"@type":"BreadcrumbList","@id":"https:\/\/sulsc.com\/index.php\/2023\/11\/03\/sexta-feira-3-comeca-com-tempo-instavel-em-toda-sc\/#breadcrumb","itemListElement":[{"@type":"ListItem","position":1,"name":"In\u00edcio","item":"https:\/\/sulsc.com\/"},{"@type":"ListItem","position":2,"name":"Sexta-feira (3) come\u00e7a com tempo inst\u00e1vel em toda SC"}]},{"@type":"WebSite","@id":"https:\/\/sulsc.com\/#website","url":"https:\/\/sulsc.com\/","name":"","description":"","potentialAction":[{"@type":"SearchAction","target":{"@type":"EntryPoint","urlTemplate":"https:\/\/sulsc.com\/?s={search_term_string}"},"query-input":"required name=search_term_string"}],"inLanguage":"en-US"},{"@type":"Person","@id":"https:\/\/sulsc.com\/#\/schema\/person\/84d2fc571684f6248ba83092f07750a3","name":"Reda\u00e7\u00e3o Sul SC","image":{"@type":"ImageObject","inLanguage":"en-US","@id":"https:\/\/sulsc.com\/#\/schema\/person\/image\/e08d7fe2cc4ed596372063bbe852b8d0","url":"https:\/\/sulsc.com\/wp-content\/uploads\/2023\/09\/redacao.png","contentUrl":"https:\/\/sulsc.com\/wp-content\/uploads\/2023\/09\/redacao.png","caption":"Reda\u00e7\u00e3o Sul SC"},"description":"Foco em um jornalismo imparcial, voltado \u00e0 qualidade dos seus conte\u00fados e, assim, levar informa\u00e7\u00e3o de valor que agregue \u00e0 vida dos leitores. Esta \u00e9 grande miss\u00e3o do Portal de Not\u00edcias Sul SC. N\u00e3o \u00e9 quantidade que muda o mundo, sempre foi e seguir\u00e1 sendo qualidade!","sameAs":["https:\/\/sulsc.com\/","https:\/\/www.facebook.com\/profile.php?id=61559278119680","https:\/\/www.instagram.com\/sulscportal\/?hl=pt-br","https:\/\/twitter.com\/https:\/\/twitter.com\/PortalSulSC","https:\/\/www.youtube.com\/channel\/UCv_BE8GeySluDov2n8qhVmw"],"url":"https:\/\/sulsc.com\/index.php\/author\/redacao\/"}]}},"authors":[],"_links":{"self":[{"href":"https:\/\/sulsc.com\/index.php\/wp-json\/wp\/v2\/posts\/3291"}],"collection":[{"href":"https:\/\/sulsc.com\/index.php\/wp-json\/wp\/v2\/posts"}],"about":[{"href":"https:\/\/sulsc.com\/index.php\/wp-json\/wp\/v2\/types\/post"}],"author":[{"embeddable":true,"href":"https:\/\/sulsc.com\/index.php\/wp-json\/wp\/v2\/users\/3"}],"replies":[{"embeddable":true,"href":"https:\/\/sulsc.com\/index.php\/wp-json\/wp\/v2\/comments?post=3291"}],"version-history":[{"count":1,"href":"https:\/\/sulsc.com\/index.php\/wp-json\/wp\/v2\/posts\/3291\/revisions"}],"predecessor-version":[{"id":3293,"href":"https:\/\/sulsc.com\/index.php\/wp-json\/wp\/v2\/posts\/3291\/revisions\/3293"}],"wp:featuredmedia":[{"embeddable":true,"href":"https:\/\/sulsc.com\/index.php\/wp-json\/wp\/v2\/media\/3015"}],"wp:attachment":[{"href":"https:\/\/sulsc.com\/index.php\/wp-json\/wp\/v2\/media?parent=3291"}],"wp:term":[{"taxonomy":"category","embeddable":true,"href":"https:\/\/sulsc.com\/index.php\/wp-json\/wp\/v2\/categories?post=3291"},{"taxonomy":"post_tag","embeddable":true,"href":"https:\/\/sulsc.com\/index.php\/wp-json\/wp\/v2\/tags?post=3291"}],"curies":[{"name":"wp","href":"https:\/\/api.w.org\/{rel}","templated":true}]}}