{"id":32913,"date":"2026-03-09T17:33:09","date_gmt":"2026-03-09T20:33:09","guid":{"rendered":"https:\/\/sulsc.com\/?p=32913"},"modified":"2026-03-09T17:33:09","modified_gmt":"2026-03-09T20:33:09","slug":"imposto-de-rendas-envio-de-declaracoes-comecam-na-proxima-semana-veja-regras","status":"publish","type":"post","link":"https:\/\/sulsc.com\/index.php\/2026\/03\/09\/imposto-de-rendas-envio-de-declaracoes-comecam-na-proxima-semana-veja-regras\/","title":{"rendered":"Imposto de Rendas &#8211; Envio de declara\u00e7\u00f5es come\u00e7am na pr\u00f3xima semana; veja regras"},"content":{"rendered":"<p>A Receita Federal divulgar\u00e1 na pr\u00f3xima segunda-feira (16) as regras da Declara\u00e7\u00e3o do Imposto de Renda Pessoa F\u00edsica (IRPF) 2026. Embora o calend\u00e1rio oficial ainda n\u00e3o tenha sido anunciado, a expectativa \u00e9 que o prazo de entrega da declara\u00e7\u00e3o comece no dia 16 e se estenda at\u00e9 29 de maio, \u00faltimo dia \u00fatil do m\u00eas, seguindo o padr\u00e3o dos anos anteriores.<\/p>\n<p>Uma das principais d\u00favidas entre os contribuintes neste ano envolve a nova faixa de isen\u00e7\u00e3o do Imposto de Renda para quem recebe at\u00e9 R$ 5 mil por m\u00eas. Apesar de a medida ter entrado em vigor em 1\u00ba de janeiro e ter come\u00e7ado a aliviar o bolso de parte dos trabalhadores desde fevereiro, a mudan\u00e7a n\u00e3o ter\u00e1 impacto na declara\u00e7\u00e3o entregue em 2026.<\/p>\n<p>Isso ocorre porque a declara\u00e7\u00e3o deste ano se refere aos rendimentos obtidos em 2025. Assim, a nova faixa de isen\u00e7\u00e3o s\u00f3 ter\u00e1 efeito pr\u00e1tico na declara\u00e7\u00e3o a ser apresentada em 2027.<\/p>\n<p>A confus\u00e3o entre isen\u00e7\u00e3o do imposto e obrigatoriedade de entregar a declara\u00e7\u00e3o \u00e9 comum entre os contribuintes.<\/p>\n<p>Especialistas alertam que estar isento do pagamento mensal n\u00e3o significa automaticamente estar dispensado de prestar contas ao Fisco, j\u00e1 que a obriga\u00e7\u00e3o de declarar depende tamb\u00e9m de outros crit\u00e9rios, como patrim\u00f4nio, investimentos e opera\u00e7\u00f5es financeiras.<\/p>\n<div id=\"metaslider-id-25573\" style=\"width: 100%;\" class=\"ml-slider-3-99-0 metaslider metaslider-flex metaslider-25573 ml-slider has-onhover-arrows ms-theme-default-base has-dots-nav\" role=\"region\" aria-label=\"Meio\" data-width=\"1200\">\n    <div id=\"metaslider_container_25573\">\n        <div id=\"metaslider_25573\">\n            <ul class='slides'>\n                <li style=\"display: block; width: 100%;\" class=\"slide-25684 ms-image \" aria-roledescription=\"slide\" data-date=\"2025-07-24 07:55:40\"><img src=\"https:\/\/sulsc.com\/wp-content\/uploads\/2025\/07\/Marr-2-1000x166.jpg\" height=\"200\" width=\"1200\" alt=\"\" class=\"slider-25573 slide-25684 msDefaultImage\" title=\"Marr 2\" \/><\/li>\n                <li style=\"display: none; width: 100%;\" class=\"slide-32412 ms-image \" aria-roledescription=\"slide\" data-date=\"2026-02-18 13:59:46\"><img src=\"https:\/\/sulsc.com\/wp-content\/uploads\/2026\/02\/40dc1580-cad5-4867-bc58-c4243821ad38-1000x166.jpeg\" height=\"200\" width=\"1200\" alt=\"\" class=\"slider-25573 slide-32412 msDefaultImage\" title=\"40dc1580-cad5-4867-bc58-c4243821ad38\" \/><\/li>\n                <li style=\"display: none; width: 100%;\" class=\"slide-32766 ms-image \" aria-roledescription=\"slide\" data-date=\"2026-03-03 17:22:59\"><img src=\"https:\/\/sulsc.com\/wp-content\/uploads\/2026\/03\/271ce739-f268-41c5-8051-3de1a1750359-1000x166.jpeg\" height=\"200\" width=\"1200\" alt=\"\" class=\"slider-25573 slide-32766 msDefaultImage\" title=\"271ce739-f268-41c5-8051-3de1a1750359\" \/><\/li>\n            <\/ul>\n        <\/div>\n        \n    <\/div>\n<\/div>\n<p><strong>Quem deve declarar o Imposto de Renda em 2026?<\/strong><br \/>\n<strong>Com base nas regras aplicadas no \u00faltimo exerc\u00edcio fiscal, que n\u00e3o sofreram altera\u00e7\u00e3o neste ano, devem apresentar a declara\u00e7\u00e3o os contribuintes que, em 2025:<\/strong><\/p>\n<p>Receberam rendimentos tribut\u00e1veis, como sal\u00e1rios, aposentadorias ou alugu\u00e9is, acima de R$ 33.888;<br \/>\nObtiveram rendimentos isentos, n\u00e3o tribut\u00e1veis ou tributados exclusivamente na fonte superiores a R$ 200 mil;<br \/>\nTiveram receita bruta de atividade rural acima de R$ 169.440;<br \/>\nObtiveram ganho de capital na venda de bens ou direitos;<br \/>\nFizeram opera\u00e7\u00f5es em bolsas de valores, mercadorias ou futuros com soma superior a R$ 40 mil;<br \/>\nFizeram opera\u00e7\u00f5es de day trade (compra e venda na bolsa no mesmo dia) com lucro;<br \/>\nVenderam a\u00e7\u00f5es com lucro em meses com volume superior a R$ 20 mil;<br \/>\nPossu\u00edam bens ou direitos acima de R$ 800 mil em 31 de dezembro;<br \/>\nTornaram-se residentes no Brasil ao longo de 2025;<br \/>\nDeclararam bens ou participa\u00e7\u00f5es em entidades no exterior;<br \/>\nForam titulares de trusts (empresas de investimento) no exterior;<br \/>\nAtualizaram bens no exterior a valor de mercado ou receberam rendimentos financeiros de entidades estrangeiras;<br \/>\nOptaram por isen\u00e7\u00e3o de ganho de capital na venda de im\u00f3vel residencial, desde que tenham reinvestido o valor em outro im\u00f3vel em 180 dias.<br \/>\nQuem fica isento do imposto?<br \/>\nA nova tabela do Imposto de Renda ampliou a faixa de isen\u00e7\u00e3o para rendimentos mensais de at\u00e9 R$ 5 mil, mas a regra s\u00f3 valer\u00e1 para rendimentos recebidos a partir de 2026. Por isso, o efeito pr\u00e1tico aparecer\u00e1 apenas na declara\u00e7\u00e3o entregue em 2027.<\/p>\n<p>Atualmente, o limite oficial de isen\u00e7\u00e3o do imposto \u00e9 de R$ 2.428,80 por m\u00eas. Com os ajustes aplicados na tabela, que criou dedu\u00e7\u00f5es adicionais, a isen\u00e7\u00e3o efetiva alcan\u00e7a rendimentos mensais de at\u00e9 R$ 3.036, valor equivalente a dois sal\u00e1rios m\u00ednimos em 2025.<\/p>\n<p><img fetchpriority=\"high\" decoding=\"async\" class=\"aligncenter size-full wp-image-32914\" src=\"http:\/\/sulsc.com\/wp-content\/uploads\/2026\/03\/ja_8380.webp\" alt=\"\" width=\"1170\" height=\"700\" srcset=\"https:\/\/sulsc.com\/wp-content\/uploads\/2026\/03\/ja_8380.webp 1170w, https:\/\/sulsc.com\/wp-content\/uploads\/2026\/03\/ja_8380-300x179.webp 300w, https:\/\/sulsc.com\/wp-content\/uploads\/2026\/03\/ja_8380-1024x613.webp 1024w, https:\/\/sulsc.com\/wp-content\/uploads\/2026\/03\/ja_8380-768x459.webp 768w\" sizes=\"(max-width: 1170px) 100vw, 1170px\" \/><\/p>\n<p><strong>Documentos necess\u00e1rios para declarar<\/strong><br \/>\nPara preencher a declara\u00e7\u00e3o, o contribuinte deve reunir documentos pessoais e comprovantes de renda e patrim\u00f4nio.<\/p>\n<p><strong>Documentos de identifica\u00e7\u00e3o:<\/strong><\/p>\n<p>Documento oficial com CPF (RG ou CNH);<br \/>\nComprovante de endere\u00e7o atualizado;<br \/>\nCPF do c\u00f4njuge;<br \/>\nN\u00famero do t\u00edtulo de eleitor;<br \/>\nRecibo da declara\u00e7\u00e3o do ano anterior;<br \/>\nN\u00famero do PIS, NIT ou inscri\u00e7\u00e3o no INSS;<br \/>\nDados de dependentes e alimentandos.<br \/>\nComprovantes de renda:<\/p>\n<p><strong>Informes de rendimentos do titular e dependentes;<\/strong><br \/>\nExtratos banc\u00e1rios e de aplica\u00e7\u00f5es financeiras;<br \/>\nRelat\u00f3rios de alugu\u00e9is recebidos;<br \/>\nInformes de previd\u00eancia privada;<br \/>\nRendimentos de programas de incentivo \u00e0 nota fiscal.<br \/>\nComprovantes de renda vari\u00e1vel:<\/p>\n<p><strong>Notas de corretagem;<\/strong><br \/>\nDARFs pagos;<br \/>\nInformes de rendimentos de investimentos.<br \/>\nRestitui\u00e7\u00f5es<br \/>\nSeguindo o padr\u00e3o dos \u00faltimos anos, o pagamento das restitui\u00e7\u00f5es deve come\u00e7ar no fim de maio. A expectativa \u00e9 que o primeiro lote seja liberado em 29 de maio, enquanto o quinto e \u00faltimo lote tende a ser pago em 30 de setembro.<\/p>\n<p><strong>Informe de rendimentos<\/strong><br \/>\nDocumento essencial para preencher a declara\u00e7\u00e3o, o informe de rendimentos foi repassado por empregadores e pelo Instituto Nacional do Seguro Social (INSS) at\u00e9 27 de fevereiro, \u00faltimo dia \u00fatil do m\u00eas passado. O mesmo vale para as institui\u00e7\u00f5es financeiras, que eram obrigadas a enviar os rendimentos de aplica\u00e7\u00f5es e o saldo em contas at\u00e9 a mesma data.<\/p>\n<p>Caso n\u00e3o tenha recebido o documento, o contribuinte deve pedi-lo diretamente \u00e0 empresa ou utilizar a declara\u00e7\u00e3o pr\u00e9-preenchida dispon\u00edvel no sistema da Receita Federal a partir do primeiro dia de declara\u00e7\u00e3o.<\/p>\n<p><strong>Outros comprovantes<\/strong><br \/>\nOs comprovantes usados para dedu\u00e7\u00f5es no Imposto de Renda tamb\u00e9m foram enviados at\u00e9 27 de fevereiro. Os informes de pagamentos a planos de sa\u00fade individuais e recolhimentos a fundos de pens\u00e3o ser\u00e3o usados pelo contribuinte para deduzir os valores cobrados no Imposto de Renda e aumentar a restitui\u00e7\u00e3o.<\/p>\n","protected":false},"excerpt":{"rendered":"<p>A Receita Federal divulgar\u00e1 na pr\u00f3xima segunda-feira (16) as regras da Declara\u00e7\u00e3o do Imposto de Renda Pessoa F\u00edsica (IRPF) 2026. Embora o calend\u00e1rio oficial ainda n\u00e3o tenha sido anunciado, a expectativa \u00e9 que o prazo de entrega da declara\u00e7\u00e3o comece no dia 16 e se estenda at\u00e9 29 de maio, \u00faltimo dia \u00fatil do m\u00eas, &hellip;<\/p>\n<p class=\"read-more\"> <a class=\"\" href=\"https:\/\/sulsc.com\/index.php\/2026\/03\/09\/imposto-de-rendas-envio-de-declaracoes-comecam-na-proxima-semana-veja-regras\/\"> <span class=\"screen-reader-text\">Imposto de Rendas &#8211; Envio de declara\u00e7\u00f5es come\u00e7am na pr\u00f3xima semana; veja regras<\/span> Read More &raquo;<\/a><\/p>\n","protected":false},"author":3,"featured_media":32914,"comment_status":"open","ping_status":"open","sticky":false,"template":"","format":"standard","meta":{"site-sidebar-layout":"default","site-content-layout":"","ast-site-content-layout":"default","site-content-style":"default","site-sidebar-style":"default","ast-global-header-display":"","ast-banner-title-visibility":"","ast-main-header-display":"","ast-hfb-above-header-display":"","ast-hfb-below-header-display":"","ast-hfb-mobile-header-display":"","site-post-title":"","ast-breadcrumbs-content":"","ast-featured-img":"","footer-sml-layout":"","theme-transparent-header-meta":"default","adv-header-id-meta":"","stick-header-meta":"","header-above-stick-meta":"","header-main-stick-meta":"","header-below-stick-meta":"","astra-migrate-meta-layouts":"set","footnotes":""},"categories":[11,1,15,12],"tags":[2053],"yoast_head":"<!-- This site is optimized with the Yoast SEO plugin v21.4 - https:\/\/yoast.com\/wordpress\/plugins\/seo\/ -->\n<title>Imposto de Rendas - Envio de declara\u00e7\u00f5es come\u00e7am na pr\u00f3xima semana; veja regras -<\/title>\n<meta name=\"robots\" content=\"index, follow, max-snippet:-1, max-image-preview:large, max-video-preview:-1\" \/>\n<link rel=\"canonical\" href=\"https:\/\/sulsc.com\/index.php\/2026\/03\/09\/imposto-de-rendas-envio-de-declaracoes-comecam-na-proxima-semana-veja-regras\/\" \/>\n<meta property=\"og:locale\" content=\"en_US\" \/>\n<meta property=\"og:type\" content=\"article\" \/>\n<meta property=\"og:title\" content=\"Imposto de Rendas - Envio de declara\u00e7\u00f5es come\u00e7am na pr\u00f3xima semana; veja regras -\" \/>\n<meta property=\"og:description\" content=\"A Receita Federal divulgar\u00e1 na pr\u00f3xima segunda-feira (16) as regras da Declara\u00e7\u00e3o do Imposto de Renda Pessoa F\u00edsica (IRPF) 2026. Embora o calend\u00e1rio oficial ainda n\u00e3o tenha sido anunciado, a expectativa \u00e9 que o prazo de entrega da declara\u00e7\u00e3o comece no dia 16 e se estenda at\u00e9 29 de maio, \u00faltimo dia \u00fatil do m\u00eas, &hellip; Imposto de Rendas &#8211; Envio de declara\u00e7\u00f5es come\u00e7am na pr\u00f3xima semana; veja regras Read More &raquo;\" \/>\n<meta property=\"og:url\" content=\"https:\/\/sulsc.com\/index.php\/2026\/03\/09\/imposto-de-rendas-envio-de-declaracoes-comecam-na-proxima-semana-veja-regras\/\" \/>\n<meta property=\"article:author\" content=\"https:\/\/www.facebook.com\/profile.php?id=61559278119680\" \/>\n<meta property=\"article:published_time\" content=\"2026-03-09T20:33:09+00:00\" \/>\n<meta property=\"og:image\" content=\"http:\/\/sulsc.com\/wp-content\/uploads\/2026\/03\/ja_8380.webp\" \/>\n\t<meta property=\"og:image:width\" content=\"1170\" \/>\n\t<meta property=\"og:image:height\" content=\"700\" \/>\n\t<meta property=\"og:image:type\" content=\"image\/webp\" \/>\n<meta name=\"author\" content=\"Reda\u00e7\u00e3o Sul SC\" \/>\n<meta name=\"twitter:card\" content=\"summary_large_image\" \/>\n<meta name=\"twitter:creator\" content=\"@https:\/\/twitter.com\/PortalSulSC\" \/>\n<meta name=\"twitter:label1\" content=\"Written by\" \/>\n\t<meta name=\"twitter:data1\" content=\"Reda\u00e7\u00e3o Sul SC\" \/>\n\t<meta name=\"twitter:label2\" content=\"Est. reading time\" \/>\n\t<meta name=\"twitter:data2\" content=\"4 minutes\" \/>\n<script type=\"application\/ld+json\" class=\"yoast-schema-graph\">{\"@context\":\"https:\/\/schema.org\",\"@graph\":[{\"@type\":\"WebPage\",\"@id\":\"https:\/\/sulsc.com\/index.php\/2026\/03\/09\/imposto-de-rendas-envio-de-declaracoes-comecam-na-proxima-semana-veja-regras\/\",\"url\":\"https:\/\/sulsc.com\/index.php\/2026\/03\/09\/imposto-de-rendas-envio-de-declaracoes-comecam-na-proxima-semana-veja-regras\/\",\"name\":\"Imposto de Rendas - Envio de declara\u00e7\u00f5es come\u00e7am na pr\u00f3xima semana; veja regras -\",\"isPartOf\":{\"@id\":\"https:\/\/sulsc.com\/#website\"},\"datePublished\":\"2026-03-09T20:33:09+00:00\",\"dateModified\":\"2026-03-09T20:33:09+00:00\",\"author\":{\"@id\":\"https:\/\/sulsc.com\/#\/schema\/person\/84d2fc571684f6248ba83092f07750a3\"},\"breadcrumb\":{\"@id\":\"https:\/\/sulsc.com\/index.php\/2026\/03\/09\/imposto-de-rendas-envio-de-declaracoes-comecam-na-proxima-semana-veja-regras\/#breadcrumb\"},\"inLanguage\":\"en-US\",\"potentialAction\":[{\"@type\":\"ReadAction\",\"target\":[\"https:\/\/sulsc.com\/index.php\/2026\/03\/09\/imposto-de-rendas-envio-de-declaracoes-comecam-na-proxima-semana-veja-regras\/\"]}]},{\"@type\":\"BreadcrumbList\",\"@id\":\"https:\/\/sulsc.com\/index.php\/2026\/03\/09\/imposto-de-rendas-envio-de-declaracoes-comecam-na-proxima-semana-veja-regras\/#breadcrumb\",\"itemListElement\":[{\"@type\":\"ListItem\",\"position\":1,\"name\":\"In\u00edcio\",\"item\":\"https:\/\/sulsc.com\/\"},{\"@type\":\"ListItem\",\"position\":2,\"name\":\"Imposto de Rendas &#8211; Envio de declara\u00e7\u00f5es come\u00e7am na pr\u00f3xima semana; veja regras\"}]},{\"@type\":\"WebSite\",\"@id\":\"https:\/\/sulsc.com\/#website\",\"url\":\"https:\/\/sulsc.com\/\",\"name\":\"\",\"description\":\"\",\"potentialAction\":[{\"@type\":\"SearchAction\",\"target\":{\"@type\":\"EntryPoint\",\"urlTemplate\":\"https:\/\/sulsc.com\/?s={search_term_string}\"},\"query-input\":\"required name=search_term_string\"}],\"inLanguage\":\"en-US\"},{\"@type\":\"Person\",\"@id\":\"https:\/\/sulsc.com\/#\/schema\/person\/84d2fc571684f6248ba83092f07750a3\",\"name\":\"Reda\u00e7\u00e3o Sul SC\",\"image\":{\"@type\":\"ImageObject\",\"inLanguage\":\"en-US\",\"@id\":\"https:\/\/sulsc.com\/#\/schema\/person\/image\/e08d7fe2cc4ed596372063bbe852b8d0\",\"url\":\"https:\/\/sulsc.com\/wp-content\/uploads\/2023\/09\/redacao.png\",\"contentUrl\":\"https:\/\/sulsc.com\/wp-content\/uploads\/2023\/09\/redacao.png\",\"caption\":\"Reda\u00e7\u00e3o Sul SC\"},\"description\":\"Foco em um jornalismo imparcial, voltado \u00e0 qualidade dos seus conte\u00fados e, assim, levar informa\u00e7\u00e3o de valor que agregue \u00e0 vida dos leitores. Esta \u00e9 grande miss\u00e3o do Portal de Not\u00edcias Sul SC. N\u00e3o \u00e9 quantidade que muda o mundo, sempre foi e seguir\u00e1 sendo qualidade!\",\"sameAs\":[\"https:\/\/sulsc.com\/\",\"https:\/\/www.facebook.com\/profile.php?id=61559278119680\",\"https:\/\/www.instagram.com\/sulscportal\/?hl=pt-br\",\"https:\/\/twitter.com\/https:\/\/twitter.com\/PortalSulSC\",\"https:\/\/www.youtube.com\/channel\/UCv_BE8GeySluDov2n8qhVmw\"],\"url\":\"https:\/\/sulsc.com\/index.php\/author\/redacao\/\"}]}<\/script>\n<!-- \/ Yoast SEO plugin. -->","yoast_head_json":{"title":"Imposto de Rendas - Envio de declara\u00e7\u00f5es come\u00e7am na pr\u00f3xima semana; veja regras -","robots":{"index":"index","follow":"follow","max-snippet":"max-snippet:-1","max-image-preview":"max-image-preview:large","max-video-preview":"max-video-preview:-1"},"canonical":"https:\/\/sulsc.com\/index.php\/2026\/03\/09\/imposto-de-rendas-envio-de-declaracoes-comecam-na-proxima-semana-veja-regras\/","og_locale":"en_US","og_type":"article","og_title":"Imposto de Rendas - Envio de declara\u00e7\u00f5es come\u00e7am na pr\u00f3xima semana; veja regras -","og_description":"A Receita Federal divulgar\u00e1 na pr\u00f3xima segunda-feira (16) as regras da Declara\u00e7\u00e3o do Imposto de Renda Pessoa F\u00edsica (IRPF) 2026. Embora o calend\u00e1rio oficial ainda n\u00e3o tenha sido anunciado, a expectativa \u00e9 que o prazo de entrega da declara\u00e7\u00e3o comece no dia 16 e se estenda at\u00e9 29 de maio, \u00faltimo dia \u00fatil do m\u00eas, &hellip; Imposto de Rendas &#8211; Envio de declara\u00e7\u00f5es come\u00e7am na pr\u00f3xima semana; veja regras Read More &raquo;","og_url":"https:\/\/sulsc.com\/index.php\/2026\/03\/09\/imposto-de-rendas-envio-de-declaracoes-comecam-na-proxima-semana-veja-regras\/","article_author":"https:\/\/www.facebook.com\/profile.php?id=61559278119680","article_published_time":"2026-03-09T20:33:09+00:00","og_image":[{"width":1170,"height":700,"url":"http:\/\/sulsc.com\/wp-content\/uploads\/2026\/03\/ja_8380.webp","type":"image\/webp"}],"author":"Reda\u00e7\u00e3o Sul SC","twitter_card":"summary_large_image","twitter_creator":"@https:\/\/twitter.com\/PortalSulSC","twitter_misc":{"Written by":"Reda\u00e7\u00e3o Sul SC","Est. reading time":"4 minutes"},"schema":{"@context":"https:\/\/schema.org","@graph":[{"@type":"WebPage","@id":"https:\/\/sulsc.com\/index.php\/2026\/03\/09\/imposto-de-rendas-envio-de-declaracoes-comecam-na-proxima-semana-veja-regras\/","url":"https:\/\/sulsc.com\/index.php\/2026\/03\/09\/imposto-de-rendas-envio-de-declaracoes-comecam-na-proxima-semana-veja-regras\/","name":"Imposto de Rendas - Envio de declara\u00e7\u00f5es come\u00e7am na pr\u00f3xima semana; veja regras -","isPartOf":{"@id":"https:\/\/sulsc.com\/#website"},"datePublished":"2026-03-09T20:33:09+00:00","dateModified":"2026-03-09T20:33:09+00:00","author":{"@id":"https:\/\/sulsc.com\/#\/schema\/person\/84d2fc571684f6248ba83092f07750a3"},"breadcrumb":{"@id":"https:\/\/sulsc.com\/index.php\/2026\/03\/09\/imposto-de-rendas-envio-de-declaracoes-comecam-na-proxima-semana-veja-regras\/#breadcrumb"},"inLanguage":"en-US","potentialAction":[{"@type":"ReadAction","target":["https:\/\/sulsc.com\/index.php\/2026\/03\/09\/imposto-de-rendas-envio-de-declaracoes-comecam-na-proxima-semana-veja-regras\/"]}]},{"@type":"BreadcrumbList","@id":"https:\/\/sulsc.com\/index.php\/2026\/03\/09\/imposto-de-rendas-envio-de-declaracoes-comecam-na-proxima-semana-veja-regras\/#breadcrumb","itemListElement":[{"@type":"ListItem","position":1,"name":"In\u00edcio","item":"https:\/\/sulsc.com\/"},{"@type":"ListItem","position":2,"name":"Imposto de Rendas &#8211; Envio de declara\u00e7\u00f5es come\u00e7am na pr\u00f3xima semana; veja regras"}]},{"@type":"WebSite","@id":"https:\/\/sulsc.com\/#website","url":"https:\/\/sulsc.com\/","name":"","description":"","potentialAction":[{"@type":"SearchAction","target":{"@type":"EntryPoint","urlTemplate":"https:\/\/sulsc.com\/?s={search_term_string}"},"query-input":"required name=search_term_string"}],"inLanguage":"en-US"},{"@type":"Person","@id":"https:\/\/sulsc.com\/#\/schema\/person\/84d2fc571684f6248ba83092f07750a3","name":"Reda\u00e7\u00e3o Sul SC","image":{"@type":"ImageObject","inLanguage":"en-US","@id":"https:\/\/sulsc.com\/#\/schema\/person\/image\/e08d7fe2cc4ed596372063bbe852b8d0","url":"https:\/\/sulsc.com\/wp-content\/uploads\/2023\/09\/redacao.png","contentUrl":"https:\/\/sulsc.com\/wp-content\/uploads\/2023\/09\/redacao.png","caption":"Reda\u00e7\u00e3o Sul SC"},"description":"Foco em um jornalismo imparcial, voltado \u00e0 qualidade dos seus conte\u00fados e, assim, levar informa\u00e7\u00e3o de valor que agregue \u00e0 vida dos leitores. Esta \u00e9 grande miss\u00e3o do Portal de Not\u00edcias Sul SC. N\u00e3o \u00e9 quantidade que muda o mundo, sempre foi e seguir\u00e1 sendo qualidade!","sameAs":["https:\/\/sulsc.com\/","https:\/\/www.facebook.com\/profile.php?id=61559278119680","https:\/\/www.instagram.com\/sulscportal\/?hl=pt-br","https:\/\/twitter.com\/https:\/\/twitter.com\/PortalSulSC","https:\/\/www.youtube.com\/channel\/UCv_BE8GeySluDov2n8qhVmw"],"url":"https:\/\/sulsc.com\/index.php\/author\/redacao\/"}]}},"authors":[],"_links":{"self":[{"href":"https:\/\/sulsc.com\/index.php\/wp-json\/wp\/v2\/posts\/32913"}],"collection":[{"href":"https:\/\/sulsc.com\/index.php\/wp-json\/wp\/v2\/posts"}],"about":[{"href":"https:\/\/sulsc.com\/index.php\/wp-json\/wp\/v2\/types\/post"}],"author":[{"embeddable":true,"href":"https:\/\/sulsc.com\/index.php\/wp-json\/wp\/v2\/users\/3"}],"replies":[{"embeddable":true,"href":"https:\/\/sulsc.com\/index.php\/wp-json\/wp\/v2\/comments?post=32913"}],"version-history":[{"count":2,"href":"https:\/\/sulsc.com\/index.php\/wp-json\/wp\/v2\/posts\/32913\/revisions"}],"predecessor-version":[{"id":32916,"href":"https:\/\/sulsc.com\/index.php\/wp-json\/wp\/v2\/posts\/32913\/revisions\/32916"}],"wp:featuredmedia":[{"embeddable":true,"href":"https:\/\/sulsc.com\/index.php\/wp-json\/wp\/v2\/media\/32914"}],"wp:attachment":[{"href":"https:\/\/sulsc.com\/index.php\/wp-json\/wp\/v2\/media?parent=32913"}],"wp:term":[{"taxonomy":"category","embeddable":true,"href":"https:\/\/sulsc.com\/index.php\/wp-json\/wp\/v2\/categories?post=32913"},{"taxonomy":"post_tag","embeddable":true,"href":"https:\/\/sulsc.com\/index.php\/wp-json\/wp\/v2\/tags?post=32913"}],"curies":[{"name":"wp","href":"https:\/\/api.w.org\/{rel}","templated":true}]}}