{"id":32917,"date":"2026-03-10T06:55:57","date_gmt":"2026-03-10T09:55:57","guid":{"rendered":"https:\/\/sulsc.com\/?p=32917"},"modified":"2026-03-10T06:55:57","modified_gmt":"2026-03-10T09:55:57","slug":"predominio-de-nuvens-e-chuva-a-qualquer-hora-do-dia-nesta-terca-feira-10","status":"publish","type":"post","link":"https:\/\/sulsc.com\/index.php\/2026\/03\/10\/predominio-de-nuvens-e-chuva-a-qualquer-hora-do-dia-nesta-terca-feira-10\/","title":{"rendered":"Predom\u00ednio de nuvens e chuva a qualquer hora do dia nesta ter\u00e7a-feira (10)"},"content":{"rendered":"<p>Na ter\u00e7a-feira (10), o tempo permanece inst\u00e1vel, com muitas nuvens e condi\u00e7\u00f5es para chuva isolada, a qualquer momento do dia, no Litoral e \u00e1reas pr\u00f3ximas, devido \u00e0 circula\u00e7\u00e3o mar\u00edtima. Do Extremo-Oeste aos planaltos a chuva ocorre na forma de pancadas muito isoladas acompanhadas por temporais, devido ao aquecimento. O risco \u00e9 baixo a moderado para ocorr\u00eancias associadas a alagamentos.<\/p>\n<div id=\"metaslider-id-25573\" style=\"width: 100%;\" class=\"ml-slider-3-99-0 metaslider metaslider-flex metaslider-25573 ml-slider has-onhover-arrows ms-theme-default-base has-dots-nav\" role=\"region\" aria-label=\"Meio\" data-width=\"1200\">\n    <div id=\"metaslider_container_25573\">\n        <div id=\"metaslider_25573\">\n            <ul class='slides'>\n                <li style=\"display: block; width: 100%;\" class=\"slide-25684 ms-image \" aria-roledescription=\"slide\" data-date=\"2025-07-24 07:55:40\"><img src=\"https:\/\/sulsc.com\/wp-content\/uploads\/2025\/07\/Marr-2-1000x166.jpg\" height=\"200\" width=\"1200\" alt=\"\" class=\"slider-25573 slide-25684 msDefaultImage\" title=\"Marr 2\" \/><\/li>\n                <li style=\"display: none; width: 100%;\" class=\"slide-32412 ms-image \" aria-roledescription=\"slide\" data-date=\"2026-02-18 13:59:46\"><img src=\"https:\/\/sulsc.com\/wp-content\/uploads\/2026\/02\/40dc1580-cad5-4867-bc58-c4243821ad38-1000x166.jpeg\" height=\"200\" width=\"1200\" alt=\"\" class=\"slider-25573 slide-32412 msDefaultImage\" title=\"40dc1580-cad5-4867-bc58-c4243821ad38\" \/><\/li>\n                <li style=\"display: none; width: 100%;\" class=\"slide-32766 ms-image \" aria-roledescription=\"slide\" data-date=\"2026-03-03 17:22:59\"><img src=\"https:\/\/sulsc.com\/wp-content\/uploads\/2026\/03\/271ce739-f268-41c5-8051-3de1a1750359-1000x166.jpeg\" height=\"200\" width=\"1200\" alt=\"\" class=\"slider-25573 slide-32766 msDefaultImage\" title=\"271ce739-f268-41c5-8051-3de1a1750359\" \/><\/li>\n            <\/ul>\n        <\/div>\n        \n    <\/div>\n<\/div>\n<p><strong>Temperaturas<\/strong><\/p>\n<p>As temperaturas se elevam no Grande Oeste e Litoral Sul, com as m\u00e1ximas variando entre 28 e 32\u00b0C. Dos planaltos ao restante do Litoral, m\u00e1ximas entre 17 e 25\u00b0C. O mar volta a ficar agitado, de Florian\u00f3polis para o Sul, com ondula\u00e7\u00e3o de dire\u00e7\u00e3o sudeste de 1,5 a 2,0m e picos de 2,5m. O risco \u00e9 moderado para ocorr\u00eancias associadas \u00e0 agita\u00e7\u00e3o mar\u00edtima.<\/p>\n<p><img fetchpriority=\"high\" decoding=\"async\" class=\"aligncenter size-full wp-image-32918\" src=\"http:\/\/sulsc.com\/wp-content\/uploads\/2026\/03\/Captura-de-tela-2026-03-09-020550-1024x702-1.png\" alt=\"\" width=\"1024\" height=\"702\" srcset=\"https:\/\/sulsc.com\/wp-content\/uploads\/2026\/03\/Captura-de-tela-2026-03-09-020550-1024x702-1.png 1024w, https:\/\/sulsc.com\/wp-content\/uploads\/2026\/03\/Captura-de-tela-2026-03-09-020550-1024x702-1-300x206.png 300w, https:\/\/sulsc.com\/wp-content\/uploads\/2026\/03\/Captura-de-tela-2026-03-09-020550-1024x702-1-768x527.png 768w\" sizes=\"(max-width: 1024px) 100vw, 1024px\" \/><\/p>\n<p><img decoding=\"async\" class=\"aligncenter size-full wp-image-32890\" src=\"http:\/\/sulsc.com\/wp-content\/uploads\/2026\/03\/Captura-de-tela-2026-03-07-023821-1024x219-1.png\" alt=\"\" width=\"1024\" height=\"219\" srcset=\"https:\/\/sulsc.com\/wp-content\/uploads\/2026\/03\/Captura-de-tela-2026-03-07-023821-1024x219-1.png 1024w, https:\/\/sulsc.com\/wp-content\/uploads\/2026\/03\/Captura-de-tela-2026-03-07-023821-1024x219-1-300x64.png 300w, https:\/\/sulsc.com\/wp-content\/uploads\/2026\/03\/Captura-de-tela-2026-03-07-023821-1024x219-1-768x164.png 768w\" sizes=\"(max-width: 1024px) 100vw, 1024px\" \/><\/p>\n<p><strong>Vento:<\/strong> sudeste, com varia\u00e7\u00e3o para nordeste no oeste, fraco a moderado.<\/p>\n<p><strong>Sistema predominante:<\/strong> alta press\u00e3o, com centro no litoral da Argentina, favorecendo a circula\u00e7\u00e3o mar\u00edtima no leste de SC. Baixa press\u00e3o no Paraguai influencia o oeste de SC.<\/p>\n<p><strong>Nesta quarta-feira (11)<\/strong>, no litoral e \u00e1reas vizinhas, muitas nuvens e chuva isolada a qualquer hora ainda predominam. Nas demais regi\u00f5es, maior presen\u00e7a de sol. No oeste de SC, condi\u00e7\u00f5es de chuva e temporais isolados \u00e0 tarde. As temperatura com m\u00e1ximas de 24\u00baC a 30\u00b0C no estado. Na serra, de 23\u00b0C a 25\u00baC.<\/p>\n<p>Fontes: Defesa Civil &#8211; SC\/Epagri-Ciram<\/p>\n","protected":false},"excerpt":{"rendered":"<p>Na ter\u00e7a-feira (10), o tempo permanece inst\u00e1vel, com muitas nuvens e condi\u00e7\u00f5es para chuva isolada, a qualquer momento do dia, no Litoral e \u00e1reas pr\u00f3ximas, devido \u00e0 circula\u00e7\u00e3o mar\u00edtima. Do Extremo-Oeste aos planaltos a chuva ocorre na forma de pancadas muito isoladas acompanhadas por temporais, devido ao aquecimento. O risco \u00e9 baixo a moderado para &hellip;<\/p>\n<p class=\"read-more\"> <a class=\"\" href=\"https:\/\/sulsc.com\/index.php\/2026\/03\/10\/predominio-de-nuvens-e-chuva-a-qualquer-hora-do-dia-nesta-terca-feira-10\/\"> <span class=\"screen-reader-text\">Predom\u00ednio de nuvens e chuva a qualquer hora do dia nesta ter\u00e7a-feira (10)<\/span> Read More &raquo;<\/a><\/p>\n","protected":false},"author":3,"featured_media":13306,"comment_status":"open","ping_status":"open","sticky":false,"template":"","format":"standard","meta":{"site-sidebar-layout":"default","site-content-layout":"","ast-site-content-layout":"default","site-content-style":"default","site-sidebar-style":"default","ast-global-header-display":"","ast-banner-title-visibility":"","ast-main-header-display":"","ast-hfb-above-header-display":"","ast-hfb-below-header-display":"","ast-hfb-mobile-header-display":"","site-post-title":"","ast-breadcrumbs-content":"","ast-featured-img":"","footer-sml-layout":"","theme-transparent-header-meta":"default","adv-header-id-meta":"","stick-header-meta":"","header-above-stick-meta":"","header-main-stick-meta":"","header-below-stick-meta":"","astra-migrate-meta-layouts":"set","footnotes":""},"categories":[1,14,38,12],"tags":[90],"yoast_head":"<!-- This site is optimized with the Yoast SEO plugin v21.4 - https:\/\/yoast.com\/wordpress\/plugins\/seo\/ -->\n<title>Predom\u00ednio de nuvens e chuva a qualquer hora do dia nesta ter\u00e7a-feira (10) -<\/title>\n<meta name=\"robots\" content=\"index, follow, max-snippet:-1, max-image-preview:large, max-video-preview:-1\" \/>\n<link rel=\"canonical\" href=\"https:\/\/sulsc.com\/index.php\/2026\/03\/10\/predominio-de-nuvens-e-chuva-a-qualquer-hora-do-dia-nesta-terca-feira-10\/\" \/>\n<meta property=\"og:locale\" content=\"en_US\" \/>\n<meta property=\"og:type\" content=\"article\" \/>\n<meta property=\"og:title\" content=\"Predom\u00ednio de nuvens e chuva a qualquer hora do dia nesta ter\u00e7a-feira (10) -\" \/>\n<meta property=\"og:description\" content=\"Na ter\u00e7a-feira (10), o tempo permanece inst\u00e1vel, com muitas nuvens e condi\u00e7\u00f5es para chuva isolada, a qualquer momento do dia, no Litoral e \u00e1reas pr\u00f3ximas, devido \u00e0 circula\u00e7\u00e3o mar\u00edtima. Do Extremo-Oeste aos planaltos a chuva ocorre na forma de pancadas muito isoladas acompanhadas por temporais, devido ao aquecimento. O risco \u00e9 baixo a moderado para &hellip; Predom\u00ednio de nuvens e chuva a qualquer hora do dia nesta ter\u00e7a-feira (10) Read More &raquo;\" \/>\n<meta property=\"og:url\" content=\"https:\/\/sulsc.com\/index.php\/2026\/03\/10\/predominio-de-nuvens-e-chuva-a-qualquer-hora-do-dia-nesta-terca-feira-10\/\" \/>\n<meta property=\"article:author\" content=\"https:\/\/www.facebook.com\/profile.php?id=61559278119680\" \/>\n<meta property=\"article:published_time\" content=\"2026-03-10T09:55:57+00:00\" \/>\n<meta property=\"og:image\" content=\"http:\/\/sulsc.com\/wp-content\/uploads\/2024\/06\/tempo.jpg\" \/>\n\t<meta property=\"og:image:width\" content=\"1500\" \/>\n\t<meta property=\"og:image:height\" content=\"1000\" \/>\n\t<meta property=\"og:image:type\" content=\"image\/jpeg\" \/>\n<meta name=\"author\" content=\"Reda\u00e7\u00e3o Sul SC\" \/>\n<meta name=\"twitter:card\" content=\"summary_large_image\" \/>\n<meta name=\"twitter:creator\" content=\"@https:\/\/twitter.com\/PortalSulSC\" \/>\n<meta name=\"twitter:label1\" content=\"Written by\" \/>\n\t<meta name=\"twitter:data1\" content=\"Reda\u00e7\u00e3o Sul SC\" \/>\n\t<meta name=\"twitter:label2\" content=\"Est. reading time\" \/>\n\t<meta name=\"twitter:data2\" content=\"2 minutes\" \/>\n<script type=\"application\/ld+json\" class=\"yoast-schema-graph\">{\"@context\":\"https:\/\/schema.org\",\"@graph\":[{\"@type\":\"WebPage\",\"@id\":\"https:\/\/sulsc.com\/index.php\/2026\/03\/10\/predominio-de-nuvens-e-chuva-a-qualquer-hora-do-dia-nesta-terca-feira-10\/\",\"url\":\"https:\/\/sulsc.com\/index.php\/2026\/03\/10\/predominio-de-nuvens-e-chuva-a-qualquer-hora-do-dia-nesta-terca-feira-10\/\",\"name\":\"Predom\u00ednio de nuvens e chuva a qualquer hora do dia nesta ter\u00e7a-feira (10) -\",\"isPartOf\":{\"@id\":\"https:\/\/sulsc.com\/#website\"},\"datePublished\":\"2026-03-10T09:55:57+00:00\",\"dateModified\":\"2026-03-10T09:55:57+00:00\",\"author\":{\"@id\":\"https:\/\/sulsc.com\/#\/schema\/person\/84d2fc571684f6248ba83092f07750a3\"},\"breadcrumb\":{\"@id\":\"https:\/\/sulsc.com\/index.php\/2026\/03\/10\/predominio-de-nuvens-e-chuva-a-qualquer-hora-do-dia-nesta-terca-feira-10\/#breadcrumb\"},\"inLanguage\":\"en-US\",\"potentialAction\":[{\"@type\":\"ReadAction\",\"target\":[\"https:\/\/sulsc.com\/index.php\/2026\/03\/10\/predominio-de-nuvens-e-chuva-a-qualquer-hora-do-dia-nesta-terca-feira-10\/\"]}]},{\"@type\":\"BreadcrumbList\",\"@id\":\"https:\/\/sulsc.com\/index.php\/2026\/03\/10\/predominio-de-nuvens-e-chuva-a-qualquer-hora-do-dia-nesta-terca-feira-10\/#breadcrumb\",\"itemListElement\":[{\"@type\":\"ListItem\",\"position\":1,\"name\":\"In\u00edcio\",\"item\":\"https:\/\/sulsc.com\/\"},{\"@type\":\"ListItem\",\"position\":2,\"name\":\"Predom\u00ednio de nuvens e chuva a qualquer hora do dia nesta ter\u00e7a-feira (10)\"}]},{\"@type\":\"WebSite\",\"@id\":\"https:\/\/sulsc.com\/#website\",\"url\":\"https:\/\/sulsc.com\/\",\"name\":\"\",\"description\":\"\",\"potentialAction\":[{\"@type\":\"SearchAction\",\"target\":{\"@type\":\"EntryPoint\",\"urlTemplate\":\"https:\/\/sulsc.com\/?s={search_term_string}\"},\"query-input\":\"required name=search_term_string\"}],\"inLanguage\":\"en-US\"},{\"@type\":\"Person\",\"@id\":\"https:\/\/sulsc.com\/#\/schema\/person\/84d2fc571684f6248ba83092f07750a3\",\"name\":\"Reda\u00e7\u00e3o Sul SC\",\"image\":{\"@type\":\"ImageObject\",\"inLanguage\":\"en-US\",\"@id\":\"https:\/\/sulsc.com\/#\/schema\/person\/image\/e08d7fe2cc4ed596372063bbe852b8d0\",\"url\":\"https:\/\/sulsc.com\/wp-content\/uploads\/2023\/09\/redacao.png\",\"contentUrl\":\"https:\/\/sulsc.com\/wp-content\/uploads\/2023\/09\/redacao.png\",\"caption\":\"Reda\u00e7\u00e3o Sul SC\"},\"description\":\"Foco em um jornalismo imparcial, voltado \u00e0 qualidade dos seus conte\u00fados e, assim, levar informa\u00e7\u00e3o de valor que agregue \u00e0 vida dos leitores. Esta \u00e9 grande miss\u00e3o do Portal de Not\u00edcias Sul SC. N\u00e3o \u00e9 quantidade que muda o mundo, sempre foi e seguir\u00e1 sendo qualidade!\",\"sameAs\":[\"https:\/\/sulsc.com\/\",\"https:\/\/www.facebook.com\/profile.php?id=61559278119680\",\"https:\/\/www.instagram.com\/sulscportal\/?hl=pt-br\",\"https:\/\/twitter.com\/https:\/\/twitter.com\/PortalSulSC\",\"https:\/\/www.youtube.com\/channel\/UCv_BE8GeySluDov2n8qhVmw\"],\"url\":\"https:\/\/sulsc.com\/index.php\/author\/redacao\/\"}]}<\/script>\n<!-- \/ Yoast SEO plugin. -->","yoast_head_json":{"title":"Predom\u00ednio de nuvens e chuva a qualquer hora do dia nesta ter\u00e7a-feira (10) -","robots":{"index":"index","follow":"follow","max-snippet":"max-snippet:-1","max-image-preview":"max-image-preview:large","max-video-preview":"max-video-preview:-1"},"canonical":"https:\/\/sulsc.com\/index.php\/2026\/03\/10\/predominio-de-nuvens-e-chuva-a-qualquer-hora-do-dia-nesta-terca-feira-10\/","og_locale":"en_US","og_type":"article","og_title":"Predom\u00ednio de nuvens e chuva a qualquer hora do dia nesta ter\u00e7a-feira (10) -","og_description":"Na ter\u00e7a-feira (10), o tempo permanece inst\u00e1vel, com muitas nuvens e condi\u00e7\u00f5es para chuva isolada, a qualquer momento do dia, no Litoral e \u00e1reas pr\u00f3ximas, devido \u00e0 circula\u00e7\u00e3o mar\u00edtima. Do Extremo-Oeste aos planaltos a chuva ocorre na forma de pancadas muito isoladas acompanhadas por temporais, devido ao aquecimento. O risco \u00e9 baixo a moderado para &hellip; Predom\u00ednio de nuvens e chuva a qualquer hora do dia nesta ter\u00e7a-feira (10) Read More &raquo;","og_url":"https:\/\/sulsc.com\/index.php\/2026\/03\/10\/predominio-de-nuvens-e-chuva-a-qualquer-hora-do-dia-nesta-terca-feira-10\/","article_author":"https:\/\/www.facebook.com\/profile.php?id=61559278119680","article_published_time":"2026-03-10T09:55:57+00:00","og_image":[{"width":1500,"height":1000,"url":"http:\/\/sulsc.com\/wp-content\/uploads\/2024\/06\/tempo.jpg","type":"image\/jpeg"}],"author":"Reda\u00e7\u00e3o Sul SC","twitter_card":"summary_large_image","twitter_creator":"@https:\/\/twitter.com\/PortalSulSC","twitter_misc":{"Written by":"Reda\u00e7\u00e3o Sul SC","Est. reading time":"2 minutes"},"schema":{"@context":"https:\/\/schema.org","@graph":[{"@type":"WebPage","@id":"https:\/\/sulsc.com\/index.php\/2026\/03\/10\/predominio-de-nuvens-e-chuva-a-qualquer-hora-do-dia-nesta-terca-feira-10\/","url":"https:\/\/sulsc.com\/index.php\/2026\/03\/10\/predominio-de-nuvens-e-chuva-a-qualquer-hora-do-dia-nesta-terca-feira-10\/","name":"Predom\u00ednio de nuvens e chuva a qualquer hora do dia nesta ter\u00e7a-feira (10) -","isPartOf":{"@id":"https:\/\/sulsc.com\/#website"},"datePublished":"2026-03-10T09:55:57+00:00","dateModified":"2026-03-10T09:55:57+00:00","author":{"@id":"https:\/\/sulsc.com\/#\/schema\/person\/84d2fc571684f6248ba83092f07750a3"},"breadcrumb":{"@id":"https:\/\/sulsc.com\/index.php\/2026\/03\/10\/predominio-de-nuvens-e-chuva-a-qualquer-hora-do-dia-nesta-terca-feira-10\/#breadcrumb"},"inLanguage":"en-US","potentialAction":[{"@type":"ReadAction","target":["https:\/\/sulsc.com\/index.php\/2026\/03\/10\/predominio-de-nuvens-e-chuva-a-qualquer-hora-do-dia-nesta-terca-feira-10\/"]}]},{"@type":"BreadcrumbList","@id":"https:\/\/sulsc.com\/index.php\/2026\/03\/10\/predominio-de-nuvens-e-chuva-a-qualquer-hora-do-dia-nesta-terca-feira-10\/#breadcrumb","itemListElement":[{"@type":"ListItem","position":1,"name":"In\u00edcio","item":"https:\/\/sulsc.com\/"},{"@type":"ListItem","position":2,"name":"Predom\u00ednio de nuvens e chuva a qualquer hora do dia nesta ter\u00e7a-feira (10)"}]},{"@type":"WebSite","@id":"https:\/\/sulsc.com\/#website","url":"https:\/\/sulsc.com\/","name":"","description":"","potentialAction":[{"@type":"SearchAction","target":{"@type":"EntryPoint","urlTemplate":"https:\/\/sulsc.com\/?s={search_term_string}"},"query-input":"required name=search_term_string"}],"inLanguage":"en-US"},{"@type":"Person","@id":"https:\/\/sulsc.com\/#\/schema\/person\/84d2fc571684f6248ba83092f07750a3","name":"Reda\u00e7\u00e3o Sul SC","image":{"@type":"ImageObject","inLanguage":"en-US","@id":"https:\/\/sulsc.com\/#\/schema\/person\/image\/e08d7fe2cc4ed596372063bbe852b8d0","url":"https:\/\/sulsc.com\/wp-content\/uploads\/2023\/09\/redacao.png","contentUrl":"https:\/\/sulsc.com\/wp-content\/uploads\/2023\/09\/redacao.png","caption":"Reda\u00e7\u00e3o Sul SC"},"description":"Foco em um jornalismo imparcial, voltado \u00e0 qualidade dos seus conte\u00fados e, assim, levar informa\u00e7\u00e3o de valor que agregue \u00e0 vida dos leitores. Esta \u00e9 grande miss\u00e3o do Portal de Not\u00edcias Sul SC. N\u00e3o \u00e9 quantidade que muda o mundo, sempre foi e seguir\u00e1 sendo qualidade!","sameAs":["https:\/\/sulsc.com\/","https:\/\/www.facebook.com\/profile.php?id=61559278119680","https:\/\/www.instagram.com\/sulscportal\/?hl=pt-br","https:\/\/twitter.com\/https:\/\/twitter.com\/PortalSulSC","https:\/\/www.youtube.com\/channel\/UCv_BE8GeySluDov2n8qhVmw"],"url":"https:\/\/sulsc.com\/index.php\/author\/redacao\/"}]}},"authors":[],"_links":{"self":[{"href":"https:\/\/sulsc.com\/index.php\/wp-json\/wp\/v2\/posts\/32917"}],"collection":[{"href":"https:\/\/sulsc.com\/index.php\/wp-json\/wp\/v2\/posts"}],"about":[{"href":"https:\/\/sulsc.com\/index.php\/wp-json\/wp\/v2\/types\/post"}],"author":[{"embeddable":true,"href":"https:\/\/sulsc.com\/index.php\/wp-json\/wp\/v2\/users\/3"}],"replies":[{"embeddable":true,"href":"https:\/\/sulsc.com\/index.php\/wp-json\/wp\/v2\/comments?post=32917"}],"version-history":[{"count":1,"href":"https:\/\/sulsc.com\/index.php\/wp-json\/wp\/v2\/posts\/32917\/revisions"}],"predecessor-version":[{"id":32919,"href":"https:\/\/sulsc.com\/index.php\/wp-json\/wp\/v2\/posts\/32917\/revisions\/32919"}],"wp:featuredmedia":[{"embeddable":true,"href":"https:\/\/sulsc.com\/index.php\/wp-json\/wp\/v2\/media\/13306"}],"wp:attachment":[{"href":"https:\/\/sulsc.com\/index.php\/wp-json\/wp\/v2\/media?parent=32917"}],"wp:term":[{"taxonomy":"category","embeddable":true,"href":"https:\/\/sulsc.com\/index.php\/wp-json\/wp\/v2\/categories?post=32917"},{"taxonomy":"post_tag","embeddable":true,"href":"https:\/\/sulsc.com\/index.php\/wp-json\/wp\/v2\/tags?post=32917"}],"curies":[{"name":"wp","href":"https:\/\/api.w.org\/{rel}","templated":true}]}}