{"id":32920,"date":"2026-03-10T07:40:41","date_gmt":"2026-03-10T10:40:41","guid":{"rendered":"https:\/\/sulsc.com\/?p=32920"},"modified":"2026-03-10T08:02:01","modified_gmt":"2026-03-10T11:02:01","slug":"veiculo-roubado-em-tubarao-e-entrado-poucas-horas-depois-por-seu-proprietario-no-bairro-passagem","status":"publish","type":"post","link":"https:\/\/sulsc.com\/index.php\/2026\/03\/10\/veiculo-roubado-em-tubarao-e-entrado-poucas-horas-depois-por-seu-proprietario-no-bairro-passagem\/","title":{"rendered":"Ve\u00edculo roubado em Tubar\u00e3o \u00e9 encontrado poucas horas depois por seu propriet\u00e1rio no bairro passagem"},"content":{"rendered":"<p><span dir=\"auto\" style=\"vertical-align: inherit;\"><span dir=\"auto\" style=\"vertical-align: inherit;\"><span dir=\"auto\" style=\"vertical-align: inherit;\"><span dir=\"auto\" style=\"vertical-align: inherit;\">A Pol\u00edcia Militar de Tubar\u00e3o no in\u00edcio da tarde por volta das 12h07, nesta segunda-feira (9), recuperou um ve\u00edculo com registro de furto no bairro Passagem, em Tubar\u00e3o. A a\u00e7\u00e3o foi desencadeada ap\u00f3s uma chamada ao Centro de Opera\u00e7\u00f5es da Pol\u00edcia Militar (COPOM), onde um homem de 34 anos informou ter encontrado seu carro, um FIAT\/PALIO FIRE, que havia sido furtado durante a madrugada.<\/span><\/span><\/span><\/span><\/p>\n<div id=\"metaslider-id-25573\" style=\"width: 100%;\" class=\"ml-slider-3-99-0 metaslider metaslider-flex metaslider-25573 ml-slider has-onhover-arrows ms-theme-default-base has-dots-nav\" role=\"region\" aria-label=\"Meio\" data-width=\"1200\">\n    <div id=\"metaslider_container_25573\">\n        <div id=\"metaslider_25573\">\n            <ul class='slides'>\n                <li style=\"display: block; width: 100%;\" class=\"slide-25684 ms-image \" aria-roledescription=\"slide\" data-date=\"2025-07-24 07:55:40\"><img src=\"https:\/\/sulsc.com\/wp-content\/uploads\/2025\/07\/Marr-2-1000x166.jpg\" height=\"200\" width=\"1200\" alt=\"\" class=\"slider-25573 slide-25684 msDefaultImage\" title=\"Marr 2\" \/><\/li>\n                <li style=\"display: none; width: 100%;\" class=\"slide-32412 ms-image \" aria-roledescription=\"slide\" data-date=\"2026-02-18 13:59:46\"><img src=\"https:\/\/sulsc.com\/wp-content\/uploads\/2026\/02\/40dc1580-cad5-4867-bc58-c4243821ad38-1000x166.jpeg\" height=\"200\" width=\"1200\" alt=\"\" class=\"slider-25573 slide-32412 msDefaultImage\" title=\"40dc1580-cad5-4867-bc58-c4243821ad38\" \/><\/li>\n                <li style=\"display: none; width: 100%;\" class=\"slide-32766 ms-image \" aria-roledescription=\"slide\" data-date=\"2026-03-03 17:22:59\"><img src=\"https:\/\/sulsc.com\/wp-content\/uploads\/2026\/03\/271ce739-f268-41c5-8051-3de1a1750359-1000x166.jpeg\" height=\"200\" width=\"1200\" alt=\"\" class=\"slider-25573 slide-32766 msDefaultImage\" title=\"271ce739-f268-41c5-8051-3de1a1750359\" \/><\/li>\n            <\/ul>\n        <\/div>\n        \n    <\/div>\n<\/div>\n<p><span dir=\"auto\" style=\"vertical-align: inherit;\"><span dir=\"auto\" style=\"vertical-align: inherit;\"><span dir=\"auto\" style=\"vertical-align: inherit;\"><span dir=\"auto\" style=\"vertical-align: inherit;\">Ao chegar ao local, na Rua Lauro Cristiano Koenig, os policiais foram informados que o ve\u00edculo estava estacionado em frente a um estabelecimento comercial, onde um homem de 34 anos informou ter localizado seu ve\u00edculo que havia sido furtado na madrugada do mesmo dia. No local, o homem contou aos policiais que seu ve\u00edculo FIAT\/PALIO FIRE havia sido furtado durante a madrugada e que conseguiu localiz\u00e1-lo por volta do meio-dia.<\/span><\/span><\/span><\/span><\/p>\n<p><span dir=\"auto\" style=\"vertical-align: inherit;\"><span dir=\"auto\" style=\"vertical-align: inherit;\"><span dir=\"auto\" style=\"vertical-align: inherit;\"><span dir=\"auto\" style=\"vertical-align: inherit;\">O autom\u00f3vel encontrou-se estacionado com a chave e, conforme informado, nenhum objeto havia sido subtra\u00eddo de seu interior. O propriet\u00e1rio relatou ainda que felizmente, nenhum objeto havia sido subtra\u00eddo do carro. Ap\u00f3s a recupera\u00e7\u00e3o, a execu\u00e7\u00e3o encaminhou o autom\u00f3vel \u00e0 Delegacia de Pol\u00edcia Civil.<\/span><\/span><\/span><\/span><\/p>\n<p><img fetchpriority=\"high\" decoding=\"async\" class=\"aligncenter size-full wp-image-23017\" src=\"http:\/\/sulsc.com\/wp-content\/uploads\/2025\/04\/PM-2-3.jpg\" alt=\"\" width=\"1080\" height=\"691\" srcset=\"https:\/\/sulsc.com\/wp-content\/uploads\/2025\/04\/PM-2-3.jpg 1080w, https:\/\/sulsc.com\/wp-content\/uploads\/2025\/04\/PM-2-3-300x192.jpg 300w, https:\/\/sulsc.com\/wp-content\/uploads\/2025\/04\/PM-2-3-1024x655.jpg 1024w, https:\/\/sulsc.com\/wp-content\/uploads\/2025\/04\/PM-2-3-768x491.jpg 768w\" sizes=\"(max-width: 1080px) 100vw, 1080px\" \/><\/p>\n<p><span dir=\"auto\" style=\"vertical-align: inherit;\"><span dir=\"auto\" style=\"vertical-align: inherit;\"><span dir=\"auto\" style=\"vertical-align: inherit;\"><span dir=\"auto\" style=\"vertical-align: inherit;\">PMSC\/Divulga\u00e7\u00e3o\/SulSC<\/span><\/span><\/span><\/span><\/p>\n","protected":false},"excerpt":{"rendered":"<p>A Pol\u00edcia Militar de Tubar\u00e3o no in\u00edcio da tarde por volta das 12h07, nesta segunda-feira (9), recuperou um ve\u00edculo com registro de furto no bairro Passagem, em Tubar\u00e3o. A a\u00e7\u00e3o foi desencadeada ap\u00f3s uma chamada ao Centro de Opera\u00e7\u00f5es da Pol\u00edcia Militar (COPOM), onde um homem de 34 anos informou ter encontrado seu carro, um &hellip;<\/p>\n<p class=\"read-more\"> <a class=\"\" href=\"https:\/\/sulsc.com\/index.php\/2026\/03\/10\/veiculo-roubado-em-tubarao-e-entrado-poucas-horas-depois-por-seu-proprietario-no-bairro-passagem\/\"> <span class=\"screen-reader-text\">Ve\u00edculo roubado em Tubar\u00e3o \u00e9 encontrado poucas horas depois por seu propriet\u00e1rio no bairro passagem<\/span> Read More &raquo;<\/a><\/p>\n","protected":false},"author":3,"featured_media":23459,"comment_status":"open","ping_status":"open","sticky":false,"template":"","format":"standard","meta":{"site-sidebar-layout":"default","site-content-layout":"","ast-site-content-layout":"default","site-content-style":"default","site-sidebar-style":"default","ast-global-header-display":"","ast-banner-title-visibility":"","ast-main-header-display":"","ast-hfb-above-header-display":"","ast-hfb-below-header-display":"","ast-hfb-mobile-header-display":"","site-post-title":"","ast-breadcrumbs-content":"","ast-featured-img":"","footer-sml-layout":"","theme-transparent-header-meta":"default","adv-header-id-meta":"","stick-header-meta":"","header-above-stick-meta":"","header-main-stick-meta":"","header-below-stick-meta":"","astra-migrate-meta-layouts":"set","footnotes":""},"categories":[2231,14,2782,21,12],"tags":[2273],"yoast_head":"<!-- This site is optimized with the Yoast SEO plugin v21.4 - https:\/\/yoast.com\/wordpress\/plugins\/seo\/ -->\n<title>Ve\u00edculo roubado em Tubar\u00e3o \u00e9 encontrado poucas horas depois por seu propriet\u00e1rio no bairro passagem -<\/title>\n<meta name=\"robots\" content=\"index, follow, max-snippet:-1, max-image-preview:large, max-video-preview:-1\" \/>\n<link rel=\"canonical\" href=\"https:\/\/sulsc.com\/index.php\/2026\/03\/10\/veiculo-roubado-em-tubarao-e-entrado-poucas-horas-depois-por-seu-proprietario-no-bairro-passagem\/\" \/>\n<meta property=\"og:locale\" content=\"en_US\" \/>\n<meta property=\"og:type\" content=\"article\" \/>\n<meta property=\"og:title\" content=\"Ve\u00edculo roubado em Tubar\u00e3o \u00e9 encontrado poucas horas depois por seu propriet\u00e1rio no bairro passagem -\" \/>\n<meta property=\"og:description\" content=\"A Pol\u00edcia Militar de Tubar\u00e3o no in\u00edcio da tarde por volta das 12h07, nesta segunda-feira (9), recuperou um ve\u00edculo com registro de furto no bairro Passagem, em Tubar\u00e3o. A a\u00e7\u00e3o foi desencadeada ap\u00f3s uma chamada ao Centro de Opera\u00e7\u00f5es da Pol\u00edcia Militar (COPOM), onde um homem de 34 anos informou ter encontrado seu carro, um &hellip; Ve\u00edculo roubado em Tubar\u00e3o \u00e9 encontrado poucas horas depois por seu propriet\u00e1rio no bairro passagem Read More &raquo;\" \/>\n<meta property=\"og:url\" content=\"https:\/\/sulsc.com\/index.php\/2026\/03\/10\/veiculo-roubado-em-tubarao-e-entrado-poucas-horas-depois-por-seu-proprietario-no-bairro-passagem\/\" \/>\n<meta property=\"article:author\" content=\"https:\/\/www.facebook.com\/profile.php?id=61559278119680\" \/>\n<meta property=\"article:published_time\" content=\"2026-03-10T10:40:41+00:00\" \/>\n<meta property=\"article:modified_time\" content=\"2026-03-10T11:02:01+00:00\" \/>\n<meta property=\"og:image\" content=\"http:\/\/sulsc.com\/wp-content\/uploads\/2025\/05\/PM-2.jpg\" \/>\n\t<meta property=\"og:image:width\" content=\"1080\" \/>\n\t<meta property=\"og:image:height\" content=\"691\" \/>\n\t<meta property=\"og:image:type\" content=\"image\/jpeg\" \/>\n<meta name=\"author\" content=\"Reda\u00e7\u00e3o Sul SC\" \/>\n<meta name=\"twitter:card\" content=\"summary_large_image\" \/>\n<meta name=\"twitter:creator\" content=\"@https:\/\/twitter.com\/PortalSulSC\" \/>\n<meta name=\"twitter:label1\" content=\"Written by\" \/>\n\t<meta name=\"twitter:data1\" content=\"Reda\u00e7\u00e3o Sul SC\" \/>\n\t<meta name=\"twitter:label2\" content=\"Est. reading time\" \/>\n\t<meta name=\"twitter:data2\" content=\"1 minute\" \/>\n<script type=\"application\/ld+json\" class=\"yoast-schema-graph\">{\"@context\":\"https:\/\/schema.org\",\"@graph\":[{\"@type\":\"WebPage\",\"@id\":\"https:\/\/sulsc.com\/index.php\/2026\/03\/10\/veiculo-roubado-em-tubarao-e-entrado-poucas-horas-depois-por-seu-proprietario-no-bairro-passagem\/\",\"url\":\"https:\/\/sulsc.com\/index.php\/2026\/03\/10\/veiculo-roubado-em-tubarao-e-entrado-poucas-horas-depois-por-seu-proprietario-no-bairro-passagem\/\",\"name\":\"Ve\u00edculo roubado em Tubar\u00e3o \u00e9 encontrado poucas horas depois por seu propriet\u00e1rio no bairro passagem -\",\"isPartOf\":{\"@id\":\"https:\/\/sulsc.com\/#website\"},\"datePublished\":\"2026-03-10T10:40:41+00:00\",\"dateModified\":\"2026-03-10T11:02:01+00:00\",\"author\":{\"@id\":\"https:\/\/sulsc.com\/#\/schema\/person\/84d2fc571684f6248ba83092f07750a3\"},\"breadcrumb\":{\"@id\":\"https:\/\/sulsc.com\/index.php\/2026\/03\/10\/veiculo-roubado-em-tubarao-e-entrado-poucas-horas-depois-por-seu-proprietario-no-bairro-passagem\/#breadcrumb\"},\"inLanguage\":\"en-US\",\"potentialAction\":[{\"@type\":\"ReadAction\",\"target\":[\"https:\/\/sulsc.com\/index.php\/2026\/03\/10\/veiculo-roubado-em-tubarao-e-entrado-poucas-horas-depois-por-seu-proprietario-no-bairro-passagem\/\"]}]},{\"@type\":\"BreadcrumbList\",\"@id\":\"https:\/\/sulsc.com\/index.php\/2026\/03\/10\/veiculo-roubado-em-tubarao-e-entrado-poucas-horas-depois-por-seu-proprietario-no-bairro-passagem\/#breadcrumb\",\"itemListElement\":[{\"@type\":\"ListItem\",\"position\":1,\"name\":\"In\u00edcio\",\"item\":\"https:\/\/sulsc.com\/\"},{\"@type\":\"ListItem\",\"position\":2,\"name\":\"Ve\u00edculo roubado em Tubar\u00e3o \u00e9 encontrado poucas horas depois por seu propriet\u00e1rio no bairro passagem\"}]},{\"@type\":\"WebSite\",\"@id\":\"https:\/\/sulsc.com\/#website\",\"url\":\"https:\/\/sulsc.com\/\",\"name\":\"\",\"description\":\"\",\"potentialAction\":[{\"@type\":\"SearchAction\",\"target\":{\"@type\":\"EntryPoint\",\"urlTemplate\":\"https:\/\/sulsc.com\/?s={search_term_string}\"},\"query-input\":\"required name=search_term_string\"}],\"inLanguage\":\"en-US\"},{\"@type\":\"Person\",\"@id\":\"https:\/\/sulsc.com\/#\/schema\/person\/84d2fc571684f6248ba83092f07750a3\",\"name\":\"Reda\u00e7\u00e3o Sul SC\",\"image\":{\"@type\":\"ImageObject\",\"inLanguage\":\"en-US\",\"@id\":\"https:\/\/sulsc.com\/#\/schema\/person\/image\/e08d7fe2cc4ed596372063bbe852b8d0\",\"url\":\"https:\/\/sulsc.com\/wp-content\/uploads\/2023\/09\/redacao.png\",\"contentUrl\":\"https:\/\/sulsc.com\/wp-content\/uploads\/2023\/09\/redacao.png\",\"caption\":\"Reda\u00e7\u00e3o Sul SC\"},\"description\":\"Foco em um jornalismo imparcial, voltado \u00e0 qualidade dos seus conte\u00fados e, assim, levar informa\u00e7\u00e3o de valor que agregue \u00e0 vida dos leitores. Esta \u00e9 grande miss\u00e3o do Portal de Not\u00edcias Sul SC. N\u00e3o \u00e9 quantidade que muda o mundo, sempre foi e seguir\u00e1 sendo qualidade!\",\"sameAs\":[\"https:\/\/sulsc.com\/\",\"https:\/\/www.facebook.com\/profile.php?id=61559278119680\",\"https:\/\/www.instagram.com\/sulscportal\/?hl=pt-br\",\"https:\/\/twitter.com\/https:\/\/twitter.com\/PortalSulSC\",\"https:\/\/www.youtube.com\/channel\/UCv_BE8GeySluDov2n8qhVmw\"],\"url\":\"https:\/\/sulsc.com\/index.php\/author\/redacao\/\"}]}<\/script>\n<!-- \/ Yoast SEO plugin. -->","yoast_head_json":{"title":"Ve\u00edculo roubado em Tubar\u00e3o \u00e9 encontrado poucas horas depois por seu propriet\u00e1rio no bairro passagem -","robots":{"index":"index","follow":"follow","max-snippet":"max-snippet:-1","max-image-preview":"max-image-preview:large","max-video-preview":"max-video-preview:-1"},"canonical":"https:\/\/sulsc.com\/index.php\/2026\/03\/10\/veiculo-roubado-em-tubarao-e-entrado-poucas-horas-depois-por-seu-proprietario-no-bairro-passagem\/","og_locale":"en_US","og_type":"article","og_title":"Ve\u00edculo roubado em Tubar\u00e3o \u00e9 encontrado poucas horas depois por seu propriet\u00e1rio no bairro passagem -","og_description":"A Pol\u00edcia Militar de Tubar\u00e3o no in\u00edcio da tarde por volta das 12h07, nesta segunda-feira (9), recuperou um ve\u00edculo com registro de furto no bairro Passagem, em Tubar\u00e3o. A a\u00e7\u00e3o foi desencadeada ap\u00f3s uma chamada ao Centro de Opera\u00e7\u00f5es da Pol\u00edcia Militar (COPOM), onde um homem de 34 anos informou ter encontrado seu carro, um &hellip; Ve\u00edculo roubado em Tubar\u00e3o \u00e9 encontrado poucas horas depois por seu propriet\u00e1rio no bairro passagem Read More &raquo;","og_url":"https:\/\/sulsc.com\/index.php\/2026\/03\/10\/veiculo-roubado-em-tubarao-e-entrado-poucas-horas-depois-por-seu-proprietario-no-bairro-passagem\/","article_author":"https:\/\/www.facebook.com\/profile.php?id=61559278119680","article_published_time":"2026-03-10T10:40:41+00:00","article_modified_time":"2026-03-10T11:02:01+00:00","og_image":[{"width":1080,"height":691,"url":"http:\/\/sulsc.com\/wp-content\/uploads\/2025\/05\/PM-2.jpg","type":"image\/jpeg"}],"author":"Reda\u00e7\u00e3o Sul SC","twitter_card":"summary_large_image","twitter_creator":"@https:\/\/twitter.com\/PortalSulSC","twitter_misc":{"Written by":"Reda\u00e7\u00e3o Sul SC","Est. reading time":"1 minute"},"schema":{"@context":"https:\/\/schema.org","@graph":[{"@type":"WebPage","@id":"https:\/\/sulsc.com\/index.php\/2026\/03\/10\/veiculo-roubado-em-tubarao-e-entrado-poucas-horas-depois-por-seu-proprietario-no-bairro-passagem\/","url":"https:\/\/sulsc.com\/index.php\/2026\/03\/10\/veiculo-roubado-em-tubarao-e-entrado-poucas-horas-depois-por-seu-proprietario-no-bairro-passagem\/","name":"Ve\u00edculo roubado em Tubar\u00e3o \u00e9 encontrado poucas horas depois por seu propriet\u00e1rio no bairro passagem -","isPartOf":{"@id":"https:\/\/sulsc.com\/#website"},"datePublished":"2026-03-10T10:40:41+00:00","dateModified":"2026-03-10T11:02:01+00:00","author":{"@id":"https:\/\/sulsc.com\/#\/schema\/person\/84d2fc571684f6248ba83092f07750a3"},"breadcrumb":{"@id":"https:\/\/sulsc.com\/index.php\/2026\/03\/10\/veiculo-roubado-em-tubarao-e-entrado-poucas-horas-depois-por-seu-proprietario-no-bairro-passagem\/#breadcrumb"},"inLanguage":"en-US","potentialAction":[{"@type":"ReadAction","target":["https:\/\/sulsc.com\/index.php\/2026\/03\/10\/veiculo-roubado-em-tubarao-e-entrado-poucas-horas-depois-por-seu-proprietario-no-bairro-passagem\/"]}]},{"@type":"BreadcrumbList","@id":"https:\/\/sulsc.com\/index.php\/2026\/03\/10\/veiculo-roubado-em-tubarao-e-entrado-poucas-horas-depois-por-seu-proprietario-no-bairro-passagem\/#breadcrumb","itemListElement":[{"@type":"ListItem","position":1,"name":"In\u00edcio","item":"https:\/\/sulsc.com\/"},{"@type":"ListItem","position":2,"name":"Ve\u00edculo roubado em Tubar\u00e3o \u00e9 encontrado poucas horas depois por seu propriet\u00e1rio no bairro passagem"}]},{"@type":"WebSite","@id":"https:\/\/sulsc.com\/#website","url":"https:\/\/sulsc.com\/","name":"","description":"","potentialAction":[{"@type":"SearchAction","target":{"@type":"EntryPoint","urlTemplate":"https:\/\/sulsc.com\/?s={search_term_string}"},"query-input":"required name=search_term_string"}],"inLanguage":"en-US"},{"@type":"Person","@id":"https:\/\/sulsc.com\/#\/schema\/person\/84d2fc571684f6248ba83092f07750a3","name":"Reda\u00e7\u00e3o Sul SC","image":{"@type":"ImageObject","inLanguage":"en-US","@id":"https:\/\/sulsc.com\/#\/schema\/person\/image\/e08d7fe2cc4ed596372063bbe852b8d0","url":"https:\/\/sulsc.com\/wp-content\/uploads\/2023\/09\/redacao.png","contentUrl":"https:\/\/sulsc.com\/wp-content\/uploads\/2023\/09\/redacao.png","caption":"Reda\u00e7\u00e3o Sul SC"},"description":"Foco em um jornalismo imparcial, voltado \u00e0 qualidade dos seus conte\u00fados e, assim, levar informa\u00e7\u00e3o de valor que agregue \u00e0 vida dos leitores. Esta \u00e9 grande miss\u00e3o do Portal de Not\u00edcias Sul SC. N\u00e3o \u00e9 quantidade que muda o mundo, sempre foi e seguir\u00e1 sendo qualidade!","sameAs":["https:\/\/sulsc.com\/","https:\/\/www.facebook.com\/profile.php?id=61559278119680","https:\/\/www.instagram.com\/sulscportal\/?hl=pt-br","https:\/\/twitter.com\/https:\/\/twitter.com\/PortalSulSC","https:\/\/www.youtube.com\/channel\/UCv_BE8GeySluDov2n8qhVmw"],"url":"https:\/\/sulsc.com\/index.php\/author\/redacao\/"}]}},"authors":[],"_links":{"self":[{"href":"https:\/\/sulsc.com\/index.php\/wp-json\/wp\/v2\/posts\/32920"}],"collection":[{"href":"https:\/\/sulsc.com\/index.php\/wp-json\/wp\/v2\/posts"}],"about":[{"href":"https:\/\/sulsc.com\/index.php\/wp-json\/wp\/v2\/types\/post"}],"author":[{"embeddable":true,"href":"https:\/\/sulsc.com\/index.php\/wp-json\/wp\/v2\/users\/3"}],"replies":[{"embeddable":true,"href":"https:\/\/sulsc.com\/index.php\/wp-json\/wp\/v2\/comments?post=32920"}],"version-history":[{"count":3,"href":"https:\/\/sulsc.com\/index.php\/wp-json\/wp\/v2\/posts\/32920\/revisions"}],"predecessor-version":[{"id":32923,"href":"https:\/\/sulsc.com\/index.php\/wp-json\/wp\/v2\/posts\/32920\/revisions\/32923"}],"wp:featuredmedia":[{"embeddable":true,"href":"https:\/\/sulsc.com\/index.php\/wp-json\/wp\/v2\/media\/23459"}],"wp:attachment":[{"href":"https:\/\/sulsc.com\/index.php\/wp-json\/wp\/v2\/media?parent=32920"}],"wp:term":[{"taxonomy":"category","embeddable":true,"href":"https:\/\/sulsc.com\/index.php\/wp-json\/wp\/v2\/categories?post=32920"},{"taxonomy":"post_tag","embeddable":true,"href":"https:\/\/sulsc.com\/index.php\/wp-json\/wp\/v2\/tags?post=32920"}],"curies":[{"name":"wp","href":"https:\/\/api.w.org\/{rel}","templated":true}]}}