{"id":32924,"date":"2026-03-10T08:40:10","date_gmt":"2026-03-10T11:40:10","guid":{"rendered":"https:\/\/sulsc.com\/?p=32924"},"modified":"2026-03-10T08:41:05","modified_gmt":"2026-03-10T11:41:05","slug":"alesc-deputado-propoe-multas-altas-e-apreensao-de-vapes-em-santa-catarina","status":"publish","type":"post","link":"https:\/\/sulsc.com\/index.php\/2026\/03\/10\/alesc-deputado-propoe-multas-altas-e-apreensao-de-vapes-em-santa-catarina\/","title":{"rendered":"ALESC &#8211; Deputado prop\u00f5e multas altas e apreens\u00e3o de vapes em Santa Catarina"},"content":{"rendered":"<p><span dir=\"auto\" style=\"vertical-align: inherit;\"><span dir=\"auto\" style=\"vertical-align: inherit;\">A Assembleia Legislativa de Santa Catarina (Alesc) iniciou a an\u00e1lise de um projeto de lei que visa suportar as puni\u00e7\u00f5es contra o uso e a comercializa\u00e7\u00e3o de dispositivos eletr\u00f4nicos para fumar (vapes, pods e similares) em toda Santa Catarina. O PL 99\/2024, de autoria do deputado Jess\u00e9 Lopes (PL), prop\u00f5e avalia\u00e7\u00f5es financeiras severas e a apreens\u00e3o dos dispositivos.<\/span><\/span><\/p>\n<div id=\"metaslider-id-25573\" style=\"width: 100%;\" class=\"ml-slider-3-99-0 metaslider metaslider-flex metaslider-25573 ml-slider has-onhover-arrows ms-theme-default-base has-dots-nav\" role=\"region\" aria-label=\"Meio\" data-width=\"1200\">\n    <div id=\"metaslider_container_25573\">\n        <div id=\"metaslider_25573\">\n            <ul class='slides'>\n                <li style=\"display: block; width: 100%;\" class=\"slide-25684 ms-image \" aria-roledescription=\"slide\" data-date=\"2025-07-24 07:55:40\"><img src=\"https:\/\/sulsc.com\/wp-content\/uploads\/2025\/07\/Marr-2-1000x166.jpg\" height=\"200\" width=\"1200\" alt=\"\" class=\"slider-25573 slide-25684 msDefaultImage\" title=\"Marr 2\" \/><\/li>\n                <li style=\"display: none; width: 100%;\" class=\"slide-32412 ms-image \" aria-roledescription=\"slide\" data-date=\"2026-02-18 13:59:46\"><img src=\"https:\/\/sulsc.com\/wp-content\/uploads\/2026\/02\/40dc1580-cad5-4867-bc58-c4243821ad38-1000x166.jpeg\" height=\"200\" width=\"1200\" alt=\"\" class=\"slider-25573 slide-32412 msDefaultImage\" title=\"40dc1580-cad5-4867-bc58-c4243821ad38\" \/><\/li>\n                <li style=\"display: none; width: 100%;\" class=\"slide-32766 ms-image \" aria-roledescription=\"slide\" data-date=\"2026-03-03 17:22:59\"><img src=\"https:\/\/sulsc.com\/wp-content\/uploads\/2026\/03\/271ce739-f268-41c5-8051-3de1a1750359-1000x166.jpeg\" height=\"200\" width=\"1200\" alt=\"\" class=\"slider-25573 slide-32766 msDefaultImage\" title=\"271ce739-f268-41c5-8051-3de1a1750359\" \/><\/li>\n            <\/ul>\n        <\/div>\n        \n    <\/div>\n<\/div>\n<p><span dir=\"auto\" style=\"vertical-align: inherit;\"><span dir=\"auto\" style=\"vertical-align: inherit;\">Os valores das previs\u00f5es variam de R$ 500 a R$ 10 mil para quem for flagrado utilizando ou comercializando qualquer varia\u00e7\u00e3o de cigarro eletr\u00f4nico, com ou sem nicotina. A restri\u00e7\u00e3o aplica-se a reparti\u00e7\u00f5es p\u00fablicas, espa\u00e7os de uso coletivo (como shoppings e restaurantes), estabelecimentos comerciais e institui\u00e7\u00f5es de ensino. Al\u00e9m da multa, o projeto prev\u00ea apreens\u00e3o e destrui\u00e7\u00e3o imediata dos dispositivos por agentes de seguran\u00e7a p\u00fablica.<\/span><\/span><\/p>\n<p><img fetchpriority=\"high\" decoding=\"async\" class=\"aligncenter size-full wp-image-32925\" src=\"http:\/\/sulsc.com\/wp-content\/uploads\/2026\/03\/1a1af1c1-877f-4873-b2e3-1ac065724371.jpeg\" alt=\"\" width=\"768\" height=\"456\" srcset=\"https:\/\/sulsc.com\/wp-content\/uploads\/2026\/03\/1a1af1c1-877f-4873-b2e3-1ac065724371.jpeg 768w, https:\/\/sulsc.com\/wp-content\/uploads\/2026\/03\/1a1af1c1-877f-4873-b2e3-1ac065724371-300x178.jpeg 300w\" sizes=\"(max-width: 768px) 100vw, 768px\" \/><\/p>\n<p><span dir=\"auto\" style=\"vertical-align: inherit;\"><span dir=\"auto\" style=\"vertical-align: inherit;\">O autor da proposta argumenta que o f\u00e1cil acesso e a falsa percep\u00e7\u00e3o de que esses aparelhos s\u00e3o menos contratados do que o cigarro comum atraiu muitos jovens, gerando riscos graves \u00e0 sa\u00fade p\u00fablica e \u00e0 depend\u00eancia qu\u00edmica.<\/span><\/span><\/p>\n<p><span dir=\"auto\" style=\"vertical-align: inherit;\"><span dir=\"auto\" style=\"vertical-align: inherit;\">Atualmente, a comercializa\u00e7\u00e3o de dispositivos eletr\u00f4nicos para fumar j\u00e1 \u00e9 proibida em todo o Brasil por resolu\u00e7\u00e3o da Anvisa, mas o projeto estadual busca maior poder de fiscaliza\u00e7\u00e3o e exclus\u00e3o direta ao estado de Santa Catarina. O texto segue agora para as comiss\u00f5es tem\u00e1ticas de Alesc antes de serem votadas em plen\u00e1rio.<\/span><\/span><\/p>\n<p>&nbsp;<\/p>\n","protected":false},"excerpt":{"rendered":"<p>A Assembleia Legislativa de Santa Catarina (Alesc) iniciou a an\u00e1lise de um projeto de lei que visa suportar as puni\u00e7\u00f5es contra o uso e a comercializa\u00e7\u00e3o de dispositivos eletr\u00f4nicos para fumar (vapes, pods e similares) em toda Santa Catarina. O PL 99\/2024, de autoria do deputado Jess\u00e9 Lopes (PL), prop\u00f5e avalia\u00e7\u00f5es financeiras severas e a &hellip;<\/p>\n<p class=\"read-more\"> <a class=\"\" href=\"https:\/\/sulsc.com\/index.php\/2026\/03\/10\/alesc-deputado-propoe-multas-altas-e-apreensao-de-vapes-em-santa-catarina\/\"> <span class=\"screen-reader-text\">ALESC &#8211; Deputado prop\u00f5e multas altas e apreens\u00e3o de vapes em Santa Catarina<\/span> Read More &raquo;<\/a><\/p>\n","protected":false},"author":3,"featured_media":1296,"comment_status":"open","ping_status":"open","sticky":false,"template":"","format":"standard","meta":{"site-sidebar-layout":"default","site-content-layout":"","ast-site-content-layout":"default","site-content-style":"default","site-sidebar-style":"default","ast-global-header-display":"","ast-banner-title-visibility":"","ast-main-header-display":"","ast-hfb-above-header-display":"","ast-hfb-below-header-display":"","ast-hfb-mobile-header-display":"","site-post-title":"","ast-breadcrumbs-content":"","ast-featured-img":"","footer-sml-layout":"","theme-transparent-header-meta":"default","adv-header-id-meta":"","stick-header-meta":"","header-above-stick-meta":"","header-main-stick-meta":"","header-below-stick-meta":"","astra-migrate-meta-layouts":"set","footnotes":""},"categories":[2364,1,6,2281,14,12],"tags":[350],"yoast_head":"<!-- This site is optimized with the Yoast SEO plugin v21.4 - https:\/\/yoast.com\/wordpress\/plugins\/seo\/ -->\n<title>ALESC - Deputado prop\u00f5e multas altas e apreens\u00e3o de vapes em Santa Catarina -<\/title>\n<meta name=\"robots\" content=\"index, follow, max-snippet:-1, max-image-preview:large, max-video-preview:-1\" \/>\n<link rel=\"canonical\" href=\"https:\/\/sulsc.com\/index.php\/2026\/03\/10\/alesc-deputado-propoe-multas-altas-e-apreensao-de-vapes-em-santa-catarina\/\" \/>\n<meta property=\"og:locale\" content=\"en_US\" \/>\n<meta property=\"og:type\" content=\"article\" \/>\n<meta property=\"og:title\" content=\"ALESC - Deputado prop\u00f5e multas altas e apreens\u00e3o de vapes em Santa Catarina -\" \/>\n<meta property=\"og:description\" content=\"A Assembleia Legislativa de Santa Catarina (Alesc) iniciou a an\u00e1lise de um projeto de lei que visa suportar as puni\u00e7\u00f5es contra o uso e a comercializa\u00e7\u00e3o de dispositivos eletr\u00f4nicos para fumar (vapes, pods e similares) em toda Santa Catarina. O PL 99\/2024, de autoria do deputado Jess\u00e9 Lopes (PL), prop\u00f5e avalia\u00e7\u00f5es financeiras severas e a &hellip; ALESC &#8211; Deputado prop\u00f5e multas altas e apreens\u00e3o de vapes em Santa Catarina Read More &raquo;\" \/>\n<meta property=\"og:url\" content=\"https:\/\/sulsc.com\/index.php\/2026\/03\/10\/alesc-deputado-propoe-multas-altas-e-apreensao-de-vapes-em-santa-catarina\/\" \/>\n<meta property=\"article:author\" content=\"https:\/\/www.facebook.com\/profile.php?id=61559278119680\" \/>\n<meta property=\"article:published_time\" content=\"2026-03-10T11:40:10+00:00\" \/>\n<meta property=\"article:modified_time\" content=\"2026-03-10T11:41:05+00:00\" \/>\n<meta property=\"og:image\" content=\"http:\/\/sulsc.com\/wp-content\/uploads\/2023\/09\/alesc.jpeg\" \/>\n\t<meta property=\"og:image:width\" content=\"1500\" \/>\n\t<meta property=\"og:image:height\" content=\"500\" \/>\n\t<meta property=\"og:image:type\" content=\"image\/jpeg\" \/>\n<meta name=\"author\" content=\"Reda\u00e7\u00e3o Sul SC\" \/>\n<meta name=\"twitter:card\" content=\"summary_large_image\" \/>\n<meta name=\"twitter:creator\" content=\"@https:\/\/twitter.com\/PortalSulSC\" \/>\n<meta name=\"twitter:label1\" content=\"Written by\" \/>\n\t<meta name=\"twitter:data1\" content=\"Reda\u00e7\u00e3o Sul SC\" \/>\n\t<meta name=\"twitter:label2\" content=\"Est. reading time\" \/>\n\t<meta name=\"twitter:data2\" content=\"2 minutes\" \/>\n<script type=\"application\/ld+json\" class=\"yoast-schema-graph\">{\"@context\":\"https:\/\/schema.org\",\"@graph\":[{\"@type\":\"WebPage\",\"@id\":\"https:\/\/sulsc.com\/index.php\/2026\/03\/10\/alesc-deputado-propoe-multas-altas-e-apreensao-de-vapes-em-santa-catarina\/\",\"url\":\"https:\/\/sulsc.com\/index.php\/2026\/03\/10\/alesc-deputado-propoe-multas-altas-e-apreensao-de-vapes-em-santa-catarina\/\",\"name\":\"ALESC - Deputado prop\u00f5e multas altas e apreens\u00e3o de vapes em Santa Catarina -\",\"isPartOf\":{\"@id\":\"https:\/\/sulsc.com\/#website\"},\"datePublished\":\"2026-03-10T11:40:10+00:00\",\"dateModified\":\"2026-03-10T11:41:05+00:00\",\"author\":{\"@id\":\"https:\/\/sulsc.com\/#\/schema\/person\/84d2fc571684f6248ba83092f07750a3\"},\"breadcrumb\":{\"@id\":\"https:\/\/sulsc.com\/index.php\/2026\/03\/10\/alesc-deputado-propoe-multas-altas-e-apreensao-de-vapes-em-santa-catarina\/#breadcrumb\"},\"inLanguage\":\"en-US\",\"potentialAction\":[{\"@type\":\"ReadAction\",\"target\":[\"https:\/\/sulsc.com\/index.php\/2026\/03\/10\/alesc-deputado-propoe-multas-altas-e-apreensao-de-vapes-em-santa-catarina\/\"]}]},{\"@type\":\"BreadcrumbList\",\"@id\":\"https:\/\/sulsc.com\/index.php\/2026\/03\/10\/alesc-deputado-propoe-multas-altas-e-apreensao-de-vapes-em-santa-catarina\/#breadcrumb\",\"itemListElement\":[{\"@type\":\"ListItem\",\"position\":1,\"name\":\"In\u00edcio\",\"item\":\"https:\/\/sulsc.com\/\"},{\"@type\":\"ListItem\",\"position\":2,\"name\":\"ALESC &#8211; Deputado prop\u00f5e multas altas e apreens\u00e3o de vapes em Santa Catarina\"}]},{\"@type\":\"WebSite\",\"@id\":\"https:\/\/sulsc.com\/#website\",\"url\":\"https:\/\/sulsc.com\/\",\"name\":\"\",\"description\":\"\",\"potentialAction\":[{\"@type\":\"SearchAction\",\"target\":{\"@type\":\"EntryPoint\",\"urlTemplate\":\"https:\/\/sulsc.com\/?s={search_term_string}\"},\"query-input\":\"required name=search_term_string\"}],\"inLanguage\":\"en-US\"},{\"@type\":\"Person\",\"@id\":\"https:\/\/sulsc.com\/#\/schema\/person\/84d2fc571684f6248ba83092f07750a3\",\"name\":\"Reda\u00e7\u00e3o Sul SC\",\"image\":{\"@type\":\"ImageObject\",\"inLanguage\":\"en-US\",\"@id\":\"https:\/\/sulsc.com\/#\/schema\/person\/image\/e08d7fe2cc4ed596372063bbe852b8d0\",\"url\":\"https:\/\/sulsc.com\/wp-content\/uploads\/2023\/09\/redacao.png\",\"contentUrl\":\"https:\/\/sulsc.com\/wp-content\/uploads\/2023\/09\/redacao.png\",\"caption\":\"Reda\u00e7\u00e3o Sul SC\"},\"description\":\"Foco em um jornalismo imparcial, voltado \u00e0 qualidade dos seus conte\u00fados e, assim, levar informa\u00e7\u00e3o de valor que agregue \u00e0 vida dos leitores. Esta \u00e9 grande miss\u00e3o do Portal de Not\u00edcias Sul SC. N\u00e3o \u00e9 quantidade que muda o mundo, sempre foi e seguir\u00e1 sendo qualidade!\",\"sameAs\":[\"https:\/\/sulsc.com\/\",\"https:\/\/www.facebook.com\/profile.php?id=61559278119680\",\"https:\/\/www.instagram.com\/sulscportal\/?hl=pt-br\",\"https:\/\/twitter.com\/https:\/\/twitter.com\/PortalSulSC\",\"https:\/\/www.youtube.com\/channel\/UCv_BE8GeySluDov2n8qhVmw\"],\"url\":\"https:\/\/sulsc.com\/index.php\/author\/redacao\/\"}]}<\/script>\n<!-- \/ Yoast SEO plugin. -->","yoast_head_json":{"title":"ALESC - Deputado prop\u00f5e multas altas e apreens\u00e3o de vapes em Santa Catarina -","robots":{"index":"index","follow":"follow","max-snippet":"max-snippet:-1","max-image-preview":"max-image-preview:large","max-video-preview":"max-video-preview:-1"},"canonical":"https:\/\/sulsc.com\/index.php\/2026\/03\/10\/alesc-deputado-propoe-multas-altas-e-apreensao-de-vapes-em-santa-catarina\/","og_locale":"en_US","og_type":"article","og_title":"ALESC - Deputado prop\u00f5e multas altas e apreens\u00e3o de vapes em Santa Catarina -","og_description":"A Assembleia Legislativa de Santa Catarina (Alesc) iniciou a an\u00e1lise de um projeto de lei que visa suportar as puni\u00e7\u00f5es contra o uso e a comercializa\u00e7\u00e3o de dispositivos eletr\u00f4nicos para fumar (vapes, pods e similares) em toda Santa Catarina. O PL 99\/2024, de autoria do deputado Jess\u00e9 Lopes (PL), prop\u00f5e avalia\u00e7\u00f5es financeiras severas e a &hellip; ALESC &#8211; Deputado prop\u00f5e multas altas e apreens\u00e3o de vapes em Santa Catarina Read More &raquo;","og_url":"https:\/\/sulsc.com\/index.php\/2026\/03\/10\/alesc-deputado-propoe-multas-altas-e-apreensao-de-vapes-em-santa-catarina\/","article_author":"https:\/\/www.facebook.com\/profile.php?id=61559278119680","article_published_time":"2026-03-10T11:40:10+00:00","article_modified_time":"2026-03-10T11:41:05+00:00","og_image":[{"width":1500,"height":500,"url":"http:\/\/sulsc.com\/wp-content\/uploads\/2023\/09\/alesc.jpeg","type":"image\/jpeg"}],"author":"Reda\u00e7\u00e3o Sul SC","twitter_card":"summary_large_image","twitter_creator":"@https:\/\/twitter.com\/PortalSulSC","twitter_misc":{"Written by":"Reda\u00e7\u00e3o Sul SC","Est. reading time":"2 minutes"},"schema":{"@context":"https:\/\/schema.org","@graph":[{"@type":"WebPage","@id":"https:\/\/sulsc.com\/index.php\/2026\/03\/10\/alesc-deputado-propoe-multas-altas-e-apreensao-de-vapes-em-santa-catarina\/","url":"https:\/\/sulsc.com\/index.php\/2026\/03\/10\/alesc-deputado-propoe-multas-altas-e-apreensao-de-vapes-em-santa-catarina\/","name":"ALESC - Deputado prop\u00f5e multas altas e apreens\u00e3o de vapes em Santa Catarina -","isPartOf":{"@id":"https:\/\/sulsc.com\/#website"},"datePublished":"2026-03-10T11:40:10+00:00","dateModified":"2026-03-10T11:41:05+00:00","author":{"@id":"https:\/\/sulsc.com\/#\/schema\/person\/84d2fc571684f6248ba83092f07750a3"},"breadcrumb":{"@id":"https:\/\/sulsc.com\/index.php\/2026\/03\/10\/alesc-deputado-propoe-multas-altas-e-apreensao-de-vapes-em-santa-catarina\/#breadcrumb"},"inLanguage":"en-US","potentialAction":[{"@type":"ReadAction","target":["https:\/\/sulsc.com\/index.php\/2026\/03\/10\/alesc-deputado-propoe-multas-altas-e-apreensao-de-vapes-em-santa-catarina\/"]}]},{"@type":"BreadcrumbList","@id":"https:\/\/sulsc.com\/index.php\/2026\/03\/10\/alesc-deputado-propoe-multas-altas-e-apreensao-de-vapes-em-santa-catarina\/#breadcrumb","itemListElement":[{"@type":"ListItem","position":1,"name":"In\u00edcio","item":"https:\/\/sulsc.com\/"},{"@type":"ListItem","position":2,"name":"ALESC &#8211; Deputado prop\u00f5e multas altas e apreens\u00e3o de vapes em Santa Catarina"}]},{"@type":"WebSite","@id":"https:\/\/sulsc.com\/#website","url":"https:\/\/sulsc.com\/","name":"","description":"","potentialAction":[{"@type":"SearchAction","target":{"@type":"EntryPoint","urlTemplate":"https:\/\/sulsc.com\/?s={search_term_string}"},"query-input":"required name=search_term_string"}],"inLanguage":"en-US"},{"@type":"Person","@id":"https:\/\/sulsc.com\/#\/schema\/person\/84d2fc571684f6248ba83092f07750a3","name":"Reda\u00e7\u00e3o Sul SC","image":{"@type":"ImageObject","inLanguage":"en-US","@id":"https:\/\/sulsc.com\/#\/schema\/person\/image\/e08d7fe2cc4ed596372063bbe852b8d0","url":"https:\/\/sulsc.com\/wp-content\/uploads\/2023\/09\/redacao.png","contentUrl":"https:\/\/sulsc.com\/wp-content\/uploads\/2023\/09\/redacao.png","caption":"Reda\u00e7\u00e3o Sul SC"},"description":"Foco em um jornalismo imparcial, voltado \u00e0 qualidade dos seus conte\u00fados e, assim, levar informa\u00e7\u00e3o de valor que agregue \u00e0 vida dos leitores. Esta \u00e9 grande miss\u00e3o do Portal de Not\u00edcias Sul SC. N\u00e3o \u00e9 quantidade que muda o mundo, sempre foi e seguir\u00e1 sendo qualidade!","sameAs":["https:\/\/sulsc.com\/","https:\/\/www.facebook.com\/profile.php?id=61559278119680","https:\/\/www.instagram.com\/sulscportal\/?hl=pt-br","https:\/\/twitter.com\/https:\/\/twitter.com\/PortalSulSC","https:\/\/www.youtube.com\/channel\/UCv_BE8GeySluDov2n8qhVmw"],"url":"https:\/\/sulsc.com\/index.php\/author\/redacao\/"}]}},"authors":[],"_links":{"self":[{"href":"https:\/\/sulsc.com\/index.php\/wp-json\/wp\/v2\/posts\/32924"}],"collection":[{"href":"https:\/\/sulsc.com\/index.php\/wp-json\/wp\/v2\/posts"}],"about":[{"href":"https:\/\/sulsc.com\/index.php\/wp-json\/wp\/v2\/types\/post"}],"author":[{"embeddable":true,"href":"https:\/\/sulsc.com\/index.php\/wp-json\/wp\/v2\/users\/3"}],"replies":[{"embeddable":true,"href":"https:\/\/sulsc.com\/index.php\/wp-json\/wp\/v2\/comments?post=32924"}],"version-history":[{"count":2,"href":"https:\/\/sulsc.com\/index.php\/wp-json\/wp\/v2\/posts\/32924\/revisions"}],"predecessor-version":[{"id":32927,"href":"https:\/\/sulsc.com\/index.php\/wp-json\/wp\/v2\/posts\/32924\/revisions\/32927"}],"wp:featuredmedia":[{"embeddable":true,"href":"https:\/\/sulsc.com\/index.php\/wp-json\/wp\/v2\/media\/1296"}],"wp:attachment":[{"href":"https:\/\/sulsc.com\/index.php\/wp-json\/wp\/v2\/media?parent=32924"}],"wp:term":[{"taxonomy":"category","embeddable":true,"href":"https:\/\/sulsc.com\/index.php\/wp-json\/wp\/v2\/categories?post=32924"},{"taxonomy":"post_tag","embeddable":true,"href":"https:\/\/sulsc.com\/index.php\/wp-json\/wp\/v2\/tags?post=32924"}],"curies":[{"name":"wp","href":"https:\/\/api.w.org\/{rel}","templated":true}]}}