{"id":32928,"date":"2026-03-10T08:53:18","date_gmt":"2026-03-10T11:53:18","guid":{"rendered":"https:\/\/sulsc.com\/?p=32928"},"modified":"2026-03-10T09:08:31","modified_gmt":"2026-03-10T12:08:31","slug":"renault-kwid-capota-apos-colidir-com-porco-na-sc-108-em-sao-ludgero","status":"publish","type":"post","link":"https:\/\/sulsc.com\/index.php\/2026\/03\/10\/renault-kwid-capota-apos-colidir-com-porco-na-sc-108-em-sao-ludgero\/","title":{"rendered":"Renault Kwid capota ap\u00f3s colidir com porco na SC-108 em S\u00e3o Ludgero"},"content":{"rendered":"<p><span dir=\"auto\" style=\"vertical-align: inherit;\"><span dir=\"auto\" style=\"vertical-align: inherit;\">Por volta das 6h10 desta ter\u00e7a-feira (10), um acidente inusitado chamou a aten\u00e7\u00e3o de motoristas na SC-108, nas proximidades da empresa Strauplast, em S\u00e3o Ludgero. Um motorista, ao dirigir um Renault Kwid, capotou o ve\u00edculo ap\u00f3s atropelar um porco que estava solto na pista.<\/span><\/span><\/p>\n<p><span dir=\"auto\" style=\"vertical-align: inherit;\"><span dir=\"auto\" style=\"vertical-align: inherit;\"><div id=\"metaslider-id-25573\" style=\"width: 100%;\" class=\"ml-slider-3-99-0 metaslider metaslider-flex metaslider-25573 ml-slider has-onhover-arrows ms-theme-default-base has-dots-nav\" role=\"region\" aria-label=\"Meio\" data-width=\"1200\">\n    <div id=\"metaslider_container_25573\">\n        <div id=\"metaslider_25573\">\n            <ul class='slides'>\n                <li style=\"display: block; width: 100%;\" class=\"slide-25684 ms-image \" aria-roledescription=\"slide\" data-date=\"2025-07-24 07:55:40\"><img src=\"https:\/\/sulsc.com\/wp-content\/uploads\/2025\/07\/Marr-2-1000x166.jpg\" height=\"200\" width=\"1200\" alt=\"\" class=\"slider-25573 slide-25684 msDefaultImage\" title=\"Marr 2\" \/><\/li>\n                <li style=\"display: none; width: 100%;\" class=\"slide-32412 ms-image \" aria-roledescription=\"slide\" data-date=\"2026-02-18 13:59:46\"><img src=\"https:\/\/sulsc.com\/wp-content\/uploads\/2026\/02\/40dc1580-cad5-4867-bc58-c4243821ad38-1000x166.jpeg\" height=\"200\" width=\"1200\" alt=\"\" class=\"slider-25573 slide-32412 msDefaultImage\" title=\"40dc1580-cad5-4867-bc58-c4243821ad38\" \/><\/li>\n                <li style=\"display: none; width: 100%;\" class=\"slide-32766 ms-image \" aria-roledescription=\"slide\" data-date=\"2026-03-03 17:22:59\"><img src=\"https:\/\/sulsc.com\/wp-content\/uploads\/2026\/03\/271ce739-f268-41c5-8051-3de1a1750359-1000x166.jpeg\" height=\"200\" width=\"1200\" alt=\"\" class=\"slider-25573 slide-32766 msDefaultImage\" title=\"271ce739-f268-41c5-8051-3de1a1750359\" \/><\/li>\n            <\/ul>\n        <\/div>\n        \n    <\/div>\n<\/div><\/span><\/span><\/p>\n<p><span dir=\"auto\" style=\"vertical-align: inherit;\"><span dir=\"auto\" style=\"vertical-align: inherit;\">Segundo informa\u00e7\u00f5es, o animal teria ca\u00eddo de um caminh\u00e3o que transportava su\u00ednos. Motoristas que passaram pelo local relataram que, fora da rodovia, havia mais su\u00ednos soltos, possivelmente tamb\u00e9m vindos do mesmo caminh\u00e3o, aumentando o risco de novos acidentes.<\/span><\/span><\/p>\n<p><span dir=\"auto\" style=\"vertical-align: inherit;\"><span dir=\"auto\" style=\"vertical-align: inherit;\">Felizmente, o acidente ocorreu apenas em danos materiais ao ve\u00edculo, sem ferimentos. O Corpo de Bombeiros foi acionado para atender a ocorr\u00eancia, enquanto a Pol\u00edcia Militar Rodovi\u00e1ria Estadual esteve no local para registrar o boletim de ocorr\u00eancia e orientar o tr\u00e2nsito na regi\u00e3o.<\/span><\/span><\/p>\n<p><img fetchpriority=\"high\" decoding=\"async\" class=\"aligncenter size-full wp-image-32929\" src=\"http:\/\/sulsc.com\/wp-content\/uploads\/2026\/03\/064b1c3c-d47f-4c39-9e0e-3e98d077bcc0.jpeg\" alt=\"\" width=\"1080\" height=\"1130\" srcset=\"https:\/\/sulsc.com\/wp-content\/uploads\/2026\/03\/064b1c3c-d47f-4c39-9e0e-3e98d077bcc0.jpeg 1080w, https:\/\/sulsc.com\/wp-content\/uploads\/2026\/03\/064b1c3c-d47f-4c39-9e0e-3e98d077bcc0-287x300.jpeg 287w, https:\/\/sulsc.com\/wp-content\/uploads\/2026\/03\/064b1c3c-d47f-4c39-9e0e-3e98d077bcc0-979x1024.jpeg 979w, https:\/\/sulsc.com\/wp-content\/uploads\/2026\/03\/064b1c3c-d47f-4c39-9e0e-3e98d077bcc0-768x804.jpeg 768w\" sizes=\"(max-width: 1080px) 100vw, 1080px\" \/><\/p>\n<p><span dir=\"auto\" style=\"vertical-align: inherit;\"><span dir=\"auto\" style=\"vertical-align: inherit;\">Foto\/Divulga\u00e7\u00e3o<\/span><\/span><\/p>\n","protected":false},"excerpt":{"rendered":"<p>Por volta das 6h10 desta ter\u00e7a-feira (10), um acidente inusitado chamou a aten\u00e7\u00e3o de motoristas na SC-108, nas proximidades da empresa Strauplast, em S\u00e3o Ludgero. Um motorista, ao dirigir um Renault Kwid, capotou o ve\u00edculo ap\u00f3s atropelar um porco que estava solto na pista. Segundo informa\u00e7\u00f5es, o animal teria ca\u00eddo de um caminh\u00e3o que transportava &hellip;<\/p>\n<p class=\"read-more\"> <a class=\"\" href=\"https:\/\/sulsc.com\/index.php\/2026\/03\/10\/renault-kwid-capota-apos-colidir-com-porco-na-sc-108-em-sao-ludgero\/\"> <span class=\"screen-reader-text\">Renault Kwid capota ap\u00f3s colidir com porco na SC-108 em S\u00e3o Ludgero<\/span> Read More &raquo;<\/a><\/p>\n","protected":false},"author":3,"featured_media":32931,"comment_status":"open","ping_status":"open","sticky":false,"template":"","format":"standard","meta":{"site-sidebar-layout":"default","site-content-layout":"","ast-site-content-layout":"default","site-content-style":"default","site-sidebar-style":"default","ast-global-header-display":"","ast-banner-title-visibility":"","ast-main-header-display":"","ast-hfb-above-header-display":"","ast-hfb-below-header-display":"","ast-hfb-mobile-header-display":"","site-post-title":"","ast-breadcrumbs-content":"","ast-featured-img":"","footer-sml-layout":"","theme-transparent-header-meta":"default","adv-header-id-meta":"","stick-header-meta":"","header-above-stick-meta":"","header-main-stick-meta":"","header-below-stick-meta":"","astra-migrate-meta-layouts":"set","footnotes":""},"categories":[2231,1,2653,14,12],"tags":[853],"yoast_head":"<!-- This site is optimized with the Yoast SEO plugin v21.4 - https:\/\/yoast.com\/wordpress\/plugins\/seo\/ -->\n<title>Renault Kwid capota ap\u00f3s colidir com porco na SC-108 em S\u00e3o Ludgero -<\/title>\n<meta name=\"robots\" content=\"index, follow, max-snippet:-1, max-image-preview:large, max-video-preview:-1\" \/>\n<link rel=\"canonical\" href=\"https:\/\/sulsc.com\/index.php\/2026\/03\/10\/renault-kwid-capota-apos-colidir-com-porco-na-sc-108-em-sao-ludgero\/\" \/>\n<meta property=\"og:locale\" content=\"en_US\" \/>\n<meta property=\"og:type\" content=\"article\" \/>\n<meta property=\"og:title\" content=\"Renault Kwid capota ap\u00f3s colidir com porco na SC-108 em S\u00e3o Ludgero -\" \/>\n<meta property=\"og:description\" content=\"Por volta das 6h10 desta ter\u00e7a-feira (10), um acidente inusitado chamou a aten\u00e7\u00e3o de motoristas na SC-108, nas proximidades da empresa Strauplast, em S\u00e3o Ludgero. Um motorista, ao dirigir um Renault Kwid, capotou o ve\u00edculo ap\u00f3s atropelar um porco que estava solto na pista. Segundo informa\u00e7\u00f5es, o animal teria ca\u00eddo de um caminh\u00e3o que transportava &hellip; Renault Kwid capota ap\u00f3s colidir com porco na SC-108 em S\u00e3o Ludgero Read More &raquo;\" \/>\n<meta property=\"og:url\" content=\"https:\/\/sulsc.com\/index.php\/2026\/03\/10\/renault-kwid-capota-apos-colidir-com-porco-na-sc-108-em-sao-ludgero\/\" \/>\n<meta property=\"article:author\" content=\"https:\/\/www.facebook.com\/profile.php?id=61559278119680\" \/>\n<meta property=\"article:published_time\" content=\"2026-03-10T11:53:18+00:00\" \/>\n<meta property=\"article:modified_time\" content=\"2026-03-10T12:08:31+00:00\" \/>\n<meta property=\"og:image\" content=\"http:\/\/sulsc.com\/wp-content\/uploads\/2026\/03\/e6cb349b-da0a-4a30-8995-ba20f8d0b558.jpeg\" \/>\n\t<meta property=\"og:image:width\" content=\"1600\" \/>\n\t<meta property=\"og:image:height\" content=\"1200\" \/>\n\t<meta property=\"og:image:type\" content=\"image\/jpeg\" \/>\n<meta name=\"author\" content=\"Reda\u00e7\u00e3o Sul SC\" \/>\n<meta name=\"twitter:card\" content=\"summary_large_image\" \/>\n<meta name=\"twitter:creator\" content=\"@https:\/\/twitter.com\/PortalSulSC\" \/>\n<meta name=\"twitter:label1\" content=\"Written by\" \/>\n\t<meta name=\"twitter:data1\" content=\"Reda\u00e7\u00e3o Sul SC\" \/>\n\t<meta name=\"twitter:label2\" content=\"Est. reading time\" \/>\n\t<meta name=\"twitter:data2\" content=\"1 minute\" \/>\n<script type=\"application\/ld+json\" class=\"yoast-schema-graph\">{\"@context\":\"https:\/\/schema.org\",\"@graph\":[{\"@type\":\"WebPage\",\"@id\":\"https:\/\/sulsc.com\/index.php\/2026\/03\/10\/renault-kwid-capota-apos-colidir-com-porco-na-sc-108-em-sao-ludgero\/\",\"url\":\"https:\/\/sulsc.com\/index.php\/2026\/03\/10\/renault-kwid-capota-apos-colidir-com-porco-na-sc-108-em-sao-ludgero\/\",\"name\":\"Renault Kwid capota ap\u00f3s colidir com porco na SC-108 em S\u00e3o Ludgero -\",\"isPartOf\":{\"@id\":\"https:\/\/sulsc.com\/#website\"},\"datePublished\":\"2026-03-10T11:53:18+00:00\",\"dateModified\":\"2026-03-10T12:08:31+00:00\",\"author\":{\"@id\":\"https:\/\/sulsc.com\/#\/schema\/person\/84d2fc571684f6248ba83092f07750a3\"},\"breadcrumb\":{\"@id\":\"https:\/\/sulsc.com\/index.php\/2026\/03\/10\/renault-kwid-capota-apos-colidir-com-porco-na-sc-108-em-sao-ludgero\/#breadcrumb\"},\"inLanguage\":\"en-US\",\"potentialAction\":[{\"@type\":\"ReadAction\",\"target\":[\"https:\/\/sulsc.com\/index.php\/2026\/03\/10\/renault-kwid-capota-apos-colidir-com-porco-na-sc-108-em-sao-ludgero\/\"]}]},{\"@type\":\"BreadcrumbList\",\"@id\":\"https:\/\/sulsc.com\/index.php\/2026\/03\/10\/renault-kwid-capota-apos-colidir-com-porco-na-sc-108-em-sao-ludgero\/#breadcrumb\",\"itemListElement\":[{\"@type\":\"ListItem\",\"position\":1,\"name\":\"In\u00edcio\",\"item\":\"https:\/\/sulsc.com\/\"},{\"@type\":\"ListItem\",\"position\":2,\"name\":\"Renault Kwid capota ap\u00f3s colidir com porco na SC-108 em S\u00e3o Ludgero\"}]},{\"@type\":\"WebSite\",\"@id\":\"https:\/\/sulsc.com\/#website\",\"url\":\"https:\/\/sulsc.com\/\",\"name\":\"\",\"description\":\"\",\"potentialAction\":[{\"@type\":\"SearchAction\",\"target\":{\"@type\":\"EntryPoint\",\"urlTemplate\":\"https:\/\/sulsc.com\/?s={search_term_string}\"},\"query-input\":\"required name=search_term_string\"}],\"inLanguage\":\"en-US\"},{\"@type\":\"Person\",\"@id\":\"https:\/\/sulsc.com\/#\/schema\/person\/84d2fc571684f6248ba83092f07750a3\",\"name\":\"Reda\u00e7\u00e3o Sul SC\",\"image\":{\"@type\":\"ImageObject\",\"inLanguage\":\"en-US\",\"@id\":\"https:\/\/sulsc.com\/#\/schema\/person\/image\/e08d7fe2cc4ed596372063bbe852b8d0\",\"url\":\"https:\/\/sulsc.com\/wp-content\/uploads\/2023\/09\/redacao.png\",\"contentUrl\":\"https:\/\/sulsc.com\/wp-content\/uploads\/2023\/09\/redacao.png\",\"caption\":\"Reda\u00e7\u00e3o Sul SC\"},\"description\":\"Foco em um jornalismo imparcial, voltado \u00e0 qualidade dos seus conte\u00fados e, assim, levar informa\u00e7\u00e3o de valor que agregue \u00e0 vida dos leitores. Esta \u00e9 grande miss\u00e3o do Portal de Not\u00edcias Sul SC. N\u00e3o \u00e9 quantidade que muda o mundo, sempre foi e seguir\u00e1 sendo qualidade!\",\"sameAs\":[\"https:\/\/sulsc.com\/\",\"https:\/\/www.facebook.com\/profile.php?id=61559278119680\",\"https:\/\/www.instagram.com\/sulscportal\/?hl=pt-br\",\"https:\/\/twitter.com\/https:\/\/twitter.com\/PortalSulSC\",\"https:\/\/www.youtube.com\/channel\/UCv_BE8GeySluDov2n8qhVmw\"],\"url\":\"https:\/\/sulsc.com\/index.php\/author\/redacao\/\"}]}<\/script>\n<!-- \/ Yoast SEO plugin. -->","yoast_head_json":{"title":"Renault Kwid capota ap\u00f3s colidir com porco na SC-108 em S\u00e3o Ludgero -","robots":{"index":"index","follow":"follow","max-snippet":"max-snippet:-1","max-image-preview":"max-image-preview:large","max-video-preview":"max-video-preview:-1"},"canonical":"https:\/\/sulsc.com\/index.php\/2026\/03\/10\/renault-kwid-capota-apos-colidir-com-porco-na-sc-108-em-sao-ludgero\/","og_locale":"en_US","og_type":"article","og_title":"Renault Kwid capota ap\u00f3s colidir com porco na SC-108 em S\u00e3o Ludgero -","og_description":"Por volta das 6h10 desta ter\u00e7a-feira (10), um acidente inusitado chamou a aten\u00e7\u00e3o de motoristas na SC-108, nas proximidades da empresa Strauplast, em S\u00e3o Ludgero. Um motorista, ao dirigir um Renault Kwid, capotou o ve\u00edculo ap\u00f3s atropelar um porco que estava solto na pista. Segundo informa\u00e7\u00f5es, o animal teria ca\u00eddo de um caminh\u00e3o que transportava &hellip; Renault Kwid capota ap\u00f3s colidir com porco na SC-108 em S\u00e3o Ludgero Read More &raquo;","og_url":"https:\/\/sulsc.com\/index.php\/2026\/03\/10\/renault-kwid-capota-apos-colidir-com-porco-na-sc-108-em-sao-ludgero\/","article_author":"https:\/\/www.facebook.com\/profile.php?id=61559278119680","article_published_time":"2026-03-10T11:53:18+00:00","article_modified_time":"2026-03-10T12:08:31+00:00","og_image":[{"width":1600,"height":1200,"url":"http:\/\/sulsc.com\/wp-content\/uploads\/2026\/03\/e6cb349b-da0a-4a30-8995-ba20f8d0b558.jpeg","type":"image\/jpeg"}],"author":"Reda\u00e7\u00e3o Sul SC","twitter_card":"summary_large_image","twitter_creator":"@https:\/\/twitter.com\/PortalSulSC","twitter_misc":{"Written by":"Reda\u00e7\u00e3o Sul SC","Est. reading time":"1 minute"},"schema":{"@context":"https:\/\/schema.org","@graph":[{"@type":"WebPage","@id":"https:\/\/sulsc.com\/index.php\/2026\/03\/10\/renault-kwid-capota-apos-colidir-com-porco-na-sc-108-em-sao-ludgero\/","url":"https:\/\/sulsc.com\/index.php\/2026\/03\/10\/renault-kwid-capota-apos-colidir-com-porco-na-sc-108-em-sao-ludgero\/","name":"Renault Kwid capota ap\u00f3s colidir com porco na SC-108 em S\u00e3o Ludgero -","isPartOf":{"@id":"https:\/\/sulsc.com\/#website"},"datePublished":"2026-03-10T11:53:18+00:00","dateModified":"2026-03-10T12:08:31+00:00","author":{"@id":"https:\/\/sulsc.com\/#\/schema\/person\/84d2fc571684f6248ba83092f07750a3"},"breadcrumb":{"@id":"https:\/\/sulsc.com\/index.php\/2026\/03\/10\/renault-kwid-capota-apos-colidir-com-porco-na-sc-108-em-sao-ludgero\/#breadcrumb"},"inLanguage":"en-US","potentialAction":[{"@type":"ReadAction","target":["https:\/\/sulsc.com\/index.php\/2026\/03\/10\/renault-kwid-capota-apos-colidir-com-porco-na-sc-108-em-sao-ludgero\/"]}]},{"@type":"BreadcrumbList","@id":"https:\/\/sulsc.com\/index.php\/2026\/03\/10\/renault-kwid-capota-apos-colidir-com-porco-na-sc-108-em-sao-ludgero\/#breadcrumb","itemListElement":[{"@type":"ListItem","position":1,"name":"In\u00edcio","item":"https:\/\/sulsc.com\/"},{"@type":"ListItem","position":2,"name":"Renault Kwid capota ap\u00f3s colidir com porco na SC-108 em S\u00e3o Ludgero"}]},{"@type":"WebSite","@id":"https:\/\/sulsc.com\/#website","url":"https:\/\/sulsc.com\/","name":"","description":"","potentialAction":[{"@type":"SearchAction","target":{"@type":"EntryPoint","urlTemplate":"https:\/\/sulsc.com\/?s={search_term_string}"},"query-input":"required name=search_term_string"}],"inLanguage":"en-US"},{"@type":"Person","@id":"https:\/\/sulsc.com\/#\/schema\/person\/84d2fc571684f6248ba83092f07750a3","name":"Reda\u00e7\u00e3o Sul SC","image":{"@type":"ImageObject","inLanguage":"en-US","@id":"https:\/\/sulsc.com\/#\/schema\/person\/image\/e08d7fe2cc4ed596372063bbe852b8d0","url":"https:\/\/sulsc.com\/wp-content\/uploads\/2023\/09\/redacao.png","contentUrl":"https:\/\/sulsc.com\/wp-content\/uploads\/2023\/09\/redacao.png","caption":"Reda\u00e7\u00e3o Sul SC"},"description":"Foco em um jornalismo imparcial, voltado \u00e0 qualidade dos seus conte\u00fados e, assim, levar informa\u00e7\u00e3o de valor que agregue \u00e0 vida dos leitores. Esta \u00e9 grande miss\u00e3o do Portal de Not\u00edcias Sul SC. N\u00e3o \u00e9 quantidade que muda o mundo, sempre foi e seguir\u00e1 sendo qualidade!","sameAs":["https:\/\/sulsc.com\/","https:\/\/www.facebook.com\/profile.php?id=61559278119680","https:\/\/www.instagram.com\/sulscportal\/?hl=pt-br","https:\/\/twitter.com\/https:\/\/twitter.com\/PortalSulSC","https:\/\/www.youtube.com\/channel\/UCv_BE8GeySluDov2n8qhVmw"],"url":"https:\/\/sulsc.com\/index.php\/author\/redacao\/"}]}},"authors":[],"_links":{"self":[{"href":"https:\/\/sulsc.com\/index.php\/wp-json\/wp\/v2\/posts\/32928"}],"collection":[{"href":"https:\/\/sulsc.com\/index.php\/wp-json\/wp\/v2\/posts"}],"about":[{"href":"https:\/\/sulsc.com\/index.php\/wp-json\/wp\/v2\/types\/post"}],"author":[{"embeddable":true,"href":"https:\/\/sulsc.com\/index.php\/wp-json\/wp\/v2\/users\/3"}],"replies":[{"embeddable":true,"href":"https:\/\/sulsc.com\/index.php\/wp-json\/wp\/v2\/comments?post=32928"}],"version-history":[{"count":2,"href":"https:\/\/sulsc.com\/index.php\/wp-json\/wp\/v2\/posts\/32928\/revisions"}],"predecessor-version":[{"id":32932,"href":"https:\/\/sulsc.com\/index.php\/wp-json\/wp\/v2\/posts\/32928\/revisions\/32932"}],"wp:featuredmedia":[{"embeddable":true,"href":"https:\/\/sulsc.com\/index.php\/wp-json\/wp\/v2\/media\/32931"}],"wp:attachment":[{"href":"https:\/\/sulsc.com\/index.php\/wp-json\/wp\/v2\/media?parent=32928"}],"wp:term":[{"taxonomy":"category","embeddable":true,"href":"https:\/\/sulsc.com\/index.php\/wp-json\/wp\/v2\/categories?post=32928"},{"taxonomy":"post_tag","embeddable":true,"href":"https:\/\/sulsc.com\/index.php\/wp-json\/wp\/v2\/tags?post=32928"}],"curies":[{"name":"wp","href":"https:\/\/api.w.org\/{rel}","templated":true}]}}