{"id":32933,"date":"2026-03-10T09:30:57","date_gmt":"2026-03-10T12:30:57","guid":{"rendered":"https:\/\/sulsc.com\/?p=32933"},"modified":"2026-03-10T09:30:57","modified_gmt":"2026-03-10T12:30:57","slug":"tribunal-regional-eleitoral-de-santa-catarina-tre-sc-empossa-novos-presidente-e-vice","status":"publish","type":"post","link":"https:\/\/sulsc.com\/index.php\/2026\/03\/10\/tribunal-regional-eleitoral-de-santa-catarina-tre-sc-empossa-novos-presidente-e-vice\/","title":{"rendered":"Tribunal Regional Eleitoral de Santa Catarina (TRE-SC) empossa novos presidente e vice"},"content":{"rendered":"<p>Nesta segunda-feira (9), aconteceu na Sala de Sess\u00f5es Ministro Teori Zavascki, no Tribunal de Justi\u00e7a de Santa Catarina (TJSC), a posse do novo presidente do Tribunal Regional Eleitoral de Santa Catarina (TRE-SC). <strong>\u201c<\/strong>Que vivamos o pr\u00f3ximo pleito n\u00e3o como um campo de batalha, mas como uma celebra\u00e7\u00e3o da liberdade<strong>\u201d, afirmou o desembargador Carlos Roberto da Silva <\/strong>durante a solenidade de posse.<\/p>\n<p>O desembargador Saul Steil assumi a Vice-Presid\u00eancia do TRE-SC e a Corregedoria Regional Eleitoral. Ambos atuar\u00e3o no bi\u00eanio de 2026-2027, conduzindo as Elei\u00e7\u00f5es 2026 no \u00e2mbito estadual.\u00a0O trabalho para o pleito deste ano foi ponto central no discurso de posse do novo presidente da Corte Eleitoral catarinense, refor\u00e7ando a import\u00e2ncia do di\u00e1logo e da paz, dois instrumentos fundamentais para a democracia.<\/p>\n<div id=\"metaslider-id-25573\" style=\"width: 100%;\" class=\"ml-slider-3-99-0 metaslider metaslider-flex metaslider-25573 ml-slider has-onhover-arrows ms-theme-default-base has-dots-nav\" role=\"region\" aria-label=\"Meio\" data-width=\"1200\">\n    <div id=\"metaslider_container_25573\">\n        <div id=\"metaslider_25573\">\n            <ul class='slides'>\n                <li style=\"display: block; width: 100%;\" class=\"slide-25684 ms-image \" aria-roledescription=\"slide\" data-date=\"2025-07-24 07:55:40\"><img src=\"https:\/\/sulsc.com\/wp-content\/uploads\/2025\/07\/Marr-2-1000x166.jpg\" height=\"200\" width=\"1200\" alt=\"\" class=\"slider-25573 slide-25684 msDefaultImage\" title=\"Marr 2\" \/><\/li>\n                <li style=\"display: none; width: 100%;\" class=\"slide-32412 ms-image \" aria-roledescription=\"slide\" data-date=\"2026-02-18 13:59:46\"><img src=\"https:\/\/sulsc.com\/wp-content\/uploads\/2026\/02\/40dc1580-cad5-4867-bc58-c4243821ad38-1000x166.jpeg\" height=\"200\" width=\"1200\" alt=\"\" class=\"slider-25573 slide-32412 msDefaultImage\" title=\"40dc1580-cad5-4867-bc58-c4243821ad38\" \/><\/li>\n                <li style=\"display: none; width: 100%;\" class=\"slide-32766 ms-image \" aria-roledescription=\"slide\" data-date=\"2026-03-03 17:22:59\"><img src=\"https:\/\/sulsc.com\/wp-content\/uploads\/2026\/03\/271ce739-f268-41c5-8051-3de1a1750359-1000x166.jpeg\" height=\"200\" width=\"1200\" alt=\"\" class=\"slider-25573 slide-32766 msDefaultImage\" title=\"271ce739-f268-41c5-8051-3de1a1750359\" \/><\/li>\n            <\/ul>\n        <\/div>\n        \n    <\/div>\n<\/div>\n<p><strong>\u201c<\/strong>Nas \u00faltimas elei\u00e7\u00f5es vivenciamos disputas que transcenderam o plano das diverg\u00eancias ideol\u00f3gicas ou pol\u00edtico-partid\u00e1rias, alcan\u00e7ando a seara do relacionamento pessoal. O debate \u00e9 a alma da democracia, mas ele perde sua ess\u00eancia quando o advers\u00e1rio \u00e9 visto como um obst\u00e1culo a ser removido, e n\u00e3o como um interlocutor a ser ouvido. Por isso, nossa gest\u00e3o ter\u00e1 um eixo inegoci\u00e1vel: o di\u00e1logo que conduz \u00e0 paz<strong>\u201d, refor\u00e7ou o presidente do TRE-SC.<\/strong><\/p>\n<p>O rec\u00e9m-empossado presidente do Regional tamb\u00e9m citou algumas metas de sua gest\u00e3o, como a defesa do processo eletr\u00f4nico de vota\u00e7\u00e3o e a defesa do sigilo e soberania popular. Assim como o enfrentamento \u00e0 desinforma\u00e7\u00e3o. <strong>\u201c<\/strong>\u00c9 nossa meta transformar o eleitor em um part\u00edcipe efetivo de v\u00e1rias etapas do processo eleitoral, em especial no momento de configura\u00e7\u00e3o das urnas, descortinar sua estrutura e dar luzes ao caminho do voto, desde a tecla confirma at\u00e9 a totaliza\u00e7\u00e3o. Afinal, a informa\u00e7\u00e3o \u00e9 o melhor ant\u00eddoto \u00e0 inverdade<strong>\u201d, destacou.<\/strong><\/p>\n<p><img fetchpriority=\"high\" decoding=\"async\" class=\"aligncenter size-full wp-image-32934\" src=\"http:\/\/sulsc.com\/wp-content\/uploads\/2026\/03\/55139346045_c0776d3d96.jpg\" alt=\"\" width=\"499\" height=\"333\" srcset=\"https:\/\/sulsc.com\/wp-content\/uploads\/2026\/03\/55139346045_c0776d3d96.jpg 499w, https:\/\/sulsc.com\/wp-content\/uploads\/2026\/03\/55139346045_c0776d3d96-300x200.jpg 300w\" sizes=\"(max-width: 499px) 100vw, 499px\" \/><\/p>\n<p>O desembargador Carlos Roberto da Silva \u00e9 natural de Florian\u00f3polis (SC), graduado em 1990 em Direito pela Universidade do Vale do Itaja\u00ed (UNIVALI). Fez p\u00f3s-gradua\u00e7\u00e3o pela Escola Superior da Magistratura de Santa Catarina (ESMESC) do Tribunal de Justi\u00e7a de Santa Catarina (TJSC) em 1992. Al\u00e9m disso, \u00e9 especialista em Direito Civil pela UNIVALI, em 1996, mestre em Ci\u00eancias Jur\u00eddicas pela UNIVALI, em 2009, e doutor em Ci\u00eancia Jur\u00eddica em regime de dupla titula\u00e7\u00e3o \u2013 UNIVALI e Universidade de Alicante (UA) em 2016.<\/p>\n<p>O desembargador ingressou na magistratura catarinense em 1993, como juiz substituto do TJSC, na comarca de Joinville. Foi promovido ao cargo de juiz titular, com atua\u00e7\u00e3o nas comarcas de Cunha Por\u00e3, Monda\u00ed, Chapec\u00f3, Blumenau e Itaja\u00ed. Atuou na 2\u00aa e 7\u00aa Turma de Recursos dos Juizados Especiais, em Blumenau e exerceu a fun\u00e7\u00e3o de juiz eleitoral nas zonas eleitorais: 83\u00aa \u2013 Cunha Por\u00e3 (1996); 40\u00aa \u2013 Monda\u00ed (1998\/1999); 88\u00aa \u2013 Blumenau (2002\/2004); 16\u00aa \u2013 Itaja\u00ed (2011). Ainda foi juiz eleitoral substituto em Blumenau e Itaja\u00ed.<\/p>\n<p>&nbsp;<\/p>\n<p>&nbsp;<\/p>\n","protected":false},"excerpt":{"rendered":"<p>Nesta segunda-feira (9), aconteceu na Sala de Sess\u00f5es Ministro Teori Zavascki, no Tribunal de Justi\u00e7a de Santa Catarina (TJSC), a posse do novo presidente do Tribunal Regional Eleitoral de Santa Catarina (TRE-SC). \u201cQue vivamos o pr\u00f3ximo pleito n\u00e3o como um campo de batalha, mas como uma celebra\u00e7\u00e3o da liberdade\u201d, afirmou o desembargador Carlos Roberto da &hellip;<\/p>\n<p class=\"read-more\"> <a class=\"\" href=\"https:\/\/sulsc.com\/index.php\/2026\/03\/10\/tribunal-regional-eleitoral-de-santa-catarina-tre-sc-empossa-novos-presidente-e-vice\/\"> <span class=\"screen-reader-text\">Tribunal Regional Eleitoral de Santa Catarina (TRE-SC) empossa novos presidente e vice<\/span> Read More &raquo;<\/a><\/p>\n","protected":false},"author":3,"featured_media":32935,"comment_status":"open","ping_status":"open","sticky":false,"template":"","format":"standard","meta":{"site-sidebar-layout":"default","site-content-layout":"","ast-site-content-layout":"default","site-content-style":"default","site-sidebar-style":"default","ast-global-header-display":"","ast-banner-title-visibility":"","ast-main-header-display":"","ast-hfb-above-header-display":"","ast-hfb-below-header-display":"","ast-hfb-mobile-header-display":"","site-post-title":"","ast-breadcrumbs-content":"","ast-featured-img":"","footer-sml-layout":"","theme-transparent-header-meta":"default","adv-header-id-meta":"","stick-header-meta":"","header-above-stick-meta":"","header-main-stick-meta":"","header-below-stick-meta":"","astra-migrate-meta-layouts":"set","footnotes":""},"categories":[1,14,12],"tags":[2443],"yoast_head":"<!-- This site is optimized with the Yoast SEO plugin v21.4 - https:\/\/yoast.com\/wordpress\/plugins\/seo\/ -->\n<title>Tribunal Regional Eleitoral de Santa Catarina (TRE-SC) empossa novos presidente e vice -<\/title>\n<meta name=\"robots\" content=\"index, follow, max-snippet:-1, max-image-preview:large, max-video-preview:-1\" \/>\n<link rel=\"canonical\" href=\"https:\/\/sulsc.com\/index.php\/2026\/03\/10\/tribunal-regional-eleitoral-de-santa-catarina-tre-sc-empossa-novos-presidente-e-vice\/\" \/>\n<meta property=\"og:locale\" content=\"en_US\" \/>\n<meta property=\"og:type\" content=\"article\" \/>\n<meta property=\"og:title\" content=\"Tribunal Regional Eleitoral de Santa Catarina (TRE-SC) empossa novos presidente e vice -\" \/>\n<meta property=\"og:description\" content=\"Nesta segunda-feira (9), aconteceu na Sala de Sess\u00f5es Ministro Teori Zavascki, no Tribunal de Justi\u00e7a de Santa Catarina (TJSC), a posse do novo presidente do Tribunal Regional Eleitoral de Santa Catarina (TRE-SC). \u201cQue vivamos o pr\u00f3ximo pleito n\u00e3o como um campo de batalha, mas como uma celebra\u00e7\u00e3o da liberdade\u201d, afirmou o desembargador Carlos Roberto da &hellip; Tribunal Regional Eleitoral de Santa Catarina (TRE-SC) empossa novos presidente e vice Read More &raquo;\" \/>\n<meta property=\"og:url\" content=\"https:\/\/sulsc.com\/index.php\/2026\/03\/10\/tribunal-regional-eleitoral-de-santa-catarina-tre-sc-empossa-novos-presidente-e-vice\/\" \/>\n<meta property=\"article:author\" content=\"https:\/\/www.facebook.com\/profile.php?id=61559278119680\" \/>\n<meta property=\"article:published_time\" content=\"2026-03-10T12:30:57+00:00\" \/>\n<meta property=\"og:image\" content=\"http:\/\/sulsc.com\/wp-content\/uploads\/2026\/03\/55139209245_8676766fb4.jpg\" \/>\n\t<meta property=\"og:image:width\" content=\"499\" \/>\n\t<meta property=\"og:image:height\" content=\"333\" \/>\n\t<meta property=\"og:image:type\" content=\"image\/jpeg\" \/>\n<meta name=\"author\" content=\"Reda\u00e7\u00e3o Sul SC\" \/>\n<meta name=\"twitter:card\" content=\"summary_large_image\" \/>\n<meta name=\"twitter:creator\" content=\"@https:\/\/twitter.com\/PortalSulSC\" \/>\n<meta name=\"twitter:label1\" content=\"Written by\" \/>\n\t<meta name=\"twitter:data1\" content=\"Reda\u00e7\u00e3o Sul SC\" \/>\n\t<meta name=\"twitter:label2\" content=\"Est. reading time\" \/>\n\t<meta name=\"twitter:data2\" content=\"3 minutes\" \/>\n<script type=\"application\/ld+json\" class=\"yoast-schema-graph\">{\"@context\":\"https:\/\/schema.org\",\"@graph\":[{\"@type\":\"WebPage\",\"@id\":\"https:\/\/sulsc.com\/index.php\/2026\/03\/10\/tribunal-regional-eleitoral-de-santa-catarina-tre-sc-empossa-novos-presidente-e-vice\/\",\"url\":\"https:\/\/sulsc.com\/index.php\/2026\/03\/10\/tribunal-regional-eleitoral-de-santa-catarina-tre-sc-empossa-novos-presidente-e-vice\/\",\"name\":\"Tribunal Regional Eleitoral de Santa Catarina (TRE-SC) empossa novos presidente e vice -\",\"isPartOf\":{\"@id\":\"https:\/\/sulsc.com\/#website\"},\"datePublished\":\"2026-03-10T12:30:57+00:00\",\"dateModified\":\"2026-03-10T12:30:57+00:00\",\"author\":{\"@id\":\"https:\/\/sulsc.com\/#\/schema\/person\/84d2fc571684f6248ba83092f07750a3\"},\"breadcrumb\":{\"@id\":\"https:\/\/sulsc.com\/index.php\/2026\/03\/10\/tribunal-regional-eleitoral-de-santa-catarina-tre-sc-empossa-novos-presidente-e-vice\/#breadcrumb\"},\"inLanguage\":\"en-US\",\"potentialAction\":[{\"@type\":\"ReadAction\",\"target\":[\"https:\/\/sulsc.com\/index.php\/2026\/03\/10\/tribunal-regional-eleitoral-de-santa-catarina-tre-sc-empossa-novos-presidente-e-vice\/\"]}]},{\"@type\":\"BreadcrumbList\",\"@id\":\"https:\/\/sulsc.com\/index.php\/2026\/03\/10\/tribunal-regional-eleitoral-de-santa-catarina-tre-sc-empossa-novos-presidente-e-vice\/#breadcrumb\",\"itemListElement\":[{\"@type\":\"ListItem\",\"position\":1,\"name\":\"In\u00edcio\",\"item\":\"https:\/\/sulsc.com\/\"},{\"@type\":\"ListItem\",\"position\":2,\"name\":\"Tribunal Regional Eleitoral de Santa Catarina (TRE-SC) empossa novos presidente e vice\"}]},{\"@type\":\"WebSite\",\"@id\":\"https:\/\/sulsc.com\/#website\",\"url\":\"https:\/\/sulsc.com\/\",\"name\":\"\",\"description\":\"\",\"potentialAction\":[{\"@type\":\"SearchAction\",\"target\":{\"@type\":\"EntryPoint\",\"urlTemplate\":\"https:\/\/sulsc.com\/?s={search_term_string}\"},\"query-input\":\"required name=search_term_string\"}],\"inLanguage\":\"en-US\"},{\"@type\":\"Person\",\"@id\":\"https:\/\/sulsc.com\/#\/schema\/person\/84d2fc571684f6248ba83092f07750a3\",\"name\":\"Reda\u00e7\u00e3o Sul SC\",\"image\":{\"@type\":\"ImageObject\",\"inLanguage\":\"en-US\",\"@id\":\"https:\/\/sulsc.com\/#\/schema\/person\/image\/e08d7fe2cc4ed596372063bbe852b8d0\",\"url\":\"https:\/\/sulsc.com\/wp-content\/uploads\/2023\/09\/redacao.png\",\"contentUrl\":\"https:\/\/sulsc.com\/wp-content\/uploads\/2023\/09\/redacao.png\",\"caption\":\"Reda\u00e7\u00e3o Sul SC\"},\"description\":\"Foco em um jornalismo imparcial, voltado \u00e0 qualidade dos seus conte\u00fados e, assim, levar informa\u00e7\u00e3o de valor que agregue \u00e0 vida dos leitores. Esta \u00e9 grande miss\u00e3o do Portal de Not\u00edcias Sul SC. N\u00e3o \u00e9 quantidade que muda o mundo, sempre foi e seguir\u00e1 sendo qualidade!\",\"sameAs\":[\"https:\/\/sulsc.com\/\",\"https:\/\/www.facebook.com\/profile.php?id=61559278119680\",\"https:\/\/www.instagram.com\/sulscportal\/?hl=pt-br\",\"https:\/\/twitter.com\/https:\/\/twitter.com\/PortalSulSC\",\"https:\/\/www.youtube.com\/channel\/UCv_BE8GeySluDov2n8qhVmw\"],\"url\":\"https:\/\/sulsc.com\/index.php\/author\/redacao\/\"}]}<\/script>\n<!-- \/ Yoast SEO plugin. -->","yoast_head_json":{"title":"Tribunal Regional Eleitoral de Santa Catarina (TRE-SC) empossa novos presidente e vice -","robots":{"index":"index","follow":"follow","max-snippet":"max-snippet:-1","max-image-preview":"max-image-preview:large","max-video-preview":"max-video-preview:-1"},"canonical":"https:\/\/sulsc.com\/index.php\/2026\/03\/10\/tribunal-regional-eleitoral-de-santa-catarina-tre-sc-empossa-novos-presidente-e-vice\/","og_locale":"en_US","og_type":"article","og_title":"Tribunal Regional Eleitoral de Santa Catarina (TRE-SC) empossa novos presidente e vice -","og_description":"Nesta segunda-feira (9), aconteceu na Sala de Sess\u00f5es Ministro Teori Zavascki, no Tribunal de Justi\u00e7a de Santa Catarina (TJSC), a posse do novo presidente do Tribunal Regional Eleitoral de Santa Catarina (TRE-SC). \u201cQue vivamos o pr\u00f3ximo pleito n\u00e3o como um campo de batalha, mas como uma celebra\u00e7\u00e3o da liberdade\u201d, afirmou o desembargador Carlos Roberto da &hellip; Tribunal Regional Eleitoral de Santa Catarina (TRE-SC) empossa novos presidente e vice Read More &raquo;","og_url":"https:\/\/sulsc.com\/index.php\/2026\/03\/10\/tribunal-regional-eleitoral-de-santa-catarina-tre-sc-empossa-novos-presidente-e-vice\/","article_author":"https:\/\/www.facebook.com\/profile.php?id=61559278119680","article_published_time":"2026-03-10T12:30:57+00:00","og_image":[{"width":499,"height":333,"url":"http:\/\/sulsc.com\/wp-content\/uploads\/2026\/03\/55139209245_8676766fb4.jpg","type":"image\/jpeg"}],"author":"Reda\u00e7\u00e3o Sul SC","twitter_card":"summary_large_image","twitter_creator":"@https:\/\/twitter.com\/PortalSulSC","twitter_misc":{"Written by":"Reda\u00e7\u00e3o Sul SC","Est. reading time":"3 minutes"},"schema":{"@context":"https:\/\/schema.org","@graph":[{"@type":"WebPage","@id":"https:\/\/sulsc.com\/index.php\/2026\/03\/10\/tribunal-regional-eleitoral-de-santa-catarina-tre-sc-empossa-novos-presidente-e-vice\/","url":"https:\/\/sulsc.com\/index.php\/2026\/03\/10\/tribunal-regional-eleitoral-de-santa-catarina-tre-sc-empossa-novos-presidente-e-vice\/","name":"Tribunal Regional Eleitoral de Santa Catarina (TRE-SC) empossa novos presidente e vice -","isPartOf":{"@id":"https:\/\/sulsc.com\/#website"},"datePublished":"2026-03-10T12:30:57+00:00","dateModified":"2026-03-10T12:30:57+00:00","author":{"@id":"https:\/\/sulsc.com\/#\/schema\/person\/84d2fc571684f6248ba83092f07750a3"},"breadcrumb":{"@id":"https:\/\/sulsc.com\/index.php\/2026\/03\/10\/tribunal-regional-eleitoral-de-santa-catarina-tre-sc-empossa-novos-presidente-e-vice\/#breadcrumb"},"inLanguage":"en-US","potentialAction":[{"@type":"ReadAction","target":["https:\/\/sulsc.com\/index.php\/2026\/03\/10\/tribunal-regional-eleitoral-de-santa-catarina-tre-sc-empossa-novos-presidente-e-vice\/"]}]},{"@type":"BreadcrumbList","@id":"https:\/\/sulsc.com\/index.php\/2026\/03\/10\/tribunal-regional-eleitoral-de-santa-catarina-tre-sc-empossa-novos-presidente-e-vice\/#breadcrumb","itemListElement":[{"@type":"ListItem","position":1,"name":"In\u00edcio","item":"https:\/\/sulsc.com\/"},{"@type":"ListItem","position":2,"name":"Tribunal Regional Eleitoral de Santa Catarina (TRE-SC) empossa novos presidente e vice"}]},{"@type":"WebSite","@id":"https:\/\/sulsc.com\/#website","url":"https:\/\/sulsc.com\/","name":"","description":"","potentialAction":[{"@type":"SearchAction","target":{"@type":"EntryPoint","urlTemplate":"https:\/\/sulsc.com\/?s={search_term_string}"},"query-input":"required name=search_term_string"}],"inLanguage":"en-US"},{"@type":"Person","@id":"https:\/\/sulsc.com\/#\/schema\/person\/84d2fc571684f6248ba83092f07750a3","name":"Reda\u00e7\u00e3o Sul SC","image":{"@type":"ImageObject","inLanguage":"en-US","@id":"https:\/\/sulsc.com\/#\/schema\/person\/image\/e08d7fe2cc4ed596372063bbe852b8d0","url":"https:\/\/sulsc.com\/wp-content\/uploads\/2023\/09\/redacao.png","contentUrl":"https:\/\/sulsc.com\/wp-content\/uploads\/2023\/09\/redacao.png","caption":"Reda\u00e7\u00e3o Sul SC"},"description":"Foco em um jornalismo imparcial, voltado \u00e0 qualidade dos seus conte\u00fados e, assim, levar informa\u00e7\u00e3o de valor que agregue \u00e0 vida dos leitores. Esta \u00e9 grande miss\u00e3o do Portal de Not\u00edcias Sul SC. N\u00e3o \u00e9 quantidade que muda o mundo, sempre foi e seguir\u00e1 sendo qualidade!","sameAs":["https:\/\/sulsc.com\/","https:\/\/www.facebook.com\/profile.php?id=61559278119680","https:\/\/www.instagram.com\/sulscportal\/?hl=pt-br","https:\/\/twitter.com\/https:\/\/twitter.com\/PortalSulSC","https:\/\/www.youtube.com\/channel\/UCv_BE8GeySluDov2n8qhVmw"],"url":"https:\/\/sulsc.com\/index.php\/author\/redacao\/"}]}},"authors":[],"_links":{"self":[{"href":"https:\/\/sulsc.com\/index.php\/wp-json\/wp\/v2\/posts\/32933"}],"collection":[{"href":"https:\/\/sulsc.com\/index.php\/wp-json\/wp\/v2\/posts"}],"about":[{"href":"https:\/\/sulsc.com\/index.php\/wp-json\/wp\/v2\/types\/post"}],"author":[{"embeddable":true,"href":"https:\/\/sulsc.com\/index.php\/wp-json\/wp\/v2\/users\/3"}],"replies":[{"embeddable":true,"href":"https:\/\/sulsc.com\/index.php\/wp-json\/wp\/v2\/comments?post=32933"}],"version-history":[{"count":1,"href":"https:\/\/sulsc.com\/index.php\/wp-json\/wp\/v2\/posts\/32933\/revisions"}],"predecessor-version":[{"id":32936,"href":"https:\/\/sulsc.com\/index.php\/wp-json\/wp\/v2\/posts\/32933\/revisions\/32936"}],"wp:featuredmedia":[{"embeddable":true,"href":"https:\/\/sulsc.com\/index.php\/wp-json\/wp\/v2\/media\/32935"}],"wp:attachment":[{"href":"https:\/\/sulsc.com\/index.php\/wp-json\/wp\/v2\/media?parent=32933"}],"wp:term":[{"taxonomy":"category","embeddable":true,"href":"https:\/\/sulsc.com\/index.php\/wp-json\/wp\/v2\/categories?post=32933"},{"taxonomy":"post_tag","embeddable":true,"href":"https:\/\/sulsc.com\/index.php\/wp-json\/wp\/v2\/tags?post=32933"}],"curies":[{"name":"wp","href":"https:\/\/api.w.org\/{rel}","templated":true}]}}