{"id":32937,"date":"2026-03-10T13:51:12","date_gmt":"2026-03-10T16:51:12","guid":{"rendered":"https:\/\/sulsc.com\/?p=32937"},"modified":"2026-03-10T13:51:12","modified_gmt":"2026-03-10T16:51:12","slug":"governo-sc-r-330-milhoes-esse-e-o-valor-para-descompactacao-salarial-e-a-consolidacao-do-pacote-de-valorizacao-aos-professores-em-sc","status":"publish","type":"post","link":"https:\/\/sulsc.com\/index.php\/2026\/03\/10\/governo-sc-r-330-milhoes-esse-e-o-valor-para-descompactacao-salarial-e-a-consolidacao-do-pacote-de-valorizacao-aos-professores-em-sc\/","title":{"rendered":"Governo SC &#8211; R$ 330 milh\u00f5es esse \u00e9 o valor para descompacta\u00e7\u00e3o salarial e a consolida\u00e7\u00e3o do pacote de valoriza\u00e7\u00e3o aos professores em SC"},"content":{"rendered":"<p>Na integra &#8211; O\u00a0Governo do Estado apresentou na manh\u00e3 desta ter\u00e7a-feira, 10, uma nova proposta de descompacta\u00e7\u00e3o da tabela salarial dos professores. O projeto, que ser\u00e1 enviado para a Assembleia Legislativa (Alesc) nos pr\u00f3ximos dias, garante um investimento de cerca de R$ 330 milh\u00f5es na valoriza\u00e7\u00e3o dos profissionais da Educa\u00e7\u00e3o.<\/p>\n<p>A proposta marca a segunda fase do processo iniciado em novembro de 2024. Se na primeira etapa o Governo garantiu a descompacta\u00e7\u00e3o sobretudo dos n\u00edveis 4 e 5 (mestres e doutores), este novo avan\u00e7o traz uma evolu\u00e7\u00e3o adicional na tabela, com foco nos professores que buscam especializa\u00e7\u00f5es, e que configuram hoje o maior contingente de professores na rede estadual.<\/p>\n<div id=\"metaslider-id-25573\" style=\"width: 100%;\" class=\"ml-slider-3-99-0 metaslider metaslider-flex metaslider-25573 ml-slider has-onhover-arrows ms-theme-default-base has-dots-nav\" role=\"region\" aria-label=\"Meio\" data-width=\"1200\">\n    <div id=\"metaslider_container_25573\">\n        <div id=\"metaslider_25573\">\n            <ul class='slides'>\n                <li style=\"display: block; width: 100%;\" class=\"slide-25684 ms-image \" aria-roledescription=\"slide\" data-date=\"2025-07-24 07:55:40\"><img src=\"https:\/\/sulsc.com\/wp-content\/uploads\/2025\/07\/Marr-2-1000x166.jpg\" height=\"200\" width=\"1200\" alt=\"\" class=\"slider-25573 slide-25684 msDefaultImage\" title=\"Marr 2\" \/><\/li>\n                <li style=\"display: none; width: 100%;\" class=\"slide-32412 ms-image \" aria-roledescription=\"slide\" data-date=\"2026-02-18 13:59:46\"><img src=\"https:\/\/sulsc.com\/wp-content\/uploads\/2026\/02\/40dc1580-cad5-4867-bc58-c4243821ad38-1000x166.jpeg\" height=\"200\" width=\"1200\" alt=\"\" class=\"slider-25573 slide-32412 msDefaultImage\" title=\"40dc1580-cad5-4867-bc58-c4243821ad38\" \/><\/li>\n                <li style=\"display: none; width: 100%;\" class=\"slide-32766 ms-image \" aria-roledescription=\"slide\" data-date=\"2026-03-03 17:22:59\"><img src=\"https:\/\/sulsc.com\/wp-content\/uploads\/2026\/03\/271ce739-f268-41c5-8051-3de1a1750359-1000x166.jpeg\" height=\"200\" width=\"1200\" alt=\"\" class=\"slider-25573 slide-32766 msDefaultImage\" title=\"271ce739-f268-41c5-8051-3de1a1750359\" \/><\/li>\n            <\/ul>\n        <\/div>\n        \n    <\/div>\n<\/div>\n<p><strong>Governador Jorginho Mello<\/strong><\/p>\n<p><strong>\u201c<\/strong>N\u00f3s assumimos o Governo com uma tabela achatada desde 2008 e prometemos que ir\u00edamos resolver. Come\u00e7amos no final de 2024 e agora damos mais um passo firme. \u00c9 fundamental reconhecermos o professor catarinense que senta na cadeira para estudar, que faz uma especializa\u00e7\u00e3o, para levar um ensino ainda melhor para as nossas crian\u00e7as nas salas de aula. Santa Catarina valoriza quem se qualifica<strong>\u201d, destacou o governador<\/strong> .<\/p>\n<p><strong>Carreira valorizada em um esfor\u00e7o estadual<\/strong><br \/>\nA nova medida \u00e9 mais um passo para corrigir essa distor\u00e7\u00e3o hist\u00f3rica na rede p\u00fablica estadual de ensino. Com o investimento, pela primeira vez em mais de uma d\u00e9cada, um professor com doutorado, ao chegar no final da sua carreira, receber\u00e1 mais do que o dobro do piso inicial da categoria.<\/p>\n<p>Um dos grandes diferenciais desta nova etapa \u00e9 a origem da verba: o investimento de cerca de R$ 330 milh\u00f5es ser\u00e1 custeado apenas com recursos pr\u00f3prios do Governo do Estado. Isso significa que o esfor\u00e7o financeiro vai al\u00e9m do compromisso j\u00e1 cumprido de aplicar 100% dos recursos do Fundeb exclusivamente na remunera\u00e7\u00e3o dos professores.<\/p>\n<p><strong>Pacote global de avan\u00e7os na Educa\u00e7\u00e3o<\/strong><br \/>\nA descompacta\u00e7\u00e3o da tabela integra um amplo e in\u00e9dito pacote de valoriza\u00e7\u00e3o dos servidores, o programa Educa\u00e7\u00e3o Levada a S\u00e9rio. A medida posiciona Santa Catarina entre os estados que buscam, de modo progressivo, promover a valoriza\u00e7\u00e3o da carreira docente no Brasil, beneficiando cerca de 90 mil servidores, entre ativos e inativos.<\/p>\n<p><img fetchpriority=\"high\" decoding=\"async\" class=\"aligncenter size-full wp-image-19692\" src=\"http:\/\/sulsc.com\/wp-content\/uploads\/2025\/01\/escola.jpg\" alt=\"\" width=\"800\" height=\"445\" srcset=\"https:\/\/sulsc.com\/wp-content\/uploads\/2025\/01\/escola.jpg 800w, https:\/\/sulsc.com\/wp-content\/uploads\/2025\/01\/escola-300x167.jpg 300w, https:\/\/sulsc.com\/wp-content\/uploads\/2025\/01\/escola-768x427.jpg 768w\" sizes=\"(max-width: 800px) 100vw, 800px\" \/><\/p>\n<p><strong>Entre as principais frentes de atua\u00e7\u00e3o j\u00e1 em andamento destacam-se:<\/strong><\/p>\n<p>\u25cf Est\u00edmulo financeiro por presencialidade e forma\u00e7\u00e3o: ainda no ano de 2025, o governo iniciou o pagamento de uma gratifica\u00e7\u00e3o anual de R$ 3 mil para docentes ativos que atingirem metas de qualifica\u00e7\u00e3o, dedica\u00e7\u00e3o em sala de aula e resultados no desempenho dos alunos.<\/p>\n<p>\u25cf Incentivo \u00e0 forma\u00e7\u00e3o acad\u00eamica docente: o Governo retirou o limite de 20 anos de carreira para dispensa para fazer Mestrado e Doutorado, al\u00e9m de triplicar a oferta de vagas. Haver\u00e1 concess\u00e3o de dispensa parcial de carga hor\u00e1ria para professores efetivos matriculados em programas reconhecidos pela CAPES\/MEC, com garantia de remunera\u00e7\u00e3o integral e crit\u00e9rios transparentes em edital. Entre 2025 e 2026 j\u00e1 foram ofertadas 200 vagas para essa qualifica\u00e7\u00e3o.<\/p>\n<p>\u25cf Escola de Forma\u00e7\u00e3o de Professores de SC: um programa pr\u00f3prio para apoiar a forma\u00e7\u00e3o pedag\u00f3gica em servi\u00e7o. Em janeiro de 2026, iniciou-se a forma\u00e7\u00e3o para toda a rede, utilizando metodologias inovadoras e tecnologias educacionais.<\/p>\n<p>\u25cf Seguran\u00e7a profissional para os professores tempor\u00e1rios (ACTs): maior seguran\u00e7a no planejamento, com a manuten\u00e7\u00e3o da vaga por mais um ano letivo j\u00e1 desde o in\u00edcio de 2026, al\u00e9m do empenho para amplia\u00e7\u00e3o da carga hor\u00e1ria na mesma escola.<\/p>\n<p>\u25cf Novo Concurso P\u00fablico: al\u00e9m de ter realizado em 2024 o maior concurso da hist\u00f3ria da Secretaria de Estado da Educa\u00e7\u00e3o, com mais de 10 mil vagas, ser\u00e1 realizado um novo concurso para o magist\u00e9rio, em abril, com mais 10 mil vagas incluindo tamb\u00e9m o quadro civil.<\/p>\n<p>\u25cf Edital para remo\u00e7\u00e3o: novo edital para remo\u00e7\u00e3o de professores efetivos a fim de que possam estar mais pr\u00f3ximos dos seus domic\u00edlios.<\/p>\n<p>\u25cf Amplia\u00e7\u00e3o do quadro de assessores de dire\u00e7\u00e3o: atendendo a uma reivindica\u00e7\u00e3o dos diretores de escolas, a medida melhora a aten\u00e7\u00e3o pedag\u00f3gica e administrativa das escolas.<\/p>\n<p>Fonte\/SecomSC<\/p>\n","protected":false},"excerpt":{"rendered":"<p>Na integra &#8211; O\u00a0Governo do Estado apresentou na manh\u00e3 desta ter\u00e7a-feira, 10, uma nova proposta de descompacta\u00e7\u00e3o da tabela salarial dos professores. O projeto, que ser\u00e1 enviado para a Assembleia Legislativa (Alesc) nos pr\u00f3ximos dias, garante um investimento de cerca de R$ 330 milh\u00f5es na valoriza\u00e7\u00e3o dos profissionais da Educa\u00e7\u00e3o. A proposta marca a segunda &hellip;<\/p>\n<p class=\"read-more\"> <a class=\"\" href=\"https:\/\/sulsc.com\/index.php\/2026\/03\/10\/governo-sc-r-330-milhoes-esse-e-o-valor-para-descompactacao-salarial-e-a-consolidacao-do-pacote-de-valorizacao-aos-professores-em-sc\/\"> <span class=\"screen-reader-text\">Governo SC &#8211; R$ 330 milh\u00f5es esse \u00e9 o valor para descompacta\u00e7\u00e3o salarial e a consolida\u00e7\u00e3o do pacote de valoriza\u00e7\u00e3o aos professores em SC<\/span> Read More &raquo;<\/a><\/p>\n","protected":false},"author":3,"featured_media":30990,"comment_status":"open","ping_status":"open","sticky":false,"template":"","format":"standard","meta":{"site-sidebar-layout":"default","site-content-layout":"","ast-site-content-layout":"default","site-content-style":"default","site-sidebar-style":"default","ast-global-header-display":"","ast-banner-title-visibility":"","ast-main-header-display":"","ast-hfb-above-header-display":"","ast-hfb-below-header-display":"","ast-hfb-mobile-header-display":"","site-post-title":"","ast-breadcrumbs-content":"","ast-featured-img":"","footer-sml-layout":"","theme-transparent-header-meta":"default","adv-header-id-meta":"","stick-header-meta":"","header-above-stick-meta":"","header-main-stick-meta":"","header-below-stick-meta":"","astra-migrate-meta-layouts":"set","footnotes":""},"categories":[2364,1,6,14,12],"tags":[1717],"yoast_head":"<!-- This site is optimized with the Yoast SEO plugin v21.4 - https:\/\/yoast.com\/wordpress\/plugins\/seo\/ -->\n<title>Governo SC - R$ 330 milh\u00f5es esse \u00e9 o valor para descompacta\u00e7\u00e3o salarial e a consolida\u00e7\u00e3o do pacote de valoriza\u00e7\u00e3o aos professores em SC -<\/title>\n<meta name=\"robots\" content=\"index, follow, max-snippet:-1, max-image-preview:large, max-video-preview:-1\" \/>\n<link rel=\"canonical\" href=\"https:\/\/sulsc.com\/index.php\/2026\/03\/10\/governo-sc-r-330-milhoes-esse-e-o-valor-para-descompactacao-salarial-e-a-consolidacao-do-pacote-de-valorizacao-aos-professores-em-sc\/\" \/>\n<meta property=\"og:locale\" content=\"en_US\" \/>\n<meta property=\"og:type\" content=\"article\" \/>\n<meta property=\"og:title\" content=\"Governo SC - R$ 330 milh\u00f5es esse \u00e9 o valor para descompacta\u00e7\u00e3o salarial e a consolida\u00e7\u00e3o do pacote de valoriza\u00e7\u00e3o aos professores em SC -\" \/>\n<meta property=\"og:description\" content=\"Na integra &#8211; O\u00a0Governo do Estado apresentou na manh\u00e3 desta ter\u00e7a-feira, 10, uma nova proposta de descompacta\u00e7\u00e3o da tabela salarial dos professores. O projeto, que ser\u00e1 enviado para a Assembleia Legislativa (Alesc) nos pr\u00f3ximos dias, garante um investimento de cerca de R$ 330 milh\u00f5es na valoriza\u00e7\u00e3o dos profissionais da Educa\u00e7\u00e3o. A proposta marca a segunda &hellip; Governo SC &#8211; R$ 330 milh\u00f5es esse \u00e9 o valor para descompacta\u00e7\u00e3o salarial e a consolida\u00e7\u00e3o do pacote de valoriza\u00e7\u00e3o aos professores em SC Read More &raquo;\" \/>\n<meta property=\"og:url\" content=\"https:\/\/sulsc.com\/index.php\/2026\/03\/10\/governo-sc-r-330-milhoes-esse-e-o-valor-para-descompactacao-salarial-e-a-consolidacao-do-pacote-de-valorizacao-aos-professores-em-sc\/\" \/>\n<meta property=\"article:author\" content=\"https:\/\/www.facebook.com\/profile.php?id=61559278119680\" \/>\n<meta property=\"article:published_time\" content=\"2026-03-10T16:51:12+00:00\" \/>\n<meta property=\"og:image\" content=\"http:\/\/sulsc.com\/wp-content\/uploads\/2025\/12\/interior-da-escola-primaria-scaled.jpg\" \/>\n\t<meta property=\"og:image:width\" content=\"2560\" \/>\n\t<meta property=\"og:image:height\" content=\"1707\" \/>\n\t<meta property=\"og:image:type\" content=\"image\/jpeg\" \/>\n<meta name=\"author\" content=\"Reda\u00e7\u00e3o Sul SC\" \/>\n<meta name=\"twitter:card\" content=\"summary_large_image\" \/>\n<meta name=\"twitter:creator\" content=\"@https:\/\/twitter.com\/PortalSulSC\" \/>\n<meta name=\"twitter:label1\" content=\"Written by\" \/>\n\t<meta name=\"twitter:data1\" content=\"Reda\u00e7\u00e3o Sul SC\" \/>\n\t<meta name=\"twitter:label2\" content=\"Est. reading time\" \/>\n\t<meta name=\"twitter:data2\" content=\"4 minutes\" \/>\n<script type=\"application\/ld+json\" class=\"yoast-schema-graph\">{\"@context\":\"https:\/\/schema.org\",\"@graph\":[{\"@type\":\"WebPage\",\"@id\":\"https:\/\/sulsc.com\/index.php\/2026\/03\/10\/governo-sc-r-330-milhoes-esse-e-o-valor-para-descompactacao-salarial-e-a-consolidacao-do-pacote-de-valorizacao-aos-professores-em-sc\/\",\"url\":\"https:\/\/sulsc.com\/index.php\/2026\/03\/10\/governo-sc-r-330-milhoes-esse-e-o-valor-para-descompactacao-salarial-e-a-consolidacao-do-pacote-de-valorizacao-aos-professores-em-sc\/\",\"name\":\"Governo SC - R$ 330 milh\u00f5es esse \u00e9 o valor para descompacta\u00e7\u00e3o salarial e a consolida\u00e7\u00e3o do pacote de valoriza\u00e7\u00e3o aos professores em SC -\",\"isPartOf\":{\"@id\":\"https:\/\/sulsc.com\/#website\"},\"datePublished\":\"2026-03-10T16:51:12+00:00\",\"dateModified\":\"2026-03-10T16:51:12+00:00\",\"author\":{\"@id\":\"https:\/\/sulsc.com\/#\/schema\/person\/84d2fc571684f6248ba83092f07750a3\"},\"breadcrumb\":{\"@id\":\"https:\/\/sulsc.com\/index.php\/2026\/03\/10\/governo-sc-r-330-milhoes-esse-e-o-valor-para-descompactacao-salarial-e-a-consolidacao-do-pacote-de-valorizacao-aos-professores-em-sc\/#breadcrumb\"},\"inLanguage\":\"en-US\",\"potentialAction\":[{\"@type\":\"ReadAction\",\"target\":[\"https:\/\/sulsc.com\/index.php\/2026\/03\/10\/governo-sc-r-330-milhoes-esse-e-o-valor-para-descompactacao-salarial-e-a-consolidacao-do-pacote-de-valorizacao-aos-professores-em-sc\/\"]}]},{\"@type\":\"BreadcrumbList\",\"@id\":\"https:\/\/sulsc.com\/index.php\/2026\/03\/10\/governo-sc-r-330-milhoes-esse-e-o-valor-para-descompactacao-salarial-e-a-consolidacao-do-pacote-de-valorizacao-aos-professores-em-sc\/#breadcrumb\",\"itemListElement\":[{\"@type\":\"ListItem\",\"position\":1,\"name\":\"In\u00edcio\",\"item\":\"https:\/\/sulsc.com\/\"},{\"@type\":\"ListItem\",\"position\":2,\"name\":\"Governo SC &#8211; R$ 330 milh\u00f5es esse \u00e9 o valor para descompacta\u00e7\u00e3o salarial e a consolida\u00e7\u00e3o do pacote de valoriza\u00e7\u00e3o aos professores em SC\"}]},{\"@type\":\"WebSite\",\"@id\":\"https:\/\/sulsc.com\/#website\",\"url\":\"https:\/\/sulsc.com\/\",\"name\":\"\",\"description\":\"\",\"potentialAction\":[{\"@type\":\"SearchAction\",\"target\":{\"@type\":\"EntryPoint\",\"urlTemplate\":\"https:\/\/sulsc.com\/?s={search_term_string}\"},\"query-input\":\"required name=search_term_string\"}],\"inLanguage\":\"en-US\"},{\"@type\":\"Person\",\"@id\":\"https:\/\/sulsc.com\/#\/schema\/person\/84d2fc571684f6248ba83092f07750a3\",\"name\":\"Reda\u00e7\u00e3o Sul SC\",\"image\":{\"@type\":\"ImageObject\",\"inLanguage\":\"en-US\",\"@id\":\"https:\/\/sulsc.com\/#\/schema\/person\/image\/e08d7fe2cc4ed596372063bbe852b8d0\",\"url\":\"https:\/\/sulsc.com\/wp-content\/uploads\/2023\/09\/redacao.png\",\"contentUrl\":\"https:\/\/sulsc.com\/wp-content\/uploads\/2023\/09\/redacao.png\",\"caption\":\"Reda\u00e7\u00e3o Sul SC\"},\"description\":\"Foco em um jornalismo imparcial, voltado \u00e0 qualidade dos seus conte\u00fados e, assim, levar informa\u00e7\u00e3o de valor que agregue \u00e0 vida dos leitores. Esta \u00e9 grande miss\u00e3o do Portal de Not\u00edcias Sul SC. N\u00e3o \u00e9 quantidade que muda o mundo, sempre foi e seguir\u00e1 sendo qualidade!\",\"sameAs\":[\"https:\/\/sulsc.com\/\",\"https:\/\/www.facebook.com\/profile.php?id=61559278119680\",\"https:\/\/www.instagram.com\/sulscportal\/?hl=pt-br\",\"https:\/\/twitter.com\/https:\/\/twitter.com\/PortalSulSC\",\"https:\/\/www.youtube.com\/channel\/UCv_BE8GeySluDov2n8qhVmw\"],\"url\":\"https:\/\/sulsc.com\/index.php\/author\/redacao\/\"}]}<\/script>\n<!-- \/ Yoast SEO plugin. -->","yoast_head_json":{"title":"Governo SC - R$ 330 milh\u00f5es esse \u00e9 o valor para descompacta\u00e7\u00e3o salarial e a consolida\u00e7\u00e3o do pacote de valoriza\u00e7\u00e3o aos professores em SC -","robots":{"index":"index","follow":"follow","max-snippet":"max-snippet:-1","max-image-preview":"max-image-preview:large","max-video-preview":"max-video-preview:-1"},"canonical":"https:\/\/sulsc.com\/index.php\/2026\/03\/10\/governo-sc-r-330-milhoes-esse-e-o-valor-para-descompactacao-salarial-e-a-consolidacao-do-pacote-de-valorizacao-aos-professores-em-sc\/","og_locale":"en_US","og_type":"article","og_title":"Governo SC - R$ 330 milh\u00f5es esse \u00e9 o valor para descompacta\u00e7\u00e3o salarial e a consolida\u00e7\u00e3o do pacote de valoriza\u00e7\u00e3o aos professores em SC -","og_description":"Na integra &#8211; O\u00a0Governo do Estado apresentou na manh\u00e3 desta ter\u00e7a-feira, 10, uma nova proposta de descompacta\u00e7\u00e3o da tabela salarial dos professores. O projeto, que ser\u00e1 enviado para a Assembleia Legislativa (Alesc) nos pr\u00f3ximos dias, garante um investimento de cerca de R$ 330 milh\u00f5es na valoriza\u00e7\u00e3o dos profissionais da Educa\u00e7\u00e3o. A proposta marca a segunda &hellip; Governo SC &#8211; R$ 330 milh\u00f5es esse \u00e9 o valor para descompacta\u00e7\u00e3o salarial e a consolida\u00e7\u00e3o do pacote de valoriza\u00e7\u00e3o aos professores em SC Read More &raquo;","og_url":"https:\/\/sulsc.com\/index.php\/2026\/03\/10\/governo-sc-r-330-milhoes-esse-e-o-valor-para-descompactacao-salarial-e-a-consolidacao-do-pacote-de-valorizacao-aos-professores-em-sc\/","article_author":"https:\/\/www.facebook.com\/profile.php?id=61559278119680","article_published_time":"2026-03-10T16:51:12+00:00","og_image":[{"width":2560,"height":1707,"url":"http:\/\/sulsc.com\/wp-content\/uploads\/2025\/12\/interior-da-escola-primaria-scaled.jpg","type":"image\/jpeg"}],"author":"Reda\u00e7\u00e3o Sul SC","twitter_card":"summary_large_image","twitter_creator":"@https:\/\/twitter.com\/PortalSulSC","twitter_misc":{"Written by":"Reda\u00e7\u00e3o Sul SC","Est. reading time":"4 minutes"},"schema":{"@context":"https:\/\/schema.org","@graph":[{"@type":"WebPage","@id":"https:\/\/sulsc.com\/index.php\/2026\/03\/10\/governo-sc-r-330-milhoes-esse-e-o-valor-para-descompactacao-salarial-e-a-consolidacao-do-pacote-de-valorizacao-aos-professores-em-sc\/","url":"https:\/\/sulsc.com\/index.php\/2026\/03\/10\/governo-sc-r-330-milhoes-esse-e-o-valor-para-descompactacao-salarial-e-a-consolidacao-do-pacote-de-valorizacao-aos-professores-em-sc\/","name":"Governo SC - R$ 330 milh\u00f5es esse \u00e9 o valor para descompacta\u00e7\u00e3o salarial e a consolida\u00e7\u00e3o do pacote de valoriza\u00e7\u00e3o aos professores em SC -","isPartOf":{"@id":"https:\/\/sulsc.com\/#website"},"datePublished":"2026-03-10T16:51:12+00:00","dateModified":"2026-03-10T16:51:12+00:00","author":{"@id":"https:\/\/sulsc.com\/#\/schema\/person\/84d2fc571684f6248ba83092f07750a3"},"breadcrumb":{"@id":"https:\/\/sulsc.com\/index.php\/2026\/03\/10\/governo-sc-r-330-milhoes-esse-e-o-valor-para-descompactacao-salarial-e-a-consolidacao-do-pacote-de-valorizacao-aos-professores-em-sc\/#breadcrumb"},"inLanguage":"en-US","potentialAction":[{"@type":"ReadAction","target":["https:\/\/sulsc.com\/index.php\/2026\/03\/10\/governo-sc-r-330-milhoes-esse-e-o-valor-para-descompactacao-salarial-e-a-consolidacao-do-pacote-de-valorizacao-aos-professores-em-sc\/"]}]},{"@type":"BreadcrumbList","@id":"https:\/\/sulsc.com\/index.php\/2026\/03\/10\/governo-sc-r-330-milhoes-esse-e-o-valor-para-descompactacao-salarial-e-a-consolidacao-do-pacote-de-valorizacao-aos-professores-em-sc\/#breadcrumb","itemListElement":[{"@type":"ListItem","position":1,"name":"In\u00edcio","item":"https:\/\/sulsc.com\/"},{"@type":"ListItem","position":2,"name":"Governo SC &#8211; R$ 330 milh\u00f5es esse \u00e9 o valor para descompacta\u00e7\u00e3o salarial e a consolida\u00e7\u00e3o do pacote de valoriza\u00e7\u00e3o aos professores em SC"}]},{"@type":"WebSite","@id":"https:\/\/sulsc.com\/#website","url":"https:\/\/sulsc.com\/","name":"","description":"","potentialAction":[{"@type":"SearchAction","target":{"@type":"EntryPoint","urlTemplate":"https:\/\/sulsc.com\/?s={search_term_string}"},"query-input":"required name=search_term_string"}],"inLanguage":"en-US"},{"@type":"Person","@id":"https:\/\/sulsc.com\/#\/schema\/person\/84d2fc571684f6248ba83092f07750a3","name":"Reda\u00e7\u00e3o Sul SC","image":{"@type":"ImageObject","inLanguage":"en-US","@id":"https:\/\/sulsc.com\/#\/schema\/person\/image\/e08d7fe2cc4ed596372063bbe852b8d0","url":"https:\/\/sulsc.com\/wp-content\/uploads\/2023\/09\/redacao.png","contentUrl":"https:\/\/sulsc.com\/wp-content\/uploads\/2023\/09\/redacao.png","caption":"Reda\u00e7\u00e3o Sul SC"},"description":"Foco em um jornalismo imparcial, voltado \u00e0 qualidade dos seus conte\u00fados e, assim, levar informa\u00e7\u00e3o de valor que agregue \u00e0 vida dos leitores. Esta \u00e9 grande miss\u00e3o do Portal de Not\u00edcias Sul SC. N\u00e3o \u00e9 quantidade que muda o mundo, sempre foi e seguir\u00e1 sendo qualidade!","sameAs":["https:\/\/sulsc.com\/","https:\/\/www.facebook.com\/profile.php?id=61559278119680","https:\/\/www.instagram.com\/sulscportal\/?hl=pt-br","https:\/\/twitter.com\/https:\/\/twitter.com\/PortalSulSC","https:\/\/www.youtube.com\/channel\/UCv_BE8GeySluDov2n8qhVmw"],"url":"https:\/\/sulsc.com\/index.php\/author\/redacao\/"}]}},"authors":[],"_links":{"self":[{"href":"https:\/\/sulsc.com\/index.php\/wp-json\/wp\/v2\/posts\/32937"}],"collection":[{"href":"https:\/\/sulsc.com\/index.php\/wp-json\/wp\/v2\/posts"}],"about":[{"href":"https:\/\/sulsc.com\/index.php\/wp-json\/wp\/v2\/types\/post"}],"author":[{"embeddable":true,"href":"https:\/\/sulsc.com\/index.php\/wp-json\/wp\/v2\/users\/3"}],"replies":[{"embeddable":true,"href":"https:\/\/sulsc.com\/index.php\/wp-json\/wp\/v2\/comments?post=32937"}],"version-history":[{"count":1,"href":"https:\/\/sulsc.com\/index.php\/wp-json\/wp\/v2\/posts\/32937\/revisions"}],"predecessor-version":[{"id":32938,"href":"https:\/\/sulsc.com\/index.php\/wp-json\/wp\/v2\/posts\/32937\/revisions\/32938"}],"wp:featuredmedia":[{"embeddable":true,"href":"https:\/\/sulsc.com\/index.php\/wp-json\/wp\/v2\/media\/30990"}],"wp:attachment":[{"href":"https:\/\/sulsc.com\/index.php\/wp-json\/wp\/v2\/media?parent=32937"}],"wp:term":[{"taxonomy":"category","embeddable":true,"href":"https:\/\/sulsc.com\/index.php\/wp-json\/wp\/v2\/categories?post=32937"},{"taxonomy":"post_tag","embeddable":true,"href":"https:\/\/sulsc.com\/index.php\/wp-json\/wp\/v2\/tags?post=32937"}],"curies":[{"name":"wp","href":"https:\/\/api.w.org\/{rel}","templated":true}]}}