{"id":32941,"date":"2026-03-10T14:22:22","date_gmt":"2026-03-10T17:22:22","guid":{"rendered":"https:\/\/sulsc.com\/?p=32941"},"modified":"2026-03-10T14:24:47","modified_gmt":"2026-03-10T17:24:47","slug":"prazo-para-entrega-de-documentos-do-prouni-2026-termina-nesta-sexta-13","status":"publish","type":"post","link":"https:\/\/sulsc.com\/index.php\/2026\/03\/10\/prazo-para-entrega-de-documentos-do-prouni-2026-termina-nesta-sexta-13\/","title":{"rendered":"Prazo para entrega de documentos do PROUNI 2026 termina nesta sexta (13)"},"content":{"rendered":"<p><span dir=\"auto\" style=\"vertical-align: inherit;\"><span dir=\"auto\" style=\"vertical-align: inherit;\">Os pr\u00e9-selecionados da segunda chamada do Programa Universidade para Todos (ProUni) do primeiro semestre de 2026 dever\u00e3o entregar at\u00e9 est\u00e1 sexta-feira (13), a documenta\u00e7\u00e3o que comprove as informa\u00e7\u00f5es prestadas no momento da inscri\u00e7\u00e3o, diretamente na institui\u00e7\u00e3o privada de ensino superior em que foram selecionados<\/span><\/span><span dir=\"auto\" style=\"vertical-align: inherit;\"><span dir=\"auto\" style=\"vertical-align: inherit;\">.\u00a0<\/span><\/span><span dir=\"auto\" style=\"vertical-align: inherit;\"><span dir=\"auto\" style=\"vertical-align: inherit;\">O estudante pode comparecer \u00e0 faculdade privada para entregar a documenta\u00e7\u00e3o ou encaminh\u00e1-la virtualmente, por meio eletr\u00f4nico fornecido pela institui\u00e7\u00e3o.<\/span><\/span><\/p>\n<div id=\"metaslider-id-25573\" style=\"width: 100%;\" class=\"ml-slider-3-99-0 metaslider metaslider-flex metaslider-25573 ml-slider has-onhover-arrows ms-theme-default-base has-dots-nav\" role=\"region\" aria-label=\"Meio\" data-width=\"1200\">\n    <div id=\"metaslider_container_25573\">\n        <div id=\"metaslider_25573\">\n            <ul class='slides'>\n                <li style=\"display: block; width: 100%;\" class=\"slide-25684 ms-image \" aria-roledescription=\"slide\" data-date=\"2025-07-24 07:55:40\"><img src=\"https:\/\/sulsc.com\/wp-content\/uploads\/2025\/07\/Marr-2-1000x166.jpg\" height=\"200\" width=\"1200\" alt=\"\" class=\"slider-25573 slide-25684 msDefaultImage\" title=\"Marr 2\" \/><\/li>\n                <li style=\"display: none; width: 100%;\" class=\"slide-32412 ms-image \" aria-roledescription=\"slide\" data-date=\"2026-02-18 13:59:46\"><img src=\"https:\/\/sulsc.com\/wp-content\/uploads\/2026\/02\/40dc1580-cad5-4867-bc58-c4243821ad38-1000x166.jpeg\" height=\"200\" width=\"1200\" alt=\"\" class=\"slider-25573 slide-32412 msDefaultImage\" title=\"40dc1580-cad5-4867-bc58-c4243821ad38\" \/><\/li>\n                <li style=\"display: none; width: 100%;\" class=\"slide-32766 ms-image \" aria-roledescription=\"slide\" data-date=\"2026-03-03 17:22:59\"><img src=\"https:\/\/sulsc.com\/wp-content\/uploads\/2026\/03\/271ce739-f268-41c5-8051-3de1a1750359-1000x166.jpeg\" height=\"200\" width=\"1200\" alt=\"\" class=\"slider-25573 slide-32766 msDefaultImage\" title=\"271ce739-f268-41c5-8051-3de1a1750359\" \/><\/li>\n            <\/ul>\n        <\/div>\n        \n    <\/div>\n<\/div>\n<p><span dir=\"auto\" style=\"vertical-align: inherit;\"><span dir=\"auto\" style=\"vertical-align: inherit;\">O resultado da segunda chamada foi divulgado pelo Minist\u00e9rio da Educa\u00e7\u00e3o (MEC) no dia 2 de mar\u00e7o, e pode ser acessado no Portal \u00danico de Acesso ao Ensino Superior, na <\/span><\/span><strong><a href=\"https:\/\/acessounico.mec.gov.br\/prouni\" target=\"_blank\" rel=\"noopener\"><span dir=\"auto\" style=\"vertical-align: inherit;\"><span dir=\"auto\" style=\"vertical-align: inherit;\">aba do Prouni<\/span><\/span><\/a><span dir=\"auto\" style=\"vertical-align: inherit;\"><span dir=\"auto\" style=\"vertical-align: inherit;\"> .\u00a0<\/span><\/span><\/strong><span dir=\"auto\" style=\"vertical-align: inherit;\"><span dir=\"auto\" style=\"vertical-align: inherit;\">A iniciativa federal oferece bolsas de estudo integrais e parciais (50% do valor da mensalidade do curso) em cursos de gradua\u00e7\u00e3o e sequenciais de forma\u00e7\u00e3o espec\u00edfica, em institui\u00e7\u00f5es privadas.<\/span><\/span><\/p>\n<p><img fetchpriority=\"high\" decoding=\"async\" class=\"aligncenter size-full wp-image-15153\" src=\"http:\/\/sulsc.com\/wp-content\/uploads\/2024\/07\/prouni.webp\" alt=\"\" width=\"1170\" height=\"700\" srcset=\"https:\/\/sulsc.com\/wp-content\/uploads\/2024\/07\/prouni.webp 1170w, https:\/\/sulsc.com\/wp-content\/uploads\/2024\/07\/prouni-300x179.webp 300w, https:\/\/sulsc.com\/wp-content\/uploads\/2024\/07\/prouni-1024x613.webp 1024w, https:\/\/sulsc.com\/wp-content\/uploads\/2024\/07\/prouni-768x459.webp 768w\" sizes=\"(max-width: 1170px) 100vw, 1170px\" \/><\/p>\n<h2><strong><span dir=\"auto\" style=\"vertical-align: inherit;\"><span dir=\"auto\" style=\"vertical-align: inherit;\">Certifica\u00e7\u00e3o\u00a0<\/span><\/span><\/strong><\/h2>\n<p><span dir=\"auto\" style=\"vertical-align: inherit;\"><span dir=\"auto\" style=\"vertical-align: inherit;\">Para os candidatos com 18 anos ou mais que fizeram o Exame Nacional do Ensino M\u00e9dio (Enem) em 2025 e precisam do certificado de conclus\u00e3o do Ensino M\u00e9dio, o Instituto Nacional de Estudos e Pesquisas Educacionais An\u00edsio Teixeira (Inep) disponibilizou um novo sistema que emite o comprovante de conclus\u00e3o da educa\u00e7\u00e3o b\u00e1sica.\u00a0<\/span><\/span><span dir=\"auto\" style=\"vertical-align: inherit;\"><span dir=\"auto\" style=\"vertical-align: inherit;\">Entre as exig\u00eancias, \u00e9 preciso ter 450 pontos em cada \u00e1rea de conhecimento do Enem 2025, al\u00e9m de obter 500 pontos na reda\u00e7\u00e3o.<\/span><\/span><\/p>\n<h2><span dir=\"auto\" style=\"vertical-align: inherit;\"><span dir=\"auto\" style=\"vertical-align: inherit;\">Bolsas de estudo<\/span><\/span><\/h2>\n<p><span dir=\"auto\" style=\"vertical-align: inherit;\"><span dir=\"auto\" style=\"vertical-align: inherit;\">Neste ano, est\u00e3o sendo oferecidas 595.374 bolsas, em 895 cursos de 1.046 institui\u00e7\u00f5es privadas de ensino superior de todo o pa\u00eds.\u00a0<\/span><\/span><span dir=\"auto\" style=\"vertical-align: inherit;\"><span dir=\"auto\" style=\"vertical-align: inherit;\">O MEC comemora que a edi\u00e7\u00e3o de 2026 \u00e9 a maior da hist\u00f3ria do Prouni, com 22 anos de exist\u00eancia.\u00a0<\/span><\/span><span dir=\"auto\" style=\"vertical-align: inherit;\"><span dir=\"auto\" style=\"vertical-align: inherit;\">O requisito para ter uma bolsa integral do programa \u00e9 comprovar a renda familiar menor ou igual a um sal\u00e1rio-m\u00ednimo e meio por pessoa. Para a bolsa parcial (50%), a renda familiar n\u00e3o pode interferir tr\u00eas per\u00edodos m\u00ednimos por pessoa.<\/span><\/span><\/p>\n<h2><span dir=\"auto\" style=\"vertical-align: inherit;\"><span dir=\"auto\" style=\"vertical-align: inherit;\">Lista de espera<\/span><\/span><\/h2>\n<p><span dir=\"auto\" style=\"vertical-align: inherit;\"><span dir=\"auto\" style=\"vertical-align: inherit;\">Quem estiver de olho nas vagas remanescentes e n\u00e3o for selecionado nas vagas e segundas chamadas, dever\u00e1 manifestar interesse em participar da lista de espera do Prouni, nos dias 25 e 26 de mar\u00e7o de 2026, tamb\u00e9m, por meio do Portal \u00danico de Acesso ao Ensino Superior.<\/span><\/span><\/p>\n<p><strong><span dir=\"auto\" style=\"vertical-align: inherit;\"><span dir=\"auto\" style=\"vertical-align: inherit;\">Confira aqui todas as informa\u00e7\u00f5es sobre as regras do processo seletivo est\u00e3o no\u00a0 <\/span><\/span><a href=\"https:\/\/www.gov.br\/mec\/pt-br\/prouni\/arquivos\/2026\/edital_nr_2_de_07_de_janeiro_de_2026.pdf\" target=\"_blank\" rel=\"noopener\"><span dir=\"auto\" style=\"vertical-align: inherit;\"><span dir=\"auto\" style=\"vertical-align: inherit;\">Edital n\u00ba 2\/2026<\/span><\/span><\/a><span dir=\"auto\" style=\"vertical-align: inherit;\"><span dir=\"auto\" style=\"vertical-align: inherit;\"> .<\/span><\/span><\/strong><\/p>\n","protected":false},"excerpt":{"rendered":"<p>Os pr\u00e9-selecionados da segunda chamada do Programa Universidade para Todos (ProUni) do primeiro semestre de 2026 dever\u00e3o entregar at\u00e9 est\u00e1 sexta-feira (13), a documenta\u00e7\u00e3o que comprove as informa\u00e7\u00f5es prestadas no momento da inscri\u00e7\u00e3o, diretamente na institui\u00e7\u00e3o privada de ensino superior em que foram selecionados.\u00a0O estudante pode comparecer \u00e0 faculdade privada para entregar a documenta\u00e7\u00e3o ou &hellip;<\/p>\n<p class=\"read-more\"> <a class=\"\" href=\"https:\/\/sulsc.com\/index.php\/2026\/03\/10\/prazo-para-entrega-de-documentos-do-prouni-2026-termina-nesta-sexta-13\/\"> <span class=\"screen-reader-text\">Prazo para entrega de documentos do PROUNI 2026 termina nesta sexta (13)<\/span> Read More &raquo;<\/a><\/p>\n","protected":false},"author":3,"featured_media":8923,"comment_status":"open","ping_status":"open","sticky":false,"template":"","format":"standard","meta":{"site-sidebar-layout":"default","site-content-layout":"","ast-site-content-layout":"default","site-content-style":"default","site-sidebar-style":"default","ast-global-header-display":"","ast-banner-title-visibility":"","ast-main-header-display":"","ast-hfb-above-header-display":"","ast-hfb-below-header-display":"","ast-hfb-mobile-header-display":"","site-post-title":"","ast-breadcrumbs-content":"","ast-featured-img":"","footer-sml-layout":"","theme-transparent-header-meta":"default","adv-header-id-meta":"","stick-header-meta":"","header-above-stick-meta":"","header-main-stick-meta":"","header-below-stick-meta":"","astra-migrate-meta-layouts":"set","footnotes":""},"categories":[2321,15,12],"tags":[2842],"yoast_head":"<!-- This site is optimized with the Yoast SEO plugin v21.4 - https:\/\/yoast.com\/wordpress\/plugins\/seo\/ -->\n<title>Prazo para entrega de documentos do PROUNI 2026 termina nesta sexta (13) -<\/title>\n<meta name=\"robots\" content=\"index, follow, max-snippet:-1, max-image-preview:large, max-video-preview:-1\" \/>\n<link rel=\"canonical\" href=\"https:\/\/sulsc.com\/index.php\/2026\/03\/10\/prazo-para-entrega-de-documentos-do-prouni-2026-termina-nesta-sexta-13\/\" \/>\n<meta property=\"og:locale\" content=\"en_US\" \/>\n<meta property=\"og:type\" content=\"article\" \/>\n<meta property=\"og:title\" content=\"Prazo para entrega de documentos do PROUNI 2026 termina nesta sexta (13) -\" \/>\n<meta property=\"og:description\" content=\"Os pr\u00e9-selecionados da segunda chamada do Programa Universidade para Todos (ProUni) do primeiro semestre de 2026 dever\u00e3o entregar at\u00e9 est\u00e1 sexta-feira (13), a documenta\u00e7\u00e3o que comprove as informa\u00e7\u00f5es prestadas no momento da inscri\u00e7\u00e3o, diretamente na institui\u00e7\u00e3o privada de ensino superior em que foram selecionados.\u00a0O estudante pode comparecer \u00e0 faculdade privada para entregar a documenta\u00e7\u00e3o ou &hellip; Prazo para entrega de documentos do PROUNI 2026 termina nesta sexta (13) Read More &raquo;\" \/>\n<meta property=\"og:url\" content=\"https:\/\/sulsc.com\/index.php\/2026\/03\/10\/prazo-para-entrega-de-documentos-do-prouni-2026-termina-nesta-sexta-13\/\" \/>\n<meta property=\"article:author\" content=\"https:\/\/www.facebook.com\/profile.php?id=61559278119680\" \/>\n<meta property=\"article:published_time\" content=\"2026-03-10T17:22:22+00:00\" \/>\n<meta property=\"article:modified_time\" content=\"2026-03-10T17:24:47+00:00\" \/>\n<meta property=\"og:image\" content=\"http:\/\/sulsc.com\/wp-content\/uploads\/2024\/02\/prouni.webp\" \/>\n\t<meta property=\"og:image:width\" content=\"1170\" \/>\n\t<meta property=\"og:image:height\" content=\"700\" \/>\n\t<meta property=\"og:image:type\" content=\"image\/webp\" \/>\n<meta name=\"author\" content=\"Reda\u00e7\u00e3o Sul SC\" \/>\n<meta name=\"twitter:card\" content=\"summary_large_image\" \/>\n<meta name=\"twitter:creator\" content=\"@https:\/\/twitter.com\/PortalSulSC\" \/>\n<meta name=\"twitter:label1\" content=\"Written by\" \/>\n\t<meta name=\"twitter:data1\" content=\"Reda\u00e7\u00e3o Sul SC\" \/>\n\t<meta name=\"twitter:label2\" content=\"Est. reading time\" \/>\n\t<meta name=\"twitter:data2\" content=\"2 minutes\" \/>\n<script type=\"application\/ld+json\" class=\"yoast-schema-graph\">{\"@context\":\"https:\/\/schema.org\",\"@graph\":[{\"@type\":\"WebPage\",\"@id\":\"https:\/\/sulsc.com\/index.php\/2026\/03\/10\/prazo-para-entrega-de-documentos-do-prouni-2026-termina-nesta-sexta-13\/\",\"url\":\"https:\/\/sulsc.com\/index.php\/2026\/03\/10\/prazo-para-entrega-de-documentos-do-prouni-2026-termina-nesta-sexta-13\/\",\"name\":\"Prazo para entrega de documentos do PROUNI 2026 termina nesta sexta (13) -\",\"isPartOf\":{\"@id\":\"https:\/\/sulsc.com\/#website\"},\"datePublished\":\"2026-03-10T17:22:22+00:00\",\"dateModified\":\"2026-03-10T17:24:47+00:00\",\"author\":{\"@id\":\"https:\/\/sulsc.com\/#\/schema\/person\/84d2fc571684f6248ba83092f07750a3\"},\"breadcrumb\":{\"@id\":\"https:\/\/sulsc.com\/index.php\/2026\/03\/10\/prazo-para-entrega-de-documentos-do-prouni-2026-termina-nesta-sexta-13\/#breadcrumb\"},\"inLanguage\":\"en-US\",\"potentialAction\":[{\"@type\":\"ReadAction\",\"target\":[\"https:\/\/sulsc.com\/index.php\/2026\/03\/10\/prazo-para-entrega-de-documentos-do-prouni-2026-termina-nesta-sexta-13\/\"]}]},{\"@type\":\"BreadcrumbList\",\"@id\":\"https:\/\/sulsc.com\/index.php\/2026\/03\/10\/prazo-para-entrega-de-documentos-do-prouni-2026-termina-nesta-sexta-13\/#breadcrumb\",\"itemListElement\":[{\"@type\":\"ListItem\",\"position\":1,\"name\":\"In\u00edcio\",\"item\":\"https:\/\/sulsc.com\/\"},{\"@type\":\"ListItem\",\"position\":2,\"name\":\"Prazo para entrega de documentos do PROUNI 2026 termina nesta sexta (13)\"}]},{\"@type\":\"WebSite\",\"@id\":\"https:\/\/sulsc.com\/#website\",\"url\":\"https:\/\/sulsc.com\/\",\"name\":\"\",\"description\":\"\",\"potentialAction\":[{\"@type\":\"SearchAction\",\"target\":{\"@type\":\"EntryPoint\",\"urlTemplate\":\"https:\/\/sulsc.com\/?s={search_term_string}\"},\"query-input\":\"required name=search_term_string\"}],\"inLanguage\":\"en-US\"},{\"@type\":\"Person\",\"@id\":\"https:\/\/sulsc.com\/#\/schema\/person\/84d2fc571684f6248ba83092f07750a3\",\"name\":\"Reda\u00e7\u00e3o Sul SC\",\"image\":{\"@type\":\"ImageObject\",\"inLanguage\":\"en-US\",\"@id\":\"https:\/\/sulsc.com\/#\/schema\/person\/image\/e08d7fe2cc4ed596372063bbe852b8d0\",\"url\":\"https:\/\/sulsc.com\/wp-content\/uploads\/2023\/09\/redacao.png\",\"contentUrl\":\"https:\/\/sulsc.com\/wp-content\/uploads\/2023\/09\/redacao.png\",\"caption\":\"Reda\u00e7\u00e3o Sul SC\"},\"description\":\"Foco em um jornalismo imparcial, voltado \u00e0 qualidade dos seus conte\u00fados e, assim, levar informa\u00e7\u00e3o de valor que agregue \u00e0 vida dos leitores. Esta \u00e9 grande miss\u00e3o do Portal de Not\u00edcias Sul SC. N\u00e3o \u00e9 quantidade que muda o mundo, sempre foi e seguir\u00e1 sendo qualidade!\",\"sameAs\":[\"https:\/\/sulsc.com\/\",\"https:\/\/www.facebook.com\/profile.php?id=61559278119680\",\"https:\/\/www.instagram.com\/sulscportal\/?hl=pt-br\",\"https:\/\/twitter.com\/https:\/\/twitter.com\/PortalSulSC\",\"https:\/\/www.youtube.com\/channel\/UCv_BE8GeySluDov2n8qhVmw\"],\"url\":\"https:\/\/sulsc.com\/index.php\/author\/redacao\/\"}]}<\/script>\n<!-- \/ Yoast SEO plugin. -->","yoast_head_json":{"title":"Prazo para entrega de documentos do PROUNI 2026 termina nesta sexta (13) -","robots":{"index":"index","follow":"follow","max-snippet":"max-snippet:-1","max-image-preview":"max-image-preview:large","max-video-preview":"max-video-preview:-1"},"canonical":"https:\/\/sulsc.com\/index.php\/2026\/03\/10\/prazo-para-entrega-de-documentos-do-prouni-2026-termina-nesta-sexta-13\/","og_locale":"en_US","og_type":"article","og_title":"Prazo para entrega de documentos do PROUNI 2026 termina nesta sexta (13) -","og_description":"Os pr\u00e9-selecionados da segunda chamada do Programa Universidade para Todos (ProUni) do primeiro semestre de 2026 dever\u00e3o entregar at\u00e9 est\u00e1 sexta-feira (13), a documenta\u00e7\u00e3o que comprove as informa\u00e7\u00f5es prestadas no momento da inscri\u00e7\u00e3o, diretamente na institui\u00e7\u00e3o privada de ensino superior em que foram selecionados.\u00a0O estudante pode comparecer \u00e0 faculdade privada para entregar a documenta\u00e7\u00e3o ou &hellip; Prazo para entrega de documentos do PROUNI 2026 termina nesta sexta (13) Read More &raquo;","og_url":"https:\/\/sulsc.com\/index.php\/2026\/03\/10\/prazo-para-entrega-de-documentos-do-prouni-2026-termina-nesta-sexta-13\/","article_author":"https:\/\/www.facebook.com\/profile.php?id=61559278119680","article_published_time":"2026-03-10T17:22:22+00:00","article_modified_time":"2026-03-10T17:24:47+00:00","og_image":[{"width":1170,"height":700,"url":"http:\/\/sulsc.com\/wp-content\/uploads\/2024\/02\/prouni.webp","type":"image\/webp"}],"author":"Reda\u00e7\u00e3o Sul SC","twitter_card":"summary_large_image","twitter_creator":"@https:\/\/twitter.com\/PortalSulSC","twitter_misc":{"Written by":"Reda\u00e7\u00e3o Sul SC","Est. reading time":"2 minutes"},"schema":{"@context":"https:\/\/schema.org","@graph":[{"@type":"WebPage","@id":"https:\/\/sulsc.com\/index.php\/2026\/03\/10\/prazo-para-entrega-de-documentos-do-prouni-2026-termina-nesta-sexta-13\/","url":"https:\/\/sulsc.com\/index.php\/2026\/03\/10\/prazo-para-entrega-de-documentos-do-prouni-2026-termina-nesta-sexta-13\/","name":"Prazo para entrega de documentos do PROUNI 2026 termina nesta sexta (13) -","isPartOf":{"@id":"https:\/\/sulsc.com\/#website"},"datePublished":"2026-03-10T17:22:22+00:00","dateModified":"2026-03-10T17:24:47+00:00","author":{"@id":"https:\/\/sulsc.com\/#\/schema\/person\/84d2fc571684f6248ba83092f07750a3"},"breadcrumb":{"@id":"https:\/\/sulsc.com\/index.php\/2026\/03\/10\/prazo-para-entrega-de-documentos-do-prouni-2026-termina-nesta-sexta-13\/#breadcrumb"},"inLanguage":"en-US","potentialAction":[{"@type":"ReadAction","target":["https:\/\/sulsc.com\/index.php\/2026\/03\/10\/prazo-para-entrega-de-documentos-do-prouni-2026-termina-nesta-sexta-13\/"]}]},{"@type":"BreadcrumbList","@id":"https:\/\/sulsc.com\/index.php\/2026\/03\/10\/prazo-para-entrega-de-documentos-do-prouni-2026-termina-nesta-sexta-13\/#breadcrumb","itemListElement":[{"@type":"ListItem","position":1,"name":"In\u00edcio","item":"https:\/\/sulsc.com\/"},{"@type":"ListItem","position":2,"name":"Prazo para entrega de documentos do PROUNI 2026 termina nesta sexta (13)"}]},{"@type":"WebSite","@id":"https:\/\/sulsc.com\/#website","url":"https:\/\/sulsc.com\/","name":"","description":"","potentialAction":[{"@type":"SearchAction","target":{"@type":"EntryPoint","urlTemplate":"https:\/\/sulsc.com\/?s={search_term_string}"},"query-input":"required name=search_term_string"}],"inLanguage":"en-US"},{"@type":"Person","@id":"https:\/\/sulsc.com\/#\/schema\/person\/84d2fc571684f6248ba83092f07750a3","name":"Reda\u00e7\u00e3o Sul SC","image":{"@type":"ImageObject","inLanguage":"en-US","@id":"https:\/\/sulsc.com\/#\/schema\/person\/image\/e08d7fe2cc4ed596372063bbe852b8d0","url":"https:\/\/sulsc.com\/wp-content\/uploads\/2023\/09\/redacao.png","contentUrl":"https:\/\/sulsc.com\/wp-content\/uploads\/2023\/09\/redacao.png","caption":"Reda\u00e7\u00e3o Sul SC"},"description":"Foco em um jornalismo imparcial, voltado \u00e0 qualidade dos seus conte\u00fados e, assim, levar informa\u00e7\u00e3o de valor que agregue \u00e0 vida dos leitores. Esta \u00e9 grande miss\u00e3o do Portal de Not\u00edcias Sul SC. N\u00e3o \u00e9 quantidade que muda o mundo, sempre foi e seguir\u00e1 sendo qualidade!","sameAs":["https:\/\/sulsc.com\/","https:\/\/www.facebook.com\/profile.php?id=61559278119680","https:\/\/www.instagram.com\/sulscportal\/?hl=pt-br","https:\/\/twitter.com\/https:\/\/twitter.com\/PortalSulSC","https:\/\/www.youtube.com\/channel\/UCv_BE8GeySluDov2n8qhVmw"],"url":"https:\/\/sulsc.com\/index.php\/author\/redacao\/"}]}},"authors":[],"_links":{"self":[{"href":"https:\/\/sulsc.com\/index.php\/wp-json\/wp\/v2\/posts\/32941"}],"collection":[{"href":"https:\/\/sulsc.com\/index.php\/wp-json\/wp\/v2\/posts"}],"about":[{"href":"https:\/\/sulsc.com\/index.php\/wp-json\/wp\/v2\/types\/post"}],"author":[{"embeddable":true,"href":"https:\/\/sulsc.com\/index.php\/wp-json\/wp\/v2\/users\/3"}],"replies":[{"embeddable":true,"href":"https:\/\/sulsc.com\/index.php\/wp-json\/wp\/v2\/comments?post=32941"}],"version-history":[{"count":3,"href":"https:\/\/sulsc.com\/index.php\/wp-json\/wp\/v2\/posts\/32941\/revisions"}],"predecessor-version":[{"id":32944,"href":"https:\/\/sulsc.com\/index.php\/wp-json\/wp\/v2\/posts\/32941\/revisions\/32944"}],"wp:featuredmedia":[{"embeddable":true,"href":"https:\/\/sulsc.com\/index.php\/wp-json\/wp\/v2\/media\/8923"}],"wp:attachment":[{"href":"https:\/\/sulsc.com\/index.php\/wp-json\/wp\/v2\/media?parent=32941"}],"wp:term":[{"taxonomy":"category","embeddable":true,"href":"https:\/\/sulsc.com\/index.php\/wp-json\/wp\/v2\/categories?post=32941"},{"taxonomy":"post_tag","embeddable":true,"href":"https:\/\/sulsc.com\/index.php\/wp-json\/wp\/v2\/tags?post=32941"}],"curies":[{"name":"wp","href":"https:\/\/api.w.org\/{rel}","templated":true}]}}