{"id":32948,"date":"2026-03-10T17:47:13","date_gmt":"2026-03-10T20:47:13","guid":{"rendered":"https:\/\/sulsc.com\/?p=32948"},"modified":"2026-03-10T17:47:13","modified_gmt":"2026-03-10T20:47:13","slug":"mulheres-do-mst-ocupam-terras-contra-violencia-e-por-reforma-agraria","status":"publish","type":"post","link":"https:\/\/sulsc.com\/index.php\/2026\/03\/10\/mulheres-do-mst-ocupam-terras-contra-violencia-e-por-reforma-agraria\/","title":{"rendered":"Mulheres do MST ocupam terras, contra viol\u00eancia e por reforma agr\u00e1ria"},"content":{"rendered":"<p>Mulheres do Movimento dos Trabalhadores Rurais Sem Terra (MST) ocupam, desde o \u00faltimo dia 8, latif\u00fandios em sete estados: Rio Grande do Sul, S\u00e3o Paulo, Esp\u00edrito Santo, Goi\u00e1s, Pernambuco, Piau\u00ed e Tocantins. Segundo o movimento as ocupa\u00e7\u00f5es s\u00e3o em defesa de uma reforma agr\u00e1ria popular e contra a viol\u00eancia de g\u00eanero.<\/p>\n<div id=\"metaslider-id-25573\" style=\"width: 100%;\" class=\"ml-slider-3-99-0 metaslider metaslider-flex metaslider-25573 ml-slider has-onhover-arrows ms-theme-default-base has-dots-nav\" role=\"region\" aria-label=\"Meio\" data-width=\"1200\">\n    <div id=\"metaslider_container_25573\">\n        <div id=\"metaslider_25573\">\n            <ul class='slides'>\n                <li style=\"display: block; width: 100%;\" class=\"slide-25684 ms-image \" aria-roledescription=\"slide\" data-date=\"2025-07-24 07:55:40\"><img src=\"https:\/\/sulsc.com\/wp-content\/uploads\/2025\/07\/Marr-2-1000x166.jpg\" height=\"200\" width=\"1200\" alt=\"\" class=\"slider-25573 slide-25684 msDefaultImage\" title=\"Marr 2\" \/><\/li>\n                <li style=\"display: none; width: 100%;\" class=\"slide-32412 ms-image \" aria-roledescription=\"slide\" data-date=\"2026-02-18 13:59:46\"><img src=\"https:\/\/sulsc.com\/wp-content\/uploads\/2026\/02\/40dc1580-cad5-4867-bc58-c4243821ad38-1000x166.jpeg\" height=\"200\" width=\"1200\" alt=\"\" class=\"slider-25573 slide-32412 msDefaultImage\" title=\"40dc1580-cad5-4867-bc58-c4243821ad38\" \/><\/li>\n                <li style=\"display: none; width: 100%;\" class=\"slide-32766 ms-image \" aria-roledescription=\"slide\" data-date=\"2026-03-03 17:22:59\"><img src=\"https:\/\/sulsc.com\/wp-content\/uploads\/2026\/03\/271ce739-f268-41c5-8051-3de1a1750359-1000x166.jpeg\" height=\"200\" width=\"1200\" alt=\"\" class=\"slider-25573 slide-32766 msDefaultImage\" title=\"271ce739-f268-41c5-8051-3de1a1750359\" \/><\/li>\n            <\/ul>\n        <\/div>\n        \n    <\/div>\n<\/div>\n<p>A a\u00e7\u00e3o faz parte da Jornada Nacional de Lutas das Mulheres do MST. De acordo com o movimento, as nove propriedades ocupadas s\u00e3o latif\u00fandios onde ocorreram crimes como pr\u00e1tica do trabalho escravo, grilagem de terras ou devasta\u00e7\u00e3o ambiental.<\/p>\n<p>\u201cA jornada tem expressado aquilo que pode ser as mulheres organizadas enfrentando os crimes do latif\u00fandio e tamb\u00e9m enfrentando essa escalada de viol\u00eancia contra as mulheres, legitimada muito por esse discurso conservador e pelo avan\u00e7o da extrema direita em nossa sociedade\u201d, destacou Ayala Ferreira, da coordena\u00e7\u00e3o nacional do MST.<\/p>\n<p>Al\u00e9m das ocupa\u00e7\u00f5es, a jornada tamb\u00e9m tem feito marchas, bloqueios de estradas e atos pedindo reforma agr\u00e1ria e o fim das viol\u00eancias. As a\u00e7\u00f5es ocorreram em 13 estados e 23 munic\u00edpios.<\/p>\n<p>&#8220;N\u00f3s estamos, nesse exato momento, em processos de ocupa\u00e7\u00e3o de latif\u00fandios, de bloqueio de rodovias, de marchas, em processos de di\u00e1logos e de forma\u00e7\u00e3o com outras companheiras e companheiras de outros movimentos urbanos e tamb\u00e9m rurais, tentando expressar o que pode ser a capacidade de organizar e de resistir das mulheres da classe trabalhadora\u201d, acrescentou Ferreira.<\/p>\n<p><img fetchpriority=\"high\" decoding=\"async\" class=\"aligncenter size-full wp-image-32950\" src=\"http:\/\/sulsc.com\/wp-content\/uploads\/2026\/03\/mst-to-768x512-1.jpeg\" alt=\"\" width=\"1170\" height=\"700\" srcset=\"https:\/\/sulsc.com\/wp-content\/uploads\/2026\/03\/mst-to-768x512-1.jpeg 1170w, https:\/\/sulsc.com\/wp-content\/uploads\/2026\/03\/mst-to-768x512-1-300x179.jpeg 300w, https:\/\/sulsc.com\/wp-content\/uploads\/2026\/03\/mst-to-768x512-1-1024x613.jpeg 1024w, https:\/\/sulsc.com\/wp-content\/uploads\/2026\/03\/mst-to-768x512-1-768x459.jpeg 768w\" sizes=\"(max-width: 1170px) 100vw, 1170px\" \/><\/p>\n<p>MST\/Divulga\u00e7\u00e3o<\/p>\n","protected":false},"excerpt":{"rendered":"<p>Mulheres do Movimento dos Trabalhadores Rurais Sem Terra (MST) ocupam, desde o \u00faltimo dia 8, latif\u00fandios em sete estados: Rio Grande do Sul, S\u00e3o Paulo, Esp\u00edrito Santo, Goi\u00e1s, Pernambuco, Piau\u00ed e Tocantins. Segundo o movimento as ocupa\u00e7\u00f5es s\u00e3o em defesa de uma reforma agr\u00e1ria popular e contra a viol\u00eancia de g\u00eanero. A a\u00e7\u00e3o faz parte &hellip;<\/p>\n<p class=\"read-more\"> <a class=\"\" href=\"https:\/\/sulsc.com\/index.php\/2026\/03\/10\/mulheres-do-mst-ocupam-terras-contra-violencia-e-por-reforma-agraria\/\"> <span class=\"screen-reader-text\">Mulheres do MST ocupam terras, contra viol\u00eancia e por reforma agr\u00e1ria<\/span> Read More &raquo;<\/a><\/p>\n","protected":false},"author":3,"featured_media":32950,"comment_status":"open","ping_status":"open","sticky":false,"template":"","format":"standard","meta":{"site-sidebar-layout":"default","site-content-layout":"","ast-site-content-layout":"default","site-content-style":"default","site-sidebar-style":"default","ast-global-header-display":"","ast-banner-title-visibility":"","ast-main-header-display":"","ast-hfb-above-header-display":"","ast-hfb-below-header-display":"","ast-hfb-mobile-header-display":"","site-post-title":"","ast-breadcrumbs-content":"","ast-featured-img":"","footer-sml-layout":"","theme-transparent-header-meta":"default","adv-header-id-meta":"","stick-header-meta":"","header-above-stick-meta":"","header-main-stick-meta":"","header-below-stick-meta":"","astra-migrate-meta-layouts":"set","footnotes":""},"categories":[1,15,12],"tags":[2843],"yoast_head":"<!-- This site is optimized with the Yoast SEO plugin v21.4 - https:\/\/yoast.com\/wordpress\/plugins\/seo\/ -->\n<title>Mulheres do MST ocupam terras, contra viol\u00eancia e por reforma agr\u00e1ria -<\/title>\n<meta name=\"robots\" content=\"index, follow, max-snippet:-1, max-image-preview:large, max-video-preview:-1\" \/>\n<link rel=\"canonical\" href=\"https:\/\/sulsc.com\/index.php\/2026\/03\/10\/mulheres-do-mst-ocupam-terras-contra-violencia-e-por-reforma-agraria\/\" \/>\n<meta property=\"og:locale\" content=\"en_US\" \/>\n<meta property=\"og:type\" content=\"article\" \/>\n<meta property=\"og:title\" content=\"Mulheres do MST ocupam terras, contra viol\u00eancia e por reforma agr\u00e1ria -\" \/>\n<meta property=\"og:description\" content=\"Mulheres do Movimento dos Trabalhadores Rurais Sem Terra (MST) ocupam, desde o \u00faltimo dia 8, latif\u00fandios em sete estados: Rio Grande do Sul, S\u00e3o Paulo, Esp\u00edrito Santo, Goi\u00e1s, Pernambuco, Piau\u00ed e Tocantins. Segundo o movimento as ocupa\u00e7\u00f5es s\u00e3o em defesa de uma reforma agr\u00e1ria popular e contra a viol\u00eancia de g\u00eanero. A a\u00e7\u00e3o faz parte &hellip; Mulheres do MST ocupam terras, contra viol\u00eancia e por reforma agr\u00e1ria Read More &raquo;\" \/>\n<meta property=\"og:url\" content=\"https:\/\/sulsc.com\/index.php\/2026\/03\/10\/mulheres-do-mst-ocupam-terras-contra-violencia-e-por-reforma-agraria\/\" \/>\n<meta property=\"article:author\" content=\"https:\/\/www.facebook.com\/profile.php?id=61559278119680\" \/>\n<meta property=\"article:published_time\" content=\"2026-03-10T20:47:13+00:00\" \/>\n<meta property=\"og:image\" content=\"http:\/\/sulsc.com\/wp-content\/uploads\/2026\/03\/mst-to-768x512-1.jpeg\" \/>\n\t<meta property=\"og:image:width\" content=\"1170\" \/>\n\t<meta property=\"og:image:height\" content=\"700\" \/>\n\t<meta property=\"og:image:type\" content=\"image\/jpeg\" \/>\n<meta name=\"author\" content=\"Reda\u00e7\u00e3o Sul SC\" \/>\n<meta name=\"twitter:card\" content=\"summary_large_image\" \/>\n<meta name=\"twitter:creator\" content=\"@https:\/\/twitter.com\/PortalSulSC\" \/>\n<meta name=\"twitter:label1\" content=\"Written by\" \/>\n\t<meta name=\"twitter:data1\" content=\"Reda\u00e7\u00e3o Sul SC\" \/>\n\t<meta name=\"twitter:label2\" content=\"Est. reading time\" \/>\n\t<meta name=\"twitter:data2\" content=\"2 minutes\" \/>\n<script type=\"application\/ld+json\" class=\"yoast-schema-graph\">{\"@context\":\"https:\/\/schema.org\",\"@graph\":[{\"@type\":\"WebPage\",\"@id\":\"https:\/\/sulsc.com\/index.php\/2026\/03\/10\/mulheres-do-mst-ocupam-terras-contra-violencia-e-por-reforma-agraria\/\",\"url\":\"https:\/\/sulsc.com\/index.php\/2026\/03\/10\/mulheres-do-mst-ocupam-terras-contra-violencia-e-por-reforma-agraria\/\",\"name\":\"Mulheres do MST ocupam terras, contra viol\u00eancia e por reforma agr\u00e1ria -\",\"isPartOf\":{\"@id\":\"https:\/\/sulsc.com\/#website\"},\"datePublished\":\"2026-03-10T20:47:13+00:00\",\"dateModified\":\"2026-03-10T20:47:13+00:00\",\"author\":{\"@id\":\"https:\/\/sulsc.com\/#\/schema\/person\/84d2fc571684f6248ba83092f07750a3\"},\"breadcrumb\":{\"@id\":\"https:\/\/sulsc.com\/index.php\/2026\/03\/10\/mulheres-do-mst-ocupam-terras-contra-violencia-e-por-reforma-agraria\/#breadcrumb\"},\"inLanguage\":\"en-US\",\"potentialAction\":[{\"@type\":\"ReadAction\",\"target\":[\"https:\/\/sulsc.com\/index.php\/2026\/03\/10\/mulheres-do-mst-ocupam-terras-contra-violencia-e-por-reforma-agraria\/\"]}]},{\"@type\":\"BreadcrumbList\",\"@id\":\"https:\/\/sulsc.com\/index.php\/2026\/03\/10\/mulheres-do-mst-ocupam-terras-contra-violencia-e-por-reforma-agraria\/#breadcrumb\",\"itemListElement\":[{\"@type\":\"ListItem\",\"position\":1,\"name\":\"In\u00edcio\",\"item\":\"https:\/\/sulsc.com\/\"},{\"@type\":\"ListItem\",\"position\":2,\"name\":\"Mulheres do MST ocupam terras, contra viol\u00eancia e por reforma agr\u00e1ria\"}]},{\"@type\":\"WebSite\",\"@id\":\"https:\/\/sulsc.com\/#website\",\"url\":\"https:\/\/sulsc.com\/\",\"name\":\"\",\"description\":\"\",\"potentialAction\":[{\"@type\":\"SearchAction\",\"target\":{\"@type\":\"EntryPoint\",\"urlTemplate\":\"https:\/\/sulsc.com\/?s={search_term_string}\"},\"query-input\":\"required name=search_term_string\"}],\"inLanguage\":\"en-US\"},{\"@type\":\"Person\",\"@id\":\"https:\/\/sulsc.com\/#\/schema\/person\/84d2fc571684f6248ba83092f07750a3\",\"name\":\"Reda\u00e7\u00e3o Sul SC\",\"image\":{\"@type\":\"ImageObject\",\"inLanguage\":\"en-US\",\"@id\":\"https:\/\/sulsc.com\/#\/schema\/person\/image\/e08d7fe2cc4ed596372063bbe852b8d0\",\"url\":\"https:\/\/sulsc.com\/wp-content\/uploads\/2023\/09\/redacao.png\",\"contentUrl\":\"https:\/\/sulsc.com\/wp-content\/uploads\/2023\/09\/redacao.png\",\"caption\":\"Reda\u00e7\u00e3o Sul SC\"},\"description\":\"Foco em um jornalismo imparcial, voltado \u00e0 qualidade dos seus conte\u00fados e, assim, levar informa\u00e7\u00e3o de valor que agregue \u00e0 vida dos leitores. Esta \u00e9 grande miss\u00e3o do Portal de Not\u00edcias Sul SC. N\u00e3o \u00e9 quantidade que muda o mundo, sempre foi e seguir\u00e1 sendo qualidade!\",\"sameAs\":[\"https:\/\/sulsc.com\/\",\"https:\/\/www.facebook.com\/profile.php?id=61559278119680\",\"https:\/\/www.instagram.com\/sulscportal\/?hl=pt-br\",\"https:\/\/twitter.com\/https:\/\/twitter.com\/PortalSulSC\",\"https:\/\/www.youtube.com\/channel\/UCv_BE8GeySluDov2n8qhVmw\"],\"url\":\"https:\/\/sulsc.com\/index.php\/author\/redacao\/\"}]}<\/script>\n<!-- \/ Yoast SEO plugin. -->","yoast_head_json":{"title":"Mulheres do MST ocupam terras, contra viol\u00eancia e por reforma agr\u00e1ria -","robots":{"index":"index","follow":"follow","max-snippet":"max-snippet:-1","max-image-preview":"max-image-preview:large","max-video-preview":"max-video-preview:-1"},"canonical":"https:\/\/sulsc.com\/index.php\/2026\/03\/10\/mulheres-do-mst-ocupam-terras-contra-violencia-e-por-reforma-agraria\/","og_locale":"en_US","og_type":"article","og_title":"Mulheres do MST ocupam terras, contra viol\u00eancia e por reforma agr\u00e1ria -","og_description":"Mulheres do Movimento dos Trabalhadores Rurais Sem Terra (MST) ocupam, desde o \u00faltimo dia 8, latif\u00fandios em sete estados: Rio Grande do Sul, S\u00e3o Paulo, Esp\u00edrito Santo, Goi\u00e1s, Pernambuco, Piau\u00ed e Tocantins. Segundo o movimento as ocupa\u00e7\u00f5es s\u00e3o em defesa de uma reforma agr\u00e1ria popular e contra a viol\u00eancia de g\u00eanero. A a\u00e7\u00e3o faz parte &hellip; Mulheres do MST ocupam terras, contra viol\u00eancia e por reforma agr\u00e1ria Read More &raquo;","og_url":"https:\/\/sulsc.com\/index.php\/2026\/03\/10\/mulheres-do-mst-ocupam-terras-contra-violencia-e-por-reforma-agraria\/","article_author":"https:\/\/www.facebook.com\/profile.php?id=61559278119680","article_published_time":"2026-03-10T20:47:13+00:00","og_image":[{"width":1170,"height":700,"url":"http:\/\/sulsc.com\/wp-content\/uploads\/2026\/03\/mst-to-768x512-1.jpeg","type":"image\/jpeg"}],"author":"Reda\u00e7\u00e3o Sul SC","twitter_card":"summary_large_image","twitter_creator":"@https:\/\/twitter.com\/PortalSulSC","twitter_misc":{"Written by":"Reda\u00e7\u00e3o Sul SC","Est. reading time":"2 minutes"},"schema":{"@context":"https:\/\/schema.org","@graph":[{"@type":"WebPage","@id":"https:\/\/sulsc.com\/index.php\/2026\/03\/10\/mulheres-do-mst-ocupam-terras-contra-violencia-e-por-reforma-agraria\/","url":"https:\/\/sulsc.com\/index.php\/2026\/03\/10\/mulheres-do-mst-ocupam-terras-contra-violencia-e-por-reforma-agraria\/","name":"Mulheres do MST ocupam terras, contra viol\u00eancia e por reforma agr\u00e1ria -","isPartOf":{"@id":"https:\/\/sulsc.com\/#website"},"datePublished":"2026-03-10T20:47:13+00:00","dateModified":"2026-03-10T20:47:13+00:00","author":{"@id":"https:\/\/sulsc.com\/#\/schema\/person\/84d2fc571684f6248ba83092f07750a3"},"breadcrumb":{"@id":"https:\/\/sulsc.com\/index.php\/2026\/03\/10\/mulheres-do-mst-ocupam-terras-contra-violencia-e-por-reforma-agraria\/#breadcrumb"},"inLanguage":"en-US","potentialAction":[{"@type":"ReadAction","target":["https:\/\/sulsc.com\/index.php\/2026\/03\/10\/mulheres-do-mst-ocupam-terras-contra-violencia-e-por-reforma-agraria\/"]}]},{"@type":"BreadcrumbList","@id":"https:\/\/sulsc.com\/index.php\/2026\/03\/10\/mulheres-do-mst-ocupam-terras-contra-violencia-e-por-reforma-agraria\/#breadcrumb","itemListElement":[{"@type":"ListItem","position":1,"name":"In\u00edcio","item":"https:\/\/sulsc.com\/"},{"@type":"ListItem","position":2,"name":"Mulheres do MST ocupam terras, contra viol\u00eancia e por reforma agr\u00e1ria"}]},{"@type":"WebSite","@id":"https:\/\/sulsc.com\/#website","url":"https:\/\/sulsc.com\/","name":"","description":"","potentialAction":[{"@type":"SearchAction","target":{"@type":"EntryPoint","urlTemplate":"https:\/\/sulsc.com\/?s={search_term_string}"},"query-input":"required name=search_term_string"}],"inLanguage":"en-US"},{"@type":"Person","@id":"https:\/\/sulsc.com\/#\/schema\/person\/84d2fc571684f6248ba83092f07750a3","name":"Reda\u00e7\u00e3o Sul SC","image":{"@type":"ImageObject","inLanguage":"en-US","@id":"https:\/\/sulsc.com\/#\/schema\/person\/image\/e08d7fe2cc4ed596372063bbe852b8d0","url":"https:\/\/sulsc.com\/wp-content\/uploads\/2023\/09\/redacao.png","contentUrl":"https:\/\/sulsc.com\/wp-content\/uploads\/2023\/09\/redacao.png","caption":"Reda\u00e7\u00e3o Sul SC"},"description":"Foco em um jornalismo imparcial, voltado \u00e0 qualidade dos seus conte\u00fados e, assim, levar informa\u00e7\u00e3o de valor que agregue \u00e0 vida dos leitores. Esta \u00e9 grande miss\u00e3o do Portal de Not\u00edcias Sul SC. N\u00e3o \u00e9 quantidade que muda o mundo, sempre foi e seguir\u00e1 sendo qualidade!","sameAs":["https:\/\/sulsc.com\/","https:\/\/www.facebook.com\/profile.php?id=61559278119680","https:\/\/www.instagram.com\/sulscportal\/?hl=pt-br","https:\/\/twitter.com\/https:\/\/twitter.com\/PortalSulSC","https:\/\/www.youtube.com\/channel\/UCv_BE8GeySluDov2n8qhVmw"],"url":"https:\/\/sulsc.com\/index.php\/author\/redacao\/"}]}},"authors":[],"_links":{"self":[{"href":"https:\/\/sulsc.com\/index.php\/wp-json\/wp\/v2\/posts\/32948"}],"collection":[{"href":"https:\/\/sulsc.com\/index.php\/wp-json\/wp\/v2\/posts"}],"about":[{"href":"https:\/\/sulsc.com\/index.php\/wp-json\/wp\/v2\/types\/post"}],"author":[{"embeddable":true,"href":"https:\/\/sulsc.com\/index.php\/wp-json\/wp\/v2\/users\/3"}],"replies":[{"embeddable":true,"href":"https:\/\/sulsc.com\/index.php\/wp-json\/wp\/v2\/comments?post=32948"}],"version-history":[{"count":1,"href":"https:\/\/sulsc.com\/index.php\/wp-json\/wp\/v2\/posts\/32948\/revisions"}],"predecessor-version":[{"id":32951,"href":"https:\/\/sulsc.com\/index.php\/wp-json\/wp\/v2\/posts\/32948\/revisions\/32951"}],"wp:featuredmedia":[{"embeddable":true,"href":"https:\/\/sulsc.com\/index.php\/wp-json\/wp\/v2\/media\/32950"}],"wp:attachment":[{"href":"https:\/\/sulsc.com\/index.php\/wp-json\/wp\/v2\/media?parent=32948"}],"wp:term":[{"taxonomy":"category","embeddable":true,"href":"https:\/\/sulsc.com\/index.php\/wp-json\/wp\/v2\/categories?post=32948"},{"taxonomy":"post_tag","embeddable":true,"href":"https:\/\/sulsc.com\/index.php\/wp-json\/wp\/v2\/tags?post=32948"}],"curies":[{"name":"wp","href":"https:\/\/api.w.org\/{rel}","templated":true}]}}