{"id":32952,"date":"2026-03-11T07:17:47","date_gmt":"2026-03-11T10:17:47","guid":{"rendered":"https:\/\/sulsc.com\/?p=32952"},"modified":"2026-03-11T07:17:47","modified_gmt":"2026-03-11T10:17:47","slug":"quarta-feira-11-com-tempo-instavel-e-pancadas-de-chuva-com-maximas-de-26oc-no-litoral-sul","status":"publish","type":"post","link":"https:\/\/sulsc.com\/index.php\/2026\/03\/11\/quarta-feira-11-com-tempo-instavel-e-pancadas-de-chuva-com-maximas-de-26oc-no-litoral-sul\/","title":{"rendered":"Quarta-feira (11) com tempo inst\u00e1vel e pancadas de chuva com m\u00e1ximas de 26\u00baC no litoral sul"},"content":{"rendered":"<p><strong>Nesta quarta-feira (11),<\/strong> do Litoral Sul ao Extremo Oeste, a chuva ocorre na forma de pancadas e temporais, com raios, rajadas de vento e eventual granizo, devido ao calor combinado a umidade dispon\u00edvel e a forma\u00e7\u00e3o de um sistema de baixa press\u00e3o no RS, que ocorre entre a tarde e \u00e0 noite. J\u00e1 do no Litoral e Vale do Itaja\u00ed, a chuva continua a ocorrer de forma mais persistente,\u00a0ainda por influ\u00eancia da circula\u00e7\u00e3o mar\u00edtima.<\/p>\n<div id=\"metaslider-id-25573\" style=\"width: 100%;\" class=\"ml-slider-3-99-0 metaslider metaslider-flex metaslider-25573 ml-slider has-onhover-arrows ms-theme-default-base has-dots-nav\" role=\"region\" aria-label=\"Meio\" data-width=\"1200\">\n    <div id=\"metaslider_container_25573\">\n        <div id=\"metaslider_25573\">\n            <ul class='slides'>\n                <li style=\"display: block; width: 100%;\" class=\"slide-25684 ms-image \" aria-roledescription=\"slide\" data-date=\"2025-07-24 07:55:40\"><img src=\"https:\/\/sulsc.com\/wp-content\/uploads\/2025\/07\/Marr-2-1000x166.jpg\" height=\"200\" width=\"1200\" alt=\"\" class=\"slider-25573 slide-25684 msDefaultImage\" title=\"Marr 2\" \/><\/li>\n                <li style=\"display: none; width: 100%;\" class=\"slide-32412 ms-image \" aria-roledescription=\"slide\" data-date=\"2026-02-18 13:59:46\"><img src=\"https:\/\/sulsc.com\/wp-content\/uploads\/2026\/02\/40dc1580-cad5-4867-bc58-c4243821ad38-1000x166.jpeg\" height=\"200\" width=\"1200\" alt=\"\" class=\"slider-25573 slide-32412 msDefaultImage\" title=\"40dc1580-cad5-4867-bc58-c4243821ad38\" \/><\/li>\n                <li style=\"display: none; width: 100%;\" class=\"slide-32766 ms-image \" aria-roledescription=\"slide\" data-date=\"2026-03-03 17:22:59\"><img src=\"https:\/\/sulsc.com\/wp-content\/uploads\/2026\/03\/271ce739-f268-41c5-8051-3de1a1750359-1000x166.jpeg\" height=\"200\" width=\"1200\" alt=\"\" class=\"slider-25573 slide-32766 msDefaultImage\" title=\"271ce739-f268-41c5-8051-3de1a1750359\" \/><\/li>\n            <\/ul>\n        <\/div>\n        \n    <\/div>\n<\/div>\n<p>O risco \u00e9 moderado para ocorr\u00eancias associadas a alagamentos, danos na rede el\u00e9trica, queda de galhos e \u00e1rvores e destelhamentos. As temperaturas m\u00e1ximas \u00e0 tarde variam entre 27 e 32\u00b0C no Grande Oeste e Litoral Sul e de 20 a 26\u00b0C no restante do estado. Mar agitado com ondas de sudeste de 2,0 a 2,5 metros, com risco moderado para ocorr\u00eancias associadas \u00e0 agita\u00e7\u00e3o mar\u00edtima.<\/p>\n<p><strong>Temperaturas<\/strong><\/p>\n<p>As temperaturas m\u00e1ximas \u00e0 tarde variam entre 27 e 32\u00b0C no Grande Oeste e Litoral Sul e de 20 a 26\u00b0C no restante do estado. Mar agitado com ondas de sudeste de 2,0 a 2,5 metros, com risco moderado para ocorr\u00eancias associadas \u00e0 agita\u00e7\u00e3o mar\u00edtima.<\/p>\n<p><img fetchpriority=\"high\" decoding=\"async\" class=\"aligncenter size-full wp-image-32953\" src=\"http:\/\/sulsc.com\/wp-content\/uploads\/2026\/03\/Captura-de-tela-2026-03-09-020626-1024x702-1.png\" alt=\"\" width=\"1024\" height=\"702\" srcset=\"https:\/\/sulsc.com\/wp-content\/uploads\/2026\/03\/Captura-de-tela-2026-03-09-020626-1024x702-1.png 1024w, https:\/\/sulsc.com\/wp-content\/uploads\/2026\/03\/Captura-de-tela-2026-03-09-020626-1024x702-1-300x206.png 300w, https:\/\/sulsc.com\/wp-content\/uploads\/2026\/03\/Captura-de-tela-2026-03-09-020626-1024x702-1-768x527.png 768w\" sizes=\"(max-width: 1024px) 100vw, 1024px\" \/><\/p>\n<p><img decoding=\"async\" class=\"aligncenter size-full wp-image-32890\" src=\"http:\/\/sulsc.com\/wp-content\/uploads\/2026\/03\/Captura-de-tela-2026-03-07-023821-1024x219-1.png\" alt=\"\" width=\"1024\" height=\"219\" srcset=\"https:\/\/sulsc.com\/wp-content\/uploads\/2026\/03\/Captura-de-tela-2026-03-07-023821-1024x219-1.png 1024w, https:\/\/sulsc.com\/wp-content\/uploads\/2026\/03\/Captura-de-tela-2026-03-07-023821-1024x219-1-300x64.png 300w, https:\/\/sulsc.com\/wp-content\/uploads\/2026\/03\/Captura-de-tela-2026-03-07-023821-1024x219-1-768x164.png 768w\" sizes=\"(max-width: 1024px) 100vw, 1024px\" \/><\/p>\n<p><strong>Ventos:<\/strong> de leste a nordeste, fraco a moderado.<\/p>\n<p><strong>Sistema predominante:<\/strong> alta press\u00e3o, com centro no litoral da Argentina, favorecendo a circula\u00e7\u00e3o mar\u00edtima no leste de SC. Cavado (\u00e1rea de baixa press\u00e3o) no RS.<\/p>\n<p><strong>Quinta-feira (12)<\/strong> na Grande Florian\u00f3polis e norte de SC, varia\u00e7\u00e3o de nuvens e chuva isolada, alternando com per\u00edodos de melhoria. Nas demais regi\u00f5es, maior presen\u00e7a de sol e condi\u00e7\u00f5es de chuva e temporais isolados \u00e0 tarde, devido a forma\u00e7\u00e3o de um sistema de baixa press\u00e3o no RS. Eleva\u00e7\u00e3o nas temperaturas, com m\u00e1ximas pr\u00f3ximas e acima de 30\u00baC.<\/p>\n<p>Fontes: Defesa Civil-SC\/Epagri-Ciram<\/p>\n","protected":false},"excerpt":{"rendered":"<p>Nesta quarta-feira (11), do Litoral Sul ao Extremo Oeste, a chuva ocorre na forma de pancadas e temporais, com raios, rajadas de vento e eventual granizo, devido ao calor combinado a umidade dispon\u00edvel e a forma\u00e7\u00e3o de um sistema de baixa press\u00e3o no RS, que ocorre entre a tarde e \u00e0 noite. J\u00e1 do no &hellip;<\/p>\n<p class=\"read-more\"> <a class=\"\" href=\"https:\/\/sulsc.com\/index.php\/2026\/03\/11\/quarta-feira-11-com-tempo-instavel-e-pancadas-de-chuva-com-maximas-de-26oc-no-litoral-sul\/\"> <span class=\"screen-reader-text\">Quarta-feira (11) com tempo inst\u00e1vel e pancadas de chuva com m\u00e1ximas de 26\u00baC no litoral sul<\/span> Read More &raquo;<\/a><\/p>\n","protected":false},"author":3,"featured_media":14267,"comment_status":"open","ping_status":"open","sticky":false,"template":"","format":"standard","meta":{"site-sidebar-layout":"default","site-content-layout":"","ast-site-content-layout":"default","site-content-style":"default","site-sidebar-style":"default","ast-global-header-display":"","ast-banner-title-visibility":"","ast-main-header-display":"","ast-hfb-above-header-display":"","ast-hfb-below-header-display":"","ast-hfb-mobile-header-display":"","site-post-title":"","ast-breadcrumbs-content":"","ast-featured-img":"","footer-sml-layout":"","theme-transparent-header-meta":"default","adv-header-id-meta":"","stick-header-meta":"","header-above-stick-meta":"","header-main-stick-meta":"","header-below-stick-meta":"","astra-migrate-meta-layouts":"set","footnotes":""},"categories":[1,14,38,12],"tags":[1013],"yoast_head":"<!-- This site is optimized with the Yoast SEO plugin v21.4 - https:\/\/yoast.com\/wordpress\/plugins\/seo\/ -->\n<title>Quarta-feira (11) com tempo inst\u00e1vel e pancadas de chuva com m\u00e1ximas de 26\u00baC no litoral sul -<\/title>\n<meta name=\"robots\" content=\"index, follow, max-snippet:-1, max-image-preview:large, max-video-preview:-1\" \/>\n<link rel=\"canonical\" href=\"https:\/\/sulsc.com\/index.php\/2026\/03\/11\/quarta-feira-11-com-tempo-instavel-e-pancadas-de-chuva-com-maximas-de-26oc-no-litoral-sul\/\" \/>\n<meta property=\"og:locale\" content=\"en_US\" \/>\n<meta property=\"og:type\" content=\"article\" \/>\n<meta property=\"og:title\" content=\"Quarta-feira (11) com tempo inst\u00e1vel e pancadas de chuva com m\u00e1ximas de 26\u00baC no litoral sul -\" \/>\n<meta property=\"og:description\" content=\"Nesta quarta-feira (11), do Litoral Sul ao Extremo Oeste, a chuva ocorre na forma de pancadas e temporais, com raios, rajadas de vento e eventual granizo, devido ao calor combinado a umidade dispon\u00edvel e a forma\u00e7\u00e3o de um sistema de baixa press\u00e3o no RS, que ocorre entre a tarde e \u00e0 noite. J\u00e1 do no &hellip; Quarta-feira (11) com tempo inst\u00e1vel e pancadas de chuva com m\u00e1ximas de 26\u00baC no litoral sul Read More &raquo;\" \/>\n<meta property=\"og:url\" content=\"https:\/\/sulsc.com\/index.php\/2026\/03\/11\/quarta-feira-11-com-tempo-instavel-e-pancadas-de-chuva-com-maximas-de-26oc-no-litoral-sul\/\" \/>\n<meta property=\"article:author\" content=\"https:\/\/www.facebook.com\/profile.php?id=61559278119680\" \/>\n<meta property=\"article:published_time\" content=\"2026-03-11T10:17:47+00:00\" \/>\n<meta property=\"og:image\" content=\"http:\/\/sulsc.com\/wp-content\/uploads\/2024\/07\/tempo-nublado-5.jpeg\" \/>\n\t<meta property=\"og:image:width\" content=\"1600\" \/>\n\t<meta property=\"og:image:height\" content=\"719\" \/>\n\t<meta property=\"og:image:type\" content=\"image\/jpeg\" \/>\n<meta name=\"author\" content=\"Reda\u00e7\u00e3o Sul SC\" \/>\n<meta name=\"twitter:card\" content=\"summary_large_image\" \/>\n<meta name=\"twitter:creator\" content=\"@https:\/\/twitter.com\/PortalSulSC\" \/>\n<meta name=\"twitter:label1\" content=\"Written by\" \/>\n\t<meta name=\"twitter:data1\" content=\"Reda\u00e7\u00e3o Sul SC\" \/>\n\t<meta name=\"twitter:label2\" content=\"Est. reading time\" \/>\n\t<meta name=\"twitter:data2\" content=\"2 minutes\" \/>\n<script type=\"application\/ld+json\" class=\"yoast-schema-graph\">{\"@context\":\"https:\/\/schema.org\",\"@graph\":[{\"@type\":\"WebPage\",\"@id\":\"https:\/\/sulsc.com\/index.php\/2026\/03\/11\/quarta-feira-11-com-tempo-instavel-e-pancadas-de-chuva-com-maximas-de-26oc-no-litoral-sul\/\",\"url\":\"https:\/\/sulsc.com\/index.php\/2026\/03\/11\/quarta-feira-11-com-tempo-instavel-e-pancadas-de-chuva-com-maximas-de-26oc-no-litoral-sul\/\",\"name\":\"Quarta-feira (11) com tempo inst\u00e1vel e pancadas de chuva com m\u00e1ximas de 26\u00baC no litoral sul -\",\"isPartOf\":{\"@id\":\"https:\/\/sulsc.com\/#website\"},\"datePublished\":\"2026-03-11T10:17:47+00:00\",\"dateModified\":\"2026-03-11T10:17:47+00:00\",\"author\":{\"@id\":\"https:\/\/sulsc.com\/#\/schema\/person\/84d2fc571684f6248ba83092f07750a3\"},\"breadcrumb\":{\"@id\":\"https:\/\/sulsc.com\/index.php\/2026\/03\/11\/quarta-feira-11-com-tempo-instavel-e-pancadas-de-chuva-com-maximas-de-26oc-no-litoral-sul\/#breadcrumb\"},\"inLanguage\":\"en-US\",\"potentialAction\":[{\"@type\":\"ReadAction\",\"target\":[\"https:\/\/sulsc.com\/index.php\/2026\/03\/11\/quarta-feira-11-com-tempo-instavel-e-pancadas-de-chuva-com-maximas-de-26oc-no-litoral-sul\/\"]}]},{\"@type\":\"BreadcrumbList\",\"@id\":\"https:\/\/sulsc.com\/index.php\/2026\/03\/11\/quarta-feira-11-com-tempo-instavel-e-pancadas-de-chuva-com-maximas-de-26oc-no-litoral-sul\/#breadcrumb\",\"itemListElement\":[{\"@type\":\"ListItem\",\"position\":1,\"name\":\"In\u00edcio\",\"item\":\"https:\/\/sulsc.com\/\"},{\"@type\":\"ListItem\",\"position\":2,\"name\":\"Quarta-feira (11) com tempo inst\u00e1vel e pancadas de chuva com m\u00e1ximas de 26\u00baC no litoral sul\"}]},{\"@type\":\"WebSite\",\"@id\":\"https:\/\/sulsc.com\/#website\",\"url\":\"https:\/\/sulsc.com\/\",\"name\":\"\",\"description\":\"\",\"potentialAction\":[{\"@type\":\"SearchAction\",\"target\":{\"@type\":\"EntryPoint\",\"urlTemplate\":\"https:\/\/sulsc.com\/?s={search_term_string}\"},\"query-input\":\"required name=search_term_string\"}],\"inLanguage\":\"en-US\"},{\"@type\":\"Person\",\"@id\":\"https:\/\/sulsc.com\/#\/schema\/person\/84d2fc571684f6248ba83092f07750a3\",\"name\":\"Reda\u00e7\u00e3o Sul SC\",\"image\":{\"@type\":\"ImageObject\",\"inLanguage\":\"en-US\",\"@id\":\"https:\/\/sulsc.com\/#\/schema\/person\/image\/e08d7fe2cc4ed596372063bbe852b8d0\",\"url\":\"https:\/\/sulsc.com\/wp-content\/uploads\/2023\/09\/redacao.png\",\"contentUrl\":\"https:\/\/sulsc.com\/wp-content\/uploads\/2023\/09\/redacao.png\",\"caption\":\"Reda\u00e7\u00e3o Sul SC\"},\"description\":\"Foco em um jornalismo imparcial, voltado \u00e0 qualidade dos seus conte\u00fados e, assim, levar informa\u00e7\u00e3o de valor que agregue \u00e0 vida dos leitores. Esta \u00e9 grande miss\u00e3o do Portal de Not\u00edcias Sul SC. N\u00e3o \u00e9 quantidade que muda o mundo, sempre foi e seguir\u00e1 sendo qualidade!\",\"sameAs\":[\"https:\/\/sulsc.com\/\",\"https:\/\/www.facebook.com\/profile.php?id=61559278119680\",\"https:\/\/www.instagram.com\/sulscportal\/?hl=pt-br\",\"https:\/\/twitter.com\/https:\/\/twitter.com\/PortalSulSC\",\"https:\/\/www.youtube.com\/channel\/UCv_BE8GeySluDov2n8qhVmw\"],\"url\":\"https:\/\/sulsc.com\/index.php\/author\/redacao\/\"}]}<\/script>\n<!-- \/ Yoast SEO plugin. -->","yoast_head_json":{"title":"Quarta-feira (11) com tempo inst\u00e1vel e pancadas de chuva com m\u00e1ximas de 26\u00baC no litoral sul -","robots":{"index":"index","follow":"follow","max-snippet":"max-snippet:-1","max-image-preview":"max-image-preview:large","max-video-preview":"max-video-preview:-1"},"canonical":"https:\/\/sulsc.com\/index.php\/2026\/03\/11\/quarta-feira-11-com-tempo-instavel-e-pancadas-de-chuva-com-maximas-de-26oc-no-litoral-sul\/","og_locale":"en_US","og_type":"article","og_title":"Quarta-feira (11) com tempo inst\u00e1vel e pancadas de chuva com m\u00e1ximas de 26\u00baC no litoral sul -","og_description":"Nesta quarta-feira (11), do Litoral Sul ao Extremo Oeste, a chuva ocorre na forma de pancadas e temporais, com raios, rajadas de vento e eventual granizo, devido ao calor combinado a umidade dispon\u00edvel e a forma\u00e7\u00e3o de um sistema de baixa press\u00e3o no RS, que ocorre entre a tarde e \u00e0 noite. J\u00e1 do no &hellip; Quarta-feira (11) com tempo inst\u00e1vel e pancadas de chuva com m\u00e1ximas de 26\u00baC no litoral sul Read More &raquo;","og_url":"https:\/\/sulsc.com\/index.php\/2026\/03\/11\/quarta-feira-11-com-tempo-instavel-e-pancadas-de-chuva-com-maximas-de-26oc-no-litoral-sul\/","article_author":"https:\/\/www.facebook.com\/profile.php?id=61559278119680","article_published_time":"2026-03-11T10:17:47+00:00","og_image":[{"width":1600,"height":719,"url":"http:\/\/sulsc.com\/wp-content\/uploads\/2024\/07\/tempo-nublado-5.jpeg","type":"image\/jpeg"}],"author":"Reda\u00e7\u00e3o Sul SC","twitter_card":"summary_large_image","twitter_creator":"@https:\/\/twitter.com\/PortalSulSC","twitter_misc":{"Written by":"Reda\u00e7\u00e3o Sul SC","Est. reading time":"2 minutes"},"schema":{"@context":"https:\/\/schema.org","@graph":[{"@type":"WebPage","@id":"https:\/\/sulsc.com\/index.php\/2026\/03\/11\/quarta-feira-11-com-tempo-instavel-e-pancadas-de-chuva-com-maximas-de-26oc-no-litoral-sul\/","url":"https:\/\/sulsc.com\/index.php\/2026\/03\/11\/quarta-feira-11-com-tempo-instavel-e-pancadas-de-chuva-com-maximas-de-26oc-no-litoral-sul\/","name":"Quarta-feira (11) com tempo inst\u00e1vel e pancadas de chuva com m\u00e1ximas de 26\u00baC no litoral sul -","isPartOf":{"@id":"https:\/\/sulsc.com\/#website"},"datePublished":"2026-03-11T10:17:47+00:00","dateModified":"2026-03-11T10:17:47+00:00","author":{"@id":"https:\/\/sulsc.com\/#\/schema\/person\/84d2fc571684f6248ba83092f07750a3"},"breadcrumb":{"@id":"https:\/\/sulsc.com\/index.php\/2026\/03\/11\/quarta-feira-11-com-tempo-instavel-e-pancadas-de-chuva-com-maximas-de-26oc-no-litoral-sul\/#breadcrumb"},"inLanguage":"en-US","potentialAction":[{"@type":"ReadAction","target":["https:\/\/sulsc.com\/index.php\/2026\/03\/11\/quarta-feira-11-com-tempo-instavel-e-pancadas-de-chuva-com-maximas-de-26oc-no-litoral-sul\/"]}]},{"@type":"BreadcrumbList","@id":"https:\/\/sulsc.com\/index.php\/2026\/03\/11\/quarta-feira-11-com-tempo-instavel-e-pancadas-de-chuva-com-maximas-de-26oc-no-litoral-sul\/#breadcrumb","itemListElement":[{"@type":"ListItem","position":1,"name":"In\u00edcio","item":"https:\/\/sulsc.com\/"},{"@type":"ListItem","position":2,"name":"Quarta-feira (11) com tempo inst\u00e1vel e pancadas de chuva com m\u00e1ximas de 26\u00baC no litoral sul"}]},{"@type":"WebSite","@id":"https:\/\/sulsc.com\/#website","url":"https:\/\/sulsc.com\/","name":"","description":"","potentialAction":[{"@type":"SearchAction","target":{"@type":"EntryPoint","urlTemplate":"https:\/\/sulsc.com\/?s={search_term_string}"},"query-input":"required name=search_term_string"}],"inLanguage":"en-US"},{"@type":"Person","@id":"https:\/\/sulsc.com\/#\/schema\/person\/84d2fc571684f6248ba83092f07750a3","name":"Reda\u00e7\u00e3o Sul SC","image":{"@type":"ImageObject","inLanguage":"en-US","@id":"https:\/\/sulsc.com\/#\/schema\/person\/image\/e08d7fe2cc4ed596372063bbe852b8d0","url":"https:\/\/sulsc.com\/wp-content\/uploads\/2023\/09\/redacao.png","contentUrl":"https:\/\/sulsc.com\/wp-content\/uploads\/2023\/09\/redacao.png","caption":"Reda\u00e7\u00e3o Sul SC"},"description":"Foco em um jornalismo imparcial, voltado \u00e0 qualidade dos seus conte\u00fados e, assim, levar informa\u00e7\u00e3o de valor que agregue \u00e0 vida dos leitores. Esta \u00e9 grande miss\u00e3o do Portal de Not\u00edcias Sul SC. N\u00e3o \u00e9 quantidade que muda o mundo, sempre foi e seguir\u00e1 sendo qualidade!","sameAs":["https:\/\/sulsc.com\/","https:\/\/www.facebook.com\/profile.php?id=61559278119680","https:\/\/www.instagram.com\/sulscportal\/?hl=pt-br","https:\/\/twitter.com\/https:\/\/twitter.com\/PortalSulSC","https:\/\/www.youtube.com\/channel\/UCv_BE8GeySluDov2n8qhVmw"],"url":"https:\/\/sulsc.com\/index.php\/author\/redacao\/"}]}},"authors":[],"_links":{"self":[{"href":"https:\/\/sulsc.com\/index.php\/wp-json\/wp\/v2\/posts\/32952"}],"collection":[{"href":"https:\/\/sulsc.com\/index.php\/wp-json\/wp\/v2\/posts"}],"about":[{"href":"https:\/\/sulsc.com\/index.php\/wp-json\/wp\/v2\/types\/post"}],"author":[{"embeddable":true,"href":"https:\/\/sulsc.com\/index.php\/wp-json\/wp\/v2\/users\/3"}],"replies":[{"embeddable":true,"href":"https:\/\/sulsc.com\/index.php\/wp-json\/wp\/v2\/comments?post=32952"}],"version-history":[{"count":1,"href":"https:\/\/sulsc.com\/index.php\/wp-json\/wp\/v2\/posts\/32952\/revisions"}],"predecessor-version":[{"id":32954,"href":"https:\/\/sulsc.com\/index.php\/wp-json\/wp\/v2\/posts\/32952\/revisions\/32954"}],"wp:featuredmedia":[{"embeddable":true,"href":"https:\/\/sulsc.com\/index.php\/wp-json\/wp\/v2\/media\/14267"}],"wp:attachment":[{"href":"https:\/\/sulsc.com\/index.php\/wp-json\/wp\/v2\/media?parent=32952"}],"wp:term":[{"taxonomy":"category","embeddable":true,"href":"https:\/\/sulsc.com\/index.php\/wp-json\/wp\/v2\/categories?post=32952"},{"taxonomy":"post_tag","embeddable":true,"href":"https:\/\/sulsc.com\/index.php\/wp-json\/wp\/v2\/tags?post=32952"}],"curies":[{"name":"wp","href":"https:\/\/api.w.org\/{rel}","templated":true}]}}