{"id":32955,"date":"2026-03-11T09:47:01","date_gmt":"2026-03-11T12:47:01","guid":{"rendered":"https:\/\/sulsc.com\/?p=32955"},"modified":"2026-03-11T09:47:01","modified_gmt":"2026-03-11T12:47:01","slug":"refis-tubarao-prefeitura-reforca-aos-seus-contribuintes-prazo-de-vencimento","status":"publish","type":"post","link":"https:\/\/sulsc.com\/index.php\/2026\/03\/11\/refis-tubarao-prefeitura-reforca-aos-seus-contribuintes-prazo-de-vencimento\/","title":{"rendered":"Refis Tubar\u00e3o &#8211; Prefeitura refor\u00e7a aos seus contribuintes prazo de vencimento"},"content":{"rendered":"<p>A Prefeitura de\u00a0Tubar\u00e3o refor\u00e7a aos seus contribuintes, sobre o prazo de vencimento do Programa de Regulariza\u00e7\u00e3o Fiscal (Refis), que acontece no <strong>dia 30 de abril<\/strong>. O programa oferece a possibilidade de regulariza\u00e7\u00e3o de cr\u00e9ditos tribut\u00e1rios e n\u00e3o tribut\u00e1rios da Fazenda Municipal, vencidos e consolidados at\u00e9 o exerc\u00edcio fiscal de 2025, que estejam inscritos ou n\u00e3o em D\u00edvida Ativa, ajuizados ou n\u00e3o.<\/p>\n<div id=\"metaslider-id-25573\" style=\"width: 100%;\" class=\"ml-slider-3-99-0 metaslider metaslider-flex metaslider-25573 ml-slider has-onhover-arrows ms-theme-default-base has-dots-nav\" role=\"region\" aria-label=\"Meio\" data-width=\"1200\">\n    <div id=\"metaslider_container_25573\">\n        <div id=\"metaslider_25573\">\n            <ul class='slides'>\n                <li style=\"display: block; width: 100%;\" class=\"slide-25684 ms-image \" aria-roledescription=\"slide\" data-date=\"2025-07-24 07:55:40\"><img src=\"https:\/\/sulsc.com\/wp-content\/uploads\/2025\/07\/Marr-2-1000x166.jpg\" height=\"200\" width=\"1200\" alt=\"\" class=\"slider-25573 slide-25684 msDefaultImage\" title=\"Marr 2\" \/><\/li>\n                <li style=\"display: none; width: 100%;\" class=\"slide-32412 ms-image \" aria-roledescription=\"slide\" data-date=\"2026-02-18 13:59:46\"><img src=\"https:\/\/sulsc.com\/wp-content\/uploads\/2026\/02\/40dc1580-cad5-4867-bc58-c4243821ad38-1000x166.jpeg\" height=\"200\" width=\"1200\" alt=\"\" class=\"slider-25573 slide-32412 msDefaultImage\" title=\"40dc1580-cad5-4867-bc58-c4243821ad38\" \/><\/li>\n                <li style=\"display: none; width: 100%;\" class=\"slide-32766 ms-image \" aria-roledescription=\"slide\" data-date=\"2026-03-03 17:22:59\"><img src=\"https:\/\/sulsc.com\/wp-content\/uploads\/2026\/03\/271ce739-f268-41c5-8051-3de1a1750359-1000x166.jpeg\" height=\"200\" width=\"1200\" alt=\"\" class=\"slider-25573 slide-32766 msDefaultImage\" title=\"271ce739-f268-41c5-8051-3de1a1750359\" \/><\/li>\n            <\/ul>\n        <\/div>\n        \n    <\/div>\n<\/div>\n<p>A ades\u00e3o pode ser feita de pagamento \u00e0 vista ou parcelado, com a remiss\u00e3o total ou parcial sobre a multa e sobre os juros incidentes.\u00a0\u00c9 importante ressaltar, ainda, que os contribuintes, pessoas f\u00edsicas ou jur\u00eddicas, que estiverem sob qualquer procedimento de fiscaliza\u00e7\u00e3o, n\u00e3o poder\u00e3o aderir ao programa, e que o atraso de tr\u00eas parcelas consecutivas implicar\u00e1 no cancelamento do parcelamento e a perda dos benef\u00edcios.<\/p>\n<p><img fetchpriority=\"high\" decoding=\"async\" class=\"aligncenter size-full wp-image-30341\" src=\"http:\/\/sulsc.com\/wp-content\/uploads\/2025\/12\/Facilita-Tubarao.jpeg\" alt=\"\" width=\"800\" height=\"445\" srcset=\"https:\/\/sulsc.com\/wp-content\/uploads\/2025\/12\/Facilita-Tubarao.jpeg 800w, https:\/\/sulsc.com\/wp-content\/uploads\/2025\/12\/Facilita-Tubarao-300x167.jpeg 300w, https:\/\/sulsc.com\/wp-content\/uploads\/2025\/12\/Facilita-Tubarao-768x427.jpeg 768w\" sizes=\"(max-width: 800px) 100vw, 800px\" \/><\/p>\n<p>O contribuinte que desejar aderir ao Refis dever\u00e1 protocolar o Requerimento Administrativo junto ao Facilita Tubar\u00e3o, de forma presencial ou online. O Facilita Tubar\u00e3o est\u00e1 localizado na Rua Teresa Cristina, em Oficinas, com hor\u00e1rio de funcionamento de <strong>segunda a sexta-feira, das 8 \u00e0s 18 horas, sem fechar ao meio-dia<\/strong>.<\/p>\n","protected":false},"excerpt":{"rendered":"<p>A Prefeitura de\u00a0Tubar\u00e3o refor\u00e7a aos seus contribuintes, sobre o prazo de vencimento do Programa de Regulariza\u00e7\u00e3o Fiscal (Refis), que acontece no dia 30 de abril. O programa oferece a possibilidade de regulariza\u00e7\u00e3o de cr\u00e9ditos tribut\u00e1rios e n\u00e3o tribut\u00e1rios da Fazenda Municipal, vencidos e consolidados at\u00e9 o exerc\u00edcio fiscal de 2025, que estejam inscritos ou n\u00e3o &hellip;<\/p>\n<p class=\"read-more\"> <a class=\"\" href=\"https:\/\/sulsc.com\/index.php\/2026\/03\/11\/refis-tubarao-prefeitura-reforca-aos-seus-contribuintes-prazo-de-vencimento\/\"> <span class=\"screen-reader-text\">Refis Tubar\u00e3o &#8211; Prefeitura refor\u00e7a aos seus contribuintes prazo de vencimento<\/span> Read More &raquo;<\/a><\/p>\n","protected":false},"author":3,"featured_media":32956,"comment_status":"open","ping_status":"open","sticky":false,"template":"","format":"standard","meta":{"site-sidebar-layout":"default","site-content-layout":"","ast-site-content-layout":"default","site-content-style":"default","site-sidebar-style":"default","ast-global-header-display":"","ast-banner-title-visibility":"","ast-main-header-display":"","ast-hfb-above-header-display":"","ast-hfb-below-header-display":"","ast-hfb-mobile-header-display":"","site-post-title":"","ast-breadcrumbs-content":"","ast-featured-img":"","footer-sml-layout":"","theme-transparent-header-meta":"default","adv-header-id-meta":"","stick-header-meta":"","header-above-stick-meta":"","header-main-stick-meta":"","header-below-stick-meta":"","astra-migrate-meta-layouts":"set","footnotes":""},"categories":[2231,1,14,21,12],"tags":[2157],"yoast_head":"<!-- This site is optimized with the Yoast SEO plugin v21.4 - https:\/\/yoast.com\/wordpress\/plugins\/seo\/ -->\n<title>Refis Tubar\u00e3o - Prefeitura refor\u00e7a aos seus contribuintes prazo de vencimento -<\/title>\n<meta name=\"robots\" content=\"index, follow, max-snippet:-1, max-image-preview:large, max-video-preview:-1\" \/>\n<link rel=\"canonical\" href=\"https:\/\/sulsc.com\/index.php\/2026\/03\/11\/refis-tubarao-prefeitura-reforca-aos-seus-contribuintes-prazo-de-vencimento\/\" \/>\n<meta property=\"og:locale\" content=\"en_US\" \/>\n<meta property=\"og:type\" content=\"article\" \/>\n<meta property=\"og:title\" content=\"Refis Tubar\u00e3o - Prefeitura refor\u00e7a aos seus contribuintes prazo de vencimento -\" \/>\n<meta property=\"og:description\" content=\"A Prefeitura de\u00a0Tubar\u00e3o refor\u00e7a aos seus contribuintes, sobre o prazo de vencimento do Programa de Regulariza\u00e7\u00e3o Fiscal (Refis), que acontece no dia 30 de abril. O programa oferece a possibilidade de regulariza\u00e7\u00e3o de cr\u00e9ditos tribut\u00e1rios e n\u00e3o tribut\u00e1rios da Fazenda Municipal, vencidos e consolidados at\u00e9 o exerc\u00edcio fiscal de 2025, que estejam inscritos ou n\u00e3o &hellip; Refis Tubar\u00e3o &#8211; Prefeitura refor\u00e7a aos seus contribuintes prazo de vencimento Read More &raquo;\" \/>\n<meta property=\"og:url\" content=\"https:\/\/sulsc.com\/index.php\/2026\/03\/11\/refis-tubarao-prefeitura-reforca-aos-seus-contribuintes-prazo-de-vencimento\/\" \/>\n<meta property=\"article:author\" content=\"https:\/\/www.facebook.com\/profile.php?id=61559278119680\" \/>\n<meta property=\"article:published_time\" content=\"2026-03-11T12:47:01+00:00\" \/>\n<meta property=\"og:image\" content=\"http:\/\/sulsc.com\/wp-content\/uploads\/2026\/03\/empresario-trabalhando-com-contas-800x445-1.jpg\" \/>\n\t<meta property=\"og:image:width\" content=\"800\" \/>\n\t<meta property=\"og:image:height\" content=\"445\" \/>\n\t<meta property=\"og:image:type\" content=\"image\/jpeg\" \/>\n<meta name=\"author\" content=\"Reda\u00e7\u00e3o Sul SC\" \/>\n<meta name=\"twitter:card\" content=\"summary_large_image\" \/>\n<meta name=\"twitter:creator\" content=\"@https:\/\/twitter.com\/PortalSulSC\" \/>\n<meta name=\"twitter:label1\" content=\"Written by\" \/>\n\t<meta name=\"twitter:data1\" content=\"Reda\u00e7\u00e3o Sul SC\" \/>\n\t<meta name=\"twitter:label2\" content=\"Est. reading time\" \/>\n\t<meta name=\"twitter:data2\" content=\"1 minute\" \/>\n<script type=\"application\/ld+json\" class=\"yoast-schema-graph\">{\"@context\":\"https:\/\/schema.org\",\"@graph\":[{\"@type\":\"WebPage\",\"@id\":\"https:\/\/sulsc.com\/index.php\/2026\/03\/11\/refis-tubarao-prefeitura-reforca-aos-seus-contribuintes-prazo-de-vencimento\/\",\"url\":\"https:\/\/sulsc.com\/index.php\/2026\/03\/11\/refis-tubarao-prefeitura-reforca-aos-seus-contribuintes-prazo-de-vencimento\/\",\"name\":\"Refis Tubar\u00e3o - Prefeitura refor\u00e7a aos seus contribuintes prazo de vencimento -\",\"isPartOf\":{\"@id\":\"https:\/\/sulsc.com\/#website\"},\"datePublished\":\"2026-03-11T12:47:01+00:00\",\"dateModified\":\"2026-03-11T12:47:01+00:00\",\"author\":{\"@id\":\"https:\/\/sulsc.com\/#\/schema\/person\/84d2fc571684f6248ba83092f07750a3\"},\"breadcrumb\":{\"@id\":\"https:\/\/sulsc.com\/index.php\/2026\/03\/11\/refis-tubarao-prefeitura-reforca-aos-seus-contribuintes-prazo-de-vencimento\/#breadcrumb\"},\"inLanguage\":\"en-US\",\"potentialAction\":[{\"@type\":\"ReadAction\",\"target\":[\"https:\/\/sulsc.com\/index.php\/2026\/03\/11\/refis-tubarao-prefeitura-reforca-aos-seus-contribuintes-prazo-de-vencimento\/\"]}]},{\"@type\":\"BreadcrumbList\",\"@id\":\"https:\/\/sulsc.com\/index.php\/2026\/03\/11\/refis-tubarao-prefeitura-reforca-aos-seus-contribuintes-prazo-de-vencimento\/#breadcrumb\",\"itemListElement\":[{\"@type\":\"ListItem\",\"position\":1,\"name\":\"In\u00edcio\",\"item\":\"https:\/\/sulsc.com\/\"},{\"@type\":\"ListItem\",\"position\":2,\"name\":\"Refis Tubar\u00e3o &#8211; Prefeitura refor\u00e7a aos seus contribuintes prazo de vencimento\"}]},{\"@type\":\"WebSite\",\"@id\":\"https:\/\/sulsc.com\/#website\",\"url\":\"https:\/\/sulsc.com\/\",\"name\":\"\",\"description\":\"\",\"potentialAction\":[{\"@type\":\"SearchAction\",\"target\":{\"@type\":\"EntryPoint\",\"urlTemplate\":\"https:\/\/sulsc.com\/?s={search_term_string}\"},\"query-input\":\"required name=search_term_string\"}],\"inLanguage\":\"en-US\"},{\"@type\":\"Person\",\"@id\":\"https:\/\/sulsc.com\/#\/schema\/person\/84d2fc571684f6248ba83092f07750a3\",\"name\":\"Reda\u00e7\u00e3o Sul SC\",\"image\":{\"@type\":\"ImageObject\",\"inLanguage\":\"en-US\",\"@id\":\"https:\/\/sulsc.com\/#\/schema\/person\/image\/e08d7fe2cc4ed596372063bbe852b8d0\",\"url\":\"https:\/\/sulsc.com\/wp-content\/uploads\/2023\/09\/redacao.png\",\"contentUrl\":\"https:\/\/sulsc.com\/wp-content\/uploads\/2023\/09\/redacao.png\",\"caption\":\"Reda\u00e7\u00e3o Sul SC\"},\"description\":\"Foco em um jornalismo imparcial, voltado \u00e0 qualidade dos seus conte\u00fados e, assim, levar informa\u00e7\u00e3o de valor que agregue \u00e0 vida dos leitores. Esta \u00e9 grande miss\u00e3o do Portal de Not\u00edcias Sul SC. N\u00e3o \u00e9 quantidade que muda o mundo, sempre foi e seguir\u00e1 sendo qualidade!\",\"sameAs\":[\"https:\/\/sulsc.com\/\",\"https:\/\/www.facebook.com\/profile.php?id=61559278119680\",\"https:\/\/www.instagram.com\/sulscportal\/?hl=pt-br\",\"https:\/\/twitter.com\/https:\/\/twitter.com\/PortalSulSC\",\"https:\/\/www.youtube.com\/channel\/UCv_BE8GeySluDov2n8qhVmw\"],\"url\":\"https:\/\/sulsc.com\/index.php\/author\/redacao\/\"}]}<\/script>\n<!-- \/ Yoast SEO plugin. -->","yoast_head_json":{"title":"Refis Tubar\u00e3o - Prefeitura refor\u00e7a aos seus contribuintes prazo de vencimento -","robots":{"index":"index","follow":"follow","max-snippet":"max-snippet:-1","max-image-preview":"max-image-preview:large","max-video-preview":"max-video-preview:-1"},"canonical":"https:\/\/sulsc.com\/index.php\/2026\/03\/11\/refis-tubarao-prefeitura-reforca-aos-seus-contribuintes-prazo-de-vencimento\/","og_locale":"en_US","og_type":"article","og_title":"Refis Tubar\u00e3o - Prefeitura refor\u00e7a aos seus contribuintes prazo de vencimento -","og_description":"A Prefeitura de\u00a0Tubar\u00e3o refor\u00e7a aos seus contribuintes, sobre o prazo de vencimento do Programa de Regulariza\u00e7\u00e3o Fiscal (Refis), que acontece no dia 30 de abril. O programa oferece a possibilidade de regulariza\u00e7\u00e3o de cr\u00e9ditos tribut\u00e1rios e n\u00e3o tribut\u00e1rios da Fazenda Municipal, vencidos e consolidados at\u00e9 o exerc\u00edcio fiscal de 2025, que estejam inscritos ou n\u00e3o &hellip; Refis Tubar\u00e3o &#8211; Prefeitura refor\u00e7a aos seus contribuintes prazo de vencimento Read More &raquo;","og_url":"https:\/\/sulsc.com\/index.php\/2026\/03\/11\/refis-tubarao-prefeitura-reforca-aos-seus-contribuintes-prazo-de-vencimento\/","article_author":"https:\/\/www.facebook.com\/profile.php?id=61559278119680","article_published_time":"2026-03-11T12:47:01+00:00","og_image":[{"width":800,"height":445,"url":"http:\/\/sulsc.com\/wp-content\/uploads\/2026\/03\/empresario-trabalhando-com-contas-800x445-1.jpg","type":"image\/jpeg"}],"author":"Reda\u00e7\u00e3o Sul SC","twitter_card":"summary_large_image","twitter_creator":"@https:\/\/twitter.com\/PortalSulSC","twitter_misc":{"Written by":"Reda\u00e7\u00e3o Sul SC","Est. reading time":"1 minute"},"schema":{"@context":"https:\/\/schema.org","@graph":[{"@type":"WebPage","@id":"https:\/\/sulsc.com\/index.php\/2026\/03\/11\/refis-tubarao-prefeitura-reforca-aos-seus-contribuintes-prazo-de-vencimento\/","url":"https:\/\/sulsc.com\/index.php\/2026\/03\/11\/refis-tubarao-prefeitura-reforca-aos-seus-contribuintes-prazo-de-vencimento\/","name":"Refis Tubar\u00e3o - Prefeitura refor\u00e7a aos seus contribuintes prazo de vencimento -","isPartOf":{"@id":"https:\/\/sulsc.com\/#website"},"datePublished":"2026-03-11T12:47:01+00:00","dateModified":"2026-03-11T12:47:01+00:00","author":{"@id":"https:\/\/sulsc.com\/#\/schema\/person\/84d2fc571684f6248ba83092f07750a3"},"breadcrumb":{"@id":"https:\/\/sulsc.com\/index.php\/2026\/03\/11\/refis-tubarao-prefeitura-reforca-aos-seus-contribuintes-prazo-de-vencimento\/#breadcrumb"},"inLanguage":"en-US","potentialAction":[{"@type":"ReadAction","target":["https:\/\/sulsc.com\/index.php\/2026\/03\/11\/refis-tubarao-prefeitura-reforca-aos-seus-contribuintes-prazo-de-vencimento\/"]}]},{"@type":"BreadcrumbList","@id":"https:\/\/sulsc.com\/index.php\/2026\/03\/11\/refis-tubarao-prefeitura-reforca-aos-seus-contribuintes-prazo-de-vencimento\/#breadcrumb","itemListElement":[{"@type":"ListItem","position":1,"name":"In\u00edcio","item":"https:\/\/sulsc.com\/"},{"@type":"ListItem","position":2,"name":"Refis Tubar\u00e3o &#8211; Prefeitura refor\u00e7a aos seus contribuintes prazo de vencimento"}]},{"@type":"WebSite","@id":"https:\/\/sulsc.com\/#website","url":"https:\/\/sulsc.com\/","name":"","description":"","potentialAction":[{"@type":"SearchAction","target":{"@type":"EntryPoint","urlTemplate":"https:\/\/sulsc.com\/?s={search_term_string}"},"query-input":"required name=search_term_string"}],"inLanguage":"en-US"},{"@type":"Person","@id":"https:\/\/sulsc.com\/#\/schema\/person\/84d2fc571684f6248ba83092f07750a3","name":"Reda\u00e7\u00e3o Sul SC","image":{"@type":"ImageObject","inLanguage":"en-US","@id":"https:\/\/sulsc.com\/#\/schema\/person\/image\/e08d7fe2cc4ed596372063bbe852b8d0","url":"https:\/\/sulsc.com\/wp-content\/uploads\/2023\/09\/redacao.png","contentUrl":"https:\/\/sulsc.com\/wp-content\/uploads\/2023\/09\/redacao.png","caption":"Reda\u00e7\u00e3o Sul SC"},"description":"Foco em um jornalismo imparcial, voltado \u00e0 qualidade dos seus conte\u00fados e, assim, levar informa\u00e7\u00e3o de valor que agregue \u00e0 vida dos leitores. Esta \u00e9 grande miss\u00e3o do Portal de Not\u00edcias Sul SC. N\u00e3o \u00e9 quantidade que muda o mundo, sempre foi e seguir\u00e1 sendo qualidade!","sameAs":["https:\/\/sulsc.com\/","https:\/\/www.facebook.com\/profile.php?id=61559278119680","https:\/\/www.instagram.com\/sulscportal\/?hl=pt-br","https:\/\/twitter.com\/https:\/\/twitter.com\/PortalSulSC","https:\/\/www.youtube.com\/channel\/UCv_BE8GeySluDov2n8qhVmw"],"url":"https:\/\/sulsc.com\/index.php\/author\/redacao\/"}]}},"authors":[],"_links":{"self":[{"href":"https:\/\/sulsc.com\/index.php\/wp-json\/wp\/v2\/posts\/32955"}],"collection":[{"href":"https:\/\/sulsc.com\/index.php\/wp-json\/wp\/v2\/posts"}],"about":[{"href":"https:\/\/sulsc.com\/index.php\/wp-json\/wp\/v2\/types\/post"}],"author":[{"embeddable":true,"href":"https:\/\/sulsc.com\/index.php\/wp-json\/wp\/v2\/users\/3"}],"replies":[{"embeddable":true,"href":"https:\/\/sulsc.com\/index.php\/wp-json\/wp\/v2\/comments?post=32955"}],"version-history":[{"count":1,"href":"https:\/\/sulsc.com\/index.php\/wp-json\/wp\/v2\/posts\/32955\/revisions"}],"predecessor-version":[{"id":32957,"href":"https:\/\/sulsc.com\/index.php\/wp-json\/wp\/v2\/posts\/32955\/revisions\/32957"}],"wp:featuredmedia":[{"embeddable":true,"href":"https:\/\/sulsc.com\/index.php\/wp-json\/wp\/v2\/media\/32956"}],"wp:attachment":[{"href":"https:\/\/sulsc.com\/index.php\/wp-json\/wp\/v2\/media?parent=32955"}],"wp:term":[{"taxonomy":"category","embeddable":true,"href":"https:\/\/sulsc.com\/index.php\/wp-json\/wp\/v2\/categories?post=32955"},{"taxonomy":"post_tag","embeddable":true,"href":"https:\/\/sulsc.com\/index.php\/wp-json\/wp\/v2\/tags?post=32955"}],"curies":[{"name":"wp","href":"https:\/\/api.w.org\/{rel}","templated":true}]}}