{"id":32958,"date":"2026-03-11T09:55:23","date_gmt":"2026-03-11T12:55:23","guid":{"rendered":"https:\/\/sulsc.com\/?p=32958"},"modified":"2026-03-11T09:55:23","modified_gmt":"2026-03-11T12:55:23","slug":"mulher-e-assaltada-no-inicio-da-tarde-em-via-publica-em-tubarao","status":"publish","type":"post","link":"https:\/\/sulsc.com\/index.php\/2026\/03\/11\/mulher-e-assaltada-no-inicio-da-tarde-em-via-publica-em-tubarao\/","title":{"rendered":"Mulher \u00e9 assaltada no inicio da tarde em via publica em Tubar\u00e3o"},"content":{"rendered":"<p>Por volta das 12h29, no inicio da tarde de ontem, ter\u00e7a-feira (10), a Pol\u00edcia Militar de Tubar\u00e3o foi acionada para atender a uma ocorr\u00eancia de roubo de telefone celular no bairro S\u00e3o Martinho. No local, os policiais conversaram com a vitima uma mulher de 32 anos, que relatou ter sido abordada enquanto caminhava pela via.\u00a0Segundo a v\u00edtima, um homem em uma motocicleta escura se aproximou rapidamente, empurrou-a e, utilizando for\u00e7a f\u00edsica, arrancou o telefone celular de sua m\u00e3o.<\/p>\n<div id=\"metaslider-id-25573\" style=\"width: 100%;\" class=\"ml-slider-3-99-0 metaslider metaslider-flex metaslider-25573 ml-slider has-onhover-arrows ms-theme-default-base has-dots-nav\" role=\"region\" aria-label=\"Meio\" data-width=\"1200\">\n    <div id=\"metaslider_container_25573\">\n        <div id=\"metaslider_25573\">\n            <ul class='slides'>\n                <li style=\"display: block; width: 100%;\" class=\"slide-25684 ms-image \" aria-roledescription=\"slide\" data-date=\"2025-07-24 07:55:40\"><img src=\"https:\/\/sulsc.com\/wp-content\/uploads\/2025\/07\/Marr-2-1000x166.jpg\" height=\"200\" width=\"1200\" alt=\"\" class=\"slider-25573 slide-25684 msDefaultImage\" title=\"Marr 2\" \/><\/li>\n                <li style=\"display: none; width: 100%;\" class=\"slide-32412 ms-image \" aria-roledescription=\"slide\" data-date=\"2026-02-18 13:59:46\"><img src=\"https:\/\/sulsc.com\/wp-content\/uploads\/2026\/02\/40dc1580-cad5-4867-bc58-c4243821ad38-1000x166.jpeg\" height=\"200\" width=\"1200\" alt=\"\" class=\"slider-25573 slide-32412 msDefaultImage\" title=\"40dc1580-cad5-4867-bc58-c4243821ad38\" \/><\/li>\n                <li style=\"display: none; width: 100%;\" class=\"slide-32766 ms-image \" aria-roledescription=\"slide\" data-date=\"2026-03-03 17:22:59\"><img src=\"https:\/\/sulsc.com\/wp-content\/uploads\/2026\/03\/271ce739-f268-41c5-8051-3de1a1750359-1000x166.jpeg\" height=\"200\" width=\"1200\" alt=\"\" class=\"slider-25573 slide-32766 msDefaultImage\" title=\"271ce739-f268-41c5-8051-3de1a1750359\" \/><\/li>\n            <\/ul>\n        <\/div>\n        \n    <\/div>\n<\/div>\n<p>O suspeito estava utilizando um capacete preto e uma camisa verde, semelhante a uma camisa de time.\u00a0A v\u00edtima informou que o aparelho era corporativo e continha contatos de clientes e negocia\u00e7\u00f5es de trabalho. Por meio do sistema de localiza\u00e7\u00e3o do celular, foi poss\u00edvel identificar que o \u00faltimo sinal do dispositivo indicava uma rua no bairro F\u00e1bio Silva.\u00a0A Pol\u00edcia Militar imediatamente realizou buscas nas proximidades e no local indicado pela localiza\u00e7\u00e3o do telefone, mas o suspeito n\u00e3o foi encontrado at\u00e9 o momento.<\/p>\n<p><img fetchpriority=\"high\" decoding=\"async\" class=\"aligncenter size-full wp-image-23670\" src=\"http:\/\/sulsc.com\/wp-content\/uploads\/2025\/05\/PM-2-1.jpg\" alt=\"\" width=\"1080\" height=\"691\" srcset=\"https:\/\/sulsc.com\/wp-content\/uploads\/2025\/05\/PM-2-1.jpg 1080w, https:\/\/sulsc.com\/wp-content\/uploads\/2025\/05\/PM-2-1-300x192.jpg 300w, https:\/\/sulsc.com\/wp-content\/uploads\/2025\/05\/PM-2-1-1024x655.jpg 1024w, https:\/\/sulsc.com\/wp-content\/uploads\/2025\/05\/PM-2-1-768x491.jpg 768w\" sizes=\"(max-width: 1080px) 100vw, 1080px\" \/><\/p>\n<p>PMSC\/Divulga\u00e7\u00e3o\/SulSC<\/p>\n<p>&nbsp;<\/p>\n","protected":false},"excerpt":{"rendered":"<p>Por volta das 12h29, no inicio da tarde de ontem, ter\u00e7a-feira (10), a Pol\u00edcia Militar de Tubar\u00e3o foi acionada para atender a uma ocorr\u00eancia de roubo de telefone celular no bairro S\u00e3o Martinho. No local, os policiais conversaram com a vitima uma mulher de 32 anos, que relatou ter sido abordada enquanto caminhava pela via.\u00a0Segundo &hellip;<\/p>\n<p class=\"read-more\"> <a class=\"\" href=\"https:\/\/sulsc.com\/index.php\/2026\/03\/11\/mulher-e-assaltada-no-inicio-da-tarde-em-via-publica-em-tubarao\/\"> <span class=\"screen-reader-text\">Mulher \u00e9 assaltada no inicio da tarde em via publica em Tubar\u00e3o<\/span> Read More &raquo;<\/a><\/p>\n","protected":false},"author":3,"featured_media":32897,"comment_status":"open","ping_status":"open","sticky":false,"template":"","format":"standard","meta":{"site-sidebar-layout":"default","site-content-layout":"","ast-site-content-layout":"default","site-content-style":"default","site-sidebar-style":"default","ast-global-header-display":"","ast-banner-title-visibility":"","ast-main-header-display":"","ast-hfb-above-header-display":"","ast-hfb-below-header-display":"","ast-hfb-mobile-header-display":"","site-post-title":"","ast-breadcrumbs-content":"","ast-featured-img":"","footer-sml-layout":"","theme-transparent-header-meta":"default","adv-header-id-meta":"","stick-header-meta":"","header-above-stick-meta":"","header-main-stick-meta":"","header-below-stick-meta":"","astra-migrate-meta-layouts":"set","footnotes":""},"categories":[2231,1,14,2782,21,12],"tags":[2273],"yoast_head":"<!-- This site is optimized with the Yoast SEO plugin v21.4 - https:\/\/yoast.com\/wordpress\/plugins\/seo\/ -->\n<title>Mulher \u00e9 assaltada no inicio da tarde em via publica em Tubar\u00e3o -<\/title>\n<meta name=\"robots\" content=\"index, follow, max-snippet:-1, max-image-preview:large, max-video-preview:-1\" \/>\n<link rel=\"canonical\" href=\"https:\/\/sulsc.com\/index.php\/2026\/03\/11\/mulher-e-assaltada-no-inicio-da-tarde-em-via-publica-em-tubarao\/\" \/>\n<meta property=\"og:locale\" content=\"en_US\" \/>\n<meta property=\"og:type\" content=\"article\" \/>\n<meta property=\"og:title\" content=\"Mulher \u00e9 assaltada no inicio da tarde em via publica em Tubar\u00e3o -\" \/>\n<meta property=\"og:description\" content=\"Por volta das 12h29, no inicio da tarde de ontem, ter\u00e7a-feira (10), a Pol\u00edcia Militar de Tubar\u00e3o foi acionada para atender a uma ocorr\u00eancia de roubo de telefone celular no bairro S\u00e3o Martinho. No local, os policiais conversaram com a vitima uma mulher de 32 anos, que relatou ter sido abordada enquanto caminhava pela via.\u00a0Segundo &hellip; Mulher \u00e9 assaltada no inicio da tarde em via publica em Tubar\u00e3o Read More &raquo;\" \/>\n<meta property=\"og:url\" content=\"https:\/\/sulsc.com\/index.php\/2026\/03\/11\/mulher-e-assaltada-no-inicio-da-tarde-em-via-publica-em-tubarao\/\" \/>\n<meta property=\"article:author\" content=\"https:\/\/www.facebook.com\/profile.php?id=61559278119680\" \/>\n<meta property=\"article:published_time\" content=\"2026-03-11T12:55:23+00:00\" \/>\n<meta property=\"og:image\" content=\"http:\/\/sulsc.com\/wp-content\/uploads\/2026\/03\/d7e41548-1862-4340-aa12-d68ee0cd67bd.jpeg\" \/>\n\t<meta property=\"og:image:width\" content=\"1080\" \/>\n\t<meta property=\"og:image:height\" content=\"1427\" \/>\n\t<meta property=\"og:image:type\" content=\"image\/jpeg\" \/>\n<meta name=\"author\" content=\"Reda\u00e7\u00e3o Sul SC\" \/>\n<meta name=\"twitter:card\" content=\"summary_large_image\" \/>\n<meta name=\"twitter:creator\" content=\"@https:\/\/twitter.com\/PortalSulSC\" \/>\n<meta name=\"twitter:label1\" content=\"Written by\" \/>\n\t<meta name=\"twitter:data1\" content=\"Reda\u00e7\u00e3o Sul SC\" \/>\n\t<meta name=\"twitter:label2\" content=\"Est. reading time\" \/>\n\t<meta name=\"twitter:data2\" content=\"1 minute\" \/>\n<script type=\"application\/ld+json\" class=\"yoast-schema-graph\">{\"@context\":\"https:\/\/schema.org\",\"@graph\":[{\"@type\":\"WebPage\",\"@id\":\"https:\/\/sulsc.com\/index.php\/2026\/03\/11\/mulher-e-assaltada-no-inicio-da-tarde-em-via-publica-em-tubarao\/\",\"url\":\"https:\/\/sulsc.com\/index.php\/2026\/03\/11\/mulher-e-assaltada-no-inicio-da-tarde-em-via-publica-em-tubarao\/\",\"name\":\"Mulher \u00e9 assaltada no inicio da tarde em via publica em Tubar\u00e3o -\",\"isPartOf\":{\"@id\":\"https:\/\/sulsc.com\/#website\"},\"datePublished\":\"2026-03-11T12:55:23+00:00\",\"dateModified\":\"2026-03-11T12:55:23+00:00\",\"author\":{\"@id\":\"https:\/\/sulsc.com\/#\/schema\/person\/84d2fc571684f6248ba83092f07750a3\"},\"breadcrumb\":{\"@id\":\"https:\/\/sulsc.com\/index.php\/2026\/03\/11\/mulher-e-assaltada-no-inicio-da-tarde-em-via-publica-em-tubarao\/#breadcrumb\"},\"inLanguage\":\"en-US\",\"potentialAction\":[{\"@type\":\"ReadAction\",\"target\":[\"https:\/\/sulsc.com\/index.php\/2026\/03\/11\/mulher-e-assaltada-no-inicio-da-tarde-em-via-publica-em-tubarao\/\"]}]},{\"@type\":\"BreadcrumbList\",\"@id\":\"https:\/\/sulsc.com\/index.php\/2026\/03\/11\/mulher-e-assaltada-no-inicio-da-tarde-em-via-publica-em-tubarao\/#breadcrumb\",\"itemListElement\":[{\"@type\":\"ListItem\",\"position\":1,\"name\":\"In\u00edcio\",\"item\":\"https:\/\/sulsc.com\/\"},{\"@type\":\"ListItem\",\"position\":2,\"name\":\"Mulher \u00e9 assaltada no inicio da tarde em via publica em Tubar\u00e3o\"}]},{\"@type\":\"WebSite\",\"@id\":\"https:\/\/sulsc.com\/#website\",\"url\":\"https:\/\/sulsc.com\/\",\"name\":\"\",\"description\":\"\",\"potentialAction\":[{\"@type\":\"SearchAction\",\"target\":{\"@type\":\"EntryPoint\",\"urlTemplate\":\"https:\/\/sulsc.com\/?s={search_term_string}\"},\"query-input\":\"required name=search_term_string\"}],\"inLanguage\":\"en-US\"},{\"@type\":\"Person\",\"@id\":\"https:\/\/sulsc.com\/#\/schema\/person\/84d2fc571684f6248ba83092f07750a3\",\"name\":\"Reda\u00e7\u00e3o Sul SC\",\"image\":{\"@type\":\"ImageObject\",\"inLanguage\":\"en-US\",\"@id\":\"https:\/\/sulsc.com\/#\/schema\/person\/image\/e08d7fe2cc4ed596372063bbe852b8d0\",\"url\":\"https:\/\/sulsc.com\/wp-content\/uploads\/2023\/09\/redacao.png\",\"contentUrl\":\"https:\/\/sulsc.com\/wp-content\/uploads\/2023\/09\/redacao.png\",\"caption\":\"Reda\u00e7\u00e3o Sul SC\"},\"description\":\"Foco em um jornalismo imparcial, voltado \u00e0 qualidade dos seus conte\u00fados e, assim, levar informa\u00e7\u00e3o de valor que agregue \u00e0 vida dos leitores. Esta \u00e9 grande miss\u00e3o do Portal de Not\u00edcias Sul SC. N\u00e3o \u00e9 quantidade que muda o mundo, sempre foi e seguir\u00e1 sendo qualidade!\",\"sameAs\":[\"https:\/\/sulsc.com\/\",\"https:\/\/www.facebook.com\/profile.php?id=61559278119680\",\"https:\/\/www.instagram.com\/sulscportal\/?hl=pt-br\",\"https:\/\/twitter.com\/https:\/\/twitter.com\/PortalSulSC\",\"https:\/\/www.youtube.com\/channel\/UCv_BE8GeySluDov2n8qhVmw\"],\"url\":\"https:\/\/sulsc.com\/index.php\/author\/redacao\/\"}]}<\/script>\n<!-- \/ Yoast SEO plugin. -->","yoast_head_json":{"title":"Mulher \u00e9 assaltada no inicio da tarde em via publica em Tubar\u00e3o -","robots":{"index":"index","follow":"follow","max-snippet":"max-snippet:-1","max-image-preview":"max-image-preview:large","max-video-preview":"max-video-preview:-1"},"canonical":"https:\/\/sulsc.com\/index.php\/2026\/03\/11\/mulher-e-assaltada-no-inicio-da-tarde-em-via-publica-em-tubarao\/","og_locale":"en_US","og_type":"article","og_title":"Mulher \u00e9 assaltada no inicio da tarde em via publica em Tubar\u00e3o -","og_description":"Por volta das 12h29, no inicio da tarde de ontem, ter\u00e7a-feira (10), a Pol\u00edcia Militar de Tubar\u00e3o foi acionada para atender a uma ocorr\u00eancia de roubo de telefone celular no bairro S\u00e3o Martinho. No local, os policiais conversaram com a vitima uma mulher de 32 anos, que relatou ter sido abordada enquanto caminhava pela via.\u00a0Segundo &hellip; Mulher \u00e9 assaltada no inicio da tarde em via publica em Tubar\u00e3o Read More &raquo;","og_url":"https:\/\/sulsc.com\/index.php\/2026\/03\/11\/mulher-e-assaltada-no-inicio-da-tarde-em-via-publica-em-tubarao\/","article_author":"https:\/\/www.facebook.com\/profile.php?id=61559278119680","article_published_time":"2026-03-11T12:55:23+00:00","og_image":[{"width":1080,"height":1427,"url":"http:\/\/sulsc.com\/wp-content\/uploads\/2026\/03\/d7e41548-1862-4340-aa12-d68ee0cd67bd.jpeg","type":"image\/jpeg"}],"author":"Reda\u00e7\u00e3o Sul SC","twitter_card":"summary_large_image","twitter_creator":"@https:\/\/twitter.com\/PortalSulSC","twitter_misc":{"Written by":"Reda\u00e7\u00e3o Sul SC","Est. reading time":"1 minute"},"schema":{"@context":"https:\/\/schema.org","@graph":[{"@type":"WebPage","@id":"https:\/\/sulsc.com\/index.php\/2026\/03\/11\/mulher-e-assaltada-no-inicio-da-tarde-em-via-publica-em-tubarao\/","url":"https:\/\/sulsc.com\/index.php\/2026\/03\/11\/mulher-e-assaltada-no-inicio-da-tarde-em-via-publica-em-tubarao\/","name":"Mulher \u00e9 assaltada no inicio da tarde em via publica em Tubar\u00e3o -","isPartOf":{"@id":"https:\/\/sulsc.com\/#website"},"datePublished":"2026-03-11T12:55:23+00:00","dateModified":"2026-03-11T12:55:23+00:00","author":{"@id":"https:\/\/sulsc.com\/#\/schema\/person\/84d2fc571684f6248ba83092f07750a3"},"breadcrumb":{"@id":"https:\/\/sulsc.com\/index.php\/2026\/03\/11\/mulher-e-assaltada-no-inicio-da-tarde-em-via-publica-em-tubarao\/#breadcrumb"},"inLanguage":"en-US","potentialAction":[{"@type":"ReadAction","target":["https:\/\/sulsc.com\/index.php\/2026\/03\/11\/mulher-e-assaltada-no-inicio-da-tarde-em-via-publica-em-tubarao\/"]}]},{"@type":"BreadcrumbList","@id":"https:\/\/sulsc.com\/index.php\/2026\/03\/11\/mulher-e-assaltada-no-inicio-da-tarde-em-via-publica-em-tubarao\/#breadcrumb","itemListElement":[{"@type":"ListItem","position":1,"name":"In\u00edcio","item":"https:\/\/sulsc.com\/"},{"@type":"ListItem","position":2,"name":"Mulher \u00e9 assaltada no inicio da tarde em via publica em Tubar\u00e3o"}]},{"@type":"WebSite","@id":"https:\/\/sulsc.com\/#website","url":"https:\/\/sulsc.com\/","name":"","description":"","potentialAction":[{"@type":"SearchAction","target":{"@type":"EntryPoint","urlTemplate":"https:\/\/sulsc.com\/?s={search_term_string}"},"query-input":"required name=search_term_string"}],"inLanguage":"en-US"},{"@type":"Person","@id":"https:\/\/sulsc.com\/#\/schema\/person\/84d2fc571684f6248ba83092f07750a3","name":"Reda\u00e7\u00e3o Sul SC","image":{"@type":"ImageObject","inLanguage":"en-US","@id":"https:\/\/sulsc.com\/#\/schema\/person\/image\/e08d7fe2cc4ed596372063bbe852b8d0","url":"https:\/\/sulsc.com\/wp-content\/uploads\/2023\/09\/redacao.png","contentUrl":"https:\/\/sulsc.com\/wp-content\/uploads\/2023\/09\/redacao.png","caption":"Reda\u00e7\u00e3o Sul SC"},"description":"Foco em um jornalismo imparcial, voltado \u00e0 qualidade dos seus conte\u00fados e, assim, levar informa\u00e7\u00e3o de valor que agregue \u00e0 vida dos leitores. Esta \u00e9 grande miss\u00e3o do Portal de Not\u00edcias Sul SC. N\u00e3o \u00e9 quantidade que muda o mundo, sempre foi e seguir\u00e1 sendo qualidade!","sameAs":["https:\/\/sulsc.com\/","https:\/\/www.facebook.com\/profile.php?id=61559278119680","https:\/\/www.instagram.com\/sulscportal\/?hl=pt-br","https:\/\/twitter.com\/https:\/\/twitter.com\/PortalSulSC","https:\/\/www.youtube.com\/channel\/UCv_BE8GeySluDov2n8qhVmw"],"url":"https:\/\/sulsc.com\/index.php\/author\/redacao\/"}]}},"authors":[],"_links":{"self":[{"href":"https:\/\/sulsc.com\/index.php\/wp-json\/wp\/v2\/posts\/32958"}],"collection":[{"href":"https:\/\/sulsc.com\/index.php\/wp-json\/wp\/v2\/posts"}],"about":[{"href":"https:\/\/sulsc.com\/index.php\/wp-json\/wp\/v2\/types\/post"}],"author":[{"embeddable":true,"href":"https:\/\/sulsc.com\/index.php\/wp-json\/wp\/v2\/users\/3"}],"replies":[{"embeddable":true,"href":"https:\/\/sulsc.com\/index.php\/wp-json\/wp\/v2\/comments?post=32958"}],"version-history":[{"count":1,"href":"https:\/\/sulsc.com\/index.php\/wp-json\/wp\/v2\/posts\/32958\/revisions"}],"predecessor-version":[{"id":32959,"href":"https:\/\/sulsc.com\/index.php\/wp-json\/wp\/v2\/posts\/32958\/revisions\/32959"}],"wp:featuredmedia":[{"embeddable":true,"href":"https:\/\/sulsc.com\/index.php\/wp-json\/wp\/v2\/media\/32897"}],"wp:attachment":[{"href":"https:\/\/sulsc.com\/index.php\/wp-json\/wp\/v2\/media?parent=32958"}],"wp:term":[{"taxonomy":"category","embeddable":true,"href":"https:\/\/sulsc.com\/index.php\/wp-json\/wp\/v2\/categories?post=32958"},{"taxonomy":"post_tag","embeddable":true,"href":"https:\/\/sulsc.com\/index.php\/wp-json\/wp\/v2\/tags?post=32958"}],"curies":[{"name":"wp","href":"https:\/\/api.w.org\/{rel}","templated":true}]}}