{"id":32963,"date":"2026-03-11T10:43:37","date_gmt":"2026-03-11T13:43:37","guid":{"rendered":"https:\/\/sulsc.com\/?p=32963"},"modified":"2026-03-11T10:43:37","modified_gmt":"2026-03-11T13:43:37","slug":"laguna-transmite-ao-vivo-reuniao-sobre-registro-da-pesca-cooperativa-entre-pescadores-e-botos-no-sul-do-brasil-como-patrimonio-cultural","status":"publish","type":"post","link":"https:\/\/sulsc.com\/index.php\/2026\/03\/11\/laguna-transmite-ao-vivo-reuniao-sobre-registro-da-pesca-cooperativa-entre-pescadores-e-botos-no-sul-do-brasil-como-patrimonio-cultural\/","title":{"rendered":"Laguna transmite ao vivo reuni\u00e3o sobre Registro da Pesca Cooperativa entre pescadores e botos no Sul do Brasil como Patrim\u00f4nio Cultural"},"content":{"rendered":"<p>A Prefeitura de Laguna, juntamente com a\u00a0 Funda\u00e7\u00e3o Lagunense de Cultura (FLC), <strong>convida<\/strong> a comunidade a acompanhar a transmiss\u00e3o <strong>ao vivo<\/strong> da 112\u00aa Reuni\u00e3o do Conselho Consultivo do Patrim\u00f4nio Cultural. O evento ocorrer\u00e1 nesta <strong>quarta-feira (11), das 14h \u00e0s 15h30<\/strong>, diretamente do Rio de Janeiro, promovido pelo Instituto do Patrim\u00f4nio Hist\u00f3rico e Art\u00edstico Nacional (IPHAN).<\/p>\n<div id=\"metaslider-id-25565\" style=\"width: 100%;\" class=\"ml-slider-3-99-0 metaslider metaslider-flex metaslider-25565 ml-slider has-onhover-arrows ms-theme-default-base has-dots-nav\" role=\"region\" aria-label=\"Lateral\" data-width=\"360\">\n    <div id=\"metaslider_container_25565\">\n        <div id=\"metaslider_25565\">\n            <ul class='slides'>\n                <li style=\"display: block; width: 100%;\" class=\"slide-27777 ms-image \" aria-roledescription=\"slide\" data-date=\"2025-09-30 10:25:44\"><img src=\"https:\/\/sulsc.com\/wp-content\/uploads\/2025\/09\/a41141d3-47d4-40ac-a5fc-7a8bdd7c1d21-1.jpg\" height=\"360\" width=\"360\" alt=\"\" class=\"slider-25565 slide-27777 msDefaultImage\" title=\"a41141d3-47d4-40ac-a5fc-7a8bdd7c1d21\" \/><\/li>\n                <li style=\"display: none; width: 100%;\" class=\"slide-27779 ms-image \" aria-roledescription=\"slide\" data-date=\"2025-09-30 10:30:55\"><img src=\"https:\/\/sulsc.com\/wp-content\/uploads\/2025\/09\/2757e88c-0fa4-4468-93c4-00ac345f5a03-1.jpg\" height=\"360\" width=\"360\" alt=\"\" class=\"slider-25565 slide-27779 msDefaultImage\" title=\"2757e88c-0fa4-4468-93c4-00ac345f5a03\" \/><\/li>\n            <\/ul>\n        <\/div>\n        \n    <\/div>\n<\/div>\n<p>A pauta da reuni\u00e3o inclui a an\u00e1lise do processo de Registro da Pesca Cooperativa entre pescadores e botos no Sul do Brasil como Patrim\u00f4nio Cultural. O pescador lagunense Reinaldo Florentino, um representante da tradi\u00e7\u00e3o pesqueira local, ser\u00e1 um dos palestrantes.<\/p>\n<p>Em Laguna, a reuni\u00e3o ser\u00e1 transmitida coletivamente no<strong> Cine Teatro Mussi<\/strong>, com a participa\u00e7\u00e3o de representantes da FLC, do IPHAN e da comunidade interessada. O evento \u00e9 uma oportunidade para que os cidad\u00e3os se envolvam em um momento significativo para a cultura da cidade juliana.<\/p>\n<p><img fetchpriority=\"high\" decoding=\"async\" class=\"aligncenter size-full wp-image-32964\" src=\"http:\/\/sulsc.com\/wp-content\/uploads\/2026\/03\/2070249-800x445-1.jpg\" alt=\"\" width=\"800\" height=\"445\" srcset=\"https:\/\/sulsc.com\/wp-content\/uploads\/2026\/03\/2070249-800x445-1.jpg 800w, https:\/\/sulsc.com\/wp-content\/uploads\/2026\/03\/2070249-800x445-1-300x167.jpg 300w, https:\/\/sulsc.com\/wp-content\/uploads\/2026\/03\/2070249-800x445-1-768x427.jpg 768w\" sizes=\"(max-width: 800px) 100vw, 800px\" \/><\/p>\n<p>Al\u00e9m disso, o IPHAN abriu uma consulta p\u00fablica para que a sociedade possa conhecer o processo e enviar contribui\u00e7\u00f5es sobre o reconhecimento da pr\u00e1tica como patrim\u00f4nio cultural brasileiro. A Prefeitura de Laguna enfatiza a relev\u00e2ncia da participa\u00e7\u00e3o da comunidade e refor\u00e7a o convite para que todos acompanhem a transmiss\u00e3o, que tamb\u00e9m estar\u00e1 dispon\u00edvel online para o p\u00fablico em geral.<\/p>\n<p><strong>Acompanhe ao vivo:\u00a0<a href=\"https:\/\/www.youtube.com\/live\/Q8JQRR_Eyek?si=WQKW6uUbu1lXRZIh\">https:\/\/www.youtube.com\/live\/Q8JQRR_Eyek?si=WQKW6uUbu1lXRZIh<\/a><\/strong><\/p>\n","protected":false},"excerpt":{"rendered":"<p>A Prefeitura de Laguna, juntamente com a\u00a0 Funda\u00e7\u00e3o Lagunense de Cultura (FLC), convida a comunidade a acompanhar a transmiss\u00e3o ao vivo da 112\u00aa Reuni\u00e3o do Conselho Consultivo do Patrim\u00f4nio Cultural. O evento ocorrer\u00e1 nesta quarta-feira (11), das 14h \u00e0s 15h30, diretamente do Rio de Janeiro, promovido pelo Instituto do Patrim\u00f4nio Hist\u00f3rico e Art\u00edstico Nacional (IPHAN). &hellip;<\/p>\n<p class=\"read-more\"> <a class=\"\" href=\"https:\/\/sulsc.com\/index.php\/2026\/03\/11\/laguna-transmite-ao-vivo-reuniao-sobre-registro-da-pesca-cooperativa-entre-pescadores-e-botos-no-sul-do-brasil-como-patrimonio-cultural\/\"> <span class=\"screen-reader-text\">Laguna transmite ao vivo reuni\u00e3o sobre Registro da Pesca Cooperativa entre pescadores e botos no Sul do Brasil como Patrim\u00f4nio Cultural<\/span> Read More &raquo;<\/a><\/p>\n","protected":false},"author":3,"featured_media":32964,"comment_status":"open","ping_status":"open","sticky":false,"template":"","format":"standard","meta":{"site-sidebar-layout":"default","site-content-layout":"","ast-site-content-layout":"default","site-content-style":"default","site-sidebar-style":"default","ast-global-header-display":"","ast-banner-title-visibility":"","ast-main-header-display":"","ast-hfb-above-header-display":"","ast-hfb-below-header-display":"","ast-hfb-mobile-header-display":"","site-post-title":"","ast-breadcrumbs-content":"","ast-featured-img":"","footer-sml-layout":"","theme-transparent-header-meta":"default","adv-header-id-meta":"","stick-header-meta":"","header-above-stick-meta":"","header-main-stick-meta":"","header-below-stick-meta":"","astra-migrate-meta-layouts":"set","footnotes":""},"categories":[2231,18,1,22,14,12],"tags":[1049],"yoast_head":"<!-- This site is optimized with the Yoast SEO plugin v21.4 - https:\/\/yoast.com\/wordpress\/plugins\/seo\/ -->\n<title>Laguna transmite ao vivo reuni\u00e3o sobre Registro da Pesca Cooperativa entre pescadores e botos no Sul do Brasil como Patrim\u00f4nio Cultural -<\/title>\n<meta name=\"robots\" content=\"index, follow, max-snippet:-1, max-image-preview:large, max-video-preview:-1\" \/>\n<link rel=\"canonical\" href=\"https:\/\/sulsc.com\/index.php\/2026\/03\/11\/laguna-transmite-ao-vivo-reuniao-sobre-registro-da-pesca-cooperativa-entre-pescadores-e-botos-no-sul-do-brasil-como-patrimonio-cultural\/\" \/>\n<meta property=\"og:locale\" content=\"en_US\" \/>\n<meta property=\"og:type\" content=\"article\" \/>\n<meta property=\"og:title\" content=\"Laguna transmite ao vivo reuni\u00e3o sobre Registro da Pesca Cooperativa entre pescadores e botos no Sul do Brasil como Patrim\u00f4nio Cultural -\" \/>\n<meta property=\"og:description\" content=\"A Prefeitura de Laguna, juntamente com a\u00a0 Funda\u00e7\u00e3o Lagunense de Cultura (FLC), convida a comunidade a acompanhar a transmiss\u00e3o ao vivo da 112\u00aa Reuni\u00e3o do Conselho Consultivo do Patrim\u00f4nio Cultural. O evento ocorrer\u00e1 nesta quarta-feira (11), das 14h \u00e0s 15h30, diretamente do Rio de Janeiro, promovido pelo Instituto do Patrim\u00f4nio Hist\u00f3rico e Art\u00edstico Nacional (IPHAN). &hellip; Laguna transmite ao vivo reuni\u00e3o sobre Registro da Pesca Cooperativa entre pescadores e botos no Sul do Brasil como Patrim\u00f4nio Cultural Read More &raquo;\" \/>\n<meta property=\"og:url\" content=\"https:\/\/sulsc.com\/index.php\/2026\/03\/11\/laguna-transmite-ao-vivo-reuniao-sobre-registro-da-pesca-cooperativa-entre-pescadores-e-botos-no-sul-do-brasil-como-patrimonio-cultural\/\" \/>\n<meta property=\"article:author\" content=\"https:\/\/www.facebook.com\/profile.php?id=61559278119680\" \/>\n<meta property=\"article:published_time\" content=\"2026-03-11T13:43:37+00:00\" \/>\n<meta property=\"og:image\" content=\"http:\/\/sulsc.com\/wp-content\/uploads\/2026\/03\/2070249-800x445-1.jpg\" \/>\n\t<meta property=\"og:image:width\" content=\"800\" \/>\n\t<meta property=\"og:image:height\" content=\"445\" \/>\n\t<meta property=\"og:image:type\" content=\"image\/jpeg\" \/>\n<meta name=\"author\" content=\"Reda\u00e7\u00e3o Sul SC\" \/>\n<meta name=\"twitter:card\" content=\"summary_large_image\" \/>\n<meta name=\"twitter:creator\" content=\"@https:\/\/twitter.com\/PortalSulSC\" \/>\n<meta name=\"twitter:label1\" content=\"Written by\" \/>\n\t<meta name=\"twitter:data1\" content=\"Reda\u00e7\u00e3o Sul SC\" \/>\n\t<meta name=\"twitter:label2\" content=\"Est. reading time\" \/>\n\t<meta name=\"twitter:data2\" content=\"2 minutes\" \/>\n<script type=\"application\/ld+json\" class=\"yoast-schema-graph\">{\"@context\":\"https:\/\/schema.org\",\"@graph\":[{\"@type\":\"WebPage\",\"@id\":\"https:\/\/sulsc.com\/index.php\/2026\/03\/11\/laguna-transmite-ao-vivo-reuniao-sobre-registro-da-pesca-cooperativa-entre-pescadores-e-botos-no-sul-do-brasil-como-patrimonio-cultural\/\",\"url\":\"https:\/\/sulsc.com\/index.php\/2026\/03\/11\/laguna-transmite-ao-vivo-reuniao-sobre-registro-da-pesca-cooperativa-entre-pescadores-e-botos-no-sul-do-brasil-como-patrimonio-cultural\/\",\"name\":\"Laguna transmite ao vivo reuni\u00e3o sobre Registro da Pesca Cooperativa entre pescadores e botos no Sul do Brasil como Patrim\u00f4nio Cultural -\",\"isPartOf\":{\"@id\":\"https:\/\/sulsc.com\/#website\"},\"datePublished\":\"2026-03-11T13:43:37+00:00\",\"dateModified\":\"2026-03-11T13:43:37+00:00\",\"author\":{\"@id\":\"https:\/\/sulsc.com\/#\/schema\/person\/84d2fc571684f6248ba83092f07750a3\"},\"breadcrumb\":{\"@id\":\"https:\/\/sulsc.com\/index.php\/2026\/03\/11\/laguna-transmite-ao-vivo-reuniao-sobre-registro-da-pesca-cooperativa-entre-pescadores-e-botos-no-sul-do-brasil-como-patrimonio-cultural\/#breadcrumb\"},\"inLanguage\":\"en-US\",\"potentialAction\":[{\"@type\":\"ReadAction\",\"target\":[\"https:\/\/sulsc.com\/index.php\/2026\/03\/11\/laguna-transmite-ao-vivo-reuniao-sobre-registro-da-pesca-cooperativa-entre-pescadores-e-botos-no-sul-do-brasil-como-patrimonio-cultural\/\"]}]},{\"@type\":\"BreadcrumbList\",\"@id\":\"https:\/\/sulsc.com\/index.php\/2026\/03\/11\/laguna-transmite-ao-vivo-reuniao-sobre-registro-da-pesca-cooperativa-entre-pescadores-e-botos-no-sul-do-brasil-como-patrimonio-cultural\/#breadcrumb\",\"itemListElement\":[{\"@type\":\"ListItem\",\"position\":1,\"name\":\"In\u00edcio\",\"item\":\"https:\/\/sulsc.com\/\"},{\"@type\":\"ListItem\",\"position\":2,\"name\":\"Laguna transmite ao vivo reuni\u00e3o sobre Registro da Pesca Cooperativa entre pescadores e botos no Sul do Brasil como Patrim\u00f4nio Cultural\"}]},{\"@type\":\"WebSite\",\"@id\":\"https:\/\/sulsc.com\/#website\",\"url\":\"https:\/\/sulsc.com\/\",\"name\":\"\",\"description\":\"\",\"potentialAction\":[{\"@type\":\"SearchAction\",\"target\":{\"@type\":\"EntryPoint\",\"urlTemplate\":\"https:\/\/sulsc.com\/?s={search_term_string}\"},\"query-input\":\"required name=search_term_string\"}],\"inLanguage\":\"en-US\"},{\"@type\":\"Person\",\"@id\":\"https:\/\/sulsc.com\/#\/schema\/person\/84d2fc571684f6248ba83092f07750a3\",\"name\":\"Reda\u00e7\u00e3o Sul SC\",\"image\":{\"@type\":\"ImageObject\",\"inLanguage\":\"en-US\",\"@id\":\"https:\/\/sulsc.com\/#\/schema\/person\/image\/e08d7fe2cc4ed596372063bbe852b8d0\",\"url\":\"https:\/\/sulsc.com\/wp-content\/uploads\/2023\/09\/redacao.png\",\"contentUrl\":\"https:\/\/sulsc.com\/wp-content\/uploads\/2023\/09\/redacao.png\",\"caption\":\"Reda\u00e7\u00e3o Sul SC\"},\"description\":\"Foco em um jornalismo imparcial, voltado \u00e0 qualidade dos seus conte\u00fados e, assim, levar informa\u00e7\u00e3o de valor que agregue \u00e0 vida dos leitores. Esta \u00e9 grande miss\u00e3o do Portal de Not\u00edcias Sul SC. N\u00e3o \u00e9 quantidade que muda o mundo, sempre foi e seguir\u00e1 sendo qualidade!\",\"sameAs\":[\"https:\/\/sulsc.com\/\",\"https:\/\/www.facebook.com\/profile.php?id=61559278119680\",\"https:\/\/www.instagram.com\/sulscportal\/?hl=pt-br\",\"https:\/\/twitter.com\/https:\/\/twitter.com\/PortalSulSC\",\"https:\/\/www.youtube.com\/channel\/UCv_BE8GeySluDov2n8qhVmw\"],\"url\":\"https:\/\/sulsc.com\/index.php\/author\/redacao\/\"}]}<\/script>\n<!-- \/ Yoast SEO plugin. -->","yoast_head_json":{"title":"Laguna transmite ao vivo reuni\u00e3o sobre Registro da Pesca Cooperativa entre pescadores e botos no Sul do Brasil como Patrim\u00f4nio Cultural -","robots":{"index":"index","follow":"follow","max-snippet":"max-snippet:-1","max-image-preview":"max-image-preview:large","max-video-preview":"max-video-preview:-1"},"canonical":"https:\/\/sulsc.com\/index.php\/2026\/03\/11\/laguna-transmite-ao-vivo-reuniao-sobre-registro-da-pesca-cooperativa-entre-pescadores-e-botos-no-sul-do-brasil-como-patrimonio-cultural\/","og_locale":"en_US","og_type":"article","og_title":"Laguna transmite ao vivo reuni\u00e3o sobre Registro da Pesca Cooperativa entre pescadores e botos no Sul do Brasil como Patrim\u00f4nio Cultural -","og_description":"A Prefeitura de Laguna, juntamente com a\u00a0 Funda\u00e7\u00e3o Lagunense de Cultura (FLC), convida a comunidade a acompanhar a transmiss\u00e3o ao vivo da 112\u00aa Reuni\u00e3o do Conselho Consultivo do Patrim\u00f4nio Cultural. O evento ocorrer\u00e1 nesta quarta-feira (11), das 14h \u00e0s 15h30, diretamente do Rio de Janeiro, promovido pelo Instituto do Patrim\u00f4nio Hist\u00f3rico e Art\u00edstico Nacional (IPHAN). &hellip; Laguna transmite ao vivo reuni\u00e3o sobre Registro da Pesca Cooperativa entre pescadores e botos no Sul do Brasil como Patrim\u00f4nio Cultural Read More &raquo;","og_url":"https:\/\/sulsc.com\/index.php\/2026\/03\/11\/laguna-transmite-ao-vivo-reuniao-sobre-registro-da-pesca-cooperativa-entre-pescadores-e-botos-no-sul-do-brasil-como-patrimonio-cultural\/","article_author":"https:\/\/www.facebook.com\/profile.php?id=61559278119680","article_published_time":"2026-03-11T13:43:37+00:00","og_image":[{"width":800,"height":445,"url":"http:\/\/sulsc.com\/wp-content\/uploads\/2026\/03\/2070249-800x445-1.jpg","type":"image\/jpeg"}],"author":"Reda\u00e7\u00e3o Sul SC","twitter_card":"summary_large_image","twitter_creator":"@https:\/\/twitter.com\/PortalSulSC","twitter_misc":{"Written by":"Reda\u00e7\u00e3o Sul SC","Est. reading time":"2 minutes"},"schema":{"@context":"https:\/\/schema.org","@graph":[{"@type":"WebPage","@id":"https:\/\/sulsc.com\/index.php\/2026\/03\/11\/laguna-transmite-ao-vivo-reuniao-sobre-registro-da-pesca-cooperativa-entre-pescadores-e-botos-no-sul-do-brasil-como-patrimonio-cultural\/","url":"https:\/\/sulsc.com\/index.php\/2026\/03\/11\/laguna-transmite-ao-vivo-reuniao-sobre-registro-da-pesca-cooperativa-entre-pescadores-e-botos-no-sul-do-brasil-como-patrimonio-cultural\/","name":"Laguna transmite ao vivo reuni\u00e3o sobre Registro da Pesca Cooperativa entre pescadores e botos no Sul do Brasil como Patrim\u00f4nio Cultural -","isPartOf":{"@id":"https:\/\/sulsc.com\/#website"},"datePublished":"2026-03-11T13:43:37+00:00","dateModified":"2026-03-11T13:43:37+00:00","author":{"@id":"https:\/\/sulsc.com\/#\/schema\/person\/84d2fc571684f6248ba83092f07750a3"},"breadcrumb":{"@id":"https:\/\/sulsc.com\/index.php\/2026\/03\/11\/laguna-transmite-ao-vivo-reuniao-sobre-registro-da-pesca-cooperativa-entre-pescadores-e-botos-no-sul-do-brasil-como-patrimonio-cultural\/#breadcrumb"},"inLanguage":"en-US","potentialAction":[{"@type":"ReadAction","target":["https:\/\/sulsc.com\/index.php\/2026\/03\/11\/laguna-transmite-ao-vivo-reuniao-sobre-registro-da-pesca-cooperativa-entre-pescadores-e-botos-no-sul-do-brasil-como-patrimonio-cultural\/"]}]},{"@type":"BreadcrumbList","@id":"https:\/\/sulsc.com\/index.php\/2026\/03\/11\/laguna-transmite-ao-vivo-reuniao-sobre-registro-da-pesca-cooperativa-entre-pescadores-e-botos-no-sul-do-brasil-como-patrimonio-cultural\/#breadcrumb","itemListElement":[{"@type":"ListItem","position":1,"name":"In\u00edcio","item":"https:\/\/sulsc.com\/"},{"@type":"ListItem","position":2,"name":"Laguna transmite ao vivo reuni\u00e3o sobre Registro da Pesca Cooperativa entre pescadores e botos no Sul do Brasil como Patrim\u00f4nio Cultural"}]},{"@type":"WebSite","@id":"https:\/\/sulsc.com\/#website","url":"https:\/\/sulsc.com\/","name":"","description":"","potentialAction":[{"@type":"SearchAction","target":{"@type":"EntryPoint","urlTemplate":"https:\/\/sulsc.com\/?s={search_term_string}"},"query-input":"required name=search_term_string"}],"inLanguage":"en-US"},{"@type":"Person","@id":"https:\/\/sulsc.com\/#\/schema\/person\/84d2fc571684f6248ba83092f07750a3","name":"Reda\u00e7\u00e3o Sul SC","image":{"@type":"ImageObject","inLanguage":"en-US","@id":"https:\/\/sulsc.com\/#\/schema\/person\/image\/e08d7fe2cc4ed596372063bbe852b8d0","url":"https:\/\/sulsc.com\/wp-content\/uploads\/2023\/09\/redacao.png","contentUrl":"https:\/\/sulsc.com\/wp-content\/uploads\/2023\/09\/redacao.png","caption":"Reda\u00e7\u00e3o Sul SC"},"description":"Foco em um jornalismo imparcial, voltado \u00e0 qualidade dos seus conte\u00fados e, assim, levar informa\u00e7\u00e3o de valor que agregue \u00e0 vida dos leitores. Esta \u00e9 grande miss\u00e3o do Portal de Not\u00edcias Sul SC. N\u00e3o \u00e9 quantidade que muda o mundo, sempre foi e seguir\u00e1 sendo qualidade!","sameAs":["https:\/\/sulsc.com\/","https:\/\/www.facebook.com\/profile.php?id=61559278119680","https:\/\/www.instagram.com\/sulscportal\/?hl=pt-br","https:\/\/twitter.com\/https:\/\/twitter.com\/PortalSulSC","https:\/\/www.youtube.com\/channel\/UCv_BE8GeySluDov2n8qhVmw"],"url":"https:\/\/sulsc.com\/index.php\/author\/redacao\/"}]}},"authors":[],"_links":{"self":[{"href":"https:\/\/sulsc.com\/index.php\/wp-json\/wp\/v2\/posts\/32963"}],"collection":[{"href":"https:\/\/sulsc.com\/index.php\/wp-json\/wp\/v2\/posts"}],"about":[{"href":"https:\/\/sulsc.com\/index.php\/wp-json\/wp\/v2\/types\/post"}],"author":[{"embeddable":true,"href":"https:\/\/sulsc.com\/index.php\/wp-json\/wp\/v2\/users\/3"}],"replies":[{"embeddable":true,"href":"https:\/\/sulsc.com\/index.php\/wp-json\/wp\/v2\/comments?post=32963"}],"version-history":[{"count":1,"href":"https:\/\/sulsc.com\/index.php\/wp-json\/wp\/v2\/posts\/32963\/revisions"}],"predecessor-version":[{"id":32965,"href":"https:\/\/sulsc.com\/index.php\/wp-json\/wp\/v2\/posts\/32963\/revisions\/32965"}],"wp:featuredmedia":[{"embeddable":true,"href":"https:\/\/sulsc.com\/index.php\/wp-json\/wp\/v2\/media\/32964"}],"wp:attachment":[{"href":"https:\/\/sulsc.com\/index.php\/wp-json\/wp\/v2\/media?parent=32963"}],"wp:term":[{"taxonomy":"category","embeddable":true,"href":"https:\/\/sulsc.com\/index.php\/wp-json\/wp\/v2\/categories?post=32963"},{"taxonomy":"post_tag","embeddable":true,"href":"https:\/\/sulsc.com\/index.php\/wp-json\/wp\/v2\/tags?post=32963"}],"curies":[{"name":"wp","href":"https:\/\/api.w.org\/{rel}","templated":true}]}}