{"id":32966,"date":"2026-03-11T15:24:25","date_gmt":"2026-03-11T18:24:25","guid":{"rendered":"https:\/\/sulsc.com\/?p=32966"},"modified":"2026-03-11T15:24:25","modified_gmt":"2026-03-11T18:24:25","slug":"escolas-de-sc-terao-que-informar-pais-sobre-atividades-relacionadas-a-genero","status":"publish","type":"post","link":"https:\/\/sulsc.com\/index.php\/2026\/03\/11\/escolas-de-sc-terao-que-informar-pais-sobre-atividades-relacionadas-a-genero\/","title":{"rendered":"Escolas de SC ter\u00e3o que informar pais sobre atividades relacionadas a g\u00eanero"},"content":{"rendered":"<p>A Assembleia Legislativa de Santa Catarina (Alesc) aprovou nesta ter\u00e7a-feira (10), um projeto de lei que assegura aos pais e respons\u00e1veis o direito de vetar a participa\u00e7\u00e3o de seus filhos em atividades pedag\u00f3gicas de g\u00eanero nas escolas p\u00fablicas e privadas do estado. O projeto classifica essas atividades como aquelas que abordam temas relacionados \u00e0 identidade de g\u00eanero, orienta\u00e7\u00e3o sexual, diversidade sexual e igualdade de g\u00eanero.<\/p>\n<div id=\"metaslider-id-25573\" style=\"width: 100%;\" class=\"ml-slider-3-99-0 metaslider metaslider-flex metaslider-25573 ml-slider has-onhover-arrows ms-theme-default-base has-dots-nav\" role=\"region\" aria-label=\"Meio\" data-width=\"1200\">\n    <div id=\"metaslider_container_25573\">\n        <div id=\"metaslider_25573\">\n            <ul class='slides'>\n                <li style=\"display: block; width: 100%;\" class=\"slide-25684 ms-image \" aria-roledescription=\"slide\" data-date=\"2025-07-24 07:55:40\"><img src=\"https:\/\/sulsc.com\/wp-content\/uploads\/2025\/07\/Marr-2-1000x166.jpg\" height=\"200\" width=\"1200\" alt=\"\" class=\"slider-25573 slide-25684 msDefaultImage\" title=\"Marr 2\" \/><\/li>\n                <li style=\"display: none; width: 100%;\" class=\"slide-32412 ms-image \" aria-roledescription=\"slide\" data-date=\"2026-02-18 13:59:46\"><img src=\"https:\/\/sulsc.com\/wp-content\/uploads\/2026\/02\/40dc1580-cad5-4867-bc58-c4243821ad38-1000x166.jpeg\" height=\"200\" width=\"1200\" alt=\"\" class=\"slider-25573 slide-32412 msDefaultImage\" title=\"40dc1580-cad5-4867-bc58-c4243821ad38\" \/><\/li>\n                <li style=\"display: none; width: 100%;\" class=\"slide-32766 ms-image \" aria-roledescription=\"slide\" data-date=\"2026-03-03 17:22:59\"><img src=\"https:\/\/sulsc.com\/wp-content\/uploads\/2026\/03\/271ce739-f268-41c5-8051-3de1a1750359-1000x166.jpeg\" height=\"200\" width=\"1200\" alt=\"\" class=\"slider-25573 slide-32766 msDefaultImage\" title=\"271ce739-f268-41c5-8051-3de1a1750359\" \/><\/li>\n            <\/ul>\n        <\/div>\n        \n    <\/div>\n<\/div>\n<p>De acordo com a deputada Ana Campagnolo (PL), as institui\u00e7\u00f5es de ensino dever\u00e3o informar aos pais sobre a realiza\u00e7\u00e3o dessas atividades, permitindo que eles concedam ou n\u00e3o a autoriza\u00e7\u00e3o por escrito para a participa\u00e7\u00e3o de seus filhos.<\/p>\n<p><img fetchpriority=\"high\" decoding=\"async\" class=\"aligncenter size-full wp-image-32967\" src=\"http:\/\/sulsc.com\/wp-content\/uploads\/2026\/03\/24d521aa-6ac2-4083-a32f-a4e56cb1fa1a.jpeg\" alt=\"\" width=\"680\" height=\"378\" srcset=\"https:\/\/sulsc.com\/wp-content\/uploads\/2026\/03\/24d521aa-6ac2-4083-a32f-a4e56cb1fa1a.jpeg 680w, https:\/\/sulsc.com\/wp-content\/uploads\/2026\/03\/24d521aa-6ac2-4083-a32f-a4e56cb1fa1a-300x167.jpeg 300w\" sizes=\"(max-width: 680px) 100vw, 680px\" \/><\/p>\n<p>A proposta estabelece san\u00e7\u00f5es severas para as escolas que n\u00e3o cumprirem as diretrizes, incluindo advert\u00eancias, multas de at\u00e9 R$ 10 mil por aluno e, em casos extremos, a suspens\u00e3o ou cassa\u00e7\u00e3o da autoriza\u00e7\u00e3o de funcionamento da institui\u00e7\u00e3o.<\/p>\n<p>Essa nova legisla\u00e7\u00e3o visa garantir que os pais tenham controle sobre a educa\u00e7\u00e3o de seus filhos em temas considerados sens\u00edveis, gerando debate sobre a liberdade pedag\u00f3gica e os direitos dos estudantes.<\/p>\n","protected":false},"excerpt":{"rendered":"<p>A Assembleia Legislativa de Santa Catarina (Alesc) aprovou nesta ter\u00e7a-feira (10), um projeto de lei que assegura aos pais e respons\u00e1veis o direito de vetar a participa\u00e7\u00e3o de seus filhos em atividades pedag\u00f3gicas de g\u00eanero nas escolas p\u00fablicas e privadas do estado. O projeto classifica essas atividades como aquelas que abordam temas relacionados \u00e0 identidade &hellip;<\/p>\n<p class=\"read-more\"> <a class=\"\" href=\"https:\/\/sulsc.com\/index.php\/2026\/03\/11\/escolas-de-sc-terao-que-informar-pais-sobre-atividades-relacionadas-a-genero\/\"> <span class=\"screen-reader-text\">Escolas de SC ter\u00e3o que informar pais sobre atividades relacionadas a g\u00eanero<\/span> Read More &raquo;<\/a><\/p>\n","protected":false},"author":3,"featured_media":32968,"comment_status":"open","ping_status":"open","sticky":false,"template":"","format":"standard","meta":{"site-sidebar-layout":"default","site-content-layout":"","ast-site-content-layout":"default","site-content-style":"default","site-sidebar-style":"default","ast-global-header-display":"","ast-banner-title-visibility":"","ast-main-header-display":"","ast-hfb-above-header-display":"","ast-hfb-below-header-display":"","ast-hfb-mobile-header-display":"","site-post-title":"","ast-breadcrumbs-content":"","ast-featured-img":"","footer-sml-layout":"","theme-transparent-header-meta":"default","adv-header-id-meta":"","stick-header-meta":"","header-above-stick-meta":"","header-main-stick-meta":"","header-below-stick-meta":"","astra-migrate-meta-layouts":"set","footnotes":""},"categories":[2364,2321,1,6,14,12],"tags":[350,482],"yoast_head":"<!-- This site is optimized with the Yoast SEO plugin v21.4 - https:\/\/yoast.com\/wordpress\/plugins\/seo\/ -->\n<title>Escolas de SC ter\u00e3o que informar pais sobre atividades relacionadas a g\u00eanero -<\/title>\n<meta name=\"robots\" content=\"index, follow, max-snippet:-1, max-image-preview:large, max-video-preview:-1\" \/>\n<link rel=\"canonical\" href=\"https:\/\/sulsc.com\/index.php\/2026\/03\/11\/escolas-de-sc-terao-que-informar-pais-sobre-atividades-relacionadas-a-genero\/\" \/>\n<meta property=\"og:locale\" content=\"en_US\" \/>\n<meta property=\"og:type\" content=\"article\" \/>\n<meta property=\"og:title\" content=\"Escolas de SC ter\u00e3o que informar pais sobre atividades relacionadas a g\u00eanero -\" \/>\n<meta property=\"og:description\" content=\"A Assembleia Legislativa de Santa Catarina (Alesc) aprovou nesta ter\u00e7a-feira (10), um projeto de lei que assegura aos pais e respons\u00e1veis o direito de vetar a participa\u00e7\u00e3o de seus filhos em atividades pedag\u00f3gicas de g\u00eanero nas escolas p\u00fablicas e privadas do estado. O projeto classifica essas atividades como aquelas que abordam temas relacionados \u00e0 identidade &hellip; Escolas de SC ter\u00e3o que informar pais sobre atividades relacionadas a g\u00eanero Read More &raquo;\" \/>\n<meta property=\"og:url\" content=\"https:\/\/sulsc.com\/index.php\/2026\/03\/11\/escolas-de-sc-terao-que-informar-pais-sobre-atividades-relacionadas-a-genero\/\" \/>\n<meta property=\"article:author\" content=\"https:\/\/www.facebook.com\/profile.php?id=61559278119680\" \/>\n<meta property=\"article:published_time\" content=\"2026-03-11T18:24:25+00:00\" \/>\n<meta property=\"og:image\" content=\"http:\/\/sulsc.com\/wp-content\/uploads\/2026\/03\/7b3d430f-8675-4c3f-8a84-fe38b282c603.jpeg\" \/>\n\t<meta property=\"og:image:width\" content=\"800\" \/>\n\t<meta property=\"og:image:height\" content=\"522\" \/>\n\t<meta property=\"og:image:type\" content=\"image\/jpeg\" \/>\n<meta name=\"author\" content=\"Reda\u00e7\u00e3o Sul SC\" \/>\n<meta name=\"twitter:card\" content=\"summary_large_image\" \/>\n<meta name=\"twitter:creator\" content=\"@https:\/\/twitter.com\/PortalSulSC\" \/>\n<meta name=\"twitter:label1\" content=\"Written by\" \/>\n\t<meta name=\"twitter:data1\" content=\"Reda\u00e7\u00e3o Sul SC\" \/>\n\t<meta name=\"twitter:label2\" content=\"Est. reading time\" \/>\n\t<meta name=\"twitter:data2\" content=\"1 minute\" \/>\n<script type=\"application\/ld+json\" class=\"yoast-schema-graph\">{\"@context\":\"https:\/\/schema.org\",\"@graph\":[{\"@type\":\"WebPage\",\"@id\":\"https:\/\/sulsc.com\/index.php\/2026\/03\/11\/escolas-de-sc-terao-que-informar-pais-sobre-atividades-relacionadas-a-genero\/\",\"url\":\"https:\/\/sulsc.com\/index.php\/2026\/03\/11\/escolas-de-sc-terao-que-informar-pais-sobre-atividades-relacionadas-a-genero\/\",\"name\":\"Escolas de SC ter\u00e3o que informar pais sobre atividades relacionadas a g\u00eanero -\",\"isPartOf\":{\"@id\":\"https:\/\/sulsc.com\/#website\"},\"datePublished\":\"2026-03-11T18:24:25+00:00\",\"dateModified\":\"2026-03-11T18:24:25+00:00\",\"author\":{\"@id\":\"https:\/\/sulsc.com\/#\/schema\/person\/84d2fc571684f6248ba83092f07750a3\"},\"breadcrumb\":{\"@id\":\"https:\/\/sulsc.com\/index.php\/2026\/03\/11\/escolas-de-sc-terao-que-informar-pais-sobre-atividades-relacionadas-a-genero\/#breadcrumb\"},\"inLanguage\":\"en-US\",\"potentialAction\":[{\"@type\":\"ReadAction\",\"target\":[\"https:\/\/sulsc.com\/index.php\/2026\/03\/11\/escolas-de-sc-terao-que-informar-pais-sobre-atividades-relacionadas-a-genero\/\"]}]},{\"@type\":\"BreadcrumbList\",\"@id\":\"https:\/\/sulsc.com\/index.php\/2026\/03\/11\/escolas-de-sc-terao-que-informar-pais-sobre-atividades-relacionadas-a-genero\/#breadcrumb\",\"itemListElement\":[{\"@type\":\"ListItem\",\"position\":1,\"name\":\"In\u00edcio\",\"item\":\"https:\/\/sulsc.com\/\"},{\"@type\":\"ListItem\",\"position\":2,\"name\":\"Escolas de SC ter\u00e3o que informar pais sobre atividades relacionadas a g\u00eanero\"}]},{\"@type\":\"WebSite\",\"@id\":\"https:\/\/sulsc.com\/#website\",\"url\":\"https:\/\/sulsc.com\/\",\"name\":\"\",\"description\":\"\",\"potentialAction\":[{\"@type\":\"SearchAction\",\"target\":{\"@type\":\"EntryPoint\",\"urlTemplate\":\"https:\/\/sulsc.com\/?s={search_term_string}\"},\"query-input\":\"required name=search_term_string\"}],\"inLanguage\":\"en-US\"},{\"@type\":\"Person\",\"@id\":\"https:\/\/sulsc.com\/#\/schema\/person\/84d2fc571684f6248ba83092f07750a3\",\"name\":\"Reda\u00e7\u00e3o Sul SC\",\"image\":{\"@type\":\"ImageObject\",\"inLanguage\":\"en-US\",\"@id\":\"https:\/\/sulsc.com\/#\/schema\/person\/image\/e08d7fe2cc4ed596372063bbe852b8d0\",\"url\":\"https:\/\/sulsc.com\/wp-content\/uploads\/2023\/09\/redacao.png\",\"contentUrl\":\"https:\/\/sulsc.com\/wp-content\/uploads\/2023\/09\/redacao.png\",\"caption\":\"Reda\u00e7\u00e3o Sul SC\"},\"description\":\"Foco em um jornalismo imparcial, voltado \u00e0 qualidade dos seus conte\u00fados e, assim, levar informa\u00e7\u00e3o de valor que agregue \u00e0 vida dos leitores. Esta \u00e9 grande miss\u00e3o do Portal de Not\u00edcias Sul SC. N\u00e3o \u00e9 quantidade que muda o mundo, sempre foi e seguir\u00e1 sendo qualidade!\",\"sameAs\":[\"https:\/\/sulsc.com\/\",\"https:\/\/www.facebook.com\/profile.php?id=61559278119680\",\"https:\/\/www.instagram.com\/sulscportal\/?hl=pt-br\",\"https:\/\/twitter.com\/https:\/\/twitter.com\/PortalSulSC\",\"https:\/\/www.youtube.com\/channel\/UCv_BE8GeySluDov2n8qhVmw\"],\"url\":\"https:\/\/sulsc.com\/index.php\/author\/redacao\/\"}]}<\/script>\n<!-- \/ Yoast SEO plugin. -->","yoast_head_json":{"title":"Escolas de SC ter\u00e3o que informar pais sobre atividades relacionadas a g\u00eanero -","robots":{"index":"index","follow":"follow","max-snippet":"max-snippet:-1","max-image-preview":"max-image-preview:large","max-video-preview":"max-video-preview:-1"},"canonical":"https:\/\/sulsc.com\/index.php\/2026\/03\/11\/escolas-de-sc-terao-que-informar-pais-sobre-atividades-relacionadas-a-genero\/","og_locale":"en_US","og_type":"article","og_title":"Escolas de SC ter\u00e3o que informar pais sobre atividades relacionadas a g\u00eanero -","og_description":"A Assembleia Legislativa de Santa Catarina (Alesc) aprovou nesta ter\u00e7a-feira (10), um projeto de lei que assegura aos pais e respons\u00e1veis o direito de vetar a participa\u00e7\u00e3o de seus filhos em atividades pedag\u00f3gicas de g\u00eanero nas escolas p\u00fablicas e privadas do estado. O projeto classifica essas atividades como aquelas que abordam temas relacionados \u00e0 identidade &hellip; Escolas de SC ter\u00e3o que informar pais sobre atividades relacionadas a g\u00eanero Read More &raquo;","og_url":"https:\/\/sulsc.com\/index.php\/2026\/03\/11\/escolas-de-sc-terao-que-informar-pais-sobre-atividades-relacionadas-a-genero\/","article_author":"https:\/\/www.facebook.com\/profile.php?id=61559278119680","article_published_time":"2026-03-11T18:24:25+00:00","og_image":[{"width":800,"height":522,"url":"http:\/\/sulsc.com\/wp-content\/uploads\/2026\/03\/7b3d430f-8675-4c3f-8a84-fe38b282c603.jpeg","type":"image\/jpeg"}],"author":"Reda\u00e7\u00e3o Sul SC","twitter_card":"summary_large_image","twitter_creator":"@https:\/\/twitter.com\/PortalSulSC","twitter_misc":{"Written by":"Reda\u00e7\u00e3o Sul SC","Est. reading time":"1 minute"},"schema":{"@context":"https:\/\/schema.org","@graph":[{"@type":"WebPage","@id":"https:\/\/sulsc.com\/index.php\/2026\/03\/11\/escolas-de-sc-terao-que-informar-pais-sobre-atividades-relacionadas-a-genero\/","url":"https:\/\/sulsc.com\/index.php\/2026\/03\/11\/escolas-de-sc-terao-que-informar-pais-sobre-atividades-relacionadas-a-genero\/","name":"Escolas de SC ter\u00e3o que informar pais sobre atividades relacionadas a g\u00eanero -","isPartOf":{"@id":"https:\/\/sulsc.com\/#website"},"datePublished":"2026-03-11T18:24:25+00:00","dateModified":"2026-03-11T18:24:25+00:00","author":{"@id":"https:\/\/sulsc.com\/#\/schema\/person\/84d2fc571684f6248ba83092f07750a3"},"breadcrumb":{"@id":"https:\/\/sulsc.com\/index.php\/2026\/03\/11\/escolas-de-sc-terao-que-informar-pais-sobre-atividades-relacionadas-a-genero\/#breadcrumb"},"inLanguage":"en-US","potentialAction":[{"@type":"ReadAction","target":["https:\/\/sulsc.com\/index.php\/2026\/03\/11\/escolas-de-sc-terao-que-informar-pais-sobre-atividades-relacionadas-a-genero\/"]}]},{"@type":"BreadcrumbList","@id":"https:\/\/sulsc.com\/index.php\/2026\/03\/11\/escolas-de-sc-terao-que-informar-pais-sobre-atividades-relacionadas-a-genero\/#breadcrumb","itemListElement":[{"@type":"ListItem","position":1,"name":"In\u00edcio","item":"https:\/\/sulsc.com\/"},{"@type":"ListItem","position":2,"name":"Escolas de SC ter\u00e3o que informar pais sobre atividades relacionadas a g\u00eanero"}]},{"@type":"WebSite","@id":"https:\/\/sulsc.com\/#website","url":"https:\/\/sulsc.com\/","name":"","description":"","potentialAction":[{"@type":"SearchAction","target":{"@type":"EntryPoint","urlTemplate":"https:\/\/sulsc.com\/?s={search_term_string}"},"query-input":"required name=search_term_string"}],"inLanguage":"en-US"},{"@type":"Person","@id":"https:\/\/sulsc.com\/#\/schema\/person\/84d2fc571684f6248ba83092f07750a3","name":"Reda\u00e7\u00e3o Sul SC","image":{"@type":"ImageObject","inLanguage":"en-US","@id":"https:\/\/sulsc.com\/#\/schema\/person\/image\/e08d7fe2cc4ed596372063bbe852b8d0","url":"https:\/\/sulsc.com\/wp-content\/uploads\/2023\/09\/redacao.png","contentUrl":"https:\/\/sulsc.com\/wp-content\/uploads\/2023\/09\/redacao.png","caption":"Reda\u00e7\u00e3o Sul SC"},"description":"Foco em um jornalismo imparcial, voltado \u00e0 qualidade dos seus conte\u00fados e, assim, levar informa\u00e7\u00e3o de valor que agregue \u00e0 vida dos leitores. Esta \u00e9 grande miss\u00e3o do Portal de Not\u00edcias Sul SC. N\u00e3o \u00e9 quantidade que muda o mundo, sempre foi e seguir\u00e1 sendo qualidade!","sameAs":["https:\/\/sulsc.com\/","https:\/\/www.facebook.com\/profile.php?id=61559278119680","https:\/\/www.instagram.com\/sulscportal\/?hl=pt-br","https:\/\/twitter.com\/https:\/\/twitter.com\/PortalSulSC","https:\/\/www.youtube.com\/channel\/UCv_BE8GeySluDov2n8qhVmw"],"url":"https:\/\/sulsc.com\/index.php\/author\/redacao\/"}]}},"authors":[],"_links":{"self":[{"href":"https:\/\/sulsc.com\/index.php\/wp-json\/wp\/v2\/posts\/32966"}],"collection":[{"href":"https:\/\/sulsc.com\/index.php\/wp-json\/wp\/v2\/posts"}],"about":[{"href":"https:\/\/sulsc.com\/index.php\/wp-json\/wp\/v2\/types\/post"}],"author":[{"embeddable":true,"href":"https:\/\/sulsc.com\/index.php\/wp-json\/wp\/v2\/users\/3"}],"replies":[{"embeddable":true,"href":"https:\/\/sulsc.com\/index.php\/wp-json\/wp\/v2\/comments?post=32966"}],"version-history":[{"count":1,"href":"https:\/\/sulsc.com\/index.php\/wp-json\/wp\/v2\/posts\/32966\/revisions"}],"predecessor-version":[{"id":32969,"href":"https:\/\/sulsc.com\/index.php\/wp-json\/wp\/v2\/posts\/32966\/revisions\/32969"}],"wp:featuredmedia":[{"embeddable":true,"href":"https:\/\/sulsc.com\/index.php\/wp-json\/wp\/v2\/media\/32968"}],"wp:attachment":[{"href":"https:\/\/sulsc.com\/index.php\/wp-json\/wp\/v2\/media?parent=32966"}],"wp:term":[{"taxonomy":"category","embeddable":true,"href":"https:\/\/sulsc.com\/index.php\/wp-json\/wp\/v2\/categories?post=32966"},{"taxonomy":"post_tag","embeddable":true,"href":"https:\/\/sulsc.com\/index.php\/wp-json\/wp\/v2\/tags?post=32966"}],"curies":[{"name":"wp","href":"https:\/\/api.w.org\/{rel}","templated":true}]}}