{"id":32970,"date":"2026-03-11T15:52:54","date_gmt":"2026-03-11T18:52:54","guid":{"rendered":"https:\/\/sulsc.com\/?p=32970"},"modified":"2026-03-11T15:52:54","modified_gmt":"2026-03-11T18:52:54","slug":"corpo-e-encontrado-em-balneario-rincao-durante-busca-por-adolescente-desaparecida","status":"publish","type":"post","link":"https:\/\/sulsc.com\/index.php\/2026\/03\/11\/corpo-e-encontrado-em-balneario-rincao-durante-busca-por-adolescente-desaparecida\/","title":{"rendered":"Corpo \u00e9 encontrado em Balne\u00e1rio Rinc\u00e3o durante busca por adolescente desaparecida"},"content":{"rendered":"<p>Na tarde desta ter\u00e7a-feira (10), em uma \u00e1rea da Zona Sul de Balne\u00e1rio Rinc\u00e3o, um corpo foi encontrado . O corpo que pode ser de Daniele Roque Silveira, de 16 anos. A adolescente n\u00e3o \u00e9 vista desde novembro de 2025. A localiza\u00e7\u00e3o do cad\u00e1ver ocorreu ap\u00f3s informa\u00e7\u00f5es que indicavam que a jovem poderia estar enterrada na regi\u00e3o.<\/p>\n<p>As equipes da Divis\u00e3o de Investiga\u00e7\u00e3o Criminal (DIC) de Ararangu\u00e1 e Crici\u00fama, com o apoio da Pol\u00edcia Cient\u00edfica e funcion\u00e1rios da Prefeitura de Balne\u00e1rio Rinc\u00e3o, realizaram as dilig\u00eancias que levaram \u00e0 descoberta do corpo, que, a princ\u00edpio, \u00e9 do sexo feminino.<\/p>\n<div id=\"metaslider-id-25573\" style=\"width: 100%;\" class=\"ml-slider-3-99-0 metaslider metaslider-flex metaslider-25573 ml-slider has-onhover-arrows ms-theme-default-base has-dots-nav\" role=\"region\" aria-label=\"Meio\" data-width=\"1200\">\n    <div id=\"metaslider_container_25573\">\n        <div id=\"metaslider_25573\">\n            <ul class='slides'>\n                <li style=\"display: block; width: 100%;\" class=\"slide-25684 ms-image \" aria-roledescription=\"slide\" data-date=\"2025-07-24 07:55:40\"><img src=\"https:\/\/sulsc.com\/wp-content\/uploads\/2025\/07\/Marr-2-1000x166.jpg\" height=\"200\" width=\"1200\" alt=\"\" class=\"slider-25573 slide-25684 msDefaultImage\" title=\"Marr 2\" \/><\/li>\n                <li style=\"display: none; width: 100%;\" class=\"slide-32412 ms-image \" aria-roledescription=\"slide\" data-date=\"2026-02-18 13:59:46\"><img src=\"https:\/\/sulsc.com\/wp-content\/uploads\/2026\/02\/40dc1580-cad5-4867-bc58-c4243821ad38-1000x166.jpeg\" height=\"200\" width=\"1200\" alt=\"\" class=\"slider-25573 slide-32412 msDefaultImage\" title=\"40dc1580-cad5-4867-bc58-c4243821ad38\" \/><\/li>\n                <li style=\"display: none; width: 100%;\" class=\"slide-32766 ms-image \" aria-roledescription=\"slide\" data-date=\"2026-03-03 17:22:59\"><img src=\"https:\/\/sulsc.com\/wp-content\/uploads\/2026\/03\/271ce739-f268-41c5-8051-3de1a1750359-1000x166.jpeg\" height=\"200\" width=\"1200\" alt=\"\" class=\"slider-25573 slide-32766 msDefaultImage\" title=\"271ce739-f268-41c5-8051-3de1a1750359\" \/><\/li>\n            <\/ul>\n        <\/div>\n        \n    <\/div>\n<\/div>\n<p>Ap\u00f3s a localiza\u00e7\u00e3o, peritos iniciaram a coleta de evid\u00eancias no local para auxiliar na investiga\u00e7\u00e3o. O corpo foi encaminhado ao Instituto M\u00e9dico Legal (IML), onde passar\u00e1 por exames periciais detalhados para confirmar a identidade da v\u00edtima e fornecer informa\u00e7\u00f5es adicionais que possam ser relevantes para o caso. Al\u00e9m das an\u00e1lises t\u00e9cnicas, familiares de Daniele poder\u00e3o ser convocados para realizar o reconhecimento.<\/p>\n<p>As autoridades seguem investigando o caso com cautela, e mais informa\u00e7\u00f5es devem ser divulgadas \u00e0 medida que os exames forem realizados.<\/p>\n<p>durante buscas relacionadas ao desaparecimento de Daniele, uma adolescente de 15 anos que n\u00e3o \u00e9 vista desde novembro de 2025. A localiza\u00e7\u00e3o do cad\u00e1ver ocorreu ap\u00f3s informa\u00e7\u00f5es que indicavam que a jovem poderia estar enterrada na regi\u00e3o.<\/p>\n<p><img fetchpriority=\"high\" decoding=\"async\" class=\"aligncenter size-full wp-image-32971\" src=\"http:\/\/sulsc.com\/wp-content\/uploads\/2026\/03\/553c8867-1b61-4342-867f-acc9f3f52b10.jpeg\" alt=\"\" width=\"1080\" height=\"1036\" srcset=\"https:\/\/sulsc.com\/wp-content\/uploads\/2026\/03\/553c8867-1b61-4342-867f-acc9f3f52b10.jpeg 1080w, https:\/\/sulsc.com\/wp-content\/uploads\/2026\/03\/553c8867-1b61-4342-867f-acc9f3f52b10-300x288.jpeg 300w, https:\/\/sulsc.com\/wp-content\/uploads\/2026\/03\/553c8867-1b61-4342-867f-acc9f3f52b10-1024x982.jpeg 1024w, https:\/\/sulsc.com\/wp-content\/uploads\/2026\/03\/553c8867-1b61-4342-867f-acc9f3f52b10-768x737.jpeg 768w\" sizes=\"(max-width: 1080px) 100vw, 1080px\" \/><\/p>\n<p>PCSC\/Divulga\u00e7\u00e3o\/SulSC<\/p>\n<p>As equipes da Divis\u00e3o de Investiga\u00e7\u00e3o Criminal (DIC) de Ararangu\u00e1 e Crici\u00fama, com o apoio da Pol\u00edcia Cient\u00edfica e funcion\u00e1rios da Prefeitura de Balne\u00e1rio Rinc\u00e3o, realizaram as dilig\u00eancias que levaram \u00e0 descoberta do corpo, que, a princ\u00edpio, \u00e9 do sexo feminino.<\/p>\n<p>Ap\u00f3s a localiza\u00e7\u00e3o, peritos iniciaram a coleta de evid\u00eancias no local para auxiliar na investiga\u00e7\u00e3o. O corpo foi encaminhado ao Instituto M\u00e9dico Legal (IML), onde passar\u00e1 por exames periciais detalhados para confirmar a identidade da v\u00edtima e fornecer informa\u00e7\u00f5es adicionais que possam ser relevantes para o caso. Al\u00e9m das an\u00e1lises t\u00e9cnicas, familiares de Daniele poder\u00e3o ser convocados para realizar o reconhecimento.<\/p>\n<p>As autoridades seguem investigando o caso com cautela, e mais informa\u00e7\u00f5es devem ser divulgadas \u00e0 medida que os exames forem realizados.<\/p>\n","protected":false},"excerpt":{"rendered":"<p>Na tarde desta ter\u00e7a-feira (10), em uma \u00e1rea da Zona Sul de Balne\u00e1rio Rinc\u00e3o, um corpo foi encontrado . O corpo que pode ser de Daniele Roque Silveira, de 16 anos. A adolescente n\u00e3o \u00e9 vista desde novembro de 2025. A localiza\u00e7\u00e3o do cad\u00e1ver ocorreu ap\u00f3s informa\u00e7\u00f5es que indicavam que a jovem poderia estar enterrada &hellip;<\/p>\n<p class=\"read-more\"> <a class=\"\" href=\"https:\/\/sulsc.com\/index.php\/2026\/03\/11\/corpo-e-encontrado-em-balneario-rincao-durante-busca-por-adolescente-desaparecida\/\"> <span class=\"screen-reader-text\">Corpo \u00e9 encontrado em Balne\u00e1rio Rinc\u00e3o durante busca por adolescente desaparecida<\/span> Read More &raquo;<\/a><\/p>\n","protected":false},"author":3,"featured_media":32971,"comment_status":"open","ping_status":"open","sticky":false,"template":"","format":"standard","meta":{"site-sidebar-layout":"default","site-content-layout":"","ast-site-content-layout":"default","site-content-style":"default","site-sidebar-style":"default","ast-global-header-display":"","ast-banner-title-visibility":"","ast-main-header-display":"","ast-hfb-above-header-display":"","ast-hfb-below-header-display":"","ast-hfb-mobile-header-display":"","site-post-title":"","ast-breadcrumbs-content":"","ast-featured-img":"","footer-sml-layout":"","theme-transparent-header-meta":"default","adv-header-id-meta":"","stick-header-meta":"","header-above-stick-meta":"","header-main-stick-meta":"","header-below-stick-meta":"","astra-migrate-meta-layouts":"set","footnotes":""},"categories":[23,1,14,2782,12],"tags":[505,2844],"yoast_head":"<!-- This site is optimized with the Yoast SEO plugin v21.4 - https:\/\/yoast.com\/wordpress\/plugins\/seo\/ -->\n<title>Corpo \u00e9 encontrado em Balne\u00e1rio Rinc\u00e3o durante busca por adolescente desaparecida -<\/title>\n<meta name=\"robots\" content=\"index, follow, max-snippet:-1, max-image-preview:large, max-video-preview:-1\" \/>\n<link rel=\"canonical\" href=\"https:\/\/sulsc.com\/index.php\/2026\/03\/11\/corpo-e-encontrado-em-balneario-rincao-durante-busca-por-adolescente-desaparecida\/\" \/>\n<meta property=\"og:locale\" content=\"en_US\" \/>\n<meta property=\"og:type\" content=\"article\" \/>\n<meta property=\"og:title\" content=\"Corpo \u00e9 encontrado em Balne\u00e1rio Rinc\u00e3o durante busca por adolescente desaparecida -\" \/>\n<meta property=\"og:description\" content=\"Na tarde desta ter\u00e7a-feira (10), em uma \u00e1rea da Zona Sul de Balne\u00e1rio Rinc\u00e3o, um corpo foi encontrado . O corpo que pode ser de Daniele Roque Silveira, de 16 anos. A adolescente n\u00e3o \u00e9 vista desde novembro de 2025. A localiza\u00e7\u00e3o do cad\u00e1ver ocorreu ap\u00f3s informa\u00e7\u00f5es que indicavam que a jovem poderia estar enterrada &hellip; Corpo \u00e9 encontrado em Balne\u00e1rio Rinc\u00e3o durante busca por adolescente desaparecida Read More &raquo;\" \/>\n<meta property=\"og:url\" content=\"https:\/\/sulsc.com\/index.php\/2026\/03\/11\/corpo-e-encontrado-em-balneario-rincao-durante-busca-por-adolescente-desaparecida\/\" \/>\n<meta property=\"article:author\" content=\"https:\/\/www.facebook.com\/profile.php?id=61559278119680\" \/>\n<meta property=\"article:published_time\" content=\"2026-03-11T18:52:54+00:00\" \/>\n<meta property=\"og:image\" content=\"http:\/\/sulsc.com\/wp-content\/uploads\/2026\/03\/553c8867-1b61-4342-867f-acc9f3f52b10.jpeg\" \/>\n\t<meta property=\"og:image:width\" content=\"1080\" \/>\n\t<meta property=\"og:image:height\" content=\"1036\" \/>\n\t<meta property=\"og:image:type\" content=\"image\/jpeg\" \/>\n<meta name=\"author\" content=\"Reda\u00e7\u00e3o Sul SC\" \/>\n<meta name=\"twitter:card\" content=\"summary_large_image\" \/>\n<meta name=\"twitter:creator\" content=\"@https:\/\/twitter.com\/PortalSulSC\" \/>\n<meta name=\"twitter:label1\" content=\"Written by\" \/>\n\t<meta name=\"twitter:data1\" content=\"Reda\u00e7\u00e3o Sul SC\" \/>\n\t<meta name=\"twitter:label2\" content=\"Est. reading time\" \/>\n\t<meta name=\"twitter:data2\" content=\"2 minutes\" \/>\n<script type=\"application\/ld+json\" class=\"yoast-schema-graph\">{\"@context\":\"https:\/\/schema.org\",\"@graph\":[{\"@type\":\"WebPage\",\"@id\":\"https:\/\/sulsc.com\/index.php\/2026\/03\/11\/corpo-e-encontrado-em-balneario-rincao-durante-busca-por-adolescente-desaparecida\/\",\"url\":\"https:\/\/sulsc.com\/index.php\/2026\/03\/11\/corpo-e-encontrado-em-balneario-rincao-durante-busca-por-adolescente-desaparecida\/\",\"name\":\"Corpo \u00e9 encontrado em Balne\u00e1rio Rinc\u00e3o durante busca por adolescente desaparecida -\",\"isPartOf\":{\"@id\":\"https:\/\/sulsc.com\/#website\"},\"datePublished\":\"2026-03-11T18:52:54+00:00\",\"dateModified\":\"2026-03-11T18:52:54+00:00\",\"author\":{\"@id\":\"https:\/\/sulsc.com\/#\/schema\/person\/84d2fc571684f6248ba83092f07750a3\"},\"breadcrumb\":{\"@id\":\"https:\/\/sulsc.com\/index.php\/2026\/03\/11\/corpo-e-encontrado-em-balneario-rincao-durante-busca-por-adolescente-desaparecida\/#breadcrumb\"},\"inLanguage\":\"en-US\",\"potentialAction\":[{\"@type\":\"ReadAction\",\"target\":[\"https:\/\/sulsc.com\/index.php\/2026\/03\/11\/corpo-e-encontrado-em-balneario-rincao-durante-busca-por-adolescente-desaparecida\/\"]}]},{\"@type\":\"BreadcrumbList\",\"@id\":\"https:\/\/sulsc.com\/index.php\/2026\/03\/11\/corpo-e-encontrado-em-balneario-rincao-durante-busca-por-adolescente-desaparecida\/#breadcrumb\",\"itemListElement\":[{\"@type\":\"ListItem\",\"position\":1,\"name\":\"In\u00edcio\",\"item\":\"https:\/\/sulsc.com\/\"},{\"@type\":\"ListItem\",\"position\":2,\"name\":\"Corpo \u00e9 encontrado em Balne\u00e1rio Rinc\u00e3o durante busca por adolescente desaparecida\"}]},{\"@type\":\"WebSite\",\"@id\":\"https:\/\/sulsc.com\/#website\",\"url\":\"https:\/\/sulsc.com\/\",\"name\":\"\",\"description\":\"\",\"potentialAction\":[{\"@type\":\"SearchAction\",\"target\":{\"@type\":\"EntryPoint\",\"urlTemplate\":\"https:\/\/sulsc.com\/?s={search_term_string}\"},\"query-input\":\"required name=search_term_string\"}],\"inLanguage\":\"en-US\"},{\"@type\":\"Person\",\"@id\":\"https:\/\/sulsc.com\/#\/schema\/person\/84d2fc571684f6248ba83092f07750a3\",\"name\":\"Reda\u00e7\u00e3o Sul SC\",\"image\":{\"@type\":\"ImageObject\",\"inLanguage\":\"en-US\",\"@id\":\"https:\/\/sulsc.com\/#\/schema\/person\/image\/e08d7fe2cc4ed596372063bbe852b8d0\",\"url\":\"https:\/\/sulsc.com\/wp-content\/uploads\/2023\/09\/redacao.png\",\"contentUrl\":\"https:\/\/sulsc.com\/wp-content\/uploads\/2023\/09\/redacao.png\",\"caption\":\"Reda\u00e7\u00e3o Sul SC\"},\"description\":\"Foco em um jornalismo imparcial, voltado \u00e0 qualidade dos seus conte\u00fados e, assim, levar informa\u00e7\u00e3o de valor que agregue \u00e0 vida dos leitores. Esta \u00e9 grande miss\u00e3o do Portal de Not\u00edcias Sul SC. N\u00e3o \u00e9 quantidade que muda o mundo, sempre foi e seguir\u00e1 sendo qualidade!\",\"sameAs\":[\"https:\/\/sulsc.com\/\",\"https:\/\/www.facebook.com\/profile.php?id=61559278119680\",\"https:\/\/www.instagram.com\/sulscportal\/?hl=pt-br\",\"https:\/\/twitter.com\/https:\/\/twitter.com\/PortalSulSC\",\"https:\/\/www.youtube.com\/channel\/UCv_BE8GeySluDov2n8qhVmw\"],\"url\":\"https:\/\/sulsc.com\/index.php\/author\/redacao\/\"}]}<\/script>\n<!-- \/ Yoast SEO plugin. -->","yoast_head_json":{"title":"Corpo \u00e9 encontrado em Balne\u00e1rio Rinc\u00e3o durante busca por adolescente desaparecida -","robots":{"index":"index","follow":"follow","max-snippet":"max-snippet:-1","max-image-preview":"max-image-preview:large","max-video-preview":"max-video-preview:-1"},"canonical":"https:\/\/sulsc.com\/index.php\/2026\/03\/11\/corpo-e-encontrado-em-balneario-rincao-durante-busca-por-adolescente-desaparecida\/","og_locale":"en_US","og_type":"article","og_title":"Corpo \u00e9 encontrado em Balne\u00e1rio Rinc\u00e3o durante busca por adolescente desaparecida -","og_description":"Na tarde desta ter\u00e7a-feira (10), em uma \u00e1rea da Zona Sul de Balne\u00e1rio Rinc\u00e3o, um corpo foi encontrado . O corpo que pode ser de Daniele Roque Silveira, de 16 anos. A adolescente n\u00e3o \u00e9 vista desde novembro de 2025. A localiza\u00e7\u00e3o do cad\u00e1ver ocorreu ap\u00f3s informa\u00e7\u00f5es que indicavam que a jovem poderia estar enterrada &hellip; Corpo \u00e9 encontrado em Balne\u00e1rio Rinc\u00e3o durante busca por adolescente desaparecida Read More &raquo;","og_url":"https:\/\/sulsc.com\/index.php\/2026\/03\/11\/corpo-e-encontrado-em-balneario-rincao-durante-busca-por-adolescente-desaparecida\/","article_author":"https:\/\/www.facebook.com\/profile.php?id=61559278119680","article_published_time":"2026-03-11T18:52:54+00:00","og_image":[{"width":1080,"height":1036,"url":"http:\/\/sulsc.com\/wp-content\/uploads\/2026\/03\/553c8867-1b61-4342-867f-acc9f3f52b10.jpeg","type":"image\/jpeg"}],"author":"Reda\u00e7\u00e3o Sul SC","twitter_card":"summary_large_image","twitter_creator":"@https:\/\/twitter.com\/PortalSulSC","twitter_misc":{"Written by":"Reda\u00e7\u00e3o Sul SC","Est. reading time":"2 minutes"},"schema":{"@context":"https:\/\/schema.org","@graph":[{"@type":"WebPage","@id":"https:\/\/sulsc.com\/index.php\/2026\/03\/11\/corpo-e-encontrado-em-balneario-rincao-durante-busca-por-adolescente-desaparecida\/","url":"https:\/\/sulsc.com\/index.php\/2026\/03\/11\/corpo-e-encontrado-em-balneario-rincao-durante-busca-por-adolescente-desaparecida\/","name":"Corpo \u00e9 encontrado em Balne\u00e1rio Rinc\u00e3o durante busca por adolescente desaparecida -","isPartOf":{"@id":"https:\/\/sulsc.com\/#website"},"datePublished":"2026-03-11T18:52:54+00:00","dateModified":"2026-03-11T18:52:54+00:00","author":{"@id":"https:\/\/sulsc.com\/#\/schema\/person\/84d2fc571684f6248ba83092f07750a3"},"breadcrumb":{"@id":"https:\/\/sulsc.com\/index.php\/2026\/03\/11\/corpo-e-encontrado-em-balneario-rincao-durante-busca-por-adolescente-desaparecida\/#breadcrumb"},"inLanguage":"en-US","potentialAction":[{"@type":"ReadAction","target":["https:\/\/sulsc.com\/index.php\/2026\/03\/11\/corpo-e-encontrado-em-balneario-rincao-durante-busca-por-adolescente-desaparecida\/"]}]},{"@type":"BreadcrumbList","@id":"https:\/\/sulsc.com\/index.php\/2026\/03\/11\/corpo-e-encontrado-em-balneario-rincao-durante-busca-por-adolescente-desaparecida\/#breadcrumb","itemListElement":[{"@type":"ListItem","position":1,"name":"In\u00edcio","item":"https:\/\/sulsc.com\/"},{"@type":"ListItem","position":2,"name":"Corpo \u00e9 encontrado em Balne\u00e1rio Rinc\u00e3o durante busca por adolescente desaparecida"}]},{"@type":"WebSite","@id":"https:\/\/sulsc.com\/#website","url":"https:\/\/sulsc.com\/","name":"","description":"","potentialAction":[{"@type":"SearchAction","target":{"@type":"EntryPoint","urlTemplate":"https:\/\/sulsc.com\/?s={search_term_string}"},"query-input":"required name=search_term_string"}],"inLanguage":"en-US"},{"@type":"Person","@id":"https:\/\/sulsc.com\/#\/schema\/person\/84d2fc571684f6248ba83092f07750a3","name":"Reda\u00e7\u00e3o Sul SC","image":{"@type":"ImageObject","inLanguage":"en-US","@id":"https:\/\/sulsc.com\/#\/schema\/person\/image\/e08d7fe2cc4ed596372063bbe852b8d0","url":"https:\/\/sulsc.com\/wp-content\/uploads\/2023\/09\/redacao.png","contentUrl":"https:\/\/sulsc.com\/wp-content\/uploads\/2023\/09\/redacao.png","caption":"Reda\u00e7\u00e3o Sul SC"},"description":"Foco em um jornalismo imparcial, voltado \u00e0 qualidade dos seus conte\u00fados e, assim, levar informa\u00e7\u00e3o de valor que agregue \u00e0 vida dos leitores. Esta \u00e9 grande miss\u00e3o do Portal de Not\u00edcias Sul SC. N\u00e3o \u00e9 quantidade que muda o mundo, sempre foi e seguir\u00e1 sendo qualidade!","sameAs":["https:\/\/sulsc.com\/","https:\/\/www.facebook.com\/profile.php?id=61559278119680","https:\/\/www.instagram.com\/sulscportal\/?hl=pt-br","https:\/\/twitter.com\/https:\/\/twitter.com\/PortalSulSC","https:\/\/www.youtube.com\/channel\/UCv_BE8GeySluDov2n8qhVmw"],"url":"https:\/\/sulsc.com\/index.php\/author\/redacao\/"}]}},"authors":[],"_links":{"self":[{"href":"https:\/\/sulsc.com\/index.php\/wp-json\/wp\/v2\/posts\/32970"}],"collection":[{"href":"https:\/\/sulsc.com\/index.php\/wp-json\/wp\/v2\/posts"}],"about":[{"href":"https:\/\/sulsc.com\/index.php\/wp-json\/wp\/v2\/types\/post"}],"author":[{"embeddable":true,"href":"https:\/\/sulsc.com\/index.php\/wp-json\/wp\/v2\/users\/3"}],"replies":[{"embeddable":true,"href":"https:\/\/sulsc.com\/index.php\/wp-json\/wp\/v2\/comments?post=32970"}],"version-history":[{"count":1,"href":"https:\/\/sulsc.com\/index.php\/wp-json\/wp\/v2\/posts\/32970\/revisions"}],"predecessor-version":[{"id":32972,"href":"https:\/\/sulsc.com\/index.php\/wp-json\/wp\/v2\/posts\/32970\/revisions\/32972"}],"wp:featuredmedia":[{"embeddable":true,"href":"https:\/\/sulsc.com\/index.php\/wp-json\/wp\/v2\/media\/32971"}],"wp:attachment":[{"href":"https:\/\/sulsc.com\/index.php\/wp-json\/wp\/v2\/media?parent=32970"}],"wp:term":[{"taxonomy":"category","embeddable":true,"href":"https:\/\/sulsc.com\/index.php\/wp-json\/wp\/v2\/categories?post=32970"},{"taxonomy":"post_tag","embeddable":true,"href":"https:\/\/sulsc.com\/index.php\/wp-json\/wp\/v2\/tags?post=32970"}],"curies":[{"name":"wp","href":"https:\/\/api.w.org\/{rel}","templated":true}]}}