{"id":32974,"date":"2026-03-12T06:58:21","date_gmt":"2026-03-12T09:58:21","guid":{"rendered":"https:\/\/sulsc.com\/?p=32974"},"modified":"2026-03-12T06:58:21","modified_gmt":"2026-03-12T09:58:21","slug":"quinta-feira-12-com-maximas-chegando-aos-32oc-no-litoral-sul-e-temporais-isolados","status":"publish","type":"post","link":"https:\/\/sulsc.com\/index.php\/2026\/03\/12\/quinta-feira-12-com-maximas-chegando-aos-32oc-no-litoral-sul-e-temporais-isolados\/","title":{"rendered":"Quinta-feira (12) com m\u00e1ximas chegando aos 32\u00baC no litoral sul e temporais isolados"},"content":{"rendered":"<p>O dia come\u00e7a com varia\u00e7\u00e3o de nuvens e condi\u00e7\u00f5es para chuva nas \u00e1reas de divisa com o RS nesta quinta-feira(12). A partir da tarde, a instabilidade associada ao sistema de baixa press\u00e3o ganha for\u00e7a devido ao aquecimento e umidade dispon\u00edvel na atmosfera, assim, os temporais isolados passam a ocorrer em todas as regi\u00f5es catarinenses, acompanhadas por temporais com raios, rajadas de vento e eventual granizo. O risco \u00e9 moderado para ocorr\u00eancias associadas a alagamentos, danos na rede el\u00e9trica, queda de galhos e \u00e1rvores e destelhamentos.<\/p>\n<div id=\"metaslider-id-25573\" style=\"width: 100%;\" class=\"ml-slider-3-99-0 metaslider metaslider-flex metaslider-25573 ml-slider has-onhover-arrows ms-theme-default-base has-dots-nav\" role=\"region\" aria-label=\"Meio\" data-width=\"1200\">\n    <div id=\"metaslider_container_25573\">\n        <div id=\"metaslider_25573\">\n            <ul class='slides'>\n                <li style=\"display: block; width: 100%;\" class=\"slide-25684 ms-image \" aria-roledescription=\"slide\" data-date=\"2025-07-24 07:55:40\"><img src=\"https:\/\/sulsc.com\/wp-content\/uploads\/2025\/07\/Marr-2-1000x166.jpg\" height=\"200\" width=\"1200\" alt=\"\" class=\"slider-25573 slide-25684 msDefaultImage\" title=\"Marr 2\" \/><\/li>\n                <li style=\"display: none; width: 100%;\" class=\"slide-32412 ms-image \" aria-roledescription=\"slide\" data-date=\"2026-02-18 13:59:46\"><img src=\"https:\/\/sulsc.com\/wp-content\/uploads\/2026\/02\/40dc1580-cad5-4867-bc58-c4243821ad38-1000x166.jpeg\" height=\"200\" width=\"1200\" alt=\"\" class=\"slider-25573 slide-32412 msDefaultImage\" title=\"40dc1580-cad5-4867-bc58-c4243821ad38\" \/><\/li>\n                <li style=\"display: none; width: 100%;\" class=\"slide-32766 ms-image \" aria-roledescription=\"slide\" data-date=\"2026-03-03 17:22:59\"><img src=\"https:\/\/sulsc.com\/wp-content\/uploads\/2026\/03\/271ce739-f268-41c5-8051-3de1a1750359-1000x166.jpeg\" height=\"200\" width=\"1200\" alt=\"\" class=\"slider-25573 slide-32766 msDefaultImage\" title=\"271ce739-f268-41c5-8051-3de1a1750359\" \/><\/li>\n            <\/ul>\n        <\/div>\n        \n    <\/div>\n<\/div>\n<p><strong>Temperaturas<\/strong><\/p>\n<p>\u00c0 tarde as m\u00e1ximas seguem elevadas, variando entre 27 e 32\u00b0C no Grande Oeste e Litoral Sul e de 20 a 26\u00b0C no restante do estado.<\/p>\n<p><img fetchpriority=\"high\" decoding=\"async\" class=\"aligncenter size-full wp-image-32975\" src=\"http:\/\/sulsc.com\/wp-content\/uploads\/2026\/03\/image-193-1024x692-1.png\" alt=\"\" width=\"1024\" height=\"692\" srcset=\"https:\/\/sulsc.com\/wp-content\/uploads\/2026\/03\/image-193-1024x692-1.png 1024w, https:\/\/sulsc.com\/wp-content\/uploads\/2026\/03\/image-193-1024x692-1-300x203.png 300w, https:\/\/sulsc.com\/wp-content\/uploads\/2026\/03\/image-193-1024x692-1-768x519.png 768w\" sizes=\"(max-width: 1024px) 100vw, 1024px\" \/><\/p>\n<p><img decoding=\"async\" class=\"aligncenter size-full wp-image-32976\" src=\"http:\/\/sulsc.com\/wp-content\/uploads\/2026\/03\/Captura-de-tela-2026-03-07-023821-1024x219-2.png\" alt=\"\" width=\"1024\" height=\"219\" srcset=\"https:\/\/sulsc.com\/wp-content\/uploads\/2026\/03\/Captura-de-tela-2026-03-07-023821-1024x219-2.png 1024w, https:\/\/sulsc.com\/wp-content\/uploads\/2026\/03\/Captura-de-tela-2026-03-07-023821-1024x219-2-300x64.png 300w, https:\/\/sulsc.com\/wp-content\/uploads\/2026\/03\/Captura-de-tela-2026-03-07-023821-1024x219-2-768x164.png 768w\" sizes=\"(max-width: 1024px) 100vw, 1024px\" \/><\/p>\n<p><strong>Vento:<\/strong> nordeste, fraco a moderado.<\/p>\n<p><strong>Sistema predominante:<\/strong> baixa press\u00e3o no RS. Circula\u00e7\u00e3o mar\u00edtima no norte de SC.<\/p>\n<p><strong>Amanh\u00e3 sexta-feira (13)<\/strong>, sol entre nuvens em SC. A partir da tarde chuva de ver\u00e3o (isolada e passageira), especialmente do Meio-Oeste ao Litoral. Diminui a condi\u00e7\u00e3o de temporais. Temperaturas em eleva\u00e7\u00e3o, com m\u00e1ximas pr\u00f3ximas e acima de 30\u00baC.<\/p>\n<p>Fontes: Defesa Civil &#8211; SC\/Epagri-Ciram<\/p>\n","protected":false},"excerpt":{"rendered":"<p>O dia come\u00e7a com varia\u00e7\u00e3o de nuvens e condi\u00e7\u00f5es para chuva nas \u00e1reas de divisa com o RS nesta quinta-feira(12). A partir da tarde, a instabilidade associada ao sistema de baixa press\u00e3o ganha for\u00e7a devido ao aquecimento e umidade dispon\u00edvel na atmosfera, assim, os temporais isolados passam a ocorrer em todas as regi\u00f5es catarinenses, acompanhadas &hellip;<\/p>\n<p class=\"read-more\"> <a class=\"\" href=\"https:\/\/sulsc.com\/index.php\/2026\/03\/12\/quinta-feira-12-com-maximas-chegando-aos-32oc-no-litoral-sul-e-temporais-isolados\/\"> <span class=\"screen-reader-text\">Quinta-feira (12) com m\u00e1ximas chegando aos 32\u00baC no litoral sul e temporais isolados<\/span> Read More &raquo;<\/a><\/p>\n","protected":false},"author":3,"featured_media":32977,"comment_status":"open","ping_status":"open","sticky":false,"template":"","format":"standard","meta":{"site-sidebar-layout":"default","site-content-layout":"","ast-site-content-layout":"default","site-content-style":"default","site-sidebar-style":"default","ast-global-header-display":"","ast-banner-title-visibility":"","ast-main-header-display":"","ast-hfb-above-header-display":"","ast-hfb-below-header-display":"","ast-hfb-mobile-header-display":"","site-post-title":"","ast-breadcrumbs-content":"","ast-featured-img":"","footer-sml-layout":"","theme-transparent-header-meta":"default","adv-header-id-meta":"","stick-header-meta":"","header-above-stick-meta":"","header-main-stick-meta":"","header-below-stick-meta":"","astra-migrate-meta-layouts":"set","footnotes":""},"categories":[14,38,12],"tags":[90],"yoast_head":"<!-- This site is optimized with the Yoast SEO plugin v21.4 - https:\/\/yoast.com\/wordpress\/plugins\/seo\/ -->\n<title>Quinta-feira (12) com m\u00e1ximas chegando aos 32\u00baC no litoral sul e temporais isolados -<\/title>\n<meta name=\"robots\" content=\"index, follow, max-snippet:-1, max-image-preview:large, max-video-preview:-1\" \/>\n<link rel=\"canonical\" href=\"https:\/\/sulsc.com\/index.php\/2026\/03\/12\/quinta-feira-12-com-maximas-chegando-aos-32oc-no-litoral-sul-e-temporais-isolados\/\" \/>\n<meta property=\"og:locale\" content=\"en_US\" \/>\n<meta property=\"og:type\" content=\"article\" \/>\n<meta property=\"og:title\" content=\"Quinta-feira (12) com m\u00e1ximas chegando aos 32\u00baC no litoral sul e temporais isolados -\" \/>\n<meta property=\"og:description\" content=\"O dia come\u00e7a com varia\u00e7\u00e3o de nuvens e condi\u00e7\u00f5es para chuva nas \u00e1reas de divisa com o RS nesta quinta-feira(12). A partir da tarde, a instabilidade associada ao sistema de baixa press\u00e3o ganha for\u00e7a devido ao aquecimento e umidade dispon\u00edvel na atmosfera, assim, os temporais isolados passam a ocorrer em todas as regi\u00f5es catarinenses, acompanhadas &hellip; Quinta-feira (12) com m\u00e1ximas chegando aos 32\u00baC no litoral sul e temporais isolados Read More &raquo;\" \/>\n<meta property=\"og:url\" content=\"https:\/\/sulsc.com\/index.php\/2026\/03\/12\/quinta-feira-12-com-maximas-chegando-aos-32oc-no-litoral-sul-e-temporais-isolados\/\" \/>\n<meta property=\"article:author\" content=\"https:\/\/www.facebook.com\/profile.php?id=61559278119680\" \/>\n<meta property=\"article:published_time\" content=\"2026-03-12T09:58:21+00:00\" \/>\n<meta property=\"og:image\" content=\"http:\/\/sulsc.com\/wp-content\/uploads\/2026\/03\/1e4ca8ac-59b1-49f2-9ad8-9e6005e3bb0e-e1773309480279.jpeg\" \/>\n\t<meta property=\"og:image:width\" content=\"712\" \/>\n\t<meta property=\"og:image:height\" content=\"945\" \/>\n\t<meta property=\"og:image:type\" content=\"image\/jpeg\" \/>\n<meta name=\"author\" content=\"Reda\u00e7\u00e3o Sul SC\" \/>\n<meta name=\"twitter:card\" content=\"summary_large_image\" \/>\n<meta name=\"twitter:creator\" content=\"@https:\/\/twitter.com\/PortalSulSC\" \/>\n<meta name=\"twitter:label1\" content=\"Written by\" \/>\n\t<meta name=\"twitter:data1\" content=\"Reda\u00e7\u00e3o Sul SC\" \/>\n\t<meta name=\"twitter:label2\" content=\"Est. reading time\" \/>\n\t<meta name=\"twitter:data2\" content=\"2 minutes\" \/>\n<script type=\"application\/ld+json\" class=\"yoast-schema-graph\">{\"@context\":\"https:\/\/schema.org\",\"@graph\":[{\"@type\":\"WebPage\",\"@id\":\"https:\/\/sulsc.com\/index.php\/2026\/03\/12\/quinta-feira-12-com-maximas-chegando-aos-32oc-no-litoral-sul-e-temporais-isolados\/\",\"url\":\"https:\/\/sulsc.com\/index.php\/2026\/03\/12\/quinta-feira-12-com-maximas-chegando-aos-32oc-no-litoral-sul-e-temporais-isolados\/\",\"name\":\"Quinta-feira (12) com m\u00e1ximas chegando aos 32\u00baC no litoral sul e temporais isolados -\",\"isPartOf\":{\"@id\":\"https:\/\/sulsc.com\/#website\"},\"datePublished\":\"2026-03-12T09:58:21+00:00\",\"dateModified\":\"2026-03-12T09:58:21+00:00\",\"author\":{\"@id\":\"https:\/\/sulsc.com\/#\/schema\/person\/84d2fc571684f6248ba83092f07750a3\"},\"breadcrumb\":{\"@id\":\"https:\/\/sulsc.com\/index.php\/2026\/03\/12\/quinta-feira-12-com-maximas-chegando-aos-32oc-no-litoral-sul-e-temporais-isolados\/#breadcrumb\"},\"inLanguage\":\"en-US\",\"potentialAction\":[{\"@type\":\"ReadAction\",\"target\":[\"https:\/\/sulsc.com\/index.php\/2026\/03\/12\/quinta-feira-12-com-maximas-chegando-aos-32oc-no-litoral-sul-e-temporais-isolados\/\"]}]},{\"@type\":\"BreadcrumbList\",\"@id\":\"https:\/\/sulsc.com\/index.php\/2026\/03\/12\/quinta-feira-12-com-maximas-chegando-aos-32oc-no-litoral-sul-e-temporais-isolados\/#breadcrumb\",\"itemListElement\":[{\"@type\":\"ListItem\",\"position\":1,\"name\":\"In\u00edcio\",\"item\":\"https:\/\/sulsc.com\/\"},{\"@type\":\"ListItem\",\"position\":2,\"name\":\"Quinta-feira (12) com m\u00e1ximas chegando aos 32\u00baC no litoral sul e temporais isolados\"}]},{\"@type\":\"WebSite\",\"@id\":\"https:\/\/sulsc.com\/#website\",\"url\":\"https:\/\/sulsc.com\/\",\"name\":\"\",\"description\":\"\",\"potentialAction\":[{\"@type\":\"SearchAction\",\"target\":{\"@type\":\"EntryPoint\",\"urlTemplate\":\"https:\/\/sulsc.com\/?s={search_term_string}\"},\"query-input\":\"required name=search_term_string\"}],\"inLanguage\":\"en-US\"},{\"@type\":\"Person\",\"@id\":\"https:\/\/sulsc.com\/#\/schema\/person\/84d2fc571684f6248ba83092f07750a3\",\"name\":\"Reda\u00e7\u00e3o Sul SC\",\"image\":{\"@type\":\"ImageObject\",\"inLanguage\":\"en-US\",\"@id\":\"https:\/\/sulsc.com\/#\/schema\/person\/image\/e08d7fe2cc4ed596372063bbe852b8d0\",\"url\":\"https:\/\/sulsc.com\/wp-content\/uploads\/2023\/09\/redacao.png\",\"contentUrl\":\"https:\/\/sulsc.com\/wp-content\/uploads\/2023\/09\/redacao.png\",\"caption\":\"Reda\u00e7\u00e3o Sul SC\"},\"description\":\"Foco em um jornalismo imparcial, voltado \u00e0 qualidade dos seus conte\u00fados e, assim, levar informa\u00e7\u00e3o de valor que agregue \u00e0 vida dos leitores. Esta \u00e9 grande miss\u00e3o do Portal de Not\u00edcias Sul SC. N\u00e3o \u00e9 quantidade que muda o mundo, sempre foi e seguir\u00e1 sendo qualidade!\",\"sameAs\":[\"https:\/\/sulsc.com\/\",\"https:\/\/www.facebook.com\/profile.php?id=61559278119680\",\"https:\/\/www.instagram.com\/sulscportal\/?hl=pt-br\",\"https:\/\/twitter.com\/https:\/\/twitter.com\/PortalSulSC\",\"https:\/\/www.youtube.com\/channel\/UCv_BE8GeySluDov2n8qhVmw\"],\"url\":\"https:\/\/sulsc.com\/index.php\/author\/redacao\/\"}]}<\/script>\n<!-- \/ Yoast SEO plugin. -->","yoast_head_json":{"title":"Quinta-feira (12) com m\u00e1ximas chegando aos 32\u00baC no litoral sul e temporais isolados -","robots":{"index":"index","follow":"follow","max-snippet":"max-snippet:-1","max-image-preview":"max-image-preview:large","max-video-preview":"max-video-preview:-1"},"canonical":"https:\/\/sulsc.com\/index.php\/2026\/03\/12\/quinta-feira-12-com-maximas-chegando-aos-32oc-no-litoral-sul-e-temporais-isolados\/","og_locale":"en_US","og_type":"article","og_title":"Quinta-feira (12) com m\u00e1ximas chegando aos 32\u00baC no litoral sul e temporais isolados -","og_description":"O dia come\u00e7a com varia\u00e7\u00e3o de nuvens e condi\u00e7\u00f5es para chuva nas \u00e1reas de divisa com o RS nesta quinta-feira(12). A partir da tarde, a instabilidade associada ao sistema de baixa press\u00e3o ganha for\u00e7a devido ao aquecimento e umidade dispon\u00edvel na atmosfera, assim, os temporais isolados passam a ocorrer em todas as regi\u00f5es catarinenses, acompanhadas &hellip; Quinta-feira (12) com m\u00e1ximas chegando aos 32\u00baC no litoral sul e temporais isolados Read More &raquo;","og_url":"https:\/\/sulsc.com\/index.php\/2026\/03\/12\/quinta-feira-12-com-maximas-chegando-aos-32oc-no-litoral-sul-e-temporais-isolados\/","article_author":"https:\/\/www.facebook.com\/profile.php?id=61559278119680","article_published_time":"2026-03-12T09:58:21+00:00","og_image":[{"width":712,"height":945,"url":"http:\/\/sulsc.com\/wp-content\/uploads\/2026\/03\/1e4ca8ac-59b1-49f2-9ad8-9e6005e3bb0e-e1773309480279.jpeg","type":"image\/jpeg"}],"author":"Reda\u00e7\u00e3o Sul SC","twitter_card":"summary_large_image","twitter_creator":"@https:\/\/twitter.com\/PortalSulSC","twitter_misc":{"Written by":"Reda\u00e7\u00e3o Sul SC","Est. reading time":"2 minutes"},"schema":{"@context":"https:\/\/schema.org","@graph":[{"@type":"WebPage","@id":"https:\/\/sulsc.com\/index.php\/2026\/03\/12\/quinta-feira-12-com-maximas-chegando-aos-32oc-no-litoral-sul-e-temporais-isolados\/","url":"https:\/\/sulsc.com\/index.php\/2026\/03\/12\/quinta-feira-12-com-maximas-chegando-aos-32oc-no-litoral-sul-e-temporais-isolados\/","name":"Quinta-feira (12) com m\u00e1ximas chegando aos 32\u00baC no litoral sul e temporais isolados -","isPartOf":{"@id":"https:\/\/sulsc.com\/#website"},"datePublished":"2026-03-12T09:58:21+00:00","dateModified":"2026-03-12T09:58:21+00:00","author":{"@id":"https:\/\/sulsc.com\/#\/schema\/person\/84d2fc571684f6248ba83092f07750a3"},"breadcrumb":{"@id":"https:\/\/sulsc.com\/index.php\/2026\/03\/12\/quinta-feira-12-com-maximas-chegando-aos-32oc-no-litoral-sul-e-temporais-isolados\/#breadcrumb"},"inLanguage":"en-US","potentialAction":[{"@type":"ReadAction","target":["https:\/\/sulsc.com\/index.php\/2026\/03\/12\/quinta-feira-12-com-maximas-chegando-aos-32oc-no-litoral-sul-e-temporais-isolados\/"]}]},{"@type":"BreadcrumbList","@id":"https:\/\/sulsc.com\/index.php\/2026\/03\/12\/quinta-feira-12-com-maximas-chegando-aos-32oc-no-litoral-sul-e-temporais-isolados\/#breadcrumb","itemListElement":[{"@type":"ListItem","position":1,"name":"In\u00edcio","item":"https:\/\/sulsc.com\/"},{"@type":"ListItem","position":2,"name":"Quinta-feira (12) com m\u00e1ximas chegando aos 32\u00baC no litoral sul e temporais isolados"}]},{"@type":"WebSite","@id":"https:\/\/sulsc.com\/#website","url":"https:\/\/sulsc.com\/","name":"","description":"","potentialAction":[{"@type":"SearchAction","target":{"@type":"EntryPoint","urlTemplate":"https:\/\/sulsc.com\/?s={search_term_string}"},"query-input":"required name=search_term_string"}],"inLanguage":"en-US"},{"@type":"Person","@id":"https:\/\/sulsc.com\/#\/schema\/person\/84d2fc571684f6248ba83092f07750a3","name":"Reda\u00e7\u00e3o Sul SC","image":{"@type":"ImageObject","inLanguage":"en-US","@id":"https:\/\/sulsc.com\/#\/schema\/person\/image\/e08d7fe2cc4ed596372063bbe852b8d0","url":"https:\/\/sulsc.com\/wp-content\/uploads\/2023\/09\/redacao.png","contentUrl":"https:\/\/sulsc.com\/wp-content\/uploads\/2023\/09\/redacao.png","caption":"Reda\u00e7\u00e3o Sul SC"},"description":"Foco em um jornalismo imparcial, voltado \u00e0 qualidade dos seus conte\u00fados e, assim, levar informa\u00e7\u00e3o de valor que agregue \u00e0 vida dos leitores. Esta \u00e9 grande miss\u00e3o do Portal de Not\u00edcias Sul SC. N\u00e3o \u00e9 quantidade que muda o mundo, sempre foi e seguir\u00e1 sendo qualidade!","sameAs":["https:\/\/sulsc.com\/","https:\/\/www.facebook.com\/profile.php?id=61559278119680","https:\/\/www.instagram.com\/sulscportal\/?hl=pt-br","https:\/\/twitter.com\/https:\/\/twitter.com\/PortalSulSC","https:\/\/www.youtube.com\/channel\/UCv_BE8GeySluDov2n8qhVmw"],"url":"https:\/\/sulsc.com\/index.php\/author\/redacao\/"}]}},"authors":[],"_links":{"self":[{"href":"https:\/\/sulsc.com\/index.php\/wp-json\/wp\/v2\/posts\/32974"}],"collection":[{"href":"https:\/\/sulsc.com\/index.php\/wp-json\/wp\/v2\/posts"}],"about":[{"href":"https:\/\/sulsc.com\/index.php\/wp-json\/wp\/v2\/types\/post"}],"author":[{"embeddable":true,"href":"https:\/\/sulsc.com\/index.php\/wp-json\/wp\/v2\/users\/3"}],"replies":[{"embeddable":true,"href":"https:\/\/sulsc.com\/index.php\/wp-json\/wp\/v2\/comments?post=32974"}],"version-history":[{"count":1,"href":"https:\/\/sulsc.com\/index.php\/wp-json\/wp\/v2\/posts\/32974\/revisions"}],"predecessor-version":[{"id":32978,"href":"https:\/\/sulsc.com\/index.php\/wp-json\/wp\/v2\/posts\/32974\/revisions\/32978"}],"wp:featuredmedia":[{"embeddable":true,"href":"https:\/\/sulsc.com\/index.php\/wp-json\/wp\/v2\/media\/32977"}],"wp:attachment":[{"href":"https:\/\/sulsc.com\/index.php\/wp-json\/wp\/v2\/media?parent=32974"}],"wp:term":[{"taxonomy":"category","embeddable":true,"href":"https:\/\/sulsc.com\/index.php\/wp-json\/wp\/v2\/categories?post=32974"},{"taxonomy":"post_tag","embeddable":true,"href":"https:\/\/sulsc.com\/index.php\/wp-json\/wp\/v2\/tags?post=32974"}],"curies":[{"name":"wp","href":"https:\/\/api.w.org\/{rel}","templated":true}]}}