{"id":32979,"date":"2026-03-12T15:16:37","date_gmt":"2026-03-12T18:16:37","guid":{"rendered":"https:\/\/sulsc.com\/?p=32979"},"modified":"2026-03-12T15:16:37","modified_gmt":"2026-03-12T18:16:37","slug":"moraes-pede-ao-itamaraty-informacoes-sobre-agenda-de-assessor-de-trump","status":"publish","type":"post","link":"https:\/\/sulsc.com\/index.php\/2026\/03\/12\/moraes-pede-ao-itamaraty-informacoes-sobre-agenda-de-assessor-de-trump\/","title":{"rendered":"Moraes pede ao Itamaraty informa\u00e7\u00f5es sobre agenda de assessor de Trump"},"content":{"rendered":"<p>Nesta quinta-feira (12), o ministro Alexandre de Moraes, do Supremo Tribunal Federal (STF), pediu que o Minist\u00e9rio das Rela\u00e7\u00f5es Exteriores informe se Darren Beattie, assessor do governo dos Estados Unidos, ter\u00e1 agenda diplom\u00e1tica no pa\u00eds e se h\u00e1 solicita\u00e7\u00e3o para visitar o ex-presidente Jair Bolsonaro na pris\u00e3o.\u00a0O pedido de informa\u00e7\u00f5es foi feito pelo ministro ap\u00f3s a defesa de Bolsonaro pedir que Beattie seja autorizado a encontrar o ex-presidente.<\/p>\n<div id=\"metaslider-id-25573\" style=\"width: 100%;\" class=\"ml-slider-3-99-0 metaslider metaslider-flex metaslider-25573 ml-slider has-onhover-arrows ms-theme-default-base has-dots-nav\" role=\"region\" aria-label=\"Meio\" data-width=\"1200\">\n    <div id=\"metaslider_container_25573\">\n        <div id=\"metaslider_25573\">\n            <ul class='slides'>\n                <li style=\"display: block; width: 100%;\" class=\"slide-25684 ms-image \" aria-roledescription=\"slide\" data-date=\"2025-07-24 07:55:40\"><img src=\"https:\/\/sulsc.com\/wp-content\/uploads\/2025\/07\/Marr-2-1000x166.jpg\" height=\"200\" width=\"1200\" alt=\"\" class=\"slider-25573 slide-25684 msDefaultImage\" title=\"Marr 2\" \/><\/li>\n                <li style=\"display: none; width: 100%;\" class=\"slide-32412 ms-image \" aria-roledescription=\"slide\" data-date=\"2026-02-18 13:59:46\"><img src=\"https:\/\/sulsc.com\/wp-content\/uploads\/2026\/02\/40dc1580-cad5-4867-bc58-c4243821ad38-1000x166.jpeg\" height=\"200\" width=\"1200\" alt=\"\" class=\"slider-25573 slide-32412 msDefaultImage\" title=\"40dc1580-cad5-4867-bc58-c4243821ad38\" \/><\/li>\n                <li style=\"display: none; width: 100%;\" class=\"slide-32766 ms-image \" aria-roledescription=\"slide\" data-date=\"2026-03-03 17:22:59\"><img src=\"https:\/\/sulsc.com\/wp-content\/uploads\/2026\/03\/271ce739-f268-41c5-8051-3de1a1750359-1000x166.jpeg\" height=\"200\" width=\"1200\" alt=\"\" class=\"slider-25573 slide-32766 msDefaultImage\" title=\"271ce739-f268-41c5-8051-3de1a1750359\" \/><\/li>\n            <\/ul>\n        <\/div>\n        \n    <\/div>\n<\/div>\n<p>Aliado do presidente Donald Trump, ele trabalha para o Departamento de Estado norte-americano e \u00e9 respons\u00e1vel pelos assuntos ligados ao Brasil.\u00a0No in\u00edcio desta semana, a defesa de Bolsonaro pediu que a visita seja realizada na pr\u00f3xima segunda-feira (16), no per\u00edodo da manh\u00e3, ou na ter\u00e7a-feira (17), datas em que o assessor estar\u00e1 em visita oficial ao Brasil. A entrada de um tradutor na pris\u00e3o tamb\u00e9m foi solicitada.<\/p>\n<p>Moraes j\u00e1 autorizou a visita\u00e7\u00e3o, mas determinou que o encontro dever\u00e1 ocorrer na quarta-feira (18), quando o assessor de Trump n\u00e3o estar\u00e1 no Brasil.\u00a0Ap\u00f3s a designa\u00e7\u00e3o da data, a defesa de Bolsonaro voltou a pedir que a libera\u00e7\u00e3o da visita ocorra nos dias sugeridos.<\/p>\n<p><img fetchpriority=\"high\" decoding=\"async\" class=\"aligncenter size-full wp-image-32871\" src=\"http:\/\/sulsc.com\/wp-content\/uploads\/2026\/03\/fb23adaf-bff7-4129-9651-5abf79ae3171.jpeg\" alt=\"\" width=\"1536\" height=\"1022\" srcset=\"https:\/\/sulsc.com\/wp-content\/uploads\/2026\/03\/fb23adaf-bff7-4129-9651-5abf79ae3171.jpeg 1536w, https:\/\/sulsc.com\/wp-content\/uploads\/2026\/03\/fb23adaf-bff7-4129-9651-5abf79ae3171-300x200.jpeg 300w, https:\/\/sulsc.com\/wp-content\/uploads\/2026\/03\/fb23adaf-bff7-4129-9651-5abf79ae3171-1024x681.jpeg 1024w, https:\/\/sulsc.com\/wp-content\/uploads\/2026\/03\/fb23adaf-bff7-4129-9651-5abf79ae3171-768x511.jpeg 768w\" sizes=\"(max-width: 1536px) 100vw, 1536px\" \/><\/p>\n<p>Bolsonaro foi condenado a 27 anos e tr\u00eas meses pris\u00e3o na a\u00e7\u00e3o penal da trama golpista e cumpre pena no 19\u00b0 Batalh\u00e3o da Pol\u00edcia Militar, localizado dentro do Complexo Penitenci\u00e1rio da Papuda, em Bras\u00edlia.\u00a0O local \u00e9 conhecido como Papudinha e \u00e9 destinado a presos especiais, como policiais, advogados e ju\u00edzes.<\/p>\n<p>Foto Capa: Departamento de Estado dos EUA\/Divulga\u00e7\u00e3o\/SulSC<\/p>\n","protected":false},"excerpt":{"rendered":"<p>Nesta quinta-feira (12), o ministro Alexandre de Moraes, do Supremo Tribunal Federal (STF), pediu que o Minist\u00e9rio das Rela\u00e7\u00f5es Exteriores informe se Darren Beattie, assessor do governo dos Estados Unidos, ter\u00e1 agenda diplom\u00e1tica no pa\u00eds e se h\u00e1 solicita\u00e7\u00e3o para visitar o ex-presidente Jair Bolsonaro na pris\u00e3o.\u00a0O pedido de informa\u00e7\u00f5es foi feito pelo ministro ap\u00f3s &hellip;<\/p>\n<p class=\"read-more\"> <a class=\"\" href=\"https:\/\/sulsc.com\/index.php\/2026\/03\/12\/moraes-pede-ao-itamaraty-informacoes-sobre-agenda-de-assessor-de-trump\/\"> <span class=\"screen-reader-text\">Moraes pede ao Itamaraty informa\u00e7\u00f5es sobre agenda de assessor de Trump<\/span> Read More &raquo;<\/a><\/p>\n","protected":false},"author":22,"featured_media":32980,"comment_status":"open","ping_status":"open","sticky":false,"template":"","format":"standard","meta":{"site-sidebar-layout":"default","site-content-layout":"","ast-site-content-layout":"default","site-content-style":"default","site-sidebar-style":"default","ast-global-header-display":"","ast-banner-title-visibility":"","ast-main-header-display":"","ast-hfb-above-header-display":"","ast-hfb-below-header-display":"","ast-hfb-mobile-header-display":"","site-post-title":"","ast-breadcrumbs-content":"","ast-featured-img":"","footer-sml-layout":"","theme-transparent-header-meta":"default","adv-header-id-meta":"","stick-header-meta":"","header-above-stick-meta":"","header-main-stick-meta":"","header-below-stick-meta":"","astra-migrate-meta-layouts":"set","footnotes":""},"categories":[1,15,2417,12],"tags":[98],"yoast_head":"<!-- This site is optimized with the Yoast SEO plugin v21.4 - https:\/\/yoast.com\/wordpress\/plugins\/seo\/ -->\n<title>Moraes pede ao Itamaraty informa\u00e7\u00f5es sobre agenda de assessor de Trump -<\/title>\n<meta name=\"robots\" content=\"index, follow, max-snippet:-1, max-image-preview:large, max-video-preview:-1\" \/>\n<link rel=\"canonical\" href=\"https:\/\/sulsc.com\/index.php\/2026\/03\/12\/moraes-pede-ao-itamaraty-informacoes-sobre-agenda-de-assessor-de-trump\/\" \/>\n<meta property=\"og:locale\" content=\"en_US\" \/>\n<meta property=\"og:type\" content=\"article\" \/>\n<meta property=\"og:title\" content=\"Moraes pede ao Itamaraty informa\u00e7\u00f5es sobre agenda de assessor de Trump -\" \/>\n<meta property=\"og:description\" content=\"Nesta quinta-feira (12), o ministro Alexandre de Moraes, do Supremo Tribunal Federal (STF), pediu que o Minist\u00e9rio das Rela\u00e7\u00f5es Exteriores informe se Darren Beattie, assessor do governo dos Estados Unidos, ter\u00e1 agenda diplom\u00e1tica no pa\u00eds e se h\u00e1 solicita\u00e7\u00e3o para visitar o ex-presidente Jair Bolsonaro na pris\u00e3o.\u00a0O pedido de informa\u00e7\u00f5es foi feito pelo ministro ap\u00f3s &hellip; Moraes pede ao Itamaraty informa\u00e7\u00f5es sobre agenda de assessor de Trump Read More &raquo;\" \/>\n<meta property=\"og:url\" content=\"https:\/\/sulsc.com\/index.php\/2026\/03\/12\/moraes-pede-ao-itamaraty-informacoes-sobre-agenda-de-assessor-de-trump\/\" \/>\n<meta property=\"article:published_time\" content=\"2026-03-12T18:16:37+00:00\" \/>\n<meta property=\"og:image\" content=\"http:\/\/sulsc.com\/wp-content\/uploads\/2026\/03\/1787627_big-darren-bettie.webp\" \/>\n\t<meta property=\"og:image:width\" content=\"1170\" \/>\n\t<meta property=\"og:image:height\" content=\"700\" \/>\n\t<meta property=\"og:image:type\" content=\"image\/webp\" \/>\n<meta name=\"author\" content=\"Vagas de Empregos\" \/>\n<meta name=\"twitter:card\" content=\"summary_large_image\" \/>\n<meta name=\"twitter:label1\" content=\"Written by\" \/>\n\t<meta name=\"twitter:data1\" content=\"Vagas de Empregos\" \/>\n\t<meta name=\"twitter:label2\" content=\"Est. reading time\" \/>\n\t<meta name=\"twitter:data2\" content=\"2 minutes\" \/>\n<script type=\"application\/ld+json\" class=\"yoast-schema-graph\">{\"@context\":\"https:\/\/schema.org\",\"@graph\":[{\"@type\":\"WebPage\",\"@id\":\"https:\/\/sulsc.com\/index.php\/2026\/03\/12\/moraes-pede-ao-itamaraty-informacoes-sobre-agenda-de-assessor-de-trump\/\",\"url\":\"https:\/\/sulsc.com\/index.php\/2026\/03\/12\/moraes-pede-ao-itamaraty-informacoes-sobre-agenda-de-assessor-de-trump\/\",\"name\":\"Moraes pede ao Itamaraty informa\u00e7\u00f5es sobre agenda de assessor de Trump -\",\"isPartOf\":{\"@id\":\"https:\/\/sulsc.com\/#website\"},\"datePublished\":\"2026-03-12T18:16:37+00:00\",\"dateModified\":\"2026-03-12T18:16:37+00:00\",\"author\":{\"@id\":\"https:\/\/sulsc.com\/#\/schema\/person\/f1bea3200d0c7a3d86fdb75895268861\"},\"breadcrumb\":{\"@id\":\"https:\/\/sulsc.com\/index.php\/2026\/03\/12\/moraes-pede-ao-itamaraty-informacoes-sobre-agenda-de-assessor-de-trump\/#breadcrumb\"},\"inLanguage\":\"en-US\",\"potentialAction\":[{\"@type\":\"ReadAction\",\"target\":[\"https:\/\/sulsc.com\/index.php\/2026\/03\/12\/moraes-pede-ao-itamaraty-informacoes-sobre-agenda-de-assessor-de-trump\/\"]}]},{\"@type\":\"BreadcrumbList\",\"@id\":\"https:\/\/sulsc.com\/index.php\/2026\/03\/12\/moraes-pede-ao-itamaraty-informacoes-sobre-agenda-de-assessor-de-trump\/#breadcrumb\",\"itemListElement\":[{\"@type\":\"ListItem\",\"position\":1,\"name\":\"In\u00edcio\",\"item\":\"https:\/\/sulsc.com\/\"},{\"@type\":\"ListItem\",\"position\":2,\"name\":\"Moraes pede ao Itamaraty informa\u00e7\u00f5es sobre agenda de assessor de Trump\"}]},{\"@type\":\"WebSite\",\"@id\":\"https:\/\/sulsc.com\/#website\",\"url\":\"https:\/\/sulsc.com\/\",\"name\":\"\",\"description\":\"\",\"potentialAction\":[{\"@type\":\"SearchAction\",\"target\":{\"@type\":\"EntryPoint\",\"urlTemplate\":\"https:\/\/sulsc.com\/?s={search_term_string}\"},\"query-input\":\"required name=search_term_string\"}],\"inLanguage\":\"en-US\"},{\"@type\":\"Person\",\"@id\":\"https:\/\/sulsc.com\/#\/schema\/person\/f1bea3200d0c7a3d86fdb75895268861\",\"name\":\"Vagas de Empregos\",\"image\":{\"@type\":\"ImageObject\",\"inLanguage\":\"en-US\",\"@id\":\"https:\/\/sulsc.com\/#\/schema\/person\/image\/cf8dfc9fae1bae2da4603c323d5f8481\",\"url\":\"https:\/\/sulsc.com\/wp-content\/uploads\/2024\/07\/Vagas-de-Emprego.png\",\"contentUrl\":\"https:\/\/sulsc.com\/wp-content\/uploads\/2024\/07\/Vagas-de-Emprego.png\",\"caption\":\"Vagas de Empregos\"},\"url\":\"https:\/\/sulsc.com\/index.php\/author\/empregos\/\"}]}<\/script>\n<!-- \/ Yoast SEO plugin. -->","yoast_head_json":{"title":"Moraes pede ao Itamaraty informa\u00e7\u00f5es sobre agenda de assessor de Trump -","robots":{"index":"index","follow":"follow","max-snippet":"max-snippet:-1","max-image-preview":"max-image-preview:large","max-video-preview":"max-video-preview:-1"},"canonical":"https:\/\/sulsc.com\/index.php\/2026\/03\/12\/moraes-pede-ao-itamaraty-informacoes-sobre-agenda-de-assessor-de-trump\/","og_locale":"en_US","og_type":"article","og_title":"Moraes pede ao Itamaraty informa\u00e7\u00f5es sobre agenda de assessor de Trump -","og_description":"Nesta quinta-feira (12), o ministro Alexandre de Moraes, do Supremo Tribunal Federal (STF), pediu que o Minist\u00e9rio das Rela\u00e7\u00f5es Exteriores informe se Darren Beattie, assessor do governo dos Estados Unidos, ter\u00e1 agenda diplom\u00e1tica no pa\u00eds e se h\u00e1 solicita\u00e7\u00e3o para visitar o ex-presidente Jair Bolsonaro na pris\u00e3o.\u00a0O pedido de informa\u00e7\u00f5es foi feito pelo ministro ap\u00f3s &hellip; Moraes pede ao Itamaraty informa\u00e7\u00f5es sobre agenda de assessor de Trump Read More &raquo;","og_url":"https:\/\/sulsc.com\/index.php\/2026\/03\/12\/moraes-pede-ao-itamaraty-informacoes-sobre-agenda-de-assessor-de-trump\/","article_published_time":"2026-03-12T18:16:37+00:00","og_image":[{"width":1170,"height":700,"url":"http:\/\/sulsc.com\/wp-content\/uploads\/2026\/03\/1787627_big-darren-bettie.webp","type":"image\/webp"}],"author":"Vagas de Empregos","twitter_card":"summary_large_image","twitter_misc":{"Written by":"Vagas de Empregos","Est. reading time":"2 minutes"},"schema":{"@context":"https:\/\/schema.org","@graph":[{"@type":"WebPage","@id":"https:\/\/sulsc.com\/index.php\/2026\/03\/12\/moraes-pede-ao-itamaraty-informacoes-sobre-agenda-de-assessor-de-trump\/","url":"https:\/\/sulsc.com\/index.php\/2026\/03\/12\/moraes-pede-ao-itamaraty-informacoes-sobre-agenda-de-assessor-de-trump\/","name":"Moraes pede ao Itamaraty informa\u00e7\u00f5es sobre agenda de assessor de Trump -","isPartOf":{"@id":"https:\/\/sulsc.com\/#website"},"datePublished":"2026-03-12T18:16:37+00:00","dateModified":"2026-03-12T18:16:37+00:00","author":{"@id":"https:\/\/sulsc.com\/#\/schema\/person\/f1bea3200d0c7a3d86fdb75895268861"},"breadcrumb":{"@id":"https:\/\/sulsc.com\/index.php\/2026\/03\/12\/moraes-pede-ao-itamaraty-informacoes-sobre-agenda-de-assessor-de-trump\/#breadcrumb"},"inLanguage":"en-US","potentialAction":[{"@type":"ReadAction","target":["https:\/\/sulsc.com\/index.php\/2026\/03\/12\/moraes-pede-ao-itamaraty-informacoes-sobre-agenda-de-assessor-de-trump\/"]}]},{"@type":"BreadcrumbList","@id":"https:\/\/sulsc.com\/index.php\/2026\/03\/12\/moraes-pede-ao-itamaraty-informacoes-sobre-agenda-de-assessor-de-trump\/#breadcrumb","itemListElement":[{"@type":"ListItem","position":1,"name":"In\u00edcio","item":"https:\/\/sulsc.com\/"},{"@type":"ListItem","position":2,"name":"Moraes pede ao Itamaraty informa\u00e7\u00f5es sobre agenda de assessor de Trump"}]},{"@type":"WebSite","@id":"https:\/\/sulsc.com\/#website","url":"https:\/\/sulsc.com\/","name":"","description":"","potentialAction":[{"@type":"SearchAction","target":{"@type":"EntryPoint","urlTemplate":"https:\/\/sulsc.com\/?s={search_term_string}"},"query-input":"required name=search_term_string"}],"inLanguage":"en-US"},{"@type":"Person","@id":"https:\/\/sulsc.com\/#\/schema\/person\/f1bea3200d0c7a3d86fdb75895268861","name":"Vagas de Empregos","image":{"@type":"ImageObject","inLanguage":"en-US","@id":"https:\/\/sulsc.com\/#\/schema\/person\/image\/cf8dfc9fae1bae2da4603c323d5f8481","url":"https:\/\/sulsc.com\/wp-content\/uploads\/2024\/07\/Vagas-de-Emprego.png","contentUrl":"https:\/\/sulsc.com\/wp-content\/uploads\/2024\/07\/Vagas-de-Emprego.png","caption":"Vagas de Empregos"},"url":"https:\/\/sulsc.com\/index.php\/author\/empregos\/"}]}},"authors":[],"_links":{"self":[{"href":"https:\/\/sulsc.com\/index.php\/wp-json\/wp\/v2\/posts\/32979"}],"collection":[{"href":"https:\/\/sulsc.com\/index.php\/wp-json\/wp\/v2\/posts"}],"about":[{"href":"https:\/\/sulsc.com\/index.php\/wp-json\/wp\/v2\/types\/post"}],"author":[{"embeddable":true,"href":"https:\/\/sulsc.com\/index.php\/wp-json\/wp\/v2\/users\/22"}],"replies":[{"embeddable":true,"href":"https:\/\/sulsc.com\/index.php\/wp-json\/wp\/v2\/comments?post=32979"}],"version-history":[{"count":1,"href":"https:\/\/sulsc.com\/index.php\/wp-json\/wp\/v2\/posts\/32979\/revisions"}],"predecessor-version":[{"id":32981,"href":"https:\/\/sulsc.com\/index.php\/wp-json\/wp\/v2\/posts\/32979\/revisions\/32981"}],"wp:featuredmedia":[{"embeddable":true,"href":"https:\/\/sulsc.com\/index.php\/wp-json\/wp\/v2\/media\/32980"}],"wp:attachment":[{"href":"https:\/\/sulsc.com\/index.php\/wp-json\/wp\/v2\/media?parent=32979"}],"wp:term":[{"taxonomy":"category","embeddable":true,"href":"https:\/\/sulsc.com\/index.php\/wp-json\/wp\/v2\/categories?post=32979"},{"taxonomy":"post_tag","embeddable":true,"href":"https:\/\/sulsc.com\/index.php\/wp-json\/wp\/v2\/tags?post=32979"}],"curies":[{"name":"wp","href":"https:\/\/api.w.org\/{rel}","templated":true}]}}