{"id":32982,"date":"2026-03-12T15:44:17","date_gmt":"2026-03-12T18:44:17","guid":{"rendered":"https:\/\/sulsc.com\/?p=32982"},"modified":"2026-03-12T15:44:17","modified_gmt":"2026-03-12T18:44:17","slug":"prf-apreende-20-quilos-de-maconha-na-br-101-em-icara","status":"publish","type":"post","link":"https:\/\/sulsc.com\/index.php\/2026\/03\/12\/prf-apreende-20-quilos-de-maconha-na-br-101-em-icara\/","title":{"rendered":"PRF apreende 20 quilos de maconha na BR-101 em I\u00e7ara"},"content":{"rendered":"<p>Vinte quilos de maconha foram apreendidos nesta quarta-feira (11), pela PRF em I\u00e7ara no Km 370 da BR-101.\u00a0 Toda droga estava dividida em tabletes e era transportada sobre o banco traseiro de um autom\u00f3vel. Ap\u00f3s uma den\u00fancia an\u00f4nima, dando conta de um poss\u00edvel tr\u00e1fico de drogas naquele trecho da rodovia, a equipe da PRF ent\u00e3o iniciou a\u00a0 fiscaliza\u00e7\u00e3o\u00a0 Durante o trabalho de fiscaliza\u00e7\u00e3o os policiais da PRF\u00a0 deram ordem de parada para um ve\u00edculo Chevrolet Onix, conduzido por um homem de 47 anos. Foi quando durante\u00a0 conversa com os agentes, o motorista do carro placas de Porto Alegre\/RS admitiu que estava levando duas caixas com o entorpecente no interior do ve\u00edculo.<\/p>\n<div id=\"metaslider-id-25573\" style=\"width: 100%;\" class=\"ml-slider-3-99-0 metaslider metaslider-flex metaslider-25573 ml-slider has-onhover-arrows ms-theme-default-base has-dots-nav\" role=\"region\" aria-label=\"Meio\" data-width=\"1200\">\n    <div id=\"metaslider_container_25573\">\n        <div id=\"metaslider_25573\">\n            <ul class='slides'>\n                <li style=\"display: block; width: 100%;\" class=\"slide-25684 ms-image \" aria-roledescription=\"slide\" data-date=\"2025-07-24 07:55:40\"><img src=\"https:\/\/sulsc.com\/wp-content\/uploads\/2025\/07\/Marr-2-1000x166.jpg\" height=\"200\" width=\"1200\" alt=\"\" class=\"slider-25573 slide-25684 msDefaultImage\" title=\"Marr 2\" \/><\/li>\n                <li style=\"display: none; width: 100%;\" class=\"slide-32412 ms-image \" aria-roledescription=\"slide\" data-date=\"2026-02-18 13:59:46\"><img src=\"https:\/\/sulsc.com\/wp-content\/uploads\/2026\/02\/40dc1580-cad5-4867-bc58-c4243821ad38-1000x166.jpeg\" height=\"200\" width=\"1200\" alt=\"\" class=\"slider-25573 slide-32412 msDefaultImage\" title=\"40dc1580-cad5-4867-bc58-c4243821ad38\" \/><\/li>\n                <li style=\"display: none; width: 100%;\" class=\"slide-32766 ms-image \" aria-roledescription=\"slide\" data-date=\"2026-03-03 17:22:59\"><img src=\"https:\/\/sulsc.com\/wp-content\/uploads\/2026\/03\/271ce739-f268-41c5-8051-3de1a1750359-1000x166.jpeg\" height=\"200\" width=\"1200\" alt=\"\" class=\"slider-25573 slide-32766 msDefaultImage\" title=\"271ce739-f268-41c5-8051-3de1a1750359\" \/><\/li>\n            <\/ul>\n        <\/div>\n        \n    <\/div>\n<\/div>\n<p>Disse que buscou o entorpecente na grande Florian\u00f3polis e o levaria at\u00e9 a capital ga\u00facha. O homem\u00a0foi preso em flagrante e vai responder pelo crime de tr\u00e1fico de drogas, cuja legisla\u00e7\u00e3o prev\u00ea penas que variam de 5 a 15 anos de reclus\u00e3o para quem transporta ou comercializa subst\u00e2ncias proibidas. O ve\u00edculo e o carregamento tamb\u00e9m foram encaminhados \u00e0 Delegacia de Pol\u00edcia de Crici\u00fama para o registro da ocorr\u00eancia.<\/p>\n<p><img fetchpriority=\"high\" decoding=\"async\" class=\"aligncenter size-full wp-image-32983\" src=\"http:\/\/sulsc.com\/wp-content\/uploads\/2026\/03\/2fe6b642-23ed-4354-a69a-1f3ebb8321fa.jpeg\" alt=\"\" width=\"969\" height=\"1324\" srcset=\"https:\/\/sulsc.com\/wp-content\/uploads\/2026\/03\/2fe6b642-23ed-4354-a69a-1f3ebb8321fa.jpeg 969w, https:\/\/sulsc.com\/wp-content\/uploads\/2026\/03\/2fe6b642-23ed-4354-a69a-1f3ebb8321fa-220x300.jpeg 220w, https:\/\/sulsc.com\/wp-content\/uploads\/2026\/03\/2fe6b642-23ed-4354-a69a-1f3ebb8321fa-749x1024.jpeg 749w, https:\/\/sulsc.com\/wp-content\/uploads\/2026\/03\/2fe6b642-23ed-4354-a69a-1f3ebb8321fa-768x1049.jpeg 768w\" sizes=\"(max-width: 969px) 100vw, 969px\" \/><\/p>\n<p>Fotos: PRF\/Divulga\u00e7\u00e3o\/SulSC<\/p>\n","protected":false},"excerpt":{"rendered":"<p>Vinte quilos de maconha foram apreendidos nesta quarta-feira (11), pela PRF em I\u00e7ara no Km 370 da BR-101.\u00a0 Toda droga estava dividida em tabletes e era transportada sobre o banco traseiro de um autom\u00f3vel. Ap\u00f3s uma den\u00fancia an\u00f4nima, dando conta de um poss\u00edvel tr\u00e1fico de drogas naquele trecho da rodovia, a equipe da PRF ent\u00e3o &hellip;<\/p>\n<p class=\"read-more\"> <a class=\"\" href=\"https:\/\/sulsc.com\/index.php\/2026\/03\/12\/prf-apreende-20-quilos-de-maconha-na-br-101-em-icara\/\"> <span class=\"screen-reader-text\">PRF apreende 20 quilos de maconha na BR-101 em I\u00e7ara<\/span> Read More &raquo;<\/a><\/p>\n","protected":false},"author":3,"featured_media":32984,"comment_status":"open","ping_status":"open","sticky":false,"template":"","format":"standard","meta":{"site-sidebar-layout":"default","site-content-layout":"","ast-site-content-layout":"default","site-content-style":"default","site-sidebar-style":"default","ast-global-header-display":"","ast-banner-title-visibility":"","ast-main-header-display":"","ast-hfb-above-header-display":"","ast-hfb-below-header-display":"","ast-hfb-mobile-header-display":"","site-post-title":"","ast-breadcrumbs-content":"","ast-featured-img":"","footer-sml-layout":"","theme-transparent-header-meta":"default","adv-header-id-meta":"","stick-header-meta":"","header-above-stick-meta":"","header-main-stick-meta":"","header-below-stick-meta":"","astra-migrate-meta-layouts":"set","footnotes":""},"categories":[2354,14,2782,12],"tags":[2316],"yoast_head":"<!-- This site is optimized with the Yoast SEO plugin v21.4 - https:\/\/yoast.com\/wordpress\/plugins\/seo\/ -->\n<title>PRF apreende 20 quilos de maconha na BR-101 em I\u00e7ara -<\/title>\n<meta name=\"robots\" content=\"index, follow, max-snippet:-1, max-image-preview:large, max-video-preview:-1\" \/>\n<link rel=\"canonical\" href=\"https:\/\/sulsc.com\/index.php\/2026\/03\/12\/prf-apreende-20-quilos-de-maconha-na-br-101-em-icara\/\" \/>\n<meta property=\"og:locale\" content=\"en_US\" \/>\n<meta property=\"og:type\" content=\"article\" \/>\n<meta property=\"og:title\" content=\"PRF apreende 20 quilos de maconha na BR-101 em I\u00e7ara -\" \/>\n<meta property=\"og:description\" content=\"Vinte quilos de maconha foram apreendidos nesta quarta-feira (11), pela PRF em I\u00e7ara no Km 370 da BR-101.\u00a0 Toda droga estava dividida em tabletes e era transportada sobre o banco traseiro de um autom\u00f3vel. Ap\u00f3s uma den\u00fancia an\u00f4nima, dando conta de um poss\u00edvel tr\u00e1fico de drogas naquele trecho da rodovia, a equipe da PRF ent\u00e3o &hellip; PRF apreende 20 quilos de maconha na BR-101 em I\u00e7ara Read More &raquo;\" \/>\n<meta property=\"og:url\" content=\"https:\/\/sulsc.com\/index.php\/2026\/03\/12\/prf-apreende-20-quilos-de-maconha-na-br-101-em-icara\/\" \/>\n<meta property=\"article:author\" content=\"https:\/\/www.facebook.com\/profile.php?id=61559278119680\" \/>\n<meta property=\"article:published_time\" content=\"2026-03-12T18:44:17+00:00\" \/>\n<meta property=\"og:image\" content=\"http:\/\/sulsc.com\/wp-content\/uploads\/2026\/03\/b2fd2ca0-63c1-40cf-901f-b3844281222b.jpeg\" \/>\n\t<meta property=\"og:image:width\" content=\"768\" \/>\n\t<meta property=\"og:image:height\" content=\"926\" \/>\n\t<meta property=\"og:image:type\" content=\"image\/jpeg\" \/>\n<meta name=\"author\" content=\"Reda\u00e7\u00e3o Sul SC\" \/>\n<meta name=\"twitter:card\" content=\"summary_large_image\" \/>\n<meta name=\"twitter:creator\" content=\"@https:\/\/twitter.com\/PortalSulSC\" \/>\n<meta name=\"twitter:label1\" content=\"Written by\" \/>\n\t<meta name=\"twitter:data1\" content=\"Reda\u00e7\u00e3o Sul SC\" \/>\n\t<meta name=\"twitter:label2\" content=\"Est. reading time\" \/>\n\t<meta name=\"twitter:data2\" content=\"2 minutes\" \/>\n<script type=\"application\/ld+json\" class=\"yoast-schema-graph\">{\"@context\":\"https:\/\/schema.org\",\"@graph\":[{\"@type\":\"WebPage\",\"@id\":\"https:\/\/sulsc.com\/index.php\/2026\/03\/12\/prf-apreende-20-quilos-de-maconha-na-br-101-em-icara\/\",\"url\":\"https:\/\/sulsc.com\/index.php\/2026\/03\/12\/prf-apreende-20-quilos-de-maconha-na-br-101-em-icara\/\",\"name\":\"PRF apreende 20 quilos de maconha na BR-101 em I\u00e7ara -\",\"isPartOf\":{\"@id\":\"https:\/\/sulsc.com\/#website\"},\"datePublished\":\"2026-03-12T18:44:17+00:00\",\"dateModified\":\"2026-03-12T18:44:17+00:00\",\"author\":{\"@id\":\"https:\/\/sulsc.com\/#\/schema\/person\/84d2fc571684f6248ba83092f07750a3\"},\"breadcrumb\":{\"@id\":\"https:\/\/sulsc.com\/index.php\/2026\/03\/12\/prf-apreende-20-quilos-de-maconha-na-br-101-em-icara\/#breadcrumb\"},\"inLanguage\":\"en-US\",\"potentialAction\":[{\"@type\":\"ReadAction\",\"target\":[\"https:\/\/sulsc.com\/index.php\/2026\/03\/12\/prf-apreende-20-quilos-de-maconha-na-br-101-em-icara\/\"]}]},{\"@type\":\"BreadcrumbList\",\"@id\":\"https:\/\/sulsc.com\/index.php\/2026\/03\/12\/prf-apreende-20-quilos-de-maconha-na-br-101-em-icara\/#breadcrumb\",\"itemListElement\":[{\"@type\":\"ListItem\",\"position\":1,\"name\":\"In\u00edcio\",\"item\":\"https:\/\/sulsc.com\/\"},{\"@type\":\"ListItem\",\"position\":2,\"name\":\"PRF apreende 20 quilos de maconha na BR-101 em I\u00e7ara\"}]},{\"@type\":\"WebSite\",\"@id\":\"https:\/\/sulsc.com\/#website\",\"url\":\"https:\/\/sulsc.com\/\",\"name\":\"\",\"description\":\"\",\"potentialAction\":[{\"@type\":\"SearchAction\",\"target\":{\"@type\":\"EntryPoint\",\"urlTemplate\":\"https:\/\/sulsc.com\/?s={search_term_string}\"},\"query-input\":\"required name=search_term_string\"}],\"inLanguage\":\"en-US\"},{\"@type\":\"Person\",\"@id\":\"https:\/\/sulsc.com\/#\/schema\/person\/84d2fc571684f6248ba83092f07750a3\",\"name\":\"Reda\u00e7\u00e3o Sul SC\",\"image\":{\"@type\":\"ImageObject\",\"inLanguage\":\"en-US\",\"@id\":\"https:\/\/sulsc.com\/#\/schema\/person\/image\/e08d7fe2cc4ed596372063bbe852b8d0\",\"url\":\"https:\/\/sulsc.com\/wp-content\/uploads\/2023\/09\/redacao.png\",\"contentUrl\":\"https:\/\/sulsc.com\/wp-content\/uploads\/2023\/09\/redacao.png\",\"caption\":\"Reda\u00e7\u00e3o Sul SC\"},\"description\":\"Foco em um jornalismo imparcial, voltado \u00e0 qualidade dos seus conte\u00fados e, assim, levar informa\u00e7\u00e3o de valor que agregue \u00e0 vida dos leitores. Esta \u00e9 grande miss\u00e3o do Portal de Not\u00edcias Sul SC. N\u00e3o \u00e9 quantidade que muda o mundo, sempre foi e seguir\u00e1 sendo qualidade!\",\"sameAs\":[\"https:\/\/sulsc.com\/\",\"https:\/\/www.facebook.com\/profile.php?id=61559278119680\",\"https:\/\/www.instagram.com\/sulscportal\/?hl=pt-br\",\"https:\/\/twitter.com\/https:\/\/twitter.com\/PortalSulSC\",\"https:\/\/www.youtube.com\/channel\/UCv_BE8GeySluDov2n8qhVmw\"],\"url\":\"https:\/\/sulsc.com\/index.php\/author\/redacao\/\"}]}<\/script>\n<!-- \/ Yoast SEO plugin. -->","yoast_head_json":{"title":"PRF apreende 20 quilos de maconha na BR-101 em I\u00e7ara -","robots":{"index":"index","follow":"follow","max-snippet":"max-snippet:-1","max-image-preview":"max-image-preview:large","max-video-preview":"max-video-preview:-1"},"canonical":"https:\/\/sulsc.com\/index.php\/2026\/03\/12\/prf-apreende-20-quilos-de-maconha-na-br-101-em-icara\/","og_locale":"en_US","og_type":"article","og_title":"PRF apreende 20 quilos de maconha na BR-101 em I\u00e7ara -","og_description":"Vinte quilos de maconha foram apreendidos nesta quarta-feira (11), pela PRF em I\u00e7ara no Km 370 da BR-101.\u00a0 Toda droga estava dividida em tabletes e era transportada sobre o banco traseiro de um autom\u00f3vel. Ap\u00f3s uma den\u00fancia an\u00f4nima, dando conta de um poss\u00edvel tr\u00e1fico de drogas naquele trecho da rodovia, a equipe da PRF ent\u00e3o &hellip; PRF apreende 20 quilos de maconha na BR-101 em I\u00e7ara Read More &raquo;","og_url":"https:\/\/sulsc.com\/index.php\/2026\/03\/12\/prf-apreende-20-quilos-de-maconha-na-br-101-em-icara\/","article_author":"https:\/\/www.facebook.com\/profile.php?id=61559278119680","article_published_time":"2026-03-12T18:44:17+00:00","og_image":[{"width":768,"height":926,"url":"http:\/\/sulsc.com\/wp-content\/uploads\/2026\/03\/b2fd2ca0-63c1-40cf-901f-b3844281222b.jpeg","type":"image\/jpeg"}],"author":"Reda\u00e7\u00e3o Sul SC","twitter_card":"summary_large_image","twitter_creator":"@https:\/\/twitter.com\/PortalSulSC","twitter_misc":{"Written by":"Reda\u00e7\u00e3o Sul SC","Est. reading time":"2 minutes"},"schema":{"@context":"https:\/\/schema.org","@graph":[{"@type":"WebPage","@id":"https:\/\/sulsc.com\/index.php\/2026\/03\/12\/prf-apreende-20-quilos-de-maconha-na-br-101-em-icara\/","url":"https:\/\/sulsc.com\/index.php\/2026\/03\/12\/prf-apreende-20-quilos-de-maconha-na-br-101-em-icara\/","name":"PRF apreende 20 quilos de maconha na BR-101 em I\u00e7ara -","isPartOf":{"@id":"https:\/\/sulsc.com\/#website"},"datePublished":"2026-03-12T18:44:17+00:00","dateModified":"2026-03-12T18:44:17+00:00","author":{"@id":"https:\/\/sulsc.com\/#\/schema\/person\/84d2fc571684f6248ba83092f07750a3"},"breadcrumb":{"@id":"https:\/\/sulsc.com\/index.php\/2026\/03\/12\/prf-apreende-20-quilos-de-maconha-na-br-101-em-icara\/#breadcrumb"},"inLanguage":"en-US","potentialAction":[{"@type":"ReadAction","target":["https:\/\/sulsc.com\/index.php\/2026\/03\/12\/prf-apreende-20-quilos-de-maconha-na-br-101-em-icara\/"]}]},{"@type":"BreadcrumbList","@id":"https:\/\/sulsc.com\/index.php\/2026\/03\/12\/prf-apreende-20-quilos-de-maconha-na-br-101-em-icara\/#breadcrumb","itemListElement":[{"@type":"ListItem","position":1,"name":"In\u00edcio","item":"https:\/\/sulsc.com\/"},{"@type":"ListItem","position":2,"name":"PRF apreende 20 quilos de maconha na BR-101 em I\u00e7ara"}]},{"@type":"WebSite","@id":"https:\/\/sulsc.com\/#website","url":"https:\/\/sulsc.com\/","name":"","description":"","potentialAction":[{"@type":"SearchAction","target":{"@type":"EntryPoint","urlTemplate":"https:\/\/sulsc.com\/?s={search_term_string}"},"query-input":"required name=search_term_string"}],"inLanguage":"en-US"},{"@type":"Person","@id":"https:\/\/sulsc.com\/#\/schema\/person\/84d2fc571684f6248ba83092f07750a3","name":"Reda\u00e7\u00e3o Sul SC","image":{"@type":"ImageObject","inLanguage":"en-US","@id":"https:\/\/sulsc.com\/#\/schema\/person\/image\/e08d7fe2cc4ed596372063bbe852b8d0","url":"https:\/\/sulsc.com\/wp-content\/uploads\/2023\/09\/redacao.png","contentUrl":"https:\/\/sulsc.com\/wp-content\/uploads\/2023\/09\/redacao.png","caption":"Reda\u00e7\u00e3o Sul SC"},"description":"Foco em um jornalismo imparcial, voltado \u00e0 qualidade dos seus conte\u00fados e, assim, levar informa\u00e7\u00e3o de valor que agregue \u00e0 vida dos leitores. Esta \u00e9 grande miss\u00e3o do Portal de Not\u00edcias Sul SC. N\u00e3o \u00e9 quantidade que muda o mundo, sempre foi e seguir\u00e1 sendo qualidade!","sameAs":["https:\/\/sulsc.com\/","https:\/\/www.facebook.com\/profile.php?id=61559278119680","https:\/\/www.instagram.com\/sulscportal\/?hl=pt-br","https:\/\/twitter.com\/https:\/\/twitter.com\/PortalSulSC","https:\/\/www.youtube.com\/channel\/UCv_BE8GeySluDov2n8qhVmw"],"url":"https:\/\/sulsc.com\/index.php\/author\/redacao\/"}]}},"authors":[],"_links":{"self":[{"href":"https:\/\/sulsc.com\/index.php\/wp-json\/wp\/v2\/posts\/32982"}],"collection":[{"href":"https:\/\/sulsc.com\/index.php\/wp-json\/wp\/v2\/posts"}],"about":[{"href":"https:\/\/sulsc.com\/index.php\/wp-json\/wp\/v2\/types\/post"}],"author":[{"embeddable":true,"href":"https:\/\/sulsc.com\/index.php\/wp-json\/wp\/v2\/users\/3"}],"replies":[{"embeddable":true,"href":"https:\/\/sulsc.com\/index.php\/wp-json\/wp\/v2\/comments?post=32982"}],"version-history":[{"count":1,"href":"https:\/\/sulsc.com\/index.php\/wp-json\/wp\/v2\/posts\/32982\/revisions"}],"predecessor-version":[{"id":32985,"href":"https:\/\/sulsc.com\/index.php\/wp-json\/wp\/v2\/posts\/32982\/revisions\/32985"}],"wp:featuredmedia":[{"embeddable":true,"href":"https:\/\/sulsc.com\/index.php\/wp-json\/wp\/v2\/media\/32984"}],"wp:attachment":[{"href":"https:\/\/sulsc.com\/index.php\/wp-json\/wp\/v2\/media?parent=32982"}],"wp:term":[{"taxonomy":"category","embeddable":true,"href":"https:\/\/sulsc.com\/index.php\/wp-json\/wp\/v2\/categories?post=32982"},{"taxonomy":"post_tag","embeddable":true,"href":"https:\/\/sulsc.com\/index.php\/wp-json\/wp\/v2\/tags?post=32982"}],"curies":[{"name":"wp","href":"https:\/\/api.w.org\/{rel}","templated":true}]}}