{"id":32986,"date":"2026-03-12T16:09:14","date_gmt":"2026-03-12T19:09:14","guid":{"rendered":"https:\/\/sulsc.com\/?p=32986"},"modified":"2026-03-12T16:09:14","modified_gmt":"2026-03-12T19:09:14","slug":"pratica-de-pesca-artesanal-com-botos-em-laguna-recebe-registro-nacional","status":"publish","type":"post","link":"https:\/\/sulsc.com\/index.php\/2026\/03\/12\/pratica-de-pesca-artesanal-com-botos-em-laguna-recebe-registro-nacional\/","title":{"rendered":"Pr\u00e1tica de pesca artesanal com botos em Laguna recebe registro nacional"},"content":{"rendered":"<p>A tradicional pesca artesanal realizada em parceria com os botos, em Laguna, conquistou um importante reconhecimento nacional. O Conselho Consultivo do Patrim\u00f4nio Cultural aprovou nesta quarta-feira (11) o registro da pr\u00e1tica no Livro de Saberes do Instituto do Patrim\u00f4nio Hist\u00f3rico e Art\u00edstico Nacional (IPHAN), garantindo o reconhecimento como patrim\u00f4nio cultural imaterial em n\u00edvel federal. O prefeito Preto Crippa, acompanhou a reuni\u00e3o do Conselho Consultivo do Patrim\u00f4nio Cultural, na cidade do Rio de Janeiro.<\/p>\n<div id=\"metaslider-id-25573\" style=\"width: 100%;\" class=\"ml-slider-3-99-0 metaslider metaslider-flex metaslider-25573 ml-slider has-onhover-arrows ms-theme-default-base has-dots-nav\" role=\"region\" aria-label=\"Meio\" data-width=\"1200\">\n    <div id=\"metaslider_container_25573\">\n        <div id=\"metaslider_25573\">\n            <ul class='slides'>\n                <li style=\"display: block; width: 100%;\" class=\"slide-25684 ms-image \" aria-roledescription=\"slide\" data-date=\"2025-07-24 07:55:40\"><img src=\"https:\/\/sulsc.com\/wp-content\/uploads\/2025\/07\/Marr-2-1000x166.jpg\" height=\"200\" width=\"1200\" alt=\"\" class=\"slider-25573 slide-25684 msDefaultImage\" title=\"Marr 2\" \/><\/li>\n                <li style=\"display: none; width: 100%;\" class=\"slide-32412 ms-image \" aria-roledescription=\"slide\" data-date=\"2026-02-18 13:59:46\"><img src=\"https:\/\/sulsc.com\/wp-content\/uploads\/2026\/02\/40dc1580-cad5-4867-bc58-c4243821ad38-1000x166.jpeg\" height=\"200\" width=\"1200\" alt=\"\" class=\"slider-25573 slide-32412 msDefaultImage\" title=\"40dc1580-cad5-4867-bc58-c4243821ad38\" \/><\/li>\n                <li style=\"display: none; width: 100%;\" class=\"slide-32766 ms-image \" aria-roledescription=\"slide\" data-date=\"2026-03-03 17:22:59\"><img src=\"https:\/\/sulsc.com\/wp-content\/uploads\/2026\/03\/271ce739-f268-41c5-8051-3de1a1750359-1000x166.jpeg\" height=\"200\" width=\"1200\" alt=\"\" class=\"slider-25573 slide-32766 msDefaultImage\" title=\"271ce739-f268-41c5-8051-3de1a1750359\" \/><\/li>\n            <\/ul>\n        <\/div>\n        \n    <\/div>\n<\/div>\n<p>A decis\u00e3o celebra uma tradi\u00e7\u00e3o centen\u00e1ria que representa um dos exemplos mais singulares de coopera\u00e7\u00e3o entre seres humanos e animais na natureza. Na pr\u00e1tica, os botos ajudam os pescadores a localizar e cercar os cardumes de tainha. Ao identificarem o momento ideal, os animais realizam movimentos caracter\u00edsticos que indicam aos pescadores a hora certa de lan\u00e7ar a tarrafa.<\/p>\n<p>Ao longo das \u00faltimas d\u00e9cadas, diversos marcos refor\u00e7aram a import\u00e2ncia da preserva\u00e7\u00e3o dessa tradi\u00e7\u00e3o em Laguna. Em 2016, a cidade tamb\u00e9m recebeu o t\u00edtulo de Capital Nacional do Boto-Pescador.<\/p>\n<p><img fetchpriority=\"high\" decoding=\"async\" class=\"aligncenter size-full wp-image-32987\" src=\"http:\/\/sulsc.com\/wp-content\/uploads\/2026\/03\/da2c0a43-b4fa-4543-8916-5f70f2c37af9.jpeg\" alt=\"\" width=\"1080\" height=\"694\" srcset=\"https:\/\/sulsc.com\/wp-content\/uploads\/2026\/03\/da2c0a43-b4fa-4543-8916-5f70f2c37af9.jpeg 1080w, https:\/\/sulsc.com\/wp-content\/uploads\/2026\/03\/da2c0a43-b4fa-4543-8916-5f70f2c37af9-300x193.jpeg 300w, https:\/\/sulsc.com\/wp-content\/uploads\/2026\/03\/da2c0a43-b4fa-4543-8916-5f70f2c37af9-1024x658.jpeg 1024w, https:\/\/sulsc.com\/wp-content\/uploads\/2026\/03\/da2c0a43-b4fa-4543-8916-5f70f2c37af9-768x494.jpeg 768w\" sizes=\"(max-width: 1080px) 100vw, 1080px\" \/><\/p>\n<p>Fotos: Elvis Palma Fotografias\/Divulga\u00e7\u00e3o\/SulSC<\/p>\n<p>Esse reconhecimento representa um momento hist\u00f3rico para o munic\u00edpio, al\u00e9m de seu valor cultural e hist\u00f3rico, a pr\u00e1tica representa um s\u00edmbolo da identidade lagunense, transmitido de gera\u00e7\u00e3o em gera\u00e7\u00e3o entre pescadores artesanais. O reconhecimento nacional refor\u00e7a a import\u00e2ncia da preserva\u00e7\u00e3o desse saber tradicional e amplia a visibilidade de Laguna como refer\u00eancia mundial nessa rara intera\u00e7\u00e3o entre seres humanos e vida marinha.<\/p>\n","protected":false},"excerpt":{"rendered":"<p>A tradicional pesca artesanal realizada em parceria com os botos, em Laguna, conquistou um importante reconhecimento nacional. O Conselho Consultivo do Patrim\u00f4nio Cultural aprovou nesta quarta-feira (11) o registro da pr\u00e1tica no Livro de Saberes do Instituto do Patrim\u00f4nio Hist\u00f3rico e Art\u00edstico Nacional (IPHAN), garantindo o reconhecimento como patrim\u00f4nio cultural imaterial em n\u00edvel federal. O &hellip;<\/p>\n<p class=\"read-more\"> <a class=\"\" href=\"https:\/\/sulsc.com\/index.php\/2026\/03\/12\/pratica-de-pesca-artesanal-com-botos-em-laguna-recebe-registro-nacional\/\"> <span class=\"screen-reader-text\">Pr\u00e1tica de pesca artesanal com botos em Laguna recebe registro nacional<\/span> Read More &raquo;<\/a><\/p>\n","protected":false},"author":3,"featured_media":32988,"comment_status":"open","ping_status":"open","sticky":false,"template":"","format":"standard","meta":{"site-sidebar-layout":"default","site-content-layout":"","ast-site-content-layout":"default","site-content-style":"default","site-sidebar-style":"default","ast-global-header-display":"","ast-banner-title-visibility":"","ast-main-header-display":"","ast-hfb-above-header-display":"","ast-hfb-below-header-display":"","ast-hfb-mobile-header-display":"","site-post-title":"","ast-breadcrumbs-content":"","ast-featured-img":"","footer-sml-layout":"","theme-transparent-header-meta":"default","adv-header-id-meta":"","stick-header-meta":"","header-above-stick-meta":"","header-main-stick-meta":"","header-below-stick-meta":"","astra-migrate-meta-layouts":"set","footnotes":""},"categories":[2231,18,1,22,15,14,12],"tags":[1049],"yoast_head":"<!-- This site is optimized with the Yoast SEO plugin v21.4 - https:\/\/yoast.com\/wordpress\/plugins\/seo\/ -->\n<title>Pr\u00e1tica de pesca artesanal com botos em Laguna recebe registro nacional -<\/title>\n<meta name=\"robots\" content=\"index, follow, max-snippet:-1, max-image-preview:large, max-video-preview:-1\" \/>\n<link rel=\"canonical\" href=\"https:\/\/sulsc.com\/index.php\/2026\/03\/12\/pratica-de-pesca-artesanal-com-botos-em-laguna-recebe-registro-nacional\/\" \/>\n<meta property=\"og:locale\" content=\"en_US\" \/>\n<meta property=\"og:type\" content=\"article\" \/>\n<meta property=\"og:title\" content=\"Pr\u00e1tica de pesca artesanal com botos em Laguna recebe registro nacional -\" \/>\n<meta property=\"og:description\" content=\"A tradicional pesca artesanal realizada em parceria com os botos, em Laguna, conquistou um importante reconhecimento nacional. O Conselho Consultivo do Patrim\u00f4nio Cultural aprovou nesta quarta-feira (11) o registro da pr\u00e1tica no Livro de Saberes do Instituto do Patrim\u00f4nio Hist\u00f3rico e Art\u00edstico Nacional (IPHAN), garantindo o reconhecimento como patrim\u00f4nio cultural imaterial em n\u00edvel federal. O &hellip; Pr\u00e1tica de pesca artesanal com botos em Laguna recebe registro nacional Read More &raquo;\" \/>\n<meta property=\"og:url\" content=\"https:\/\/sulsc.com\/index.php\/2026\/03\/12\/pratica-de-pesca-artesanal-com-botos-em-laguna-recebe-registro-nacional\/\" \/>\n<meta property=\"article:author\" content=\"https:\/\/www.facebook.com\/profile.php?id=61559278119680\" \/>\n<meta property=\"article:published_time\" content=\"2026-03-12T19:09:14+00:00\" \/>\n<meta property=\"og:image\" content=\"http:\/\/sulsc.com\/wp-content\/uploads\/2026\/03\/11ae1452-337c-4ec7-b4c0-abe446a0407b.jpeg\" \/>\n\t<meta property=\"og:image:width\" content=\"1080\" \/>\n\t<meta property=\"og:image:height\" content=\"706\" \/>\n\t<meta property=\"og:image:type\" content=\"image\/jpeg\" \/>\n<meta name=\"author\" content=\"Reda\u00e7\u00e3o Sul SC\" \/>\n<meta name=\"twitter:card\" content=\"summary_large_image\" \/>\n<meta name=\"twitter:creator\" content=\"@https:\/\/twitter.com\/PortalSulSC\" \/>\n<meta name=\"twitter:label1\" content=\"Written by\" \/>\n\t<meta name=\"twitter:data1\" content=\"Reda\u00e7\u00e3o Sul SC\" \/>\n\t<meta name=\"twitter:label2\" content=\"Est. reading time\" \/>\n\t<meta name=\"twitter:data2\" content=\"2 minutes\" \/>\n<script type=\"application\/ld+json\" class=\"yoast-schema-graph\">{\"@context\":\"https:\/\/schema.org\",\"@graph\":[{\"@type\":\"WebPage\",\"@id\":\"https:\/\/sulsc.com\/index.php\/2026\/03\/12\/pratica-de-pesca-artesanal-com-botos-em-laguna-recebe-registro-nacional\/\",\"url\":\"https:\/\/sulsc.com\/index.php\/2026\/03\/12\/pratica-de-pesca-artesanal-com-botos-em-laguna-recebe-registro-nacional\/\",\"name\":\"Pr\u00e1tica de pesca artesanal com botos em Laguna recebe registro nacional -\",\"isPartOf\":{\"@id\":\"https:\/\/sulsc.com\/#website\"},\"datePublished\":\"2026-03-12T19:09:14+00:00\",\"dateModified\":\"2026-03-12T19:09:14+00:00\",\"author\":{\"@id\":\"https:\/\/sulsc.com\/#\/schema\/person\/84d2fc571684f6248ba83092f07750a3\"},\"breadcrumb\":{\"@id\":\"https:\/\/sulsc.com\/index.php\/2026\/03\/12\/pratica-de-pesca-artesanal-com-botos-em-laguna-recebe-registro-nacional\/#breadcrumb\"},\"inLanguage\":\"en-US\",\"potentialAction\":[{\"@type\":\"ReadAction\",\"target\":[\"https:\/\/sulsc.com\/index.php\/2026\/03\/12\/pratica-de-pesca-artesanal-com-botos-em-laguna-recebe-registro-nacional\/\"]}]},{\"@type\":\"BreadcrumbList\",\"@id\":\"https:\/\/sulsc.com\/index.php\/2026\/03\/12\/pratica-de-pesca-artesanal-com-botos-em-laguna-recebe-registro-nacional\/#breadcrumb\",\"itemListElement\":[{\"@type\":\"ListItem\",\"position\":1,\"name\":\"In\u00edcio\",\"item\":\"https:\/\/sulsc.com\/\"},{\"@type\":\"ListItem\",\"position\":2,\"name\":\"Pr\u00e1tica de pesca artesanal com botos em Laguna recebe registro nacional\"}]},{\"@type\":\"WebSite\",\"@id\":\"https:\/\/sulsc.com\/#website\",\"url\":\"https:\/\/sulsc.com\/\",\"name\":\"\",\"description\":\"\",\"potentialAction\":[{\"@type\":\"SearchAction\",\"target\":{\"@type\":\"EntryPoint\",\"urlTemplate\":\"https:\/\/sulsc.com\/?s={search_term_string}\"},\"query-input\":\"required name=search_term_string\"}],\"inLanguage\":\"en-US\"},{\"@type\":\"Person\",\"@id\":\"https:\/\/sulsc.com\/#\/schema\/person\/84d2fc571684f6248ba83092f07750a3\",\"name\":\"Reda\u00e7\u00e3o Sul SC\",\"image\":{\"@type\":\"ImageObject\",\"inLanguage\":\"en-US\",\"@id\":\"https:\/\/sulsc.com\/#\/schema\/person\/image\/e08d7fe2cc4ed596372063bbe852b8d0\",\"url\":\"https:\/\/sulsc.com\/wp-content\/uploads\/2023\/09\/redacao.png\",\"contentUrl\":\"https:\/\/sulsc.com\/wp-content\/uploads\/2023\/09\/redacao.png\",\"caption\":\"Reda\u00e7\u00e3o Sul SC\"},\"description\":\"Foco em um jornalismo imparcial, voltado \u00e0 qualidade dos seus conte\u00fados e, assim, levar informa\u00e7\u00e3o de valor que agregue \u00e0 vida dos leitores. Esta \u00e9 grande miss\u00e3o do Portal de Not\u00edcias Sul SC. N\u00e3o \u00e9 quantidade que muda o mundo, sempre foi e seguir\u00e1 sendo qualidade!\",\"sameAs\":[\"https:\/\/sulsc.com\/\",\"https:\/\/www.facebook.com\/profile.php?id=61559278119680\",\"https:\/\/www.instagram.com\/sulscportal\/?hl=pt-br\",\"https:\/\/twitter.com\/https:\/\/twitter.com\/PortalSulSC\",\"https:\/\/www.youtube.com\/channel\/UCv_BE8GeySluDov2n8qhVmw\"],\"url\":\"https:\/\/sulsc.com\/index.php\/author\/redacao\/\"}]}<\/script>\n<!-- \/ Yoast SEO plugin. -->","yoast_head_json":{"title":"Pr\u00e1tica de pesca artesanal com botos em Laguna recebe registro nacional -","robots":{"index":"index","follow":"follow","max-snippet":"max-snippet:-1","max-image-preview":"max-image-preview:large","max-video-preview":"max-video-preview:-1"},"canonical":"https:\/\/sulsc.com\/index.php\/2026\/03\/12\/pratica-de-pesca-artesanal-com-botos-em-laguna-recebe-registro-nacional\/","og_locale":"en_US","og_type":"article","og_title":"Pr\u00e1tica de pesca artesanal com botos em Laguna recebe registro nacional -","og_description":"A tradicional pesca artesanal realizada em parceria com os botos, em Laguna, conquistou um importante reconhecimento nacional. O Conselho Consultivo do Patrim\u00f4nio Cultural aprovou nesta quarta-feira (11) o registro da pr\u00e1tica no Livro de Saberes do Instituto do Patrim\u00f4nio Hist\u00f3rico e Art\u00edstico Nacional (IPHAN), garantindo o reconhecimento como patrim\u00f4nio cultural imaterial em n\u00edvel federal. O &hellip; Pr\u00e1tica de pesca artesanal com botos em Laguna recebe registro nacional Read More &raquo;","og_url":"https:\/\/sulsc.com\/index.php\/2026\/03\/12\/pratica-de-pesca-artesanal-com-botos-em-laguna-recebe-registro-nacional\/","article_author":"https:\/\/www.facebook.com\/profile.php?id=61559278119680","article_published_time":"2026-03-12T19:09:14+00:00","og_image":[{"width":1080,"height":706,"url":"http:\/\/sulsc.com\/wp-content\/uploads\/2026\/03\/11ae1452-337c-4ec7-b4c0-abe446a0407b.jpeg","type":"image\/jpeg"}],"author":"Reda\u00e7\u00e3o Sul SC","twitter_card":"summary_large_image","twitter_creator":"@https:\/\/twitter.com\/PortalSulSC","twitter_misc":{"Written by":"Reda\u00e7\u00e3o Sul SC","Est. reading time":"2 minutes"},"schema":{"@context":"https:\/\/schema.org","@graph":[{"@type":"WebPage","@id":"https:\/\/sulsc.com\/index.php\/2026\/03\/12\/pratica-de-pesca-artesanal-com-botos-em-laguna-recebe-registro-nacional\/","url":"https:\/\/sulsc.com\/index.php\/2026\/03\/12\/pratica-de-pesca-artesanal-com-botos-em-laguna-recebe-registro-nacional\/","name":"Pr\u00e1tica de pesca artesanal com botos em Laguna recebe registro nacional -","isPartOf":{"@id":"https:\/\/sulsc.com\/#website"},"datePublished":"2026-03-12T19:09:14+00:00","dateModified":"2026-03-12T19:09:14+00:00","author":{"@id":"https:\/\/sulsc.com\/#\/schema\/person\/84d2fc571684f6248ba83092f07750a3"},"breadcrumb":{"@id":"https:\/\/sulsc.com\/index.php\/2026\/03\/12\/pratica-de-pesca-artesanal-com-botos-em-laguna-recebe-registro-nacional\/#breadcrumb"},"inLanguage":"en-US","potentialAction":[{"@type":"ReadAction","target":["https:\/\/sulsc.com\/index.php\/2026\/03\/12\/pratica-de-pesca-artesanal-com-botos-em-laguna-recebe-registro-nacional\/"]}]},{"@type":"BreadcrumbList","@id":"https:\/\/sulsc.com\/index.php\/2026\/03\/12\/pratica-de-pesca-artesanal-com-botos-em-laguna-recebe-registro-nacional\/#breadcrumb","itemListElement":[{"@type":"ListItem","position":1,"name":"In\u00edcio","item":"https:\/\/sulsc.com\/"},{"@type":"ListItem","position":2,"name":"Pr\u00e1tica de pesca artesanal com botos em Laguna recebe registro nacional"}]},{"@type":"WebSite","@id":"https:\/\/sulsc.com\/#website","url":"https:\/\/sulsc.com\/","name":"","description":"","potentialAction":[{"@type":"SearchAction","target":{"@type":"EntryPoint","urlTemplate":"https:\/\/sulsc.com\/?s={search_term_string}"},"query-input":"required name=search_term_string"}],"inLanguage":"en-US"},{"@type":"Person","@id":"https:\/\/sulsc.com\/#\/schema\/person\/84d2fc571684f6248ba83092f07750a3","name":"Reda\u00e7\u00e3o Sul SC","image":{"@type":"ImageObject","inLanguage":"en-US","@id":"https:\/\/sulsc.com\/#\/schema\/person\/image\/e08d7fe2cc4ed596372063bbe852b8d0","url":"https:\/\/sulsc.com\/wp-content\/uploads\/2023\/09\/redacao.png","contentUrl":"https:\/\/sulsc.com\/wp-content\/uploads\/2023\/09\/redacao.png","caption":"Reda\u00e7\u00e3o Sul SC"},"description":"Foco em um jornalismo imparcial, voltado \u00e0 qualidade dos seus conte\u00fados e, assim, levar informa\u00e7\u00e3o de valor que agregue \u00e0 vida dos leitores. Esta \u00e9 grande miss\u00e3o do Portal de Not\u00edcias Sul SC. N\u00e3o \u00e9 quantidade que muda o mundo, sempre foi e seguir\u00e1 sendo qualidade!","sameAs":["https:\/\/sulsc.com\/","https:\/\/www.facebook.com\/profile.php?id=61559278119680","https:\/\/www.instagram.com\/sulscportal\/?hl=pt-br","https:\/\/twitter.com\/https:\/\/twitter.com\/PortalSulSC","https:\/\/www.youtube.com\/channel\/UCv_BE8GeySluDov2n8qhVmw"],"url":"https:\/\/sulsc.com\/index.php\/author\/redacao\/"}]}},"authors":[],"_links":{"self":[{"href":"https:\/\/sulsc.com\/index.php\/wp-json\/wp\/v2\/posts\/32986"}],"collection":[{"href":"https:\/\/sulsc.com\/index.php\/wp-json\/wp\/v2\/posts"}],"about":[{"href":"https:\/\/sulsc.com\/index.php\/wp-json\/wp\/v2\/types\/post"}],"author":[{"embeddable":true,"href":"https:\/\/sulsc.com\/index.php\/wp-json\/wp\/v2\/users\/3"}],"replies":[{"embeddable":true,"href":"https:\/\/sulsc.com\/index.php\/wp-json\/wp\/v2\/comments?post=32986"}],"version-history":[{"count":1,"href":"https:\/\/sulsc.com\/index.php\/wp-json\/wp\/v2\/posts\/32986\/revisions"}],"predecessor-version":[{"id":32989,"href":"https:\/\/sulsc.com\/index.php\/wp-json\/wp\/v2\/posts\/32986\/revisions\/32989"}],"wp:featuredmedia":[{"embeddable":true,"href":"https:\/\/sulsc.com\/index.php\/wp-json\/wp\/v2\/media\/32988"}],"wp:attachment":[{"href":"https:\/\/sulsc.com\/index.php\/wp-json\/wp\/v2\/media?parent=32986"}],"wp:term":[{"taxonomy":"category","embeddable":true,"href":"https:\/\/sulsc.com\/index.php\/wp-json\/wp\/v2\/categories?post=32986"},{"taxonomy":"post_tag","embeddable":true,"href":"https:\/\/sulsc.com\/index.php\/wp-json\/wp\/v2\/tags?post=32986"}],"curies":[{"name":"wp","href":"https:\/\/api.w.org\/{rel}","templated":true}]}}