{"id":32992,"date":"2026-03-12T17:10:17","date_gmt":"2026-03-12T20:10:17","guid":{"rendered":"https:\/\/sulsc.com\/?p=32992"},"modified":"2026-03-12T17:10:17","modified_gmt":"2026-03-12T20:10:17","slug":"procon-de-tubarao-lanca-pesquisa-comparativa-de-precos-das-carnes-referente-ao-mes-de-marco","status":"publish","type":"post","link":"https:\/\/sulsc.com\/index.php\/2026\/03\/12\/procon-de-tubarao-lanca-pesquisa-comparativa-de-precos-das-carnes-referente-ao-mes-de-marco\/","title":{"rendered":"Procon de Tubar\u00e3o &#8211; Lan\u00e7a pesquisa comparativa de pre\u00e7os das carnes referente ao m\u00eas de mar\u00e7o"},"content":{"rendered":"<p>O Procon de Tubar\u00e3o lan\u00e7ou nesta semana, a pesquisa comparativa de pre\u00e7os das carnes na cidade. Ao todo 12 supermercados apontaram diferen\u00e7as expressivas entre os valores praticados no mercado local. O levantamento tem como objetivo dar transpar\u00eancia ao setor e auxiliar o consumidor a fazer escolhas mais econ\u00f4micas na hora da compra.<\/p>\n<div id=\"metaslider-id-25573\" style=\"width: 100%;\" class=\"ml-slider-3-99-0 metaslider metaslider-flex metaslider-25573 ml-slider has-onhover-arrows ms-theme-default-base has-dots-nav\" role=\"region\" aria-label=\"Meio\" data-width=\"1200\">\n    <div id=\"metaslider_container_25573\">\n        <div id=\"metaslider_25573\">\n            <ul class='slides'>\n                <li style=\"display: block; width: 100%;\" class=\"slide-25684 ms-image \" aria-roledescription=\"slide\" data-date=\"2025-07-24 07:55:40\"><img src=\"https:\/\/sulsc.com\/wp-content\/uploads\/2025\/07\/Marr-2-1000x166.jpg\" height=\"200\" width=\"1200\" alt=\"\" class=\"slider-25573 slide-25684 msDefaultImage\" title=\"Marr 2\" \/><\/li>\n                <li style=\"display: none; width: 100%;\" class=\"slide-32412 ms-image \" aria-roledescription=\"slide\" data-date=\"2026-02-18 13:59:46\"><img src=\"https:\/\/sulsc.com\/wp-content\/uploads\/2026\/02\/40dc1580-cad5-4867-bc58-c4243821ad38-1000x166.jpeg\" height=\"200\" width=\"1200\" alt=\"\" class=\"slider-25573 slide-32412 msDefaultImage\" title=\"40dc1580-cad5-4867-bc58-c4243821ad38\" \/><\/li>\n                <li style=\"display: none; width: 100%;\" class=\"slide-32766 ms-image \" aria-roledescription=\"slide\" data-date=\"2026-03-03 17:22:59\"><img src=\"https:\/\/sulsc.com\/wp-content\/uploads\/2026\/03\/271ce739-f268-41c5-8051-3de1a1750359-1000x166.jpeg\" height=\"200\" width=\"1200\" alt=\"\" class=\"slider-25573 slide-32766 msDefaultImage\" title=\"271ce739-f268-41c5-8051-3de1a1750359\" \/><\/li>\n            <\/ul>\n        <\/div>\n        \n    <\/div>\n<\/div>\n<p>Considerando a diferen\u00e7a entre o menor e o maior pre\u00e7os encontrados para cada produto, os cortes que apresentaram as maiores varia\u00e7\u00f5es em janeiro, em valores absolutos, foram:<\/p>\n<table>\n<tbody>\n<tr>\n<td>CORTE<\/td>\n<td>MENOR PRE\u00c7O (R$)<\/td>\n<td>MAIOR PRE\u00c7O (R$)<\/td>\n<td>DIFEREN\u00c7A (R$)<\/td>\n<td>VARIA\u00c7\u00c3O (%)<\/td>\n<\/tr>\n<tr>\n<td>Fil\u00e9 Mignon<\/td>\n<td>69,00<\/td>\n<td>139,90<\/td>\n<td>70,90<\/td>\n<td>102,8%<\/td>\n<\/tr>\n<tr>\n<td>Picanha<\/td>\n<td>64,90<\/td>\n<td>119,00<\/td>\n<td>54,10<\/td>\n<td>83,3%<\/td>\n<\/tr>\n<tr>\n<td>Maminha<\/td>\n<td>31,99<\/td>\n<td>64,98<\/td>\n<td>32,99<\/td>\n<td>103,1%<\/td>\n<\/tr>\n<tr>\n<td>Paleta Su\u00edna<\/td>\n<td>13,99<\/td>\n<td>44,00<\/td>\n<td>30,01<\/td>\n<td>214,5%<\/td>\n<\/tr>\n<tr>\n<td>Lombo Bovino<\/td>\n<td>35,79<\/td>\n<td>58,90<\/td>\n<td>23,11<\/td>\n<td>64,6%<\/td>\n<\/tr>\n<\/tbody>\n<\/table>\n<p>As varia\u00e7\u00f5es observadas demonstram que, especialmente nos cortes de maior valor, a diferen\u00e7a entre supermercados pode representar impacto significativo no or\u00e7amento familiar, dependendo do estabelecimento escolhido.<\/p>\n<p>Entre as carnes de frango, as oscila\u00e7\u00f5es foram mais moderadas em compara\u00e7\u00e3o \u00e0s carnes bovinas e su\u00ednas. A sobrecoxa foi encontrada entre R$ 8,99 e R$ 15,98, enquanto a coxinha da asa variou de R$ 10,49 a R$ 16,98. Mesmo com varia\u00e7\u00f5es menores, os dados indicam que a pesquisa de pre\u00e7os continua sendo importante para garantir economia ao consumidor.<\/p>\n<p><img fetchpriority=\"high\" decoding=\"async\" class=\"aligncenter size-full wp-image-28401\" src=\"http:\/\/sulsc.com\/wp-content\/uploads\/2025\/10\/vista-frontal-acougueiro-cortar-carne-em-luvas-brancas-segurando-uma-faca-grande-na-mesa-de-madeira-800x445-1.jpg\" alt=\"\" width=\"800\" height=\"445\" srcset=\"https:\/\/sulsc.com\/wp-content\/uploads\/2025\/10\/vista-frontal-acougueiro-cortar-carne-em-luvas-brancas-segurando-uma-faca-grande-na-mesa-de-madeira-800x445-1.jpg 800w, https:\/\/sulsc.com\/wp-content\/uploads\/2025\/10\/vista-frontal-acougueiro-cortar-carne-em-luvas-brancas-segurando-uma-faca-grande-na-mesa-de-madeira-800x445-1-300x167.jpg 300w, https:\/\/sulsc.com\/wp-content\/uploads\/2025\/10\/vista-frontal-acougueiro-cortar-carne-em-luvas-brancas-segurando-uma-faca-grande-na-mesa-de-madeira-800x445-1-768x427.jpg 768w\" sizes=\"(max-width: 800px) 100vw, 800px\" \/><\/p>\n<p><strong>Confira aqui a pesquisa: <a class=\"edital-list-item-file\" href=\"https:\/\/tubarao.sc.gov.br\/uploads\/sites\/265\/2026\/03\/PESQUISA-CARNES-MARCO.pdf\">[12\/03\/2026] PESQUISA CARNES MAR\u00c7O<\/a><\/strong><\/p>\n<p>O Procon destaca que as pesquisas tendem a ser realizadas em dias que n\u00e3o coincidem com promo\u00e7\u00f5es espec\u00edficas, garantindo maior neutralidade e um retrato mais fiel dos pre\u00e7os praticados no cotidiano. O acompanhamento cont\u00ednuo desses valores busca orientar o consumidor, contribuir para o equil\u00edbrio do or\u00e7amento familiar e promover transpar\u00eancia nas rela\u00e7\u00f5es de consumo.<\/p>\n","protected":false},"excerpt":{"rendered":"<p>O Procon de Tubar\u00e3o lan\u00e7ou nesta semana, a pesquisa comparativa de pre\u00e7os das carnes na cidade. Ao todo 12 supermercados apontaram diferen\u00e7as expressivas entre os valores praticados no mercado local. O levantamento tem como objetivo dar transpar\u00eancia ao setor e auxiliar o consumidor a fazer escolhas mais econ\u00f4micas na hora da compra. Considerando a diferen\u00e7a &hellip;<\/p>\n<p class=\"read-more\"> <a class=\"\" href=\"https:\/\/sulsc.com\/index.php\/2026\/03\/12\/procon-de-tubarao-lanca-pesquisa-comparativa-de-precos-das-carnes-referente-ao-mes-de-marco\/\"> <span class=\"screen-reader-text\">Procon de Tubar\u00e3o &#8211; Lan\u00e7a pesquisa comparativa de pre\u00e7os das carnes referente ao m\u00eas de mar\u00e7o<\/span> Read More &raquo;<\/a><\/p>\n","protected":false},"author":3,"featured_media":18997,"comment_status":"open","ping_status":"open","sticky":false,"template":"","format":"standard","meta":{"site-sidebar-layout":"default","site-content-layout":"","ast-site-content-layout":"default","site-content-style":"default","site-sidebar-style":"default","ast-global-header-display":"","ast-banner-title-visibility":"","ast-main-header-display":"","ast-hfb-above-header-display":"","ast-hfb-below-header-display":"","ast-hfb-mobile-header-display":"","site-post-title":"","ast-breadcrumbs-content":"","ast-featured-img":"","footer-sml-layout":"","theme-transparent-header-meta":"default","adv-header-id-meta":"","stick-header-meta":"","header-above-stick-meta":"","header-main-stick-meta":"","header-below-stick-meta":"","astra-migrate-meta-layouts":"set","footnotes":""},"categories":[2231,11,14,21,12],"tags":[2440],"yoast_head":"<!-- This site is optimized with the Yoast SEO plugin v21.4 - https:\/\/yoast.com\/wordpress\/plugins\/seo\/ -->\n<title>Procon de Tubar\u00e3o - Lan\u00e7a pesquisa comparativa de pre\u00e7os das carnes referente ao m\u00eas de mar\u00e7o -<\/title>\n<meta name=\"robots\" content=\"index, follow, max-snippet:-1, max-image-preview:large, max-video-preview:-1\" \/>\n<link rel=\"canonical\" href=\"https:\/\/sulsc.com\/index.php\/2026\/03\/12\/procon-de-tubarao-lanca-pesquisa-comparativa-de-precos-das-carnes-referente-ao-mes-de-marco\/\" \/>\n<meta property=\"og:locale\" content=\"en_US\" \/>\n<meta property=\"og:type\" content=\"article\" \/>\n<meta property=\"og:title\" content=\"Procon de Tubar\u00e3o - Lan\u00e7a pesquisa comparativa de pre\u00e7os das carnes referente ao m\u00eas de mar\u00e7o -\" \/>\n<meta property=\"og:description\" content=\"O Procon de Tubar\u00e3o lan\u00e7ou nesta semana, a pesquisa comparativa de pre\u00e7os das carnes na cidade. Ao todo 12 supermercados apontaram diferen\u00e7as expressivas entre os valores praticados no mercado local. O levantamento tem como objetivo dar transpar\u00eancia ao setor e auxiliar o consumidor a fazer escolhas mais econ\u00f4micas na hora da compra. Considerando a diferen\u00e7a &hellip; Procon de Tubar\u00e3o &#8211; Lan\u00e7a pesquisa comparativa de pre\u00e7os das carnes referente ao m\u00eas de mar\u00e7o Read More &raquo;\" \/>\n<meta property=\"og:url\" content=\"https:\/\/sulsc.com\/index.php\/2026\/03\/12\/procon-de-tubarao-lanca-pesquisa-comparativa-de-precos-das-carnes-referente-ao-mes-de-marco\/\" \/>\n<meta property=\"article:author\" content=\"https:\/\/www.facebook.com\/profile.php?id=61559278119680\" \/>\n<meta property=\"article:published_time\" content=\"2026-03-12T20:10:17+00:00\" \/>\n<meta property=\"og:image\" content=\"http:\/\/sulsc.com\/wp-content\/uploads\/2025\/01\/Carne-vermelha-3.jpg\" \/>\n\t<meta property=\"og:image:width\" content=\"600\" \/>\n\t<meta property=\"og:image:height\" content=\"400\" \/>\n\t<meta property=\"og:image:type\" content=\"image\/jpeg\" \/>\n<meta name=\"author\" content=\"Reda\u00e7\u00e3o Sul SC\" \/>\n<meta name=\"twitter:card\" content=\"summary_large_image\" \/>\n<meta name=\"twitter:creator\" content=\"@https:\/\/twitter.com\/PortalSulSC\" \/>\n<meta name=\"twitter:label1\" content=\"Written by\" \/>\n\t<meta name=\"twitter:data1\" content=\"Reda\u00e7\u00e3o Sul SC\" \/>\n\t<meta name=\"twitter:label2\" content=\"Est. reading time\" \/>\n\t<meta name=\"twitter:data2\" content=\"2 minutes\" \/>\n<script type=\"application\/ld+json\" class=\"yoast-schema-graph\">{\"@context\":\"https:\/\/schema.org\",\"@graph\":[{\"@type\":\"WebPage\",\"@id\":\"https:\/\/sulsc.com\/index.php\/2026\/03\/12\/procon-de-tubarao-lanca-pesquisa-comparativa-de-precos-das-carnes-referente-ao-mes-de-marco\/\",\"url\":\"https:\/\/sulsc.com\/index.php\/2026\/03\/12\/procon-de-tubarao-lanca-pesquisa-comparativa-de-precos-das-carnes-referente-ao-mes-de-marco\/\",\"name\":\"Procon de Tubar\u00e3o - Lan\u00e7a pesquisa comparativa de pre\u00e7os das carnes referente ao m\u00eas de mar\u00e7o -\",\"isPartOf\":{\"@id\":\"https:\/\/sulsc.com\/#website\"},\"datePublished\":\"2026-03-12T20:10:17+00:00\",\"dateModified\":\"2026-03-12T20:10:17+00:00\",\"author\":{\"@id\":\"https:\/\/sulsc.com\/#\/schema\/person\/84d2fc571684f6248ba83092f07750a3\"},\"breadcrumb\":{\"@id\":\"https:\/\/sulsc.com\/index.php\/2026\/03\/12\/procon-de-tubarao-lanca-pesquisa-comparativa-de-precos-das-carnes-referente-ao-mes-de-marco\/#breadcrumb\"},\"inLanguage\":\"en-US\",\"potentialAction\":[{\"@type\":\"ReadAction\",\"target\":[\"https:\/\/sulsc.com\/index.php\/2026\/03\/12\/procon-de-tubarao-lanca-pesquisa-comparativa-de-precos-das-carnes-referente-ao-mes-de-marco\/\"]}]},{\"@type\":\"BreadcrumbList\",\"@id\":\"https:\/\/sulsc.com\/index.php\/2026\/03\/12\/procon-de-tubarao-lanca-pesquisa-comparativa-de-precos-das-carnes-referente-ao-mes-de-marco\/#breadcrumb\",\"itemListElement\":[{\"@type\":\"ListItem\",\"position\":1,\"name\":\"In\u00edcio\",\"item\":\"https:\/\/sulsc.com\/\"},{\"@type\":\"ListItem\",\"position\":2,\"name\":\"Procon de Tubar\u00e3o &#8211; Lan\u00e7a pesquisa comparativa de pre\u00e7os das carnes referente ao m\u00eas de mar\u00e7o\"}]},{\"@type\":\"WebSite\",\"@id\":\"https:\/\/sulsc.com\/#website\",\"url\":\"https:\/\/sulsc.com\/\",\"name\":\"\",\"description\":\"\",\"potentialAction\":[{\"@type\":\"SearchAction\",\"target\":{\"@type\":\"EntryPoint\",\"urlTemplate\":\"https:\/\/sulsc.com\/?s={search_term_string}\"},\"query-input\":\"required name=search_term_string\"}],\"inLanguage\":\"en-US\"},{\"@type\":\"Person\",\"@id\":\"https:\/\/sulsc.com\/#\/schema\/person\/84d2fc571684f6248ba83092f07750a3\",\"name\":\"Reda\u00e7\u00e3o Sul SC\",\"image\":{\"@type\":\"ImageObject\",\"inLanguage\":\"en-US\",\"@id\":\"https:\/\/sulsc.com\/#\/schema\/person\/image\/e08d7fe2cc4ed596372063bbe852b8d0\",\"url\":\"https:\/\/sulsc.com\/wp-content\/uploads\/2023\/09\/redacao.png\",\"contentUrl\":\"https:\/\/sulsc.com\/wp-content\/uploads\/2023\/09\/redacao.png\",\"caption\":\"Reda\u00e7\u00e3o Sul SC\"},\"description\":\"Foco em um jornalismo imparcial, voltado \u00e0 qualidade dos seus conte\u00fados e, assim, levar informa\u00e7\u00e3o de valor que agregue \u00e0 vida dos leitores. Esta \u00e9 grande miss\u00e3o do Portal de Not\u00edcias Sul SC. N\u00e3o \u00e9 quantidade que muda o mundo, sempre foi e seguir\u00e1 sendo qualidade!\",\"sameAs\":[\"https:\/\/sulsc.com\/\",\"https:\/\/www.facebook.com\/profile.php?id=61559278119680\",\"https:\/\/www.instagram.com\/sulscportal\/?hl=pt-br\",\"https:\/\/twitter.com\/https:\/\/twitter.com\/PortalSulSC\",\"https:\/\/www.youtube.com\/channel\/UCv_BE8GeySluDov2n8qhVmw\"],\"url\":\"https:\/\/sulsc.com\/index.php\/author\/redacao\/\"}]}<\/script>\n<!-- \/ Yoast SEO plugin. -->","yoast_head_json":{"title":"Procon de Tubar\u00e3o - Lan\u00e7a pesquisa comparativa de pre\u00e7os das carnes referente ao m\u00eas de mar\u00e7o -","robots":{"index":"index","follow":"follow","max-snippet":"max-snippet:-1","max-image-preview":"max-image-preview:large","max-video-preview":"max-video-preview:-1"},"canonical":"https:\/\/sulsc.com\/index.php\/2026\/03\/12\/procon-de-tubarao-lanca-pesquisa-comparativa-de-precos-das-carnes-referente-ao-mes-de-marco\/","og_locale":"en_US","og_type":"article","og_title":"Procon de Tubar\u00e3o - Lan\u00e7a pesquisa comparativa de pre\u00e7os das carnes referente ao m\u00eas de mar\u00e7o -","og_description":"O Procon de Tubar\u00e3o lan\u00e7ou nesta semana, a pesquisa comparativa de pre\u00e7os das carnes na cidade. Ao todo 12 supermercados apontaram diferen\u00e7as expressivas entre os valores praticados no mercado local. O levantamento tem como objetivo dar transpar\u00eancia ao setor e auxiliar o consumidor a fazer escolhas mais econ\u00f4micas na hora da compra. Considerando a diferen\u00e7a &hellip; Procon de Tubar\u00e3o &#8211; Lan\u00e7a pesquisa comparativa de pre\u00e7os das carnes referente ao m\u00eas de mar\u00e7o Read More &raquo;","og_url":"https:\/\/sulsc.com\/index.php\/2026\/03\/12\/procon-de-tubarao-lanca-pesquisa-comparativa-de-precos-das-carnes-referente-ao-mes-de-marco\/","article_author":"https:\/\/www.facebook.com\/profile.php?id=61559278119680","article_published_time":"2026-03-12T20:10:17+00:00","og_image":[{"width":600,"height":400,"url":"http:\/\/sulsc.com\/wp-content\/uploads\/2025\/01\/Carne-vermelha-3.jpg","type":"image\/jpeg"}],"author":"Reda\u00e7\u00e3o Sul SC","twitter_card":"summary_large_image","twitter_creator":"@https:\/\/twitter.com\/PortalSulSC","twitter_misc":{"Written by":"Reda\u00e7\u00e3o Sul SC","Est. reading time":"2 minutes"},"schema":{"@context":"https:\/\/schema.org","@graph":[{"@type":"WebPage","@id":"https:\/\/sulsc.com\/index.php\/2026\/03\/12\/procon-de-tubarao-lanca-pesquisa-comparativa-de-precos-das-carnes-referente-ao-mes-de-marco\/","url":"https:\/\/sulsc.com\/index.php\/2026\/03\/12\/procon-de-tubarao-lanca-pesquisa-comparativa-de-precos-das-carnes-referente-ao-mes-de-marco\/","name":"Procon de Tubar\u00e3o - Lan\u00e7a pesquisa comparativa de pre\u00e7os das carnes referente ao m\u00eas de mar\u00e7o -","isPartOf":{"@id":"https:\/\/sulsc.com\/#website"},"datePublished":"2026-03-12T20:10:17+00:00","dateModified":"2026-03-12T20:10:17+00:00","author":{"@id":"https:\/\/sulsc.com\/#\/schema\/person\/84d2fc571684f6248ba83092f07750a3"},"breadcrumb":{"@id":"https:\/\/sulsc.com\/index.php\/2026\/03\/12\/procon-de-tubarao-lanca-pesquisa-comparativa-de-precos-das-carnes-referente-ao-mes-de-marco\/#breadcrumb"},"inLanguage":"en-US","potentialAction":[{"@type":"ReadAction","target":["https:\/\/sulsc.com\/index.php\/2026\/03\/12\/procon-de-tubarao-lanca-pesquisa-comparativa-de-precos-das-carnes-referente-ao-mes-de-marco\/"]}]},{"@type":"BreadcrumbList","@id":"https:\/\/sulsc.com\/index.php\/2026\/03\/12\/procon-de-tubarao-lanca-pesquisa-comparativa-de-precos-das-carnes-referente-ao-mes-de-marco\/#breadcrumb","itemListElement":[{"@type":"ListItem","position":1,"name":"In\u00edcio","item":"https:\/\/sulsc.com\/"},{"@type":"ListItem","position":2,"name":"Procon de Tubar\u00e3o &#8211; Lan\u00e7a pesquisa comparativa de pre\u00e7os das carnes referente ao m\u00eas de mar\u00e7o"}]},{"@type":"WebSite","@id":"https:\/\/sulsc.com\/#website","url":"https:\/\/sulsc.com\/","name":"","description":"","potentialAction":[{"@type":"SearchAction","target":{"@type":"EntryPoint","urlTemplate":"https:\/\/sulsc.com\/?s={search_term_string}"},"query-input":"required name=search_term_string"}],"inLanguage":"en-US"},{"@type":"Person","@id":"https:\/\/sulsc.com\/#\/schema\/person\/84d2fc571684f6248ba83092f07750a3","name":"Reda\u00e7\u00e3o Sul SC","image":{"@type":"ImageObject","inLanguage":"en-US","@id":"https:\/\/sulsc.com\/#\/schema\/person\/image\/e08d7fe2cc4ed596372063bbe852b8d0","url":"https:\/\/sulsc.com\/wp-content\/uploads\/2023\/09\/redacao.png","contentUrl":"https:\/\/sulsc.com\/wp-content\/uploads\/2023\/09\/redacao.png","caption":"Reda\u00e7\u00e3o Sul SC"},"description":"Foco em um jornalismo imparcial, voltado \u00e0 qualidade dos seus conte\u00fados e, assim, levar informa\u00e7\u00e3o de valor que agregue \u00e0 vida dos leitores. Esta \u00e9 grande miss\u00e3o do Portal de Not\u00edcias Sul SC. N\u00e3o \u00e9 quantidade que muda o mundo, sempre foi e seguir\u00e1 sendo qualidade!","sameAs":["https:\/\/sulsc.com\/","https:\/\/www.facebook.com\/profile.php?id=61559278119680","https:\/\/www.instagram.com\/sulscportal\/?hl=pt-br","https:\/\/twitter.com\/https:\/\/twitter.com\/PortalSulSC","https:\/\/www.youtube.com\/channel\/UCv_BE8GeySluDov2n8qhVmw"],"url":"https:\/\/sulsc.com\/index.php\/author\/redacao\/"}]}},"authors":[],"_links":{"self":[{"href":"https:\/\/sulsc.com\/index.php\/wp-json\/wp\/v2\/posts\/32992"}],"collection":[{"href":"https:\/\/sulsc.com\/index.php\/wp-json\/wp\/v2\/posts"}],"about":[{"href":"https:\/\/sulsc.com\/index.php\/wp-json\/wp\/v2\/types\/post"}],"author":[{"embeddable":true,"href":"https:\/\/sulsc.com\/index.php\/wp-json\/wp\/v2\/users\/3"}],"replies":[{"embeddable":true,"href":"https:\/\/sulsc.com\/index.php\/wp-json\/wp\/v2\/comments?post=32992"}],"version-history":[{"count":1,"href":"https:\/\/sulsc.com\/index.php\/wp-json\/wp\/v2\/posts\/32992\/revisions"}],"predecessor-version":[{"id":32993,"href":"https:\/\/sulsc.com\/index.php\/wp-json\/wp\/v2\/posts\/32992\/revisions\/32993"}],"wp:featuredmedia":[{"embeddable":true,"href":"https:\/\/sulsc.com\/index.php\/wp-json\/wp\/v2\/media\/18997"}],"wp:attachment":[{"href":"https:\/\/sulsc.com\/index.php\/wp-json\/wp\/v2\/media?parent=32992"}],"wp:term":[{"taxonomy":"category","embeddable":true,"href":"https:\/\/sulsc.com\/index.php\/wp-json\/wp\/v2\/categories?post=32992"},{"taxonomy":"post_tag","embeddable":true,"href":"https:\/\/sulsc.com\/index.php\/wp-json\/wp\/v2\/tags?post=32992"}],"curies":[{"name":"wp","href":"https:\/\/api.w.org\/{rel}","templated":true}]}}