{"id":32994,"date":"2026-03-12T17:30:02","date_gmt":"2026-03-12T20:30:02","guid":{"rendered":"https:\/\/sulsc.com\/?p=32994"},"modified":"2026-03-12T17:30:02","modified_gmt":"2026-03-12T20:30:02","slug":"apos-perecer-favoravel-do-mp-casal-e-preso-pela-dic-na-tarde-desta-quinta-feira-por-trafico-no-bairro-portinho-em-laguna","status":"publish","type":"post","link":"https:\/\/sulsc.com\/index.php\/2026\/03\/12\/apos-perecer-favoravel-do-mp-casal-e-preso-pela-dic-na-tarde-desta-quinta-feira-por-trafico-no-bairro-portinho-em-laguna\/","title":{"rendered":"Ap\u00f3s perecer favor\u00e1vel do MP casal \u00e9 preso pela DIC na tarde desta quinta-feira por tr\u00e1fico no bairro Portinho em Laguna"},"content":{"rendered":"<p>Na tarde desta quinta-feira (12), a Pol\u00edcia Civil, por meio da Delegacia de Investiga\u00e7\u00e3o Criminal (DIC) de Laguna, deflagrou uma opera\u00e7\u00e3o que culminou na pris\u00e3o em flagrante de um casal, ambos com 24 anos, pelos crimes de tr\u00e1fico de drogas e associa\u00e7\u00e3o para o tr\u00e1fico. A a\u00e7\u00e3o ocorreu no bairro Portinho e contou com o apoio do Canil da Pol\u00edcia Militar de Laguna.<\/p>\n<p><span dir=\"auto\" style=\"vertical-align: inherit;\"><span dir=\"auto\" style=\"vertical-align: inherit;\"><div id=\"metaslider-id-25573\" style=\"width: 100%;\" class=\"ml-slider-3-99-0 metaslider metaslider-flex metaslider-25573 ml-slider has-onhover-arrows ms-theme-default-base has-dots-nav\" role=\"region\" aria-label=\"Meio\" data-width=\"1200\">\n    <div id=\"metaslider_container_25573\">\n        <div id=\"metaslider_25573\">\n            <ul class='slides'>\n                <li style=\"display: block; width: 100%;\" class=\"slide-25684 ms-image \" aria-roledescription=\"slide\" data-date=\"2025-07-24 07:55:40\"><img src=\"https:\/\/sulsc.com\/wp-content\/uploads\/2025\/07\/Marr-2-1000x166.jpg\" height=\"200\" width=\"1200\" alt=\"\" class=\"slider-25573 slide-25684 msDefaultImage\" title=\"Marr 2\" \/><\/li>\n                <li style=\"display: none; width: 100%;\" class=\"slide-32412 ms-image \" aria-roledescription=\"slide\" data-date=\"2026-02-18 13:59:46\"><img src=\"https:\/\/sulsc.com\/wp-content\/uploads\/2026\/02\/40dc1580-cad5-4867-bc58-c4243821ad38-1000x166.jpeg\" height=\"200\" width=\"1200\" alt=\"\" class=\"slider-25573 slide-32412 msDefaultImage\" title=\"40dc1580-cad5-4867-bc58-c4243821ad38\" \/><\/li>\n                <li style=\"display: none; width: 100%;\" class=\"slide-32766 ms-image \" aria-roledescription=\"slide\" data-date=\"2026-03-03 17:22:59\"><img src=\"https:\/\/sulsc.com\/wp-content\/uploads\/2026\/03\/271ce739-f268-41c5-8051-3de1a1750359-1000x166.jpeg\" height=\"200\" width=\"1200\" alt=\"\" class=\"slider-25573 slide-32766 msDefaultImage\" title=\"271ce739-f268-41c5-8051-3de1a1750359\" \/><\/li>\n            <\/ul>\n        <\/div>\n        \n    <\/div>\n<\/div><\/span><\/span><\/p>\n<p>O casal vinha sendo investigado pela DIC h\u00e1 algumas semanas, com base em ind\u00edcios coletados durante as apura\u00e7\u00f5es. Ap\u00f3s parecer favor\u00e1vel do Minist\u00e9rio P\u00fablico, um mandado de busca e apreens\u00e3o foi expedido pelo Poder Judici\u00e1rio e cumprido na data de hoje.<\/p>\n<p>Durante as buscas na resid\u00eancia dos investigados, os policiais apreenderam por\u00e7\u00f5es de maconha e coca\u00edna, al\u00e9m de uma balan\u00e7a de precis\u00e3o e dinheiro em esp\u00e9cie. Conforme os registros, o homem j\u00e1 possu\u00eda um hist\u00f3rico criminal, tendo sido preso anteriormente por tr\u00e1fico de drogas.<\/p>\n<p>Com a evid\u00eancia do material encontrado e a comprova\u00e7\u00e3o da investiga\u00e7\u00e3o pr\u00e9via, foi lavrado o auto de pris\u00e3o em flagrante, com base nos artigos 33 e 35 da Lei de Drogas (Lei n\u00ba 11.343\/2006). Ap\u00f3s os procedimentos de praxe na DIC de Laguna, os detidos foram encaminhados ao sistema prisional, onde permanecem \u00e0 disposi\u00e7\u00e3o do Poder Judici\u00e1rio.<\/p>\n<p>Essa opera\u00e7\u00e3o destaca o papel ativo da DIC de Laguna na desarticula\u00e7\u00e3o de pontos de venda de drogas, refor\u00e7ando o compromisso da pol\u00edcia em combater o tr\u00e1fico de entorpecentes na regi\u00e3o.<\/p>\n<p><img fetchpriority=\"high\" decoding=\"async\" class=\"aligncenter size-full wp-image-5605\" src=\"http:\/\/sulsc.com\/wp-content\/uploads\/2023\/12\/policia_civil_20220528_1694566214.jpg\" alt=\"\" width=\"620\" height=\"413\" srcset=\"https:\/\/sulsc.com\/wp-content\/uploads\/2023\/12\/policia_civil_20220528_1694566214.jpg 620w, https:\/\/sulsc.com\/wp-content\/uploads\/2023\/12\/policia_civil_20220528_1694566214-300x200.jpg 300w\" sizes=\"(max-width: 620px) 100vw, 620px\" \/><\/p>\n<p>PCSC\/Divulga\u00e7\u00e3o\/SulSC<\/p>\n","protected":false},"excerpt":{"rendered":"<p>Na tarde desta quinta-feira (12), a Pol\u00edcia Civil, por meio da Delegacia de Investiga\u00e7\u00e3o Criminal (DIC) de Laguna, deflagrou uma opera\u00e7\u00e3o que culminou na pris\u00e3o em flagrante de um casal, ambos com 24 anos, pelos crimes de tr\u00e1fico de drogas e associa\u00e7\u00e3o para o tr\u00e1fico. A a\u00e7\u00e3o ocorreu no bairro Portinho e contou com o &hellip;<\/p>\n<p class=\"read-more\"> <a class=\"\" href=\"https:\/\/sulsc.com\/index.php\/2026\/03\/12\/apos-perecer-favoravel-do-mp-casal-e-preso-pela-dic-na-tarde-desta-quinta-feira-por-trafico-no-bairro-portinho-em-laguna\/\"> <span class=\"screen-reader-text\">Ap\u00f3s perecer favor\u00e1vel do MP casal \u00e9 preso pela DIC na tarde desta quinta-feira por tr\u00e1fico no bairro Portinho em Laguna<\/span> Read More &raquo;<\/a><\/p>\n","protected":false},"author":3,"featured_media":5605,"comment_status":"open","ping_status":"open","sticky":false,"template":"","format":"standard","meta":{"site-sidebar-layout":"default","site-content-layout":"","ast-site-content-layout":"default","site-content-style":"default","site-sidebar-style":"default","ast-global-header-display":"","ast-banner-title-visibility":"","ast-main-header-display":"","ast-hfb-above-header-display":"","ast-hfb-below-header-display":"","ast-hfb-mobile-header-display":"","site-post-title":"","ast-breadcrumbs-content":"","ast-featured-img":"","footer-sml-layout":"","theme-transparent-header-meta":"default","adv-header-id-meta":"","stick-header-meta":"","header-above-stick-meta":"","header-main-stick-meta":"","header-below-stick-meta":"","astra-migrate-meta-layouts":"set","footnotes":""},"categories":[2231,22,14,2782,12],"tags":[2773],"yoast_head":"<!-- This site is optimized with the Yoast SEO plugin v21.4 - https:\/\/yoast.com\/wordpress\/plugins\/seo\/ -->\n<title>Ap\u00f3s perecer favor\u00e1vel do MP casal \u00e9 preso pela DIC na tarde desta quinta-feira por tr\u00e1fico no bairro Portinho em Laguna -<\/title>\n<meta name=\"robots\" content=\"index, follow, max-snippet:-1, max-image-preview:large, max-video-preview:-1\" \/>\n<link rel=\"canonical\" href=\"https:\/\/sulsc.com\/index.php\/2026\/03\/12\/apos-perecer-favoravel-do-mp-casal-e-preso-pela-dic-na-tarde-desta-quinta-feira-por-trafico-no-bairro-portinho-em-laguna\/\" \/>\n<meta property=\"og:locale\" content=\"en_US\" \/>\n<meta property=\"og:type\" content=\"article\" \/>\n<meta property=\"og:title\" content=\"Ap\u00f3s perecer favor\u00e1vel do MP casal \u00e9 preso pela DIC na tarde desta quinta-feira por tr\u00e1fico no bairro Portinho em Laguna -\" \/>\n<meta property=\"og:description\" content=\"Na tarde desta quinta-feira (12), a Pol\u00edcia Civil, por meio da Delegacia de Investiga\u00e7\u00e3o Criminal (DIC) de Laguna, deflagrou uma opera\u00e7\u00e3o que culminou na pris\u00e3o em flagrante de um casal, ambos com 24 anos, pelos crimes de tr\u00e1fico de drogas e associa\u00e7\u00e3o para o tr\u00e1fico. A a\u00e7\u00e3o ocorreu no bairro Portinho e contou com o &hellip; Ap\u00f3s perecer favor\u00e1vel do MP casal \u00e9 preso pela DIC na tarde desta quinta-feira por tr\u00e1fico no bairro Portinho em Laguna Read More &raquo;\" \/>\n<meta property=\"og:url\" content=\"https:\/\/sulsc.com\/index.php\/2026\/03\/12\/apos-perecer-favoravel-do-mp-casal-e-preso-pela-dic-na-tarde-desta-quinta-feira-por-trafico-no-bairro-portinho-em-laguna\/\" \/>\n<meta property=\"article:author\" content=\"https:\/\/www.facebook.com\/profile.php?id=61559278119680\" \/>\n<meta property=\"article:published_time\" content=\"2026-03-12T20:30:02+00:00\" \/>\n<meta property=\"og:image\" content=\"http:\/\/sulsc.com\/wp-content\/uploads\/2023\/12\/policia_civil_20220528_1694566214.jpg\" \/>\n\t<meta property=\"og:image:width\" content=\"620\" \/>\n\t<meta property=\"og:image:height\" content=\"413\" \/>\n\t<meta property=\"og:image:type\" content=\"image\/jpeg\" \/>\n<meta name=\"author\" content=\"Reda\u00e7\u00e3o Sul SC\" \/>\n<meta name=\"twitter:card\" content=\"summary_large_image\" \/>\n<meta name=\"twitter:creator\" content=\"@https:\/\/twitter.com\/PortalSulSC\" \/>\n<meta name=\"twitter:label1\" content=\"Written by\" \/>\n\t<meta name=\"twitter:data1\" content=\"Reda\u00e7\u00e3o Sul SC\" \/>\n\t<meta name=\"twitter:label2\" content=\"Est. reading time\" \/>\n\t<meta name=\"twitter:data2\" content=\"2 minutes\" \/>\n<script type=\"application\/ld+json\" class=\"yoast-schema-graph\">{\"@context\":\"https:\/\/schema.org\",\"@graph\":[{\"@type\":\"WebPage\",\"@id\":\"https:\/\/sulsc.com\/index.php\/2026\/03\/12\/apos-perecer-favoravel-do-mp-casal-e-preso-pela-dic-na-tarde-desta-quinta-feira-por-trafico-no-bairro-portinho-em-laguna\/\",\"url\":\"https:\/\/sulsc.com\/index.php\/2026\/03\/12\/apos-perecer-favoravel-do-mp-casal-e-preso-pela-dic-na-tarde-desta-quinta-feira-por-trafico-no-bairro-portinho-em-laguna\/\",\"name\":\"Ap\u00f3s perecer favor\u00e1vel do MP casal \u00e9 preso pela DIC na tarde desta quinta-feira por tr\u00e1fico no bairro Portinho em Laguna -\",\"isPartOf\":{\"@id\":\"https:\/\/sulsc.com\/#website\"},\"datePublished\":\"2026-03-12T20:30:02+00:00\",\"dateModified\":\"2026-03-12T20:30:02+00:00\",\"author\":{\"@id\":\"https:\/\/sulsc.com\/#\/schema\/person\/84d2fc571684f6248ba83092f07750a3\"},\"breadcrumb\":{\"@id\":\"https:\/\/sulsc.com\/index.php\/2026\/03\/12\/apos-perecer-favoravel-do-mp-casal-e-preso-pela-dic-na-tarde-desta-quinta-feira-por-trafico-no-bairro-portinho-em-laguna\/#breadcrumb\"},\"inLanguage\":\"en-US\",\"potentialAction\":[{\"@type\":\"ReadAction\",\"target\":[\"https:\/\/sulsc.com\/index.php\/2026\/03\/12\/apos-perecer-favoravel-do-mp-casal-e-preso-pela-dic-na-tarde-desta-quinta-feira-por-trafico-no-bairro-portinho-em-laguna\/\"]}]},{\"@type\":\"BreadcrumbList\",\"@id\":\"https:\/\/sulsc.com\/index.php\/2026\/03\/12\/apos-perecer-favoravel-do-mp-casal-e-preso-pela-dic-na-tarde-desta-quinta-feira-por-trafico-no-bairro-portinho-em-laguna\/#breadcrumb\",\"itemListElement\":[{\"@type\":\"ListItem\",\"position\":1,\"name\":\"In\u00edcio\",\"item\":\"https:\/\/sulsc.com\/\"},{\"@type\":\"ListItem\",\"position\":2,\"name\":\"Ap\u00f3s perecer favor\u00e1vel do MP casal \u00e9 preso pela DIC na tarde desta quinta-feira por tr\u00e1fico no bairro Portinho em Laguna\"}]},{\"@type\":\"WebSite\",\"@id\":\"https:\/\/sulsc.com\/#website\",\"url\":\"https:\/\/sulsc.com\/\",\"name\":\"\",\"description\":\"\",\"potentialAction\":[{\"@type\":\"SearchAction\",\"target\":{\"@type\":\"EntryPoint\",\"urlTemplate\":\"https:\/\/sulsc.com\/?s={search_term_string}\"},\"query-input\":\"required name=search_term_string\"}],\"inLanguage\":\"en-US\"},{\"@type\":\"Person\",\"@id\":\"https:\/\/sulsc.com\/#\/schema\/person\/84d2fc571684f6248ba83092f07750a3\",\"name\":\"Reda\u00e7\u00e3o Sul SC\",\"image\":{\"@type\":\"ImageObject\",\"inLanguage\":\"en-US\",\"@id\":\"https:\/\/sulsc.com\/#\/schema\/person\/image\/e08d7fe2cc4ed596372063bbe852b8d0\",\"url\":\"https:\/\/sulsc.com\/wp-content\/uploads\/2023\/09\/redacao.png\",\"contentUrl\":\"https:\/\/sulsc.com\/wp-content\/uploads\/2023\/09\/redacao.png\",\"caption\":\"Reda\u00e7\u00e3o Sul SC\"},\"description\":\"Foco em um jornalismo imparcial, voltado \u00e0 qualidade dos seus conte\u00fados e, assim, levar informa\u00e7\u00e3o de valor que agregue \u00e0 vida dos leitores. Esta \u00e9 grande miss\u00e3o do Portal de Not\u00edcias Sul SC. N\u00e3o \u00e9 quantidade que muda o mundo, sempre foi e seguir\u00e1 sendo qualidade!\",\"sameAs\":[\"https:\/\/sulsc.com\/\",\"https:\/\/www.facebook.com\/profile.php?id=61559278119680\",\"https:\/\/www.instagram.com\/sulscportal\/?hl=pt-br\",\"https:\/\/twitter.com\/https:\/\/twitter.com\/PortalSulSC\",\"https:\/\/www.youtube.com\/channel\/UCv_BE8GeySluDov2n8qhVmw\"],\"url\":\"https:\/\/sulsc.com\/index.php\/author\/redacao\/\"}]}<\/script>\n<!-- \/ Yoast SEO plugin. -->","yoast_head_json":{"title":"Ap\u00f3s perecer favor\u00e1vel do MP casal \u00e9 preso pela DIC na tarde desta quinta-feira por tr\u00e1fico no bairro Portinho em Laguna -","robots":{"index":"index","follow":"follow","max-snippet":"max-snippet:-1","max-image-preview":"max-image-preview:large","max-video-preview":"max-video-preview:-1"},"canonical":"https:\/\/sulsc.com\/index.php\/2026\/03\/12\/apos-perecer-favoravel-do-mp-casal-e-preso-pela-dic-na-tarde-desta-quinta-feira-por-trafico-no-bairro-portinho-em-laguna\/","og_locale":"en_US","og_type":"article","og_title":"Ap\u00f3s perecer favor\u00e1vel do MP casal \u00e9 preso pela DIC na tarde desta quinta-feira por tr\u00e1fico no bairro Portinho em Laguna -","og_description":"Na tarde desta quinta-feira (12), a Pol\u00edcia Civil, por meio da Delegacia de Investiga\u00e7\u00e3o Criminal (DIC) de Laguna, deflagrou uma opera\u00e7\u00e3o que culminou na pris\u00e3o em flagrante de um casal, ambos com 24 anos, pelos crimes de tr\u00e1fico de drogas e associa\u00e7\u00e3o para o tr\u00e1fico. A a\u00e7\u00e3o ocorreu no bairro Portinho e contou com o &hellip; Ap\u00f3s perecer favor\u00e1vel do MP casal \u00e9 preso pela DIC na tarde desta quinta-feira por tr\u00e1fico no bairro Portinho em Laguna Read More &raquo;","og_url":"https:\/\/sulsc.com\/index.php\/2026\/03\/12\/apos-perecer-favoravel-do-mp-casal-e-preso-pela-dic-na-tarde-desta-quinta-feira-por-trafico-no-bairro-portinho-em-laguna\/","article_author":"https:\/\/www.facebook.com\/profile.php?id=61559278119680","article_published_time":"2026-03-12T20:30:02+00:00","og_image":[{"width":620,"height":413,"url":"http:\/\/sulsc.com\/wp-content\/uploads\/2023\/12\/policia_civil_20220528_1694566214.jpg","type":"image\/jpeg"}],"author":"Reda\u00e7\u00e3o Sul SC","twitter_card":"summary_large_image","twitter_creator":"@https:\/\/twitter.com\/PortalSulSC","twitter_misc":{"Written by":"Reda\u00e7\u00e3o Sul SC","Est. reading time":"2 minutes"},"schema":{"@context":"https:\/\/schema.org","@graph":[{"@type":"WebPage","@id":"https:\/\/sulsc.com\/index.php\/2026\/03\/12\/apos-perecer-favoravel-do-mp-casal-e-preso-pela-dic-na-tarde-desta-quinta-feira-por-trafico-no-bairro-portinho-em-laguna\/","url":"https:\/\/sulsc.com\/index.php\/2026\/03\/12\/apos-perecer-favoravel-do-mp-casal-e-preso-pela-dic-na-tarde-desta-quinta-feira-por-trafico-no-bairro-portinho-em-laguna\/","name":"Ap\u00f3s perecer favor\u00e1vel do MP casal \u00e9 preso pela DIC na tarde desta quinta-feira por tr\u00e1fico no bairro Portinho em Laguna -","isPartOf":{"@id":"https:\/\/sulsc.com\/#website"},"datePublished":"2026-03-12T20:30:02+00:00","dateModified":"2026-03-12T20:30:02+00:00","author":{"@id":"https:\/\/sulsc.com\/#\/schema\/person\/84d2fc571684f6248ba83092f07750a3"},"breadcrumb":{"@id":"https:\/\/sulsc.com\/index.php\/2026\/03\/12\/apos-perecer-favoravel-do-mp-casal-e-preso-pela-dic-na-tarde-desta-quinta-feira-por-trafico-no-bairro-portinho-em-laguna\/#breadcrumb"},"inLanguage":"en-US","potentialAction":[{"@type":"ReadAction","target":["https:\/\/sulsc.com\/index.php\/2026\/03\/12\/apos-perecer-favoravel-do-mp-casal-e-preso-pela-dic-na-tarde-desta-quinta-feira-por-trafico-no-bairro-portinho-em-laguna\/"]}]},{"@type":"BreadcrumbList","@id":"https:\/\/sulsc.com\/index.php\/2026\/03\/12\/apos-perecer-favoravel-do-mp-casal-e-preso-pela-dic-na-tarde-desta-quinta-feira-por-trafico-no-bairro-portinho-em-laguna\/#breadcrumb","itemListElement":[{"@type":"ListItem","position":1,"name":"In\u00edcio","item":"https:\/\/sulsc.com\/"},{"@type":"ListItem","position":2,"name":"Ap\u00f3s perecer favor\u00e1vel do MP casal \u00e9 preso pela DIC na tarde desta quinta-feira por tr\u00e1fico no bairro Portinho em Laguna"}]},{"@type":"WebSite","@id":"https:\/\/sulsc.com\/#website","url":"https:\/\/sulsc.com\/","name":"","description":"","potentialAction":[{"@type":"SearchAction","target":{"@type":"EntryPoint","urlTemplate":"https:\/\/sulsc.com\/?s={search_term_string}"},"query-input":"required name=search_term_string"}],"inLanguage":"en-US"},{"@type":"Person","@id":"https:\/\/sulsc.com\/#\/schema\/person\/84d2fc571684f6248ba83092f07750a3","name":"Reda\u00e7\u00e3o Sul SC","image":{"@type":"ImageObject","inLanguage":"en-US","@id":"https:\/\/sulsc.com\/#\/schema\/person\/image\/e08d7fe2cc4ed596372063bbe852b8d0","url":"https:\/\/sulsc.com\/wp-content\/uploads\/2023\/09\/redacao.png","contentUrl":"https:\/\/sulsc.com\/wp-content\/uploads\/2023\/09\/redacao.png","caption":"Reda\u00e7\u00e3o Sul SC"},"description":"Foco em um jornalismo imparcial, voltado \u00e0 qualidade dos seus conte\u00fados e, assim, levar informa\u00e7\u00e3o de valor que agregue \u00e0 vida dos leitores. Esta \u00e9 grande miss\u00e3o do Portal de Not\u00edcias Sul SC. N\u00e3o \u00e9 quantidade que muda o mundo, sempre foi e seguir\u00e1 sendo qualidade!","sameAs":["https:\/\/sulsc.com\/","https:\/\/www.facebook.com\/profile.php?id=61559278119680","https:\/\/www.instagram.com\/sulscportal\/?hl=pt-br","https:\/\/twitter.com\/https:\/\/twitter.com\/PortalSulSC","https:\/\/www.youtube.com\/channel\/UCv_BE8GeySluDov2n8qhVmw"],"url":"https:\/\/sulsc.com\/index.php\/author\/redacao\/"}]}},"authors":[],"_links":{"self":[{"href":"https:\/\/sulsc.com\/index.php\/wp-json\/wp\/v2\/posts\/32994"}],"collection":[{"href":"https:\/\/sulsc.com\/index.php\/wp-json\/wp\/v2\/posts"}],"about":[{"href":"https:\/\/sulsc.com\/index.php\/wp-json\/wp\/v2\/types\/post"}],"author":[{"embeddable":true,"href":"https:\/\/sulsc.com\/index.php\/wp-json\/wp\/v2\/users\/3"}],"replies":[{"embeddable":true,"href":"https:\/\/sulsc.com\/index.php\/wp-json\/wp\/v2\/comments?post=32994"}],"version-history":[{"count":1,"href":"https:\/\/sulsc.com\/index.php\/wp-json\/wp\/v2\/posts\/32994\/revisions"}],"predecessor-version":[{"id":32995,"href":"https:\/\/sulsc.com\/index.php\/wp-json\/wp\/v2\/posts\/32994\/revisions\/32995"}],"wp:featuredmedia":[{"embeddable":true,"href":"https:\/\/sulsc.com\/index.php\/wp-json\/wp\/v2\/media\/5605"}],"wp:attachment":[{"href":"https:\/\/sulsc.com\/index.php\/wp-json\/wp\/v2\/media?parent=32994"}],"wp:term":[{"taxonomy":"category","embeddable":true,"href":"https:\/\/sulsc.com\/index.php\/wp-json\/wp\/v2\/categories?post=32994"},{"taxonomy":"post_tag","embeddable":true,"href":"https:\/\/sulsc.com\/index.php\/wp-json\/wp\/v2\/tags?post=32994"}],"curies":[{"name":"wp","href":"https:\/\/api.w.org\/{rel}","templated":true}]}}