{"id":33003,"date":"2026-03-13T09:13:17","date_gmt":"2026-03-13T12:13:17","guid":{"rendered":"https:\/\/sulsc.com\/?p=33003"},"modified":"2026-03-13T09:13:17","modified_gmt":"2026-03-13T12:13:17","slug":"guerra-no-oriente-medio-mais-de-4-mil-brasileiros-ja-retornaram-de-dubai-e-doha-segundo-itamaraty","status":"publish","type":"post","link":"https:\/\/sulsc.com\/index.php\/2026\/03\/13\/guerra-no-oriente-medio-mais-de-4-mil-brasileiros-ja-retornaram-de-dubai-e-doha-segundo-itamaraty\/","title":{"rendered":"Guerra no Oriente M\u00e9dio &#8211; Mais de 4 mil brasileiros j\u00e1 retornaram de Dubai e Doha, segundo Itamaraty"},"content":{"rendered":"<p>Nesta quinta-feira (12), o Minist\u00e9rio das Rela\u00e7\u00f5es Exteriores (MRE) do Brasil, divulgou o balan\u00e7o onde traz que, desde a eclos\u00e3o de uma nova guerra envolvendo Estados Unidos (EUA) e Israel contra o Ir\u00e3, que come\u00e7ou no dia 28 de fevereiro, mais de 4 mil brasileiros conseguiram retornar do Oriente M\u00e9dio, a partir de embarques nos aeroportos de Dubai, nos Emirados \u00c1rabes Unidos (EAU), e de Doha, no Catar.<\/p>\n<p>Segundo a pasta, que monitora a crise, apesar dos primeiros dias de ataques terem inclu\u00eddo aliados dos Estados Unidos no Golfo P\u00e9rsico, como os pr\u00f3prios Emirados \u00c1rabes Unidos e o Catar, os voos regulares de Dubai com destino aos aeroportos de Guarulhos (SP) e do Gale\u00e3o (RJ), operados pela Emirates, foram retomados no dia 4 de mar\u00e7o.\u00a0At\u00e9 agora, foram conclu\u00eddas 14 opera\u00e7\u00f5es, com cerca de 3,8 mil brasileiros sendo repatriados por esta via.<\/p>\n<div id=\"metaslider-id-25573\" style=\"width: 100%;\" class=\"ml-slider-3-99-0 metaslider metaslider-flex metaslider-25573 ml-slider has-onhover-arrows ms-theme-default-base has-dots-nav\" role=\"region\" aria-label=\"Meio\" data-width=\"1200\">\n    <div id=\"metaslider_container_25573\">\n        <div id=\"metaslider_25573\">\n            <ul class='slides'>\n                <li style=\"display: block; width: 100%;\" class=\"slide-25684 ms-image \" aria-roledescription=\"slide\" data-date=\"2025-07-24 07:55:40\"><img src=\"https:\/\/sulsc.com\/wp-content\/uploads\/2025\/07\/Marr-2-1000x166.jpg\" height=\"200\" width=\"1200\" alt=\"\" class=\"slider-25573 slide-25684 msDefaultImage\" title=\"Marr 2\" \/><\/li>\n                <li style=\"display: none; width: 100%;\" class=\"slide-32412 ms-image \" aria-roledescription=\"slide\" data-date=\"2026-02-18 13:59:46\"><img src=\"https:\/\/sulsc.com\/wp-content\/uploads\/2026\/02\/40dc1580-cad5-4867-bc58-c4243821ad38-1000x166.jpeg\" height=\"200\" width=\"1200\" alt=\"\" class=\"slider-25573 slide-32412 msDefaultImage\" title=\"40dc1580-cad5-4867-bc58-c4243821ad38\" \/><\/li>\n                <li style=\"display: none; width: 100%;\" class=\"slide-32766 ms-image \" aria-roledescription=\"slide\" data-date=\"2026-03-03 17:22:59\"><img src=\"https:\/\/sulsc.com\/wp-content\/uploads\/2026\/03\/271ce739-f268-41c5-8051-3de1a1750359-1000x166.jpeg\" height=\"200\" width=\"1200\" alt=\"\" class=\"slider-25573 slide-32766 msDefaultImage\" title=\"271ce739-f268-41c5-8051-3de1a1750359\" \/><\/li>\n            <\/ul>\n        <\/div>\n        \n    <\/div>\n<\/div>\n<p>Em Doha, as opera\u00e7\u00f5es foram retomadas no dia 7 de mar\u00e7o e, at\u00e9 esta quinta-feira, houve o retorno de 278 brasileiros. J\u00e1 o voo direto que liga Doha a S\u00e3o Paulo, operado pela Qatar Airways, foi retomado nesta quinta. O pr\u00f3ximo est\u00e1 previsto para o dia 15.<\/p>\n<p>Desde o dia 28 de fevereiro, o Itamaraty recomenda n\u00e3o viajar para estes 12 pa\u00edses:<\/p>\n<p>Ir\u00e3;<br \/>\nIsrael;<br \/>\nCatar;<br \/>\nKuwait;<br \/>\nEmirados \u00c1rabes Unidos;<br \/>\nBahrein;<br \/>\nJord\u00e2nia;<br \/>\nIraque;<br \/>\nL\u00edbano;<br \/>\nPalestina;<br \/>\nS\u00edria.<\/p>\n<p><strong>\u201cPara quem j\u00e1 se encontra na regi\u00e3o, a orienta\u00e7\u00e3o \u00e9 seguir rigorosamente as recomenda\u00e7\u00f5es de seguran\u00e7a das autoridades locais. Caso o voo tenha sido cancelado, deve-se procurar a companhia a\u00e9rea para remarca\u00e7\u00e3o dos bilhetes&#8221;, informou o Pal\u00e1cio do Itamaraty, em nota.<\/strong><\/p>\n<p><img fetchpriority=\"high\" decoding=\"async\" class=\"aligncenter size-full wp-image-33004\" src=\"http:\/\/sulsc.com\/wp-content\/uploads\/2026\/03\/6e6f3708-1201-4280-a2e7-bafe9fb4c1d7.jpeg\" alt=\"\" width=\"588\" height=\"276\" srcset=\"https:\/\/sulsc.com\/wp-content\/uploads\/2026\/03\/6e6f3708-1201-4280-a2e7-bafe9fb4c1d7.jpeg 588w, https:\/\/sulsc.com\/wp-content\/uploads\/2026\/03\/6e6f3708-1201-4280-a2e7-bafe9fb4c1d7-300x141.jpeg 300w\" sizes=\"(max-width: 588px) 100vw, 588px\" \/><\/p>\n<p>O governo brasileiro disponibiliza ainda plant\u00f5es consulares em todos os pa\u00edses afetados pela guerra. Devido a restri\u00e7\u00f5es locais, o Itamaraty recomenda o envio de mensagens de texto se as chamadas de WhatsApp n\u00e3o completarem. Canais oficiais seguem em atualiza\u00e7\u00e3o constante, garantiu a pasta.\u00a0O Itamaraty tamb\u00e9m informou que o governo negocia transporte terrestre seguro de Doha, Kuwait e Manama (Bahrein) at\u00e9 o Aeroporto de Riade, na Ar\u00e1bia Saudita, para posterior embarque em voos comerciais com destino ao Brasil.\u00a0Para o traslado terrestre, os nacionais brasileiros devem portar passaportes com, no m\u00ednimo, seis meses de validade, al\u00e9m de preencher os requisitos de entrada na Ar\u00e1bia Saudita.<\/p>\n<p><strong>&#8220;<\/strong>O aux\u00edlio prioriza n\u00e3o residentes e grupos preferenciais (Lei 10.048\/2000). Tamb\u00e9m h\u00e1 gest\u00f5es em curso para o transporte de animais dom\u00e9sticos retidos nos Emirados<strong>&#8220;, diz o informe.<\/strong><\/p>\n<p>A guerra desencadeada por EUA e Israel contra o Ir\u00e3, que est\u00e1 prestes a completar duas semanas, j\u00e1 matou cerca de 2 mil pessoas, a maioria iranianos e libaneses. A capacidade de resist\u00eancia do Ir\u00e3 frente \u00e0s for\u00e7as b\u00e9licas dos EUA e Israel, al\u00e9m da retalia\u00e7\u00e3o contra pa\u00edses do Golfo P\u00e9rsico, t\u00eam impactado o com\u00e9rcio mundial do petr\u00f3leo.\u00a0O governo do Ir\u00e3, que tem atacado navios cargueiros que tentam atravessar o Estreito de Ormuz, principal rota mundial do produto no Oriente M\u00e9dio, chegou a alertar que o pre\u00e7o do barril poder\u00e1 chegar a US$ 200 em algumas semanas.<\/p>\n","protected":false},"excerpt":{"rendered":"<p>Nesta quinta-feira (12), o Minist\u00e9rio das Rela\u00e7\u00f5es Exteriores (MRE) do Brasil, divulgou o balan\u00e7o onde traz que, desde a eclos\u00e3o de uma nova guerra envolvendo Estados Unidos (EUA) e Israel contra o Ir\u00e3, que come\u00e7ou no dia 28 de fevereiro, mais de 4 mil brasileiros conseguiram retornar do Oriente M\u00e9dio, a partir de embarques nos &hellip;<\/p>\n<p class=\"read-more\"> <a class=\"\" href=\"https:\/\/sulsc.com\/index.php\/2026\/03\/13\/guerra-no-oriente-medio-mais-de-4-mil-brasileiros-ja-retornaram-de-dubai-e-doha-segundo-itamaraty\/\"> <span class=\"screen-reader-text\">Guerra no Oriente M\u00e9dio &#8211; Mais de 4 mil brasileiros j\u00e1 retornaram de Dubai e Doha, segundo Itamaraty<\/span> Read More &raquo;<\/a><\/p>\n","protected":false},"author":3,"featured_media":33004,"comment_status":"open","ping_status":"open","sticky":false,"template":"","format":"standard","meta":{"site-sidebar-layout":"default","site-content-layout":"","ast-site-content-layout":"default","site-content-style":"default","site-sidebar-style":"default","ast-global-header-display":"","ast-banner-title-visibility":"","ast-main-header-display":"","ast-hfb-above-header-display":"","ast-hfb-below-header-display":"","ast-hfb-mobile-header-display":"","site-post-title":"","ast-breadcrumbs-content":"","ast-featured-img":"","footer-sml-layout":"","theme-transparent-header-meta":"default","adv-header-id-meta":"","stick-header-meta":"","header-above-stick-meta":"","header-main-stick-meta":"","header-below-stick-meta":"","astra-migrate-meta-layouts":"set","footnotes":""},"categories":[1,16,14,12],"tags":[617],"yoast_head":"<!-- This site is optimized with the Yoast SEO plugin v21.4 - https:\/\/yoast.com\/wordpress\/plugins\/seo\/ -->\n<title>Guerra no Oriente M\u00e9dio - Mais de 4 mil brasileiros j\u00e1 retornaram de Dubai e Doha, segundo Itamaraty -<\/title>\n<meta name=\"robots\" content=\"index, follow, max-snippet:-1, max-image-preview:large, max-video-preview:-1\" \/>\n<link rel=\"canonical\" href=\"https:\/\/sulsc.com\/index.php\/2026\/03\/13\/guerra-no-oriente-medio-mais-de-4-mil-brasileiros-ja-retornaram-de-dubai-e-doha-segundo-itamaraty\/\" \/>\n<meta property=\"og:locale\" content=\"en_US\" \/>\n<meta property=\"og:type\" content=\"article\" \/>\n<meta property=\"og:title\" content=\"Guerra no Oriente M\u00e9dio - Mais de 4 mil brasileiros j\u00e1 retornaram de Dubai e Doha, segundo Itamaraty -\" \/>\n<meta property=\"og:description\" content=\"Nesta quinta-feira (12), o Minist\u00e9rio das Rela\u00e7\u00f5es Exteriores (MRE) do Brasil, divulgou o balan\u00e7o onde traz que, desde a eclos\u00e3o de uma nova guerra envolvendo Estados Unidos (EUA) e Israel contra o Ir\u00e3, que come\u00e7ou no dia 28 de fevereiro, mais de 4 mil brasileiros conseguiram retornar do Oriente M\u00e9dio, a partir de embarques nos &hellip; Guerra no Oriente M\u00e9dio &#8211; Mais de 4 mil brasileiros j\u00e1 retornaram de Dubai e Doha, segundo Itamaraty Read More &raquo;\" \/>\n<meta property=\"og:url\" content=\"https:\/\/sulsc.com\/index.php\/2026\/03\/13\/guerra-no-oriente-medio-mais-de-4-mil-brasileiros-ja-retornaram-de-dubai-e-doha-segundo-itamaraty\/\" \/>\n<meta property=\"article:author\" content=\"https:\/\/www.facebook.com\/profile.php?id=61559278119680\" \/>\n<meta property=\"article:published_time\" content=\"2026-03-13T12:13:17+00:00\" \/>\n<meta property=\"og:image\" content=\"http:\/\/sulsc.com\/wp-content\/uploads\/2026\/03\/6e6f3708-1201-4280-a2e7-bafe9fb4c1d7.jpeg\" \/>\n\t<meta property=\"og:image:width\" content=\"588\" \/>\n\t<meta property=\"og:image:height\" content=\"276\" \/>\n\t<meta property=\"og:image:type\" content=\"image\/jpeg\" \/>\n<meta name=\"author\" content=\"Reda\u00e7\u00e3o Sul SC\" \/>\n<meta name=\"twitter:card\" content=\"summary_large_image\" \/>\n<meta name=\"twitter:creator\" content=\"@https:\/\/twitter.com\/PortalSulSC\" \/>\n<meta name=\"twitter:label1\" content=\"Written by\" \/>\n\t<meta name=\"twitter:data1\" content=\"Reda\u00e7\u00e3o Sul SC\" \/>\n\t<meta name=\"twitter:label2\" content=\"Est. reading time\" \/>\n\t<meta name=\"twitter:data2\" content=\"3 minutes\" \/>\n<script type=\"application\/ld+json\" class=\"yoast-schema-graph\">{\"@context\":\"https:\/\/schema.org\",\"@graph\":[{\"@type\":\"WebPage\",\"@id\":\"https:\/\/sulsc.com\/index.php\/2026\/03\/13\/guerra-no-oriente-medio-mais-de-4-mil-brasileiros-ja-retornaram-de-dubai-e-doha-segundo-itamaraty\/\",\"url\":\"https:\/\/sulsc.com\/index.php\/2026\/03\/13\/guerra-no-oriente-medio-mais-de-4-mil-brasileiros-ja-retornaram-de-dubai-e-doha-segundo-itamaraty\/\",\"name\":\"Guerra no Oriente M\u00e9dio - Mais de 4 mil brasileiros j\u00e1 retornaram de Dubai e Doha, segundo Itamaraty -\",\"isPartOf\":{\"@id\":\"https:\/\/sulsc.com\/#website\"},\"datePublished\":\"2026-03-13T12:13:17+00:00\",\"dateModified\":\"2026-03-13T12:13:17+00:00\",\"author\":{\"@id\":\"https:\/\/sulsc.com\/#\/schema\/person\/84d2fc571684f6248ba83092f07750a3\"},\"breadcrumb\":{\"@id\":\"https:\/\/sulsc.com\/index.php\/2026\/03\/13\/guerra-no-oriente-medio-mais-de-4-mil-brasileiros-ja-retornaram-de-dubai-e-doha-segundo-itamaraty\/#breadcrumb\"},\"inLanguage\":\"en-US\",\"potentialAction\":[{\"@type\":\"ReadAction\",\"target\":[\"https:\/\/sulsc.com\/index.php\/2026\/03\/13\/guerra-no-oriente-medio-mais-de-4-mil-brasileiros-ja-retornaram-de-dubai-e-doha-segundo-itamaraty\/\"]}]},{\"@type\":\"BreadcrumbList\",\"@id\":\"https:\/\/sulsc.com\/index.php\/2026\/03\/13\/guerra-no-oriente-medio-mais-de-4-mil-brasileiros-ja-retornaram-de-dubai-e-doha-segundo-itamaraty\/#breadcrumb\",\"itemListElement\":[{\"@type\":\"ListItem\",\"position\":1,\"name\":\"In\u00edcio\",\"item\":\"https:\/\/sulsc.com\/\"},{\"@type\":\"ListItem\",\"position\":2,\"name\":\"Guerra no Oriente M\u00e9dio &#8211; Mais de 4 mil brasileiros j\u00e1 retornaram de Dubai e Doha, segundo Itamaraty\"}]},{\"@type\":\"WebSite\",\"@id\":\"https:\/\/sulsc.com\/#website\",\"url\":\"https:\/\/sulsc.com\/\",\"name\":\"\",\"description\":\"\",\"potentialAction\":[{\"@type\":\"SearchAction\",\"target\":{\"@type\":\"EntryPoint\",\"urlTemplate\":\"https:\/\/sulsc.com\/?s={search_term_string}\"},\"query-input\":\"required name=search_term_string\"}],\"inLanguage\":\"en-US\"},{\"@type\":\"Person\",\"@id\":\"https:\/\/sulsc.com\/#\/schema\/person\/84d2fc571684f6248ba83092f07750a3\",\"name\":\"Reda\u00e7\u00e3o Sul SC\",\"image\":{\"@type\":\"ImageObject\",\"inLanguage\":\"en-US\",\"@id\":\"https:\/\/sulsc.com\/#\/schema\/person\/image\/e08d7fe2cc4ed596372063bbe852b8d0\",\"url\":\"https:\/\/sulsc.com\/wp-content\/uploads\/2023\/09\/redacao.png\",\"contentUrl\":\"https:\/\/sulsc.com\/wp-content\/uploads\/2023\/09\/redacao.png\",\"caption\":\"Reda\u00e7\u00e3o Sul SC\"},\"description\":\"Foco em um jornalismo imparcial, voltado \u00e0 qualidade dos seus conte\u00fados e, assim, levar informa\u00e7\u00e3o de valor que agregue \u00e0 vida dos leitores. Esta \u00e9 grande miss\u00e3o do Portal de Not\u00edcias Sul SC. N\u00e3o \u00e9 quantidade que muda o mundo, sempre foi e seguir\u00e1 sendo qualidade!\",\"sameAs\":[\"https:\/\/sulsc.com\/\",\"https:\/\/www.facebook.com\/profile.php?id=61559278119680\",\"https:\/\/www.instagram.com\/sulscportal\/?hl=pt-br\",\"https:\/\/twitter.com\/https:\/\/twitter.com\/PortalSulSC\",\"https:\/\/www.youtube.com\/channel\/UCv_BE8GeySluDov2n8qhVmw\"],\"url\":\"https:\/\/sulsc.com\/index.php\/author\/redacao\/\"}]}<\/script>\n<!-- \/ Yoast SEO plugin. -->","yoast_head_json":{"title":"Guerra no Oriente M\u00e9dio - Mais de 4 mil brasileiros j\u00e1 retornaram de Dubai e Doha, segundo Itamaraty -","robots":{"index":"index","follow":"follow","max-snippet":"max-snippet:-1","max-image-preview":"max-image-preview:large","max-video-preview":"max-video-preview:-1"},"canonical":"https:\/\/sulsc.com\/index.php\/2026\/03\/13\/guerra-no-oriente-medio-mais-de-4-mil-brasileiros-ja-retornaram-de-dubai-e-doha-segundo-itamaraty\/","og_locale":"en_US","og_type":"article","og_title":"Guerra no Oriente M\u00e9dio - Mais de 4 mil brasileiros j\u00e1 retornaram de Dubai e Doha, segundo Itamaraty -","og_description":"Nesta quinta-feira (12), o Minist\u00e9rio das Rela\u00e7\u00f5es Exteriores (MRE) do Brasil, divulgou o balan\u00e7o onde traz que, desde a eclos\u00e3o de uma nova guerra envolvendo Estados Unidos (EUA) e Israel contra o Ir\u00e3, que come\u00e7ou no dia 28 de fevereiro, mais de 4 mil brasileiros conseguiram retornar do Oriente M\u00e9dio, a partir de embarques nos &hellip; Guerra no Oriente M\u00e9dio &#8211; Mais de 4 mil brasileiros j\u00e1 retornaram de Dubai e Doha, segundo Itamaraty Read More &raquo;","og_url":"https:\/\/sulsc.com\/index.php\/2026\/03\/13\/guerra-no-oriente-medio-mais-de-4-mil-brasileiros-ja-retornaram-de-dubai-e-doha-segundo-itamaraty\/","article_author":"https:\/\/www.facebook.com\/profile.php?id=61559278119680","article_published_time":"2026-03-13T12:13:17+00:00","og_image":[{"width":588,"height":276,"url":"http:\/\/sulsc.com\/wp-content\/uploads\/2026\/03\/6e6f3708-1201-4280-a2e7-bafe9fb4c1d7.jpeg","type":"image\/jpeg"}],"author":"Reda\u00e7\u00e3o Sul SC","twitter_card":"summary_large_image","twitter_creator":"@https:\/\/twitter.com\/PortalSulSC","twitter_misc":{"Written by":"Reda\u00e7\u00e3o Sul SC","Est. reading time":"3 minutes"},"schema":{"@context":"https:\/\/schema.org","@graph":[{"@type":"WebPage","@id":"https:\/\/sulsc.com\/index.php\/2026\/03\/13\/guerra-no-oriente-medio-mais-de-4-mil-brasileiros-ja-retornaram-de-dubai-e-doha-segundo-itamaraty\/","url":"https:\/\/sulsc.com\/index.php\/2026\/03\/13\/guerra-no-oriente-medio-mais-de-4-mil-brasileiros-ja-retornaram-de-dubai-e-doha-segundo-itamaraty\/","name":"Guerra no Oriente M\u00e9dio - Mais de 4 mil brasileiros j\u00e1 retornaram de Dubai e Doha, segundo Itamaraty -","isPartOf":{"@id":"https:\/\/sulsc.com\/#website"},"datePublished":"2026-03-13T12:13:17+00:00","dateModified":"2026-03-13T12:13:17+00:00","author":{"@id":"https:\/\/sulsc.com\/#\/schema\/person\/84d2fc571684f6248ba83092f07750a3"},"breadcrumb":{"@id":"https:\/\/sulsc.com\/index.php\/2026\/03\/13\/guerra-no-oriente-medio-mais-de-4-mil-brasileiros-ja-retornaram-de-dubai-e-doha-segundo-itamaraty\/#breadcrumb"},"inLanguage":"en-US","potentialAction":[{"@type":"ReadAction","target":["https:\/\/sulsc.com\/index.php\/2026\/03\/13\/guerra-no-oriente-medio-mais-de-4-mil-brasileiros-ja-retornaram-de-dubai-e-doha-segundo-itamaraty\/"]}]},{"@type":"BreadcrumbList","@id":"https:\/\/sulsc.com\/index.php\/2026\/03\/13\/guerra-no-oriente-medio-mais-de-4-mil-brasileiros-ja-retornaram-de-dubai-e-doha-segundo-itamaraty\/#breadcrumb","itemListElement":[{"@type":"ListItem","position":1,"name":"In\u00edcio","item":"https:\/\/sulsc.com\/"},{"@type":"ListItem","position":2,"name":"Guerra no Oriente M\u00e9dio &#8211; Mais de 4 mil brasileiros j\u00e1 retornaram de Dubai e Doha, segundo Itamaraty"}]},{"@type":"WebSite","@id":"https:\/\/sulsc.com\/#website","url":"https:\/\/sulsc.com\/","name":"","description":"","potentialAction":[{"@type":"SearchAction","target":{"@type":"EntryPoint","urlTemplate":"https:\/\/sulsc.com\/?s={search_term_string}"},"query-input":"required name=search_term_string"}],"inLanguage":"en-US"},{"@type":"Person","@id":"https:\/\/sulsc.com\/#\/schema\/person\/84d2fc571684f6248ba83092f07750a3","name":"Reda\u00e7\u00e3o Sul SC","image":{"@type":"ImageObject","inLanguage":"en-US","@id":"https:\/\/sulsc.com\/#\/schema\/person\/image\/e08d7fe2cc4ed596372063bbe852b8d0","url":"https:\/\/sulsc.com\/wp-content\/uploads\/2023\/09\/redacao.png","contentUrl":"https:\/\/sulsc.com\/wp-content\/uploads\/2023\/09\/redacao.png","caption":"Reda\u00e7\u00e3o Sul SC"},"description":"Foco em um jornalismo imparcial, voltado \u00e0 qualidade dos seus conte\u00fados e, assim, levar informa\u00e7\u00e3o de valor que agregue \u00e0 vida dos leitores. Esta \u00e9 grande miss\u00e3o do Portal de Not\u00edcias Sul SC. N\u00e3o \u00e9 quantidade que muda o mundo, sempre foi e seguir\u00e1 sendo qualidade!","sameAs":["https:\/\/sulsc.com\/","https:\/\/www.facebook.com\/profile.php?id=61559278119680","https:\/\/www.instagram.com\/sulscportal\/?hl=pt-br","https:\/\/twitter.com\/https:\/\/twitter.com\/PortalSulSC","https:\/\/www.youtube.com\/channel\/UCv_BE8GeySluDov2n8qhVmw"],"url":"https:\/\/sulsc.com\/index.php\/author\/redacao\/"}]}},"authors":[],"_links":{"self":[{"href":"https:\/\/sulsc.com\/index.php\/wp-json\/wp\/v2\/posts\/33003"}],"collection":[{"href":"https:\/\/sulsc.com\/index.php\/wp-json\/wp\/v2\/posts"}],"about":[{"href":"https:\/\/sulsc.com\/index.php\/wp-json\/wp\/v2\/types\/post"}],"author":[{"embeddable":true,"href":"https:\/\/sulsc.com\/index.php\/wp-json\/wp\/v2\/users\/3"}],"replies":[{"embeddable":true,"href":"https:\/\/sulsc.com\/index.php\/wp-json\/wp\/v2\/comments?post=33003"}],"version-history":[{"count":1,"href":"https:\/\/sulsc.com\/index.php\/wp-json\/wp\/v2\/posts\/33003\/revisions"}],"predecessor-version":[{"id":33005,"href":"https:\/\/sulsc.com\/index.php\/wp-json\/wp\/v2\/posts\/33003\/revisions\/33005"}],"wp:featuredmedia":[{"embeddable":true,"href":"https:\/\/sulsc.com\/index.php\/wp-json\/wp\/v2\/media\/33004"}],"wp:attachment":[{"href":"https:\/\/sulsc.com\/index.php\/wp-json\/wp\/v2\/media?parent=33003"}],"wp:term":[{"taxonomy":"category","embeddable":true,"href":"https:\/\/sulsc.com\/index.php\/wp-json\/wp\/v2\/categories?post=33003"},{"taxonomy":"post_tag","embeddable":true,"href":"https:\/\/sulsc.com\/index.php\/wp-json\/wp\/v2\/tags?post=33003"}],"curies":[{"name":"wp","href":"https:\/\/api.w.org\/{rel}","templated":true}]}}