{"id":33013,"date":"2026-03-15T08:50:27","date_gmt":"2026-03-15T11:50:27","guid":{"rendered":"https:\/\/sulsc.com\/?p=33013"},"modified":"2026-03-15T08:50:27","modified_gmt":"2026-03-15T11:50:27","slug":"ultimo-domingo-de-verao-no-estado-sera-marcado-de-sol-e-calor-intenso","status":"publish","type":"post","link":"https:\/\/sulsc.com\/index.php\/2026\/03\/15\/ultimo-domingo-de-verao-no-estado-sera-marcado-de-sol-e-calor-intenso\/","title":{"rendered":"\u00daltimo domingo de ver\u00e3o no estado ser\u00e1 marcado de sol e calor intenso"},"content":{"rendered":"<p>O \u00faltimo fim de semana do ver\u00e3o, j\u00e1 que a temporada se despede oficialmente na pr\u00f3xima sexta-feira (20), no Hemisf\u00e9rio Sul.\u00a0 Neste domingo (15), em Santa Catarina deve manter as caracter\u00edsticas t\u00edpicas da esta\u00e7\u00e3o, com sol, calor e temporais isolados em algumas regi\u00f5es do estado. Ao longo da tarde e in\u00edcio da noite, a circula\u00e7\u00e3o mar\u00edtima somada ao aquecimento volta a favorecer o aumento de nebulosidade e a ocorr\u00eancia de pancadas de chuva e temporais bastante isolados no leste do estado. Durante a noite, a condi\u00e7\u00e3o para temporais cessa, mas permanece para chuva persistente no Litoral. O ver\u00e3o se despede oficialmente na pr\u00f3xima sexta-feira (20), no Hemisf\u00e9rio Sul.<\/p>\n<div id=\"metaslider-id-25573\" style=\"width: 100%;\" class=\"ml-slider-3-99-0 metaslider metaslider-flex metaslider-25573 ml-slider has-onhover-arrows ms-theme-default-base has-dots-nav\" role=\"region\" aria-label=\"Meio\" data-width=\"1200\">\n    <div id=\"metaslider_container_25573\">\n        <div id=\"metaslider_25573\">\n            <ul class='slides'>\n                <li style=\"display: block; width: 100%;\" class=\"slide-25684 ms-image \" aria-roledescription=\"slide\" data-date=\"2025-07-24 07:55:40\"><img src=\"https:\/\/sulsc.com\/wp-content\/uploads\/2025\/07\/Marr-2-1000x166.jpg\" height=\"200\" width=\"1200\" alt=\"\" class=\"slider-25573 slide-25684 msDefaultImage\" title=\"Marr 2\" \/><\/li>\n                <li style=\"display: none; width: 100%;\" class=\"slide-32412 ms-image \" aria-roledescription=\"slide\" data-date=\"2026-02-18 13:59:46\"><img src=\"https:\/\/sulsc.com\/wp-content\/uploads\/2026\/02\/40dc1580-cad5-4867-bc58-c4243821ad38-1000x166.jpeg\" height=\"200\" width=\"1200\" alt=\"\" class=\"slider-25573 slide-32412 msDefaultImage\" title=\"40dc1580-cad5-4867-bc58-c4243821ad38\" \/><\/li>\n                <li style=\"display: none; width: 100%;\" class=\"slide-32766 ms-image \" aria-roledescription=\"slide\" data-date=\"2026-03-03 17:22:59\"><img src=\"https:\/\/sulsc.com\/wp-content\/uploads\/2026\/03\/271ce739-f268-41c5-8051-3de1a1750359-1000x166.jpeg\" height=\"200\" width=\"1200\" alt=\"\" class=\"slider-25573 slide-32766 msDefaultImage\" title=\"271ce739-f268-41c5-8051-3de1a1750359\" \/><\/li>\n            <\/ul>\n        <\/div>\n        \n    <\/div>\n<\/div>\n<p><strong>Temperaturas<\/strong><\/p>\n<p>No amanhecer, as m\u00ednimas variam entre 12\u00b0C a 17\u00b0C nos Planaltos e Meio-Oeste e de 16\u00b0C a 23\u00b0C nas demais \u00e1reas. \u00c0 tarde, as temperaturas sobem gradativamente, com marcas entre 28\u00b0C e 34\u00b0C no Oeste e entre 27\u00b0C a 33\u00b0C em \u00e1reas da Grd. Florian\u00f3polis, Litoral Sul, Vale do Itaja\u00ed e Litoral Norte.<\/p>\n<p><img fetchpriority=\"high\" decoding=\"async\" class=\"aligncenter size-full wp-image-33014\" src=\"http:\/\/sulsc.com\/wp-content\/uploads\/2026\/03\/image-237-1536x1049-1.png\" alt=\"\" width=\"1536\" height=\"1049\" srcset=\"https:\/\/sulsc.com\/wp-content\/uploads\/2026\/03\/image-237-1536x1049-1.png 1536w, https:\/\/sulsc.com\/wp-content\/uploads\/2026\/03\/image-237-1536x1049-1-300x205.png 300w, https:\/\/sulsc.com\/wp-content\/uploads\/2026\/03\/image-237-1536x1049-1-1024x699.png 1024w, https:\/\/sulsc.com\/wp-content\/uploads\/2026\/03\/image-237-1536x1049-1-768x525.png 768w\" sizes=\"(max-width: 1536px) 100vw, 1536px\" \/><\/p>\n<p><img decoding=\"async\" class=\"aligncenter size-full wp-image-32999\" src=\"http:\/\/sulsc.com\/wp-content\/uploads\/2026\/03\/Captura-de-tela-2026-03-07-023821-1024x219-3.png\" alt=\"\" width=\"1024\" height=\"219\" srcset=\"https:\/\/sulsc.com\/wp-content\/uploads\/2026\/03\/Captura-de-tela-2026-03-07-023821-1024x219-3.png 1024w, https:\/\/sulsc.com\/wp-content\/uploads\/2026\/03\/Captura-de-tela-2026-03-07-023821-1024x219-3-300x64.png 300w, https:\/\/sulsc.com\/wp-content\/uploads\/2026\/03\/Captura-de-tela-2026-03-07-023821-1024x219-3-768x164.png 768w\" sizes=\"(max-width: 1024px) 100vw, 1024px\" \/><\/p>\n<p><strong>Vento:<\/strong> nordeste, fraco a moderado.<\/p>\n<p><strong>Sistema predominnate:<\/strong> massa de ar seco e quente passa a predominar em SC.<\/p>\n<p><strong>Amanh\u00e3 segunda-feira (16 ),<\/strong> de\u00a0sol e algumas nuvens, e calor em SC. Na tarde e noite condi\u00e7\u00f5es de pancadas de ver\u00e3o, as temperaturas continuam mais elevadas, com m\u00e1ximas de 30\u00baC a 36\u00b0C.<\/p>\n<p>Fontes: Defesa Civil-SC\/Epagri-Ciram<\/p>\n","protected":false},"excerpt":{"rendered":"<p>O \u00faltimo fim de semana do ver\u00e3o, j\u00e1 que a temporada se despede oficialmente na pr\u00f3xima sexta-feira (20), no Hemisf\u00e9rio Sul.\u00a0 Neste domingo (15), em Santa Catarina deve manter as caracter\u00edsticas t\u00edpicas da esta\u00e7\u00e3o, com sol, calor e temporais isolados em algumas regi\u00f5es do estado. Ao longo da tarde e in\u00edcio da noite, a circula\u00e7\u00e3o &hellip;<\/p>\n<p class=\"read-more\"> <a class=\"\" href=\"https:\/\/sulsc.com\/index.php\/2026\/03\/15\/ultimo-domingo-de-verao-no-estado-sera-marcado-de-sol-e-calor-intenso\/\"> <span class=\"screen-reader-text\">\u00daltimo domingo de ver\u00e3o no estado ser\u00e1 marcado de sol e calor intenso<\/span> Read More &raquo;<\/a><\/p>\n","protected":false},"author":3,"featured_media":18705,"comment_status":"open","ping_status":"open","sticky":false,"template":"","format":"standard","meta":{"site-sidebar-layout":"default","site-content-layout":"","ast-site-content-layout":"default","site-content-style":"default","site-sidebar-style":"default","ast-global-header-display":"","ast-banner-title-visibility":"","ast-main-header-display":"","ast-hfb-above-header-display":"","ast-hfb-below-header-display":"","ast-hfb-mobile-header-display":"","site-post-title":"","ast-breadcrumbs-content":"","ast-featured-img":"","footer-sml-layout":"","theme-transparent-header-meta":"default","adv-header-id-meta":"","stick-header-meta":"","header-above-stick-meta":"","header-main-stick-meta":"","header-below-stick-meta":"","astra-migrate-meta-layouts":"set","footnotes":""},"categories":[1,14,38,12],"tags":[90,1013],"yoast_head":"<!-- This site is optimized with the Yoast SEO plugin v21.4 - https:\/\/yoast.com\/wordpress\/plugins\/seo\/ -->\n<title>\u00daltimo domingo de ver\u00e3o no estado ser\u00e1 marcado de sol e calor intenso -<\/title>\n<meta name=\"robots\" content=\"index, follow, max-snippet:-1, max-image-preview:large, max-video-preview:-1\" \/>\n<link rel=\"canonical\" href=\"https:\/\/sulsc.com\/index.php\/2026\/03\/15\/ultimo-domingo-de-verao-no-estado-sera-marcado-de-sol-e-calor-intenso\/\" \/>\n<meta property=\"og:locale\" content=\"en_US\" \/>\n<meta property=\"og:type\" content=\"article\" \/>\n<meta property=\"og:title\" content=\"\u00daltimo domingo de ver\u00e3o no estado ser\u00e1 marcado de sol e calor intenso -\" \/>\n<meta property=\"og:description\" content=\"O \u00faltimo fim de semana do ver\u00e3o, j\u00e1 que a temporada se despede oficialmente na pr\u00f3xima sexta-feira (20), no Hemisf\u00e9rio Sul.\u00a0 Neste domingo (15), em Santa Catarina deve manter as caracter\u00edsticas t\u00edpicas da esta\u00e7\u00e3o, com sol, calor e temporais isolados em algumas regi\u00f5es do estado. Ao longo da tarde e in\u00edcio da noite, a circula\u00e7\u00e3o &hellip; \u00daltimo domingo de ver\u00e3o no estado ser\u00e1 marcado de sol e calor intenso Read More &raquo;\" \/>\n<meta property=\"og:url\" content=\"https:\/\/sulsc.com\/index.php\/2026\/03\/15\/ultimo-domingo-de-verao-no-estado-sera-marcado-de-sol-e-calor-intenso\/\" \/>\n<meta property=\"article:author\" content=\"https:\/\/www.facebook.com\/profile.php?id=61559278119680\" \/>\n<meta property=\"article:published_time\" content=\"2026-03-15T11:50:27+00:00\" \/>\n<meta property=\"og:image\" content=\"http:\/\/sulsc.com\/wp-content\/uploads\/2024\/12\/verao.jpg\" \/>\n\t<meta property=\"og:image:width\" content=\"678\" \/>\n\t<meta property=\"og:image:height\" content=\"452\" \/>\n\t<meta property=\"og:image:type\" content=\"image\/jpeg\" \/>\n<meta name=\"author\" content=\"Reda\u00e7\u00e3o Sul SC\" \/>\n<meta name=\"twitter:card\" content=\"summary_large_image\" \/>\n<meta name=\"twitter:creator\" content=\"@https:\/\/twitter.com\/PortalSulSC\" \/>\n<meta name=\"twitter:label1\" content=\"Written by\" \/>\n\t<meta name=\"twitter:data1\" content=\"Reda\u00e7\u00e3o Sul SC\" \/>\n\t<meta name=\"twitter:label2\" content=\"Est. reading time\" \/>\n\t<meta name=\"twitter:data2\" content=\"2 minutes\" \/>\n<script type=\"application\/ld+json\" class=\"yoast-schema-graph\">{\"@context\":\"https:\/\/schema.org\",\"@graph\":[{\"@type\":\"WebPage\",\"@id\":\"https:\/\/sulsc.com\/index.php\/2026\/03\/15\/ultimo-domingo-de-verao-no-estado-sera-marcado-de-sol-e-calor-intenso\/\",\"url\":\"https:\/\/sulsc.com\/index.php\/2026\/03\/15\/ultimo-domingo-de-verao-no-estado-sera-marcado-de-sol-e-calor-intenso\/\",\"name\":\"\u00daltimo domingo de ver\u00e3o no estado ser\u00e1 marcado de sol e calor intenso -\",\"isPartOf\":{\"@id\":\"https:\/\/sulsc.com\/#website\"},\"datePublished\":\"2026-03-15T11:50:27+00:00\",\"dateModified\":\"2026-03-15T11:50:27+00:00\",\"author\":{\"@id\":\"https:\/\/sulsc.com\/#\/schema\/person\/84d2fc571684f6248ba83092f07750a3\"},\"breadcrumb\":{\"@id\":\"https:\/\/sulsc.com\/index.php\/2026\/03\/15\/ultimo-domingo-de-verao-no-estado-sera-marcado-de-sol-e-calor-intenso\/#breadcrumb\"},\"inLanguage\":\"en-US\",\"potentialAction\":[{\"@type\":\"ReadAction\",\"target\":[\"https:\/\/sulsc.com\/index.php\/2026\/03\/15\/ultimo-domingo-de-verao-no-estado-sera-marcado-de-sol-e-calor-intenso\/\"]}]},{\"@type\":\"BreadcrumbList\",\"@id\":\"https:\/\/sulsc.com\/index.php\/2026\/03\/15\/ultimo-domingo-de-verao-no-estado-sera-marcado-de-sol-e-calor-intenso\/#breadcrumb\",\"itemListElement\":[{\"@type\":\"ListItem\",\"position\":1,\"name\":\"In\u00edcio\",\"item\":\"https:\/\/sulsc.com\/\"},{\"@type\":\"ListItem\",\"position\":2,\"name\":\"\u00daltimo domingo de ver\u00e3o no estado ser\u00e1 marcado de sol e calor intenso\"}]},{\"@type\":\"WebSite\",\"@id\":\"https:\/\/sulsc.com\/#website\",\"url\":\"https:\/\/sulsc.com\/\",\"name\":\"\",\"description\":\"\",\"potentialAction\":[{\"@type\":\"SearchAction\",\"target\":{\"@type\":\"EntryPoint\",\"urlTemplate\":\"https:\/\/sulsc.com\/?s={search_term_string}\"},\"query-input\":\"required name=search_term_string\"}],\"inLanguage\":\"en-US\"},{\"@type\":\"Person\",\"@id\":\"https:\/\/sulsc.com\/#\/schema\/person\/84d2fc571684f6248ba83092f07750a3\",\"name\":\"Reda\u00e7\u00e3o Sul SC\",\"image\":{\"@type\":\"ImageObject\",\"inLanguage\":\"en-US\",\"@id\":\"https:\/\/sulsc.com\/#\/schema\/person\/image\/e08d7fe2cc4ed596372063bbe852b8d0\",\"url\":\"https:\/\/sulsc.com\/wp-content\/uploads\/2023\/09\/redacao.png\",\"contentUrl\":\"https:\/\/sulsc.com\/wp-content\/uploads\/2023\/09\/redacao.png\",\"caption\":\"Reda\u00e7\u00e3o Sul SC\"},\"description\":\"Foco em um jornalismo imparcial, voltado \u00e0 qualidade dos seus conte\u00fados e, assim, levar informa\u00e7\u00e3o de valor que agregue \u00e0 vida dos leitores. Esta \u00e9 grande miss\u00e3o do Portal de Not\u00edcias Sul SC. N\u00e3o \u00e9 quantidade que muda o mundo, sempre foi e seguir\u00e1 sendo qualidade!\",\"sameAs\":[\"https:\/\/sulsc.com\/\",\"https:\/\/www.facebook.com\/profile.php?id=61559278119680\",\"https:\/\/www.instagram.com\/sulscportal\/?hl=pt-br\",\"https:\/\/twitter.com\/https:\/\/twitter.com\/PortalSulSC\",\"https:\/\/www.youtube.com\/channel\/UCv_BE8GeySluDov2n8qhVmw\"],\"url\":\"https:\/\/sulsc.com\/index.php\/author\/redacao\/\"}]}<\/script>\n<!-- \/ Yoast SEO plugin. -->","yoast_head_json":{"title":"\u00daltimo domingo de ver\u00e3o no estado ser\u00e1 marcado de sol e calor intenso -","robots":{"index":"index","follow":"follow","max-snippet":"max-snippet:-1","max-image-preview":"max-image-preview:large","max-video-preview":"max-video-preview:-1"},"canonical":"https:\/\/sulsc.com\/index.php\/2026\/03\/15\/ultimo-domingo-de-verao-no-estado-sera-marcado-de-sol-e-calor-intenso\/","og_locale":"en_US","og_type":"article","og_title":"\u00daltimo domingo de ver\u00e3o no estado ser\u00e1 marcado de sol e calor intenso -","og_description":"O \u00faltimo fim de semana do ver\u00e3o, j\u00e1 que a temporada se despede oficialmente na pr\u00f3xima sexta-feira (20), no Hemisf\u00e9rio Sul.\u00a0 Neste domingo (15), em Santa Catarina deve manter as caracter\u00edsticas t\u00edpicas da esta\u00e7\u00e3o, com sol, calor e temporais isolados em algumas regi\u00f5es do estado. Ao longo da tarde e in\u00edcio da noite, a circula\u00e7\u00e3o &hellip; \u00daltimo domingo de ver\u00e3o no estado ser\u00e1 marcado de sol e calor intenso Read More &raquo;","og_url":"https:\/\/sulsc.com\/index.php\/2026\/03\/15\/ultimo-domingo-de-verao-no-estado-sera-marcado-de-sol-e-calor-intenso\/","article_author":"https:\/\/www.facebook.com\/profile.php?id=61559278119680","article_published_time":"2026-03-15T11:50:27+00:00","og_image":[{"width":678,"height":452,"url":"http:\/\/sulsc.com\/wp-content\/uploads\/2024\/12\/verao.jpg","type":"image\/jpeg"}],"author":"Reda\u00e7\u00e3o Sul SC","twitter_card":"summary_large_image","twitter_creator":"@https:\/\/twitter.com\/PortalSulSC","twitter_misc":{"Written by":"Reda\u00e7\u00e3o Sul SC","Est. reading time":"2 minutes"},"schema":{"@context":"https:\/\/schema.org","@graph":[{"@type":"WebPage","@id":"https:\/\/sulsc.com\/index.php\/2026\/03\/15\/ultimo-domingo-de-verao-no-estado-sera-marcado-de-sol-e-calor-intenso\/","url":"https:\/\/sulsc.com\/index.php\/2026\/03\/15\/ultimo-domingo-de-verao-no-estado-sera-marcado-de-sol-e-calor-intenso\/","name":"\u00daltimo domingo de ver\u00e3o no estado ser\u00e1 marcado de sol e calor intenso -","isPartOf":{"@id":"https:\/\/sulsc.com\/#website"},"datePublished":"2026-03-15T11:50:27+00:00","dateModified":"2026-03-15T11:50:27+00:00","author":{"@id":"https:\/\/sulsc.com\/#\/schema\/person\/84d2fc571684f6248ba83092f07750a3"},"breadcrumb":{"@id":"https:\/\/sulsc.com\/index.php\/2026\/03\/15\/ultimo-domingo-de-verao-no-estado-sera-marcado-de-sol-e-calor-intenso\/#breadcrumb"},"inLanguage":"en-US","potentialAction":[{"@type":"ReadAction","target":["https:\/\/sulsc.com\/index.php\/2026\/03\/15\/ultimo-domingo-de-verao-no-estado-sera-marcado-de-sol-e-calor-intenso\/"]}]},{"@type":"BreadcrumbList","@id":"https:\/\/sulsc.com\/index.php\/2026\/03\/15\/ultimo-domingo-de-verao-no-estado-sera-marcado-de-sol-e-calor-intenso\/#breadcrumb","itemListElement":[{"@type":"ListItem","position":1,"name":"In\u00edcio","item":"https:\/\/sulsc.com\/"},{"@type":"ListItem","position":2,"name":"\u00daltimo domingo de ver\u00e3o no estado ser\u00e1 marcado de sol e calor intenso"}]},{"@type":"WebSite","@id":"https:\/\/sulsc.com\/#website","url":"https:\/\/sulsc.com\/","name":"","description":"","potentialAction":[{"@type":"SearchAction","target":{"@type":"EntryPoint","urlTemplate":"https:\/\/sulsc.com\/?s={search_term_string}"},"query-input":"required name=search_term_string"}],"inLanguage":"en-US"},{"@type":"Person","@id":"https:\/\/sulsc.com\/#\/schema\/person\/84d2fc571684f6248ba83092f07750a3","name":"Reda\u00e7\u00e3o Sul SC","image":{"@type":"ImageObject","inLanguage":"en-US","@id":"https:\/\/sulsc.com\/#\/schema\/person\/image\/e08d7fe2cc4ed596372063bbe852b8d0","url":"https:\/\/sulsc.com\/wp-content\/uploads\/2023\/09\/redacao.png","contentUrl":"https:\/\/sulsc.com\/wp-content\/uploads\/2023\/09\/redacao.png","caption":"Reda\u00e7\u00e3o Sul SC"},"description":"Foco em um jornalismo imparcial, voltado \u00e0 qualidade dos seus conte\u00fados e, assim, levar informa\u00e7\u00e3o de valor que agregue \u00e0 vida dos leitores. Esta \u00e9 grande miss\u00e3o do Portal de Not\u00edcias Sul SC. N\u00e3o \u00e9 quantidade que muda o mundo, sempre foi e seguir\u00e1 sendo qualidade!","sameAs":["https:\/\/sulsc.com\/","https:\/\/www.facebook.com\/profile.php?id=61559278119680","https:\/\/www.instagram.com\/sulscportal\/?hl=pt-br","https:\/\/twitter.com\/https:\/\/twitter.com\/PortalSulSC","https:\/\/www.youtube.com\/channel\/UCv_BE8GeySluDov2n8qhVmw"],"url":"https:\/\/sulsc.com\/index.php\/author\/redacao\/"}]}},"authors":[],"_links":{"self":[{"href":"https:\/\/sulsc.com\/index.php\/wp-json\/wp\/v2\/posts\/33013"}],"collection":[{"href":"https:\/\/sulsc.com\/index.php\/wp-json\/wp\/v2\/posts"}],"about":[{"href":"https:\/\/sulsc.com\/index.php\/wp-json\/wp\/v2\/types\/post"}],"author":[{"embeddable":true,"href":"https:\/\/sulsc.com\/index.php\/wp-json\/wp\/v2\/users\/3"}],"replies":[{"embeddable":true,"href":"https:\/\/sulsc.com\/index.php\/wp-json\/wp\/v2\/comments?post=33013"}],"version-history":[{"count":1,"href":"https:\/\/sulsc.com\/index.php\/wp-json\/wp\/v2\/posts\/33013\/revisions"}],"predecessor-version":[{"id":33015,"href":"https:\/\/sulsc.com\/index.php\/wp-json\/wp\/v2\/posts\/33013\/revisions\/33015"}],"wp:featuredmedia":[{"embeddable":true,"href":"https:\/\/sulsc.com\/index.php\/wp-json\/wp\/v2\/media\/18705"}],"wp:attachment":[{"href":"https:\/\/sulsc.com\/index.php\/wp-json\/wp\/v2\/media?parent=33013"}],"wp:term":[{"taxonomy":"category","embeddable":true,"href":"https:\/\/sulsc.com\/index.php\/wp-json\/wp\/v2\/categories?post=33013"},{"taxonomy":"post_tag","embeddable":true,"href":"https:\/\/sulsc.com\/index.php\/wp-json\/wp\/v2\/tags?post=33013"}],"curies":[{"name":"wp","href":"https:\/\/api.w.org\/{rel}","templated":true}]}}