{"id":33016,"date":"2026-03-15T09:09:48","date_gmt":"2026-03-15T12:09:48","guid":{"rendered":"https:\/\/sulsc.com\/?p=33016"},"modified":"2026-03-15T09:09:48","modified_gmt":"2026-03-15T12:09:48","slug":"capotamento-em-plena-avenida-senado-galotti-na-noite-deste-sabado-em-laguna","status":"publish","type":"post","link":"https:\/\/sulsc.com\/index.php\/2026\/03\/15\/capotamento-em-plena-avenida-senado-galotti-na-noite-deste-sabado-em-laguna\/","title":{"rendered":"Capotamento em plena Avenida Senado Galotti na noite deste s\u00e1bado em Laguna"},"content":{"rendered":"<p>Por volta das 21h39, na noite deste s\u00e1bado (14), ocorreu um capotamento em plena Avenida Senado Galotti, no bairro Mar Grosso, em Laguna. A equipe dos bombeiros ao chegar no local encontraram um ve\u00edculo Renault Sandero, de cor prata, lateralizado na via ap\u00f3s colidir na traseira de um carro estacionado, um HRV branco.<\/p>\n<p><span dir=\"auto\" style=\"vertical-align: inherit;\"><span dir=\"auto\" style=\"vertical-align: inherit;\"><div id=\"metaslider-id-25573\" style=\"width: 100%;\" class=\"ml-slider-3-99-0 metaslider metaslider-flex metaslider-25573 ml-slider has-onhover-arrows ms-theme-default-base has-dots-nav\" role=\"region\" aria-label=\"Meio\" data-width=\"1200\">\n    <div id=\"metaslider_container_25573\">\n        <div id=\"metaslider_25573\">\n            <ul class='slides'>\n                <li style=\"display: block; width: 100%;\" class=\"slide-25684 ms-image \" aria-roledescription=\"slide\" data-date=\"2025-07-24 07:55:40\"><img src=\"https:\/\/sulsc.com\/wp-content\/uploads\/2025\/07\/Marr-2-1000x166.jpg\" height=\"200\" width=\"1200\" alt=\"\" class=\"slider-25573 slide-25684 msDefaultImage\" title=\"Marr 2\" \/><\/li>\n                <li style=\"display: none; width: 100%;\" class=\"slide-32412 ms-image \" aria-roledescription=\"slide\" data-date=\"2026-02-18 13:59:46\"><img src=\"https:\/\/sulsc.com\/wp-content\/uploads\/2026\/02\/40dc1580-cad5-4867-bc58-c4243821ad38-1000x166.jpeg\" height=\"200\" width=\"1200\" alt=\"\" class=\"slider-25573 slide-32412 msDefaultImage\" title=\"40dc1580-cad5-4867-bc58-c4243821ad38\" \/><\/li>\n                <li style=\"display: none; width: 100%;\" class=\"slide-32766 ms-image \" aria-roledescription=\"slide\" data-date=\"2026-03-03 17:22:59\"><img src=\"https:\/\/sulsc.com\/wp-content\/uploads\/2026\/03\/271ce739-f268-41c5-8051-3de1a1750359-1000x166.jpeg\" height=\"200\" width=\"1200\" alt=\"\" class=\"slider-25573 slide-32766 msDefaultImage\" title=\"271ce739-f268-41c5-8051-3de1a1750359\" \/><\/li>\n            <\/ul>\n        <\/div>\n        \n    <\/div>\n<\/div><\/span><\/span><\/p>\n<p>De acordo com informa\u00e7\u00f5es de populares, o condutor do Sandero n\u00e3o estava no local no momento da chegada das guarni\u00e7\u00f5es. N\u00e3o houve v\u00edtimas registradas no acidente. A equipe realizou a desconex\u00e3o dos cabos da bateria do ve\u00edculo sinistrado e, em seguida, efetuou a limpeza da pista para garantir a seguran\u00e7a dos motoristas. Ap\u00f3s a conclus\u00e3o dos procedimentos operacionais, a responsabilidade pelo local do acidente foi transferida para a guarni\u00e7\u00e3o da Pol\u00edcia Militar.<\/p>\n<p><img fetchpriority=\"high\" decoding=\"async\" class=\"aligncenter size-full wp-image-33017\" src=\"http:\/\/sulsc.com\/wp-content\/uploads\/2026\/03\/81915603-6f02-4793-9764-c3b67072930b.jpeg\" alt=\"\" width=\"1600\" height=\"1200\" srcset=\"https:\/\/sulsc.com\/wp-content\/uploads\/2026\/03\/81915603-6f02-4793-9764-c3b67072930b.jpeg 1600w, https:\/\/sulsc.com\/wp-content\/uploads\/2026\/03\/81915603-6f02-4793-9764-c3b67072930b-300x225.jpeg 300w, https:\/\/sulsc.com\/wp-content\/uploads\/2026\/03\/81915603-6f02-4793-9764-c3b67072930b-1024x768.jpeg 1024w, https:\/\/sulsc.com\/wp-content\/uploads\/2026\/03\/81915603-6f02-4793-9764-c3b67072930b-768x576.jpeg 768w, https:\/\/sulsc.com\/wp-content\/uploads\/2026\/03\/81915603-6f02-4793-9764-c3b67072930b-1536x1152.jpeg 1536w\" sizes=\"(max-width: 1600px) 100vw, 1600px\" \/><\/p>\n<p><span dir=\"auto\" style=\"vertical-align: inherit;\"><span dir=\"auto\" style=\"vertical-align: inherit;\">Foto: 8\u00baBBM\/Divulga\u00e7\u00e3o\/SulSC<\/span><\/span><\/p>\n","protected":false},"excerpt":{"rendered":"<p>Por volta das 21h39, na noite deste s\u00e1bado (14), ocorreu um capotamento em plena Avenida Senado Galotti, no bairro Mar Grosso, em Laguna. A equipe dos bombeiros ao chegar no local encontraram um ve\u00edculo Renault Sandero, de cor prata, lateralizado na via ap\u00f3s colidir na traseira de um carro estacionado, um HRV branco. De acordo &hellip;<\/p>\n<p class=\"read-more\"> <a class=\"\" href=\"https:\/\/sulsc.com\/index.php\/2026\/03\/15\/capotamento-em-plena-avenida-senado-galotti-na-noite-deste-sabado-em-laguna\/\"> <span class=\"screen-reader-text\">Capotamento em plena Avenida Senado Galotti na noite deste s\u00e1bado em Laguna<\/span> Read More &raquo;<\/a><\/p>\n","protected":false},"author":3,"featured_media":33017,"comment_status":"open","ping_status":"open","sticky":false,"template":"","format":"standard","meta":{"site-sidebar-layout":"default","site-content-layout":"","ast-site-content-layout":"default","site-content-style":"default","site-sidebar-style":"default","ast-global-header-display":"","ast-banner-title-visibility":"","ast-main-header-display":"","ast-hfb-above-header-display":"","ast-hfb-below-header-display":"","ast-hfb-mobile-header-display":"","site-post-title":"","ast-breadcrumbs-content":"","ast-featured-img":"","footer-sml-layout":"","theme-transparent-header-meta":"default","adv-header-id-meta":"","stick-header-meta":"","header-above-stick-meta":"","header-main-stick-meta":"","header-below-stick-meta":"","astra-migrate-meta-layouts":"set","footnotes":""},"categories":[2231,1,22,14,12],"tags":[680],"yoast_head":"<!-- This site is optimized with the Yoast SEO plugin v21.4 - https:\/\/yoast.com\/wordpress\/plugins\/seo\/ -->\n<title>Capotamento em plena Avenida Senado Galotti na noite deste s\u00e1bado em Laguna -<\/title>\n<meta name=\"robots\" content=\"index, follow, max-snippet:-1, max-image-preview:large, max-video-preview:-1\" \/>\n<link rel=\"canonical\" href=\"https:\/\/sulsc.com\/index.php\/2026\/03\/15\/capotamento-em-plena-avenida-senado-galotti-na-noite-deste-sabado-em-laguna\/\" \/>\n<meta property=\"og:locale\" content=\"en_US\" \/>\n<meta property=\"og:type\" content=\"article\" \/>\n<meta property=\"og:title\" content=\"Capotamento em plena Avenida Senado Galotti na noite deste s\u00e1bado em Laguna -\" \/>\n<meta property=\"og:description\" content=\"Por volta das 21h39, na noite deste s\u00e1bado (14), ocorreu um capotamento em plena Avenida Senado Galotti, no bairro Mar Grosso, em Laguna. A equipe dos bombeiros ao chegar no local encontraram um ve\u00edculo Renault Sandero, de cor prata, lateralizado na via ap\u00f3s colidir na traseira de um carro estacionado, um HRV branco. De acordo &hellip; Capotamento em plena Avenida Senado Galotti na noite deste s\u00e1bado em Laguna Read More &raquo;\" \/>\n<meta property=\"og:url\" content=\"https:\/\/sulsc.com\/index.php\/2026\/03\/15\/capotamento-em-plena-avenida-senado-galotti-na-noite-deste-sabado-em-laguna\/\" \/>\n<meta property=\"article:author\" content=\"https:\/\/www.facebook.com\/profile.php?id=61559278119680\" \/>\n<meta property=\"article:published_time\" content=\"2026-03-15T12:09:48+00:00\" \/>\n<meta property=\"og:image\" content=\"http:\/\/sulsc.com\/wp-content\/uploads\/2026\/03\/81915603-6f02-4793-9764-c3b67072930b.jpeg\" \/>\n\t<meta property=\"og:image:width\" content=\"1600\" \/>\n\t<meta property=\"og:image:height\" content=\"1200\" \/>\n\t<meta property=\"og:image:type\" content=\"image\/jpeg\" \/>\n<meta name=\"author\" content=\"Reda\u00e7\u00e3o Sul SC\" \/>\n<meta name=\"twitter:card\" content=\"summary_large_image\" \/>\n<meta name=\"twitter:creator\" content=\"@https:\/\/twitter.com\/PortalSulSC\" \/>\n<meta name=\"twitter:label1\" content=\"Written by\" \/>\n\t<meta name=\"twitter:data1\" content=\"Reda\u00e7\u00e3o Sul SC\" \/>\n\t<meta name=\"twitter:label2\" content=\"Est. reading time\" \/>\n\t<meta name=\"twitter:data2\" content=\"1 minute\" \/>\n<script type=\"application\/ld+json\" class=\"yoast-schema-graph\">{\"@context\":\"https:\/\/schema.org\",\"@graph\":[{\"@type\":\"WebPage\",\"@id\":\"https:\/\/sulsc.com\/index.php\/2026\/03\/15\/capotamento-em-plena-avenida-senado-galotti-na-noite-deste-sabado-em-laguna\/\",\"url\":\"https:\/\/sulsc.com\/index.php\/2026\/03\/15\/capotamento-em-plena-avenida-senado-galotti-na-noite-deste-sabado-em-laguna\/\",\"name\":\"Capotamento em plena Avenida Senado Galotti na noite deste s\u00e1bado em Laguna -\",\"isPartOf\":{\"@id\":\"https:\/\/sulsc.com\/#website\"},\"datePublished\":\"2026-03-15T12:09:48+00:00\",\"dateModified\":\"2026-03-15T12:09:48+00:00\",\"author\":{\"@id\":\"https:\/\/sulsc.com\/#\/schema\/person\/84d2fc571684f6248ba83092f07750a3\"},\"breadcrumb\":{\"@id\":\"https:\/\/sulsc.com\/index.php\/2026\/03\/15\/capotamento-em-plena-avenida-senado-galotti-na-noite-deste-sabado-em-laguna\/#breadcrumb\"},\"inLanguage\":\"en-US\",\"potentialAction\":[{\"@type\":\"ReadAction\",\"target\":[\"https:\/\/sulsc.com\/index.php\/2026\/03\/15\/capotamento-em-plena-avenida-senado-galotti-na-noite-deste-sabado-em-laguna\/\"]}]},{\"@type\":\"BreadcrumbList\",\"@id\":\"https:\/\/sulsc.com\/index.php\/2026\/03\/15\/capotamento-em-plena-avenida-senado-galotti-na-noite-deste-sabado-em-laguna\/#breadcrumb\",\"itemListElement\":[{\"@type\":\"ListItem\",\"position\":1,\"name\":\"In\u00edcio\",\"item\":\"https:\/\/sulsc.com\/\"},{\"@type\":\"ListItem\",\"position\":2,\"name\":\"Capotamento em plena Avenida Senado Galotti na noite deste s\u00e1bado em Laguna\"}]},{\"@type\":\"WebSite\",\"@id\":\"https:\/\/sulsc.com\/#website\",\"url\":\"https:\/\/sulsc.com\/\",\"name\":\"\",\"description\":\"\",\"potentialAction\":[{\"@type\":\"SearchAction\",\"target\":{\"@type\":\"EntryPoint\",\"urlTemplate\":\"https:\/\/sulsc.com\/?s={search_term_string}\"},\"query-input\":\"required name=search_term_string\"}],\"inLanguage\":\"en-US\"},{\"@type\":\"Person\",\"@id\":\"https:\/\/sulsc.com\/#\/schema\/person\/84d2fc571684f6248ba83092f07750a3\",\"name\":\"Reda\u00e7\u00e3o Sul SC\",\"image\":{\"@type\":\"ImageObject\",\"inLanguage\":\"en-US\",\"@id\":\"https:\/\/sulsc.com\/#\/schema\/person\/image\/e08d7fe2cc4ed596372063bbe852b8d0\",\"url\":\"https:\/\/sulsc.com\/wp-content\/uploads\/2023\/09\/redacao.png\",\"contentUrl\":\"https:\/\/sulsc.com\/wp-content\/uploads\/2023\/09\/redacao.png\",\"caption\":\"Reda\u00e7\u00e3o Sul SC\"},\"description\":\"Foco em um jornalismo imparcial, voltado \u00e0 qualidade dos seus conte\u00fados e, assim, levar informa\u00e7\u00e3o de valor que agregue \u00e0 vida dos leitores. Esta \u00e9 grande miss\u00e3o do Portal de Not\u00edcias Sul SC. N\u00e3o \u00e9 quantidade que muda o mundo, sempre foi e seguir\u00e1 sendo qualidade!\",\"sameAs\":[\"https:\/\/sulsc.com\/\",\"https:\/\/www.facebook.com\/profile.php?id=61559278119680\",\"https:\/\/www.instagram.com\/sulscportal\/?hl=pt-br\",\"https:\/\/twitter.com\/https:\/\/twitter.com\/PortalSulSC\",\"https:\/\/www.youtube.com\/channel\/UCv_BE8GeySluDov2n8qhVmw\"],\"url\":\"https:\/\/sulsc.com\/index.php\/author\/redacao\/\"}]}<\/script>\n<!-- \/ Yoast SEO plugin. -->","yoast_head_json":{"title":"Capotamento em plena Avenida Senado Galotti na noite deste s\u00e1bado em Laguna -","robots":{"index":"index","follow":"follow","max-snippet":"max-snippet:-1","max-image-preview":"max-image-preview:large","max-video-preview":"max-video-preview:-1"},"canonical":"https:\/\/sulsc.com\/index.php\/2026\/03\/15\/capotamento-em-plena-avenida-senado-galotti-na-noite-deste-sabado-em-laguna\/","og_locale":"en_US","og_type":"article","og_title":"Capotamento em plena Avenida Senado Galotti na noite deste s\u00e1bado em Laguna -","og_description":"Por volta das 21h39, na noite deste s\u00e1bado (14), ocorreu um capotamento em plena Avenida Senado Galotti, no bairro Mar Grosso, em Laguna. A equipe dos bombeiros ao chegar no local encontraram um ve\u00edculo Renault Sandero, de cor prata, lateralizado na via ap\u00f3s colidir na traseira de um carro estacionado, um HRV branco. De acordo &hellip; Capotamento em plena Avenida Senado Galotti na noite deste s\u00e1bado em Laguna Read More &raquo;","og_url":"https:\/\/sulsc.com\/index.php\/2026\/03\/15\/capotamento-em-plena-avenida-senado-galotti-na-noite-deste-sabado-em-laguna\/","article_author":"https:\/\/www.facebook.com\/profile.php?id=61559278119680","article_published_time":"2026-03-15T12:09:48+00:00","og_image":[{"width":1600,"height":1200,"url":"http:\/\/sulsc.com\/wp-content\/uploads\/2026\/03\/81915603-6f02-4793-9764-c3b67072930b.jpeg","type":"image\/jpeg"}],"author":"Reda\u00e7\u00e3o Sul SC","twitter_card":"summary_large_image","twitter_creator":"@https:\/\/twitter.com\/PortalSulSC","twitter_misc":{"Written by":"Reda\u00e7\u00e3o Sul SC","Est. reading time":"1 minute"},"schema":{"@context":"https:\/\/schema.org","@graph":[{"@type":"WebPage","@id":"https:\/\/sulsc.com\/index.php\/2026\/03\/15\/capotamento-em-plena-avenida-senado-galotti-na-noite-deste-sabado-em-laguna\/","url":"https:\/\/sulsc.com\/index.php\/2026\/03\/15\/capotamento-em-plena-avenida-senado-galotti-na-noite-deste-sabado-em-laguna\/","name":"Capotamento em plena Avenida Senado Galotti na noite deste s\u00e1bado em Laguna -","isPartOf":{"@id":"https:\/\/sulsc.com\/#website"},"datePublished":"2026-03-15T12:09:48+00:00","dateModified":"2026-03-15T12:09:48+00:00","author":{"@id":"https:\/\/sulsc.com\/#\/schema\/person\/84d2fc571684f6248ba83092f07750a3"},"breadcrumb":{"@id":"https:\/\/sulsc.com\/index.php\/2026\/03\/15\/capotamento-em-plena-avenida-senado-galotti-na-noite-deste-sabado-em-laguna\/#breadcrumb"},"inLanguage":"en-US","potentialAction":[{"@type":"ReadAction","target":["https:\/\/sulsc.com\/index.php\/2026\/03\/15\/capotamento-em-plena-avenida-senado-galotti-na-noite-deste-sabado-em-laguna\/"]}]},{"@type":"BreadcrumbList","@id":"https:\/\/sulsc.com\/index.php\/2026\/03\/15\/capotamento-em-plena-avenida-senado-galotti-na-noite-deste-sabado-em-laguna\/#breadcrumb","itemListElement":[{"@type":"ListItem","position":1,"name":"In\u00edcio","item":"https:\/\/sulsc.com\/"},{"@type":"ListItem","position":2,"name":"Capotamento em plena Avenida Senado Galotti na noite deste s\u00e1bado em Laguna"}]},{"@type":"WebSite","@id":"https:\/\/sulsc.com\/#website","url":"https:\/\/sulsc.com\/","name":"","description":"","potentialAction":[{"@type":"SearchAction","target":{"@type":"EntryPoint","urlTemplate":"https:\/\/sulsc.com\/?s={search_term_string}"},"query-input":"required name=search_term_string"}],"inLanguage":"en-US"},{"@type":"Person","@id":"https:\/\/sulsc.com\/#\/schema\/person\/84d2fc571684f6248ba83092f07750a3","name":"Reda\u00e7\u00e3o Sul SC","image":{"@type":"ImageObject","inLanguage":"en-US","@id":"https:\/\/sulsc.com\/#\/schema\/person\/image\/e08d7fe2cc4ed596372063bbe852b8d0","url":"https:\/\/sulsc.com\/wp-content\/uploads\/2023\/09\/redacao.png","contentUrl":"https:\/\/sulsc.com\/wp-content\/uploads\/2023\/09\/redacao.png","caption":"Reda\u00e7\u00e3o Sul SC"},"description":"Foco em um jornalismo imparcial, voltado \u00e0 qualidade dos seus conte\u00fados e, assim, levar informa\u00e7\u00e3o de valor que agregue \u00e0 vida dos leitores. Esta \u00e9 grande miss\u00e3o do Portal de Not\u00edcias Sul SC. N\u00e3o \u00e9 quantidade que muda o mundo, sempre foi e seguir\u00e1 sendo qualidade!","sameAs":["https:\/\/sulsc.com\/","https:\/\/www.facebook.com\/profile.php?id=61559278119680","https:\/\/www.instagram.com\/sulscportal\/?hl=pt-br","https:\/\/twitter.com\/https:\/\/twitter.com\/PortalSulSC","https:\/\/www.youtube.com\/channel\/UCv_BE8GeySluDov2n8qhVmw"],"url":"https:\/\/sulsc.com\/index.php\/author\/redacao\/"}]}},"authors":[],"_links":{"self":[{"href":"https:\/\/sulsc.com\/index.php\/wp-json\/wp\/v2\/posts\/33016"}],"collection":[{"href":"https:\/\/sulsc.com\/index.php\/wp-json\/wp\/v2\/posts"}],"about":[{"href":"https:\/\/sulsc.com\/index.php\/wp-json\/wp\/v2\/types\/post"}],"author":[{"embeddable":true,"href":"https:\/\/sulsc.com\/index.php\/wp-json\/wp\/v2\/users\/3"}],"replies":[{"embeddable":true,"href":"https:\/\/sulsc.com\/index.php\/wp-json\/wp\/v2\/comments?post=33016"}],"version-history":[{"count":1,"href":"https:\/\/sulsc.com\/index.php\/wp-json\/wp\/v2\/posts\/33016\/revisions"}],"predecessor-version":[{"id":33018,"href":"https:\/\/sulsc.com\/index.php\/wp-json\/wp\/v2\/posts\/33016\/revisions\/33018"}],"wp:featuredmedia":[{"embeddable":true,"href":"https:\/\/sulsc.com\/index.php\/wp-json\/wp\/v2\/media\/33017"}],"wp:attachment":[{"href":"https:\/\/sulsc.com\/index.php\/wp-json\/wp\/v2\/media?parent=33016"}],"wp:term":[{"taxonomy":"category","embeddable":true,"href":"https:\/\/sulsc.com\/index.php\/wp-json\/wp\/v2\/categories?post=33016"},{"taxonomy":"post_tag","embeddable":true,"href":"https:\/\/sulsc.com\/index.php\/wp-json\/wp\/v2\/tags?post=33016"}],"curies":[{"name":"wp","href":"https:\/\/api.w.org\/{rel}","templated":true}]}}