{"id":33019,"date":"2026-03-15T10:22:00","date_gmt":"2026-03-15T13:22:00","guid":{"rendered":"https:\/\/sulsc.com\/?p=33019"},"modified":"2026-03-15T12:42:15","modified_gmt":"2026-03-15T15:42:15","slug":"briga-em-estabelecimento-comercial-em-tubarao-resulta-em-tentativa-de-homicidio","status":"publish","type":"post","link":"https:\/\/sulsc.com\/index.php\/2026\/03\/15\/briga-em-estabelecimento-comercial-em-tubarao-resulta-em-tentativa-de-homicidio\/","title":{"rendered":"Briga em estabelecimento comercial em Tubar\u00e3o resulta em tentativa de homic\u00eddio"},"content":{"rendered":"<p><span dir=\"auto\" style=\"vertical-align: inherit;\"><span dir=\"auto\" style=\"vertical-align: inherit;\"><span dir=\"auto\" style=\"vertical-align: inherit;\"><span dir=\"auto\" style=\"vertical-align: inherit;\"><span dir=\"auto\" style=\"vertical-align: inherit;\"><span dir=\"auto\" style=\"vertical-align: inherit;\"><span dir=\"auto\" style=\"vertical-align: inherit;\"><span dir=\"auto\" style=\"vertical-align: inherit;\"><span dir=\"auto\" style=\"vertical-align: inherit;\"><span dir=\"auto\" style=\"vertical-align: inherit;\">Durante uma confus\u00e3o, um homem de 23 anos agrediu duas pessoas, uma briga teria acontecido em um estabelecimento comercial, onde envolveu v\u00e1rios homens no p\u00e1tio do local. A confus\u00e3o aconteceu na manh\u00e3 deste s\u00e1bado (14), por volta das 08h05, no bairro S\u00e3o Jo\u00e3o Margem Esquerda, em Tubar\u00e3o. Segundo a Pol\u00edcia Militar a ocorr\u00eancia foi de les\u00e3o corporal e tentativa de homic\u00eddio.<\/span><\/span><\/span><\/span><\/span><\/span><\/span><\/span><\/span><\/span><\/p>\n<p><span dir=\"auto\" style=\"vertical-align: inherit;\"><span dir=\"auto\" style=\"vertical-align: inherit;\"><span dir=\"auto\" style=\"vertical-align: inherit;\"><span dir=\"auto\" style=\"vertical-align: inherit;\"><span dir=\"auto\" style=\"vertical-align: inherit;\"><span dir=\"auto\" style=\"vertical-align: inherit;\"><span dir=\"auto\" style=\"vertical-align: inherit;\"><span dir=\"auto\" style=\"vertical-align: inherit;\"><span dir=\"auto\" style=\"vertical-align: inherit;\"><span dir=\"auto\" style=\"vertical-align: inherit;\">Uma das v\u00edtimas, um homem de 53 anos, relatou que assistiu a uma discuss\u00e3o quando o autor o encarou de forma hostil. E ao tentar se afastar, foi atingido com um soco no rosto, causando les\u00f5es que exigiram atendimento m\u00e9dico.<\/span><\/span><\/span><\/span><\/span><\/span><\/span><\/span><\/span><\/span><\/p>\n<div id=\"metaslider-id-25573\" style=\"width: 100%;\" class=\"ml-slider-3-99-0 metaslider metaslider-flex metaslider-25573 ml-slider has-onhover-arrows ms-theme-default-base has-dots-nav\" role=\"region\" aria-label=\"Meio\" data-width=\"1200\">\n    <div id=\"metaslider_container_25573\">\n        <div id=\"metaslider_25573\">\n            <ul class='slides'>\n                <li style=\"display: block; width: 100%;\" class=\"slide-25684 ms-image \" aria-roledescription=\"slide\" data-date=\"2025-07-24 07:55:40\"><img src=\"https:\/\/sulsc.com\/wp-content\/uploads\/2025\/07\/Marr-2-1000x166.jpg\" height=\"200\" width=\"1200\" alt=\"\" class=\"slider-25573 slide-25684 msDefaultImage\" title=\"Marr 2\" \/><\/li>\n                <li style=\"display: none; width: 100%;\" class=\"slide-32412 ms-image \" aria-roledescription=\"slide\" data-date=\"2026-02-18 13:59:46\"><img src=\"https:\/\/sulsc.com\/wp-content\/uploads\/2026\/02\/40dc1580-cad5-4867-bc58-c4243821ad38-1000x166.jpeg\" height=\"200\" width=\"1200\" alt=\"\" class=\"slider-25573 slide-32412 msDefaultImage\" title=\"40dc1580-cad5-4867-bc58-c4243821ad38\" \/><\/li>\n                <li style=\"display: none; width: 100%;\" class=\"slide-32766 ms-image \" aria-roledescription=\"slide\" data-date=\"2026-03-03 17:22:59\"><img src=\"https:\/\/sulsc.com\/wp-content\/uploads\/2026\/03\/271ce739-f268-41c5-8051-3de1a1750359-1000x166.jpeg\" height=\"200\" width=\"1200\" alt=\"\" class=\"slider-25573 slide-32766 msDefaultImage\" title=\"271ce739-f268-41c5-8051-3de1a1750359\" \/><\/li>\n            <\/ul>\n        <\/div>\n        \n    <\/div>\n<\/div>\n<p><span dir=\"auto\" style=\"vertical-align: inherit;\"><span dir=\"auto\" style=\"vertical-align: inherit;\"><span dir=\"auto\" style=\"vertical-align: inherit;\"><span dir=\"auto\" style=\"vertical-align: inherit;\"><span dir=\"auto\" style=\"vertical-align: inherit;\"><span dir=\"auto\" style=\"vertical-align: inherit;\"><span dir=\"auto\" style=\"vertical-align: inherit;\"><span dir=\"auto\" style=\"vertical-align: inherit;\"><span dir=\"auto\" style=\"vertical-align: inherit;\"><span dir=\"auto\" style=\"vertical-align: inherit;\">Segundo populares contaram aos policiais, que outra v\u00edtima estaria nos fundos do estabelecimento, onde foi localizado um homem de 37 anos com ferimentos no bra\u00e7o, causados \u200b\u200bpor uma garrafa, al\u00e9m de escoria\u00e7\u00f5es. Ele relatou que o autor teria quebrado uma garrafa contra sua cabe\u00e7a e continuado as agress\u00f5es, inclusive com amea\u00e7as de morte.\u00a0<\/span><\/span><\/span><\/span><\/span><\/span><\/span><\/span><\/span><\/span><\/p>\n<p><span dir=\"auto\" style=\"vertical-align: inherit;\"><span dir=\"auto\" style=\"vertical-align: inherit;\"><span dir=\"auto\" style=\"vertical-align: inherit;\"><span dir=\"auto\" style=\"vertical-align: inherit;\"><span dir=\"auto\" style=\"vertical-align: inherit;\"><span dir=\"auto\" style=\"vertical-align: inherit;\"><span dir=\"auto\" style=\"vertical-align: inherit;\"><span dir=\"auto\" style=\"vertical-align: inherit;\"><span dir=\"auto\" style=\"vertical-align: inherit;\"><span dir=\"auto\" style=\"vertical-align: inherit;\">O autor, por sua vez, alegou ter sido agredido por dois homens e afirmou ter agido em defesa leg\u00edtima. No entanto, devido \u00e0s les\u00f5es constatadas e aos relatos das v\u00edtimas, os policiais deram voz de pris\u00e3o ao homem pelos crimes de les\u00e3o corporal e tentativa de homic\u00eddio. Ap\u00f3s receber atendimento m\u00e9dico, ele foi encaminhado \u00e0 Delegacia de Pol\u00edcia Civil para os procedimentos legais, enquanto as v\u00edtimas recebiam atendimento hospitalar.<\/span><\/span><\/span><\/span><\/span><\/span><\/span><\/span><\/span><\/span><\/p>\n<p><img fetchpriority=\"high\" decoding=\"async\" class=\"aligncenter size-full wp-image-23017\" src=\"http:\/\/sulsc.com\/wp-content\/uploads\/2025\/04\/PM-2-3.jpg\" alt=\"\" width=\"1080\" height=\"691\" srcset=\"https:\/\/sulsc.com\/wp-content\/uploads\/2025\/04\/PM-2-3.jpg 1080w, https:\/\/sulsc.com\/wp-content\/uploads\/2025\/04\/PM-2-3-300x192.jpg 300w, https:\/\/sulsc.com\/wp-content\/uploads\/2025\/04\/PM-2-3-1024x655.jpg 1024w, https:\/\/sulsc.com\/wp-content\/uploads\/2025\/04\/PM-2-3-768x491.jpg 768w\" sizes=\"(max-width: 1080px) 100vw, 1080px\" \/><\/p>\n<p><span dir=\"auto\" style=\"vertical-align: inherit;\"><span dir=\"auto\" style=\"vertical-align: inherit;\"><span dir=\"auto\" style=\"vertical-align: inherit;\"><span dir=\"auto\" style=\"vertical-align: inherit;\"><span dir=\"auto\" style=\"vertical-align: inherit;\"><span dir=\"auto\" style=\"vertical-align: inherit;\"><span dir=\"auto\" style=\"vertical-align: inherit;\"><span dir=\"auto\" style=\"vertical-align: inherit;\"><span dir=\"auto\" style=\"vertical-align: inherit;\"><span dir=\"auto\" style=\"vertical-align: inherit;\">PMSC\/Divulga\u00e7\u00e3o\/SulSC<\/span><\/span><\/span><\/span><\/span><\/span><\/span><\/span><\/span><\/span><\/p>\n","protected":false},"excerpt":{"rendered":"<p>Durante uma confus\u00e3o, um homem de 23 anos agrediu duas pessoas, uma briga teria acontecido em um estabelecimento comercial, onde envolveu v\u00e1rios homens no p\u00e1tio do local. A confus\u00e3o aconteceu na manh\u00e3 deste s\u00e1bado (14), por volta das 08h05, no bairro S\u00e3o Jo\u00e3o Margem Esquerda, em Tubar\u00e3o. Segundo a Pol\u00edcia Militar a ocorr\u00eancia foi de &hellip;<\/p>\n<p class=\"read-more\"> <a class=\"\" href=\"https:\/\/sulsc.com\/index.php\/2026\/03\/15\/briga-em-estabelecimento-comercial-em-tubarao-resulta-em-tentativa-de-homicidio\/\"> <span class=\"screen-reader-text\">Briga em estabelecimento comercial em Tubar\u00e3o resulta em tentativa de homic\u00eddio<\/span> Read More &raquo;<\/a><\/p>\n","protected":false},"author":3,"featured_media":33020,"comment_status":"open","ping_status":"open","sticky":false,"template":"","format":"standard","meta":{"site-sidebar-layout":"default","site-content-layout":"","ast-site-content-layout":"default","site-content-style":"default","site-sidebar-style":"default","ast-global-header-display":"","ast-banner-title-visibility":"","ast-main-header-display":"","ast-hfb-above-header-display":"","ast-hfb-below-header-display":"","ast-hfb-mobile-header-display":"","site-post-title":"","ast-breadcrumbs-content":"","ast-featured-img":"","footer-sml-layout":"","theme-transparent-header-meta":"default","adv-header-id-meta":"","stick-header-meta":"","header-above-stick-meta":"","header-main-stick-meta":"","header-below-stick-meta":"","astra-migrate-meta-layouts":"set","footnotes":""},"categories":[2231,1,14,2782,21,12],"tags":[521],"yoast_head":"<!-- This site is optimized with the Yoast SEO plugin v21.4 - https:\/\/yoast.com\/wordpress\/plugins\/seo\/ -->\n<title>Briga em estabelecimento comercial em Tubar\u00e3o resulta em tentativa de homic\u00eddio -<\/title>\n<meta name=\"robots\" content=\"index, follow, max-snippet:-1, max-image-preview:large, max-video-preview:-1\" \/>\n<link rel=\"canonical\" href=\"https:\/\/sulsc.com\/index.php\/2026\/03\/15\/briga-em-estabelecimento-comercial-em-tubarao-resulta-em-tentativa-de-homicidio\/\" \/>\n<meta property=\"og:locale\" content=\"en_US\" \/>\n<meta property=\"og:type\" content=\"article\" \/>\n<meta property=\"og:title\" content=\"Briga em estabelecimento comercial em Tubar\u00e3o resulta em tentativa de homic\u00eddio -\" \/>\n<meta property=\"og:description\" content=\"Durante uma confus\u00e3o, um homem de 23 anos agrediu duas pessoas, uma briga teria acontecido em um estabelecimento comercial, onde envolveu v\u00e1rios homens no p\u00e1tio do local. A confus\u00e3o aconteceu na manh\u00e3 deste s\u00e1bado (14), por volta das 08h05, no bairro S\u00e3o Jo\u00e3o Margem Esquerda, em Tubar\u00e3o. Segundo a Pol\u00edcia Militar a ocorr\u00eancia foi de &hellip; Briga em estabelecimento comercial em Tubar\u00e3o resulta em tentativa de homic\u00eddio Read More &raquo;\" \/>\n<meta property=\"og:url\" content=\"https:\/\/sulsc.com\/index.php\/2026\/03\/15\/briga-em-estabelecimento-comercial-em-tubarao-resulta-em-tentativa-de-homicidio\/\" \/>\n<meta property=\"article:author\" content=\"https:\/\/www.facebook.com\/profile.php?id=61559278119680\" \/>\n<meta property=\"article:published_time\" content=\"2026-03-15T13:22:00+00:00\" \/>\n<meta property=\"article:modified_time\" content=\"2026-03-15T15:42:15+00:00\" \/>\n<meta property=\"og:image\" content=\"http:\/\/sulsc.com\/wp-content\/uploads\/2026\/03\/727fb90e-3a89-43da-aa81-ef495a3236fd.jpeg\" \/>\n\t<meta property=\"og:image:width\" content=\"435\" \/>\n\t<meta property=\"og:image:height\" content=\"407\" \/>\n\t<meta property=\"og:image:type\" content=\"image\/jpeg\" \/>\n<meta name=\"author\" content=\"Reda\u00e7\u00e3o Sul SC\" \/>\n<meta name=\"twitter:card\" content=\"summary_large_image\" \/>\n<meta name=\"twitter:creator\" content=\"@https:\/\/twitter.com\/PortalSulSC\" \/>\n<meta name=\"twitter:label1\" content=\"Written by\" \/>\n\t<meta name=\"twitter:data1\" content=\"Reda\u00e7\u00e3o Sul SC\" \/>\n\t<meta name=\"twitter:label2\" content=\"Est. reading time\" \/>\n\t<meta name=\"twitter:data2\" content=\"2 minutes\" \/>\n<script type=\"application\/ld+json\" class=\"yoast-schema-graph\">{\"@context\":\"https:\/\/schema.org\",\"@graph\":[{\"@type\":\"WebPage\",\"@id\":\"https:\/\/sulsc.com\/index.php\/2026\/03\/15\/briga-em-estabelecimento-comercial-em-tubarao-resulta-em-tentativa-de-homicidio\/\",\"url\":\"https:\/\/sulsc.com\/index.php\/2026\/03\/15\/briga-em-estabelecimento-comercial-em-tubarao-resulta-em-tentativa-de-homicidio\/\",\"name\":\"Briga em estabelecimento comercial em Tubar\u00e3o resulta em tentativa de homic\u00eddio -\",\"isPartOf\":{\"@id\":\"https:\/\/sulsc.com\/#website\"},\"datePublished\":\"2026-03-15T13:22:00+00:00\",\"dateModified\":\"2026-03-15T15:42:15+00:00\",\"author\":{\"@id\":\"https:\/\/sulsc.com\/#\/schema\/person\/84d2fc571684f6248ba83092f07750a3\"},\"breadcrumb\":{\"@id\":\"https:\/\/sulsc.com\/index.php\/2026\/03\/15\/briga-em-estabelecimento-comercial-em-tubarao-resulta-em-tentativa-de-homicidio\/#breadcrumb\"},\"inLanguage\":\"en-US\",\"potentialAction\":[{\"@type\":\"ReadAction\",\"target\":[\"https:\/\/sulsc.com\/index.php\/2026\/03\/15\/briga-em-estabelecimento-comercial-em-tubarao-resulta-em-tentativa-de-homicidio\/\"]}]},{\"@type\":\"BreadcrumbList\",\"@id\":\"https:\/\/sulsc.com\/index.php\/2026\/03\/15\/briga-em-estabelecimento-comercial-em-tubarao-resulta-em-tentativa-de-homicidio\/#breadcrumb\",\"itemListElement\":[{\"@type\":\"ListItem\",\"position\":1,\"name\":\"In\u00edcio\",\"item\":\"https:\/\/sulsc.com\/\"},{\"@type\":\"ListItem\",\"position\":2,\"name\":\"Briga em estabelecimento comercial em Tubar\u00e3o resulta em tentativa de homic\u00eddio\"}]},{\"@type\":\"WebSite\",\"@id\":\"https:\/\/sulsc.com\/#website\",\"url\":\"https:\/\/sulsc.com\/\",\"name\":\"\",\"description\":\"\",\"potentialAction\":[{\"@type\":\"SearchAction\",\"target\":{\"@type\":\"EntryPoint\",\"urlTemplate\":\"https:\/\/sulsc.com\/?s={search_term_string}\"},\"query-input\":\"required name=search_term_string\"}],\"inLanguage\":\"en-US\"},{\"@type\":\"Person\",\"@id\":\"https:\/\/sulsc.com\/#\/schema\/person\/84d2fc571684f6248ba83092f07750a3\",\"name\":\"Reda\u00e7\u00e3o Sul SC\",\"image\":{\"@type\":\"ImageObject\",\"inLanguage\":\"en-US\",\"@id\":\"https:\/\/sulsc.com\/#\/schema\/person\/image\/e08d7fe2cc4ed596372063bbe852b8d0\",\"url\":\"https:\/\/sulsc.com\/wp-content\/uploads\/2023\/09\/redacao.png\",\"contentUrl\":\"https:\/\/sulsc.com\/wp-content\/uploads\/2023\/09\/redacao.png\",\"caption\":\"Reda\u00e7\u00e3o Sul SC\"},\"description\":\"Foco em um jornalismo imparcial, voltado \u00e0 qualidade dos seus conte\u00fados e, assim, levar informa\u00e7\u00e3o de valor que agregue \u00e0 vida dos leitores. Esta \u00e9 grande miss\u00e3o do Portal de Not\u00edcias Sul SC. N\u00e3o \u00e9 quantidade que muda o mundo, sempre foi e seguir\u00e1 sendo qualidade!\",\"sameAs\":[\"https:\/\/sulsc.com\/\",\"https:\/\/www.facebook.com\/profile.php?id=61559278119680\",\"https:\/\/www.instagram.com\/sulscportal\/?hl=pt-br\",\"https:\/\/twitter.com\/https:\/\/twitter.com\/PortalSulSC\",\"https:\/\/www.youtube.com\/channel\/UCv_BE8GeySluDov2n8qhVmw\"],\"url\":\"https:\/\/sulsc.com\/index.php\/author\/redacao\/\"}]}<\/script>\n<!-- \/ Yoast SEO plugin. -->","yoast_head_json":{"title":"Briga em estabelecimento comercial em Tubar\u00e3o resulta em tentativa de homic\u00eddio -","robots":{"index":"index","follow":"follow","max-snippet":"max-snippet:-1","max-image-preview":"max-image-preview:large","max-video-preview":"max-video-preview:-1"},"canonical":"https:\/\/sulsc.com\/index.php\/2026\/03\/15\/briga-em-estabelecimento-comercial-em-tubarao-resulta-em-tentativa-de-homicidio\/","og_locale":"en_US","og_type":"article","og_title":"Briga em estabelecimento comercial em Tubar\u00e3o resulta em tentativa de homic\u00eddio -","og_description":"Durante uma confus\u00e3o, um homem de 23 anos agrediu duas pessoas, uma briga teria acontecido em um estabelecimento comercial, onde envolveu v\u00e1rios homens no p\u00e1tio do local. A confus\u00e3o aconteceu na manh\u00e3 deste s\u00e1bado (14), por volta das 08h05, no bairro S\u00e3o Jo\u00e3o Margem Esquerda, em Tubar\u00e3o. Segundo a Pol\u00edcia Militar a ocorr\u00eancia foi de &hellip; Briga em estabelecimento comercial em Tubar\u00e3o resulta em tentativa de homic\u00eddio Read More &raquo;","og_url":"https:\/\/sulsc.com\/index.php\/2026\/03\/15\/briga-em-estabelecimento-comercial-em-tubarao-resulta-em-tentativa-de-homicidio\/","article_author":"https:\/\/www.facebook.com\/profile.php?id=61559278119680","article_published_time":"2026-03-15T13:22:00+00:00","article_modified_time":"2026-03-15T15:42:15+00:00","og_image":[{"width":435,"height":407,"url":"http:\/\/sulsc.com\/wp-content\/uploads\/2026\/03\/727fb90e-3a89-43da-aa81-ef495a3236fd.jpeg","type":"image\/jpeg"}],"author":"Reda\u00e7\u00e3o Sul SC","twitter_card":"summary_large_image","twitter_creator":"@https:\/\/twitter.com\/PortalSulSC","twitter_misc":{"Written by":"Reda\u00e7\u00e3o Sul SC","Est. reading time":"2 minutes"},"schema":{"@context":"https:\/\/schema.org","@graph":[{"@type":"WebPage","@id":"https:\/\/sulsc.com\/index.php\/2026\/03\/15\/briga-em-estabelecimento-comercial-em-tubarao-resulta-em-tentativa-de-homicidio\/","url":"https:\/\/sulsc.com\/index.php\/2026\/03\/15\/briga-em-estabelecimento-comercial-em-tubarao-resulta-em-tentativa-de-homicidio\/","name":"Briga em estabelecimento comercial em Tubar\u00e3o resulta em tentativa de homic\u00eddio -","isPartOf":{"@id":"https:\/\/sulsc.com\/#website"},"datePublished":"2026-03-15T13:22:00+00:00","dateModified":"2026-03-15T15:42:15+00:00","author":{"@id":"https:\/\/sulsc.com\/#\/schema\/person\/84d2fc571684f6248ba83092f07750a3"},"breadcrumb":{"@id":"https:\/\/sulsc.com\/index.php\/2026\/03\/15\/briga-em-estabelecimento-comercial-em-tubarao-resulta-em-tentativa-de-homicidio\/#breadcrumb"},"inLanguage":"en-US","potentialAction":[{"@type":"ReadAction","target":["https:\/\/sulsc.com\/index.php\/2026\/03\/15\/briga-em-estabelecimento-comercial-em-tubarao-resulta-em-tentativa-de-homicidio\/"]}]},{"@type":"BreadcrumbList","@id":"https:\/\/sulsc.com\/index.php\/2026\/03\/15\/briga-em-estabelecimento-comercial-em-tubarao-resulta-em-tentativa-de-homicidio\/#breadcrumb","itemListElement":[{"@type":"ListItem","position":1,"name":"In\u00edcio","item":"https:\/\/sulsc.com\/"},{"@type":"ListItem","position":2,"name":"Briga em estabelecimento comercial em Tubar\u00e3o resulta em tentativa de homic\u00eddio"}]},{"@type":"WebSite","@id":"https:\/\/sulsc.com\/#website","url":"https:\/\/sulsc.com\/","name":"","description":"","potentialAction":[{"@type":"SearchAction","target":{"@type":"EntryPoint","urlTemplate":"https:\/\/sulsc.com\/?s={search_term_string}"},"query-input":"required name=search_term_string"}],"inLanguage":"en-US"},{"@type":"Person","@id":"https:\/\/sulsc.com\/#\/schema\/person\/84d2fc571684f6248ba83092f07750a3","name":"Reda\u00e7\u00e3o Sul SC","image":{"@type":"ImageObject","inLanguage":"en-US","@id":"https:\/\/sulsc.com\/#\/schema\/person\/image\/e08d7fe2cc4ed596372063bbe852b8d0","url":"https:\/\/sulsc.com\/wp-content\/uploads\/2023\/09\/redacao.png","contentUrl":"https:\/\/sulsc.com\/wp-content\/uploads\/2023\/09\/redacao.png","caption":"Reda\u00e7\u00e3o Sul SC"},"description":"Foco em um jornalismo imparcial, voltado \u00e0 qualidade dos seus conte\u00fados e, assim, levar informa\u00e7\u00e3o de valor que agregue \u00e0 vida dos leitores. Esta \u00e9 grande miss\u00e3o do Portal de Not\u00edcias Sul SC. N\u00e3o \u00e9 quantidade que muda o mundo, sempre foi e seguir\u00e1 sendo qualidade!","sameAs":["https:\/\/sulsc.com\/","https:\/\/www.facebook.com\/profile.php?id=61559278119680","https:\/\/www.instagram.com\/sulscportal\/?hl=pt-br","https:\/\/twitter.com\/https:\/\/twitter.com\/PortalSulSC","https:\/\/www.youtube.com\/channel\/UCv_BE8GeySluDov2n8qhVmw"],"url":"https:\/\/sulsc.com\/index.php\/author\/redacao\/"}]}},"authors":[],"_links":{"self":[{"href":"https:\/\/sulsc.com\/index.php\/wp-json\/wp\/v2\/posts\/33019"}],"collection":[{"href":"https:\/\/sulsc.com\/index.php\/wp-json\/wp\/v2\/posts"}],"about":[{"href":"https:\/\/sulsc.com\/index.php\/wp-json\/wp\/v2\/types\/post"}],"author":[{"embeddable":true,"href":"https:\/\/sulsc.com\/index.php\/wp-json\/wp\/v2\/users\/3"}],"replies":[{"embeddable":true,"href":"https:\/\/sulsc.com\/index.php\/wp-json\/wp\/v2\/comments?post=33019"}],"version-history":[{"count":7,"href":"https:\/\/sulsc.com\/index.php\/wp-json\/wp\/v2\/posts\/33019\/revisions"}],"predecessor-version":[{"id":33033,"href":"https:\/\/sulsc.com\/index.php\/wp-json\/wp\/v2\/posts\/33019\/revisions\/33033"}],"wp:featuredmedia":[{"embeddable":true,"href":"https:\/\/sulsc.com\/index.php\/wp-json\/wp\/v2\/media\/33020"}],"wp:attachment":[{"href":"https:\/\/sulsc.com\/index.php\/wp-json\/wp\/v2\/media?parent=33019"}],"wp:term":[{"taxonomy":"category","embeddable":true,"href":"https:\/\/sulsc.com\/index.php\/wp-json\/wp\/v2\/categories?post=33019"},{"taxonomy":"post_tag","embeddable":true,"href":"https:\/\/sulsc.com\/index.php\/wp-json\/wp\/v2\/tags?post=33019"}],"curies":[{"name":"wp","href":"https:\/\/api.w.org\/{rel}","templated":true}]}}