{"id":33038,"date":"2026-03-16T08:00:47","date_gmt":"2026-03-16T11:00:47","guid":{"rendered":"https:\/\/sulsc.com\/?p=33038"},"modified":"2026-03-16T08:00:47","modified_gmt":"2026-03-16T11:00:47","slug":"veiculo-capota-apos-colisao-com-poste-na-noite-deste-domingo-15-em-braco-do-norte","status":"publish","type":"post","link":"https:\/\/sulsc.com\/index.php\/2026\/03\/16\/veiculo-capota-apos-colisao-com-poste-na-noite-deste-domingo-15-em-braco-do-norte\/","title":{"rendered":"Ve\u00edculo capota ap\u00f3s colis\u00e3o com poste na noite deste domingo (15) em Bra\u00e7o do Norte"},"content":{"rendered":"<p>Na noite de ontem domingo (15), por volta das 22h59, a Guarda Municipal foi acionada para atender a um acidente de tr\u00e2nsito na SC-108, no bairro Travess\u00e3o, em Bra\u00e7o do Norte. No local, foi encontrado um ve\u00edculo EcoSport azul, com placas de S\u00e3o Ludgero, que colidiu contra um poste da rede de alta tens\u00e3o e capotou em uma ribanceira de aproximadamente 15 metros.<\/p>\n<div id=\"metaslider-id-25573\" style=\"width: 100%;\" class=\"ml-slider-3-99-0 metaslider metaslider-flex metaslider-25573 ml-slider has-onhover-arrows ms-theme-default-base has-dots-nav\" role=\"region\" aria-label=\"Meio\" data-width=\"1200\">\n    <div id=\"metaslider_container_25573\">\n        <div id=\"metaslider_25573\">\n            <ul class='slides'>\n                <li style=\"display: block; width: 100%;\" class=\"slide-25684 ms-image \" aria-roledescription=\"slide\" data-date=\"2025-07-24 07:55:40\"><img src=\"https:\/\/sulsc.com\/wp-content\/uploads\/2025\/07\/Marr-2-1000x166.jpg\" height=\"200\" width=\"1200\" alt=\"\" class=\"slider-25573 slide-25684 msDefaultImage\" title=\"Marr 2\" \/><\/li>\n                <li style=\"display: none; width: 100%;\" class=\"slide-32412 ms-image \" aria-roledescription=\"slide\" data-date=\"2026-02-18 13:59:46\"><img src=\"https:\/\/sulsc.com\/wp-content\/uploads\/2026\/02\/40dc1580-cad5-4867-bc58-c4243821ad38-1000x166.jpeg\" height=\"200\" width=\"1200\" alt=\"\" class=\"slider-25573 slide-32412 msDefaultImage\" title=\"40dc1580-cad5-4867-bc58-c4243821ad38\" \/><\/li>\n                <li style=\"display: none; width: 100%;\" class=\"slide-32766 ms-image \" aria-roledescription=\"slide\" data-date=\"2026-03-03 17:22:59\"><img src=\"https:\/\/sulsc.com\/wp-content\/uploads\/2026\/03\/271ce739-f268-41c5-8051-3de1a1750359-1000x166.jpeg\" height=\"200\" width=\"1200\" alt=\"\" class=\"slider-25573 slide-32766 msDefaultImage\" title=\"271ce739-f268-41c5-8051-3de1a1750359\" \/><\/li>\n            <\/ul>\n        <\/div>\n        \n    <\/div>\n<\/div>\n<p>O condutor, a \u00fanica v\u00edtima do acidente, foi encontrado de p\u00e9 ao lado do ve\u00edculo, apresentando diversos ferimentos leves. Ele recebeu atendimento da equipe do ASU286, que rapidamente se mobilizou para prestar os primeiros socorros. Para garantir a seguran\u00e7a do resgate, foi montado um estabelecimento com cordas para a retirada da v\u00edtima, utilizando uma maca adaptada para ribanceira.<\/p>\n<p>A ocorr\u00eancia contou com o apoio da CERGAL, que ficou respons\u00e1vel pelo desligamento da rede el\u00e9trica, e da Pol\u00edcia Rodovi\u00e1ria Estadual (PRE), que cuidou da seguran\u00e7a da \u00e1rea e da remo\u00e7\u00e3o dos pertences do condutor. A situa\u00e7\u00e3o foi controlada sem maiores complica\u00e7\u00f5es, e a v\u00edtima foi encaminhada para avalia\u00e7\u00e3o m\u00e9dica.<\/p>\n<p><img fetchpriority=\"high\" decoding=\"async\" class=\"aligncenter size-full wp-image-33039\" src=\"http:\/\/sulsc.com\/wp-content\/uploads\/2026\/03\/6bfeaec7-e325-4662-9a6b-cc36f88de4cf.jpeg\" alt=\"\" width=\"1600\" height=\"900\" srcset=\"https:\/\/sulsc.com\/wp-content\/uploads\/2026\/03\/6bfeaec7-e325-4662-9a6b-cc36f88de4cf.jpeg 1600w, https:\/\/sulsc.com\/wp-content\/uploads\/2026\/03\/6bfeaec7-e325-4662-9a6b-cc36f88de4cf-300x169.jpeg 300w, https:\/\/sulsc.com\/wp-content\/uploads\/2026\/03\/6bfeaec7-e325-4662-9a6b-cc36f88de4cf-1024x576.jpeg 1024w, https:\/\/sulsc.com\/wp-content\/uploads\/2026\/03\/6bfeaec7-e325-4662-9a6b-cc36f88de4cf-768x432.jpeg 768w, https:\/\/sulsc.com\/wp-content\/uploads\/2026\/03\/6bfeaec7-e325-4662-9a6b-cc36f88de4cf-1536x864.jpeg 1536w\" sizes=\"(max-width: 1600px) 100vw, 1600px\" \/><\/p>\n<p>Fotos: 8\u00baBBM\/Divulga\u00e7\u00e3o\/SulSC<\/p>\n","protected":false},"excerpt":{"rendered":"<p>Na noite de ontem domingo (15), por volta das 22h59, a Guarda Municipal foi acionada para atender a um acidente de tr\u00e2nsito na SC-108, no bairro Travess\u00e3o, em Bra\u00e7o do Norte. No local, foi encontrado um ve\u00edculo EcoSport azul, com placas de S\u00e3o Ludgero, que colidiu contra um poste da rede de alta tens\u00e3o e &hellip;<\/p>\n<p class=\"read-more\"> <a class=\"\" href=\"https:\/\/sulsc.com\/index.php\/2026\/03\/16\/veiculo-capota-apos-colisao-com-poste-na-noite-deste-domingo-15-em-braco-do-norte\/\"> <span class=\"screen-reader-text\">Ve\u00edculo capota ap\u00f3s colis\u00e3o com poste na noite deste domingo (15) em Bra\u00e7o do Norte<\/span> Read More &raquo;<\/a><\/p>\n","protected":false},"author":3,"featured_media":33039,"comment_status":"open","ping_status":"open","sticky":false,"template":"","format":"standard","meta":{"site-sidebar-layout":"default","site-content-layout":"","ast-site-content-layout":"default","site-content-style":"default","site-sidebar-style":"default","ast-global-header-display":"","ast-banner-title-visibility":"","ast-main-header-display":"","ast-hfb-above-header-display":"","ast-hfb-below-header-display":"","ast-hfb-mobile-header-display":"","site-post-title":"","ast-breadcrumbs-content":"","ast-featured-img":"","footer-sml-layout":"","theme-transparent-header-meta":"default","adv-header-id-meta":"","stick-header-meta":"","header-above-stick-meta":"","header-main-stick-meta":"","header-below-stick-meta":"","astra-migrate-meta-layouts":"set","footnotes":""},"categories":[2231,2282,1,14,2782,12],"tags":[680],"yoast_head":"<!-- This site is optimized with the Yoast SEO plugin v21.4 - https:\/\/yoast.com\/wordpress\/plugins\/seo\/ -->\n<title>Ve\u00edculo capota ap\u00f3s colis\u00e3o com poste na noite deste domingo (15) em Bra\u00e7o do Norte -<\/title>\n<meta name=\"robots\" content=\"index, follow, max-snippet:-1, max-image-preview:large, max-video-preview:-1\" \/>\n<link rel=\"canonical\" href=\"https:\/\/sulsc.com\/index.php\/2026\/03\/16\/veiculo-capota-apos-colisao-com-poste-na-noite-deste-domingo-15-em-braco-do-norte\/\" \/>\n<meta property=\"og:locale\" content=\"en_US\" \/>\n<meta property=\"og:type\" content=\"article\" \/>\n<meta property=\"og:title\" content=\"Ve\u00edculo capota ap\u00f3s colis\u00e3o com poste na noite deste domingo (15) em Bra\u00e7o do Norte -\" \/>\n<meta property=\"og:description\" content=\"Na noite de ontem domingo (15), por volta das 22h59, a Guarda Municipal foi acionada para atender a um acidente de tr\u00e2nsito na SC-108, no bairro Travess\u00e3o, em Bra\u00e7o do Norte. No local, foi encontrado um ve\u00edculo EcoSport azul, com placas de S\u00e3o Ludgero, que colidiu contra um poste da rede de alta tens\u00e3o e &hellip; Ve\u00edculo capota ap\u00f3s colis\u00e3o com poste na noite deste domingo (15) em Bra\u00e7o do Norte Read More &raquo;\" \/>\n<meta property=\"og:url\" content=\"https:\/\/sulsc.com\/index.php\/2026\/03\/16\/veiculo-capota-apos-colisao-com-poste-na-noite-deste-domingo-15-em-braco-do-norte\/\" \/>\n<meta property=\"article:author\" content=\"https:\/\/www.facebook.com\/profile.php?id=61559278119680\" \/>\n<meta property=\"article:published_time\" content=\"2026-03-16T11:00:47+00:00\" \/>\n<meta property=\"og:image\" content=\"http:\/\/sulsc.com\/wp-content\/uploads\/2026\/03\/6bfeaec7-e325-4662-9a6b-cc36f88de4cf.jpeg\" \/>\n\t<meta property=\"og:image:width\" content=\"1600\" \/>\n\t<meta property=\"og:image:height\" content=\"900\" \/>\n\t<meta property=\"og:image:type\" content=\"image\/jpeg\" \/>\n<meta name=\"author\" content=\"Reda\u00e7\u00e3o Sul SC\" \/>\n<meta name=\"twitter:card\" content=\"summary_large_image\" \/>\n<meta name=\"twitter:creator\" content=\"@https:\/\/twitter.com\/PortalSulSC\" \/>\n<meta name=\"twitter:label1\" content=\"Written by\" \/>\n\t<meta name=\"twitter:data1\" content=\"Reda\u00e7\u00e3o Sul SC\" \/>\n\t<meta name=\"twitter:label2\" content=\"Est. reading time\" \/>\n\t<meta name=\"twitter:data2\" content=\"1 minute\" \/>\n<script type=\"application\/ld+json\" class=\"yoast-schema-graph\">{\"@context\":\"https:\/\/schema.org\",\"@graph\":[{\"@type\":\"WebPage\",\"@id\":\"https:\/\/sulsc.com\/index.php\/2026\/03\/16\/veiculo-capota-apos-colisao-com-poste-na-noite-deste-domingo-15-em-braco-do-norte\/\",\"url\":\"https:\/\/sulsc.com\/index.php\/2026\/03\/16\/veiculo-capota-apos-colisao-com-poste-na-noite-deste-domingo-15-em-braco-do-norte\/\",\"name\":\"Ve\u00edculo capota ap\u00f3s colis\u00e3o com poste na noite deste domingo (15) em Bra\u00e7o do Norte -\",\"isPartOf\":{\"@id\":\"https:\/\/sulsc.com\/#website\"},\"datePublished\":\"2026-03-16T11:00:47+00:00\",\"dateModified\":\"2026-03-16T11:00:47+00:00\",\"author\":{\"@id\":\"https:\/\/sulsc.com\/#\/schema\/person\/84d2fc571684f6248ba83092f07750a3\"},\"breadcrumb\":{\"@id\":\"https:\/\/sulsc.com\/index.php\/2026\/03\/16\/veiculo-capota-apos-colisao-com-poste-na-noite-deste-domingo-15-em-braco-do-norte\/#breadcrumb\"},\"inLanguage\":\"en-US\",\"potentialAction\":[{\"@type\":\"ReadAction\",\"target\":[\"https:\/\/sulsc.com\/index.php\/2026\/03\/16\/veiculo-capota-apos-colisao-com-poste-na-noite-deste-domingo-15-em-braco-do-norte\/\"]}]},{\"@type\":\"BreadcrumbList\",\"@id\":\"https:\/\/sulsc.com\/index.php\/2026\/03\/16\/veiculo-capota-apos-colisao-com-poste-na-noite-deste-domingo-15-em-braco-do-norte\/#breadcrumb\",\"itemListElement\":[{\"@type\":\"ListItem\",\"position\":1,\"name\":\"In\u00edcio\",\"item\":\"https:\/\/sulsc.com\/\"},{\"@type\":\"ListItem\",\"position\":2,\"name\":\"Ve\u00edculo capota ap\u00f3s colis\u00e3o com poste na noite deste domingo (15) em Bra\u00e7o do Norte\"}]},{\"@type\":\"WebSite\",\"@id\":\"https:\/\/sulsc.com\/#website\",\"url\":\"https:\/\/sulsc.com\/\",\"name\":\"\",\"description\":\"\",\"potentialAction\":[{\"@type\":\"SearchAction\",\"target\":{\"@type\":\"EntryPoint\",\"urlTemplate\":\"https:\/\/sulsc.com\/?s={search_term_string}\"},\"query-input\":\"required name=search_term_string\"}],\"inLanguage\":\"en-US\"},{\"@type\":\"Person\",\"@id\":\"https:\/\/sulsc.com\/#\/schema\/person\/84d2fc571684f6248ba83092f07750a3\",\"name\":\"Reda\u00e7\u00e3o Sul SC\",\"image\":{\"@type\":\"ImageObject\",\"inLanguage\":\"en-US\",\"@id\":\"https:\/\/sulsc.com\/#\/schema\/person\/image\/e08d7fe2cc4ed596372063bbe852b8d0\",\"url\":\"https:\/\/sulsc.com\/wp-content\/uploads\/2023\/09\/redacao.png\",\"contentUrl\":\"https:\/\/sulsc.com\/wp-content\/uploads\/2023\/09\/redacao.png\",\"caption\":\"Reda\u00e7\u00e3o Sul SC\"},\"description\":\"Foco em um jornalismo imparcial, voltado \u00e0 qualidade dos seus conte\u00fados e, assim, levar informa\u00e7\u00e3o de valor que agregue \u00e0 vida dos leitores. Esta \u00e9 grande miss\u00e3o do Portal de Not\u00edcias Sul SC. N\u00e3o \u00e9 quantidade que muda o mundo, sempre foi e seguir\u00e1 sendo qualidade!\",\"sameAs\":[\"https:\/\/sulsc.com\/\",\"https:\/\/www.facebook.com\/profile.php?id=61559278119680\",\"https:\/\/www.instagram.com\/sulscportal\/?hl=pt-br\",\"https:\/\/twitter.com\/https:\/\/twitter.com\/PortalSulSC\",\"https:\/\/www.youtube.com\/channel\/UCv_BE8GeySluDov2n8qhVmw\"],\"url\":\"https:\/\/sulsc.com\/index.php\/author\/redacao\/\"}]}<\/script>\n<!-- \/ Yoast SEO plugin. -->","yoast_head_json":{"title":"Ve\u00edculo capota ap\u00f3s colis\u00e3o com poste na noite deste domingo (15) em Bra\u00e7o do Norte -","robots":{"index":"index","follow":"follow","max-snippet":"max-snippet:-1","max-image-preview":"max-image-preview:large","max-video-preview":"max-video-preview:-1"},"canonical":"https:\/\/sulsc.com\/index.php\/2026\/03\/16\/veiculo-capota-apos-colisao-com-poste-na-noite-deste-domingo-15-em-braco-do-norte\/","og_locale":"en_US","og_type":"article","og_title":"Ve\u00edculo capota ap\u00f3s colis\u00e3o com poste na noite deste domingo (15) em Bra\u00e7o do Norte -","og_description":"Na noite de ontem domingo (15), por volta das 22h59, a Guarda Municipal foi acionada para atender a um acidente de tr\u00e2nsito na SC-108, no bairro Travess\u00e3o, em Bra\u00e7o do Norte. No local, foi encontrado um ve\u00edculo EcoSport azul, com placas de S\u00e3o Ludgero, que colidiu contra um poste da rede de alta tens\u00e3o e &hellip; Ve\u00edculo capota ap\u00f3s colis\u00e3o com poste na noite deste domingo (15) em Bra\u00e7o do Norte Read More &raquo;","og_url":"https:\/\/sulsc.com\/index.php\/2026\/03\/16\/veiculo-capota-apos-colisao-com-poste-na-noite-deste-domingo-15-em-braco-do-norte\/","article_author":"https:\/\/www.facebook.com\/profile.php?id=61559278119680","article_published_time":"2026-03-16T11:00:47+00:00","og_image":[{"width":1600,"height":900,"url":"http:\/\/sulsc.com\/wp-content\/uploads\/2026\/03\/6bfeaec7-e325-4662-9a6b-cc36f88de4cf.jpeg","type":"image\/jpeg"}],"author":"Reda\u00e7\u00e3o Sul SC","twitter_card":"summary_large_image","twitter_creator":"@https:\/\/twitter.com\/PortalSulSC","twitter_misc":{"Written by":"Reda\u00e7\u00e3o Sul SC","Est. reading time":"1 minute"},"schema":{"@context":"https:\/\/schema.org","@graph":[{"@type":"WebPage","@id":"https:\/\/sulsc.com\/index.php\/2026\/03\/16\/veiculo-capota-apos-colisao-com-poste-na-noite-deste-domingo-15-em-braco-do-norte\/","url":"https:\/\/sulsc.com\/index.php\/2026\/03\/16\/veiculo-capota-apos-colisao-com-poste-na-noite-deste-domingo-15-em-braco-do-norte\/","name":"Ve\u00edculo capota ap\u00f3s colis\u00e3o com poste na noite deste domingo (15) em Bra\u00e7o do Norte -","isPartOf":{"@id":"https:\/\/sulsc.com\/#website"},"datePublished":"2026-03-16T11:00:47+00:00","dateModified":"2026-03-16T11:00:47+00:00","author":{"@id":"https:\/\/sulsc.com\/#\/schema\/person\/84d2fc571684f6248ba83092f07750a3"},"breadcrumb":{"@id":"https:\/\/sulsc.com\/index.php\/2026\/03\/16\/veiculo-capota-apos-colisao-com-poste-na-noite-deste-domingo-15-em-braco-do-norte\/#breadcrumb"},"inLanguage":"en-US","potentialAction":[{"@type":"ReadAction","target":["https:\/\/sulsc.com\/index.php\/2026\/03\/16\/veiculo-capota-apos-colisao-com-poste-na-noite-deste-domingo-15-em-braco-do-norte\/"]}]},{"@type":"BreadcrumbList","@id":"https:\/\/sulsc.com\/index.php\/2026\/03\/16\/veiculo-capota-apos-colisao-com-poste-na-noite-deste-domingo-15-em-braco-do-norte\/#breadcrumb","itemListElement":[{"@type":"ListItem","position":1,"name":"In\u00edcio","item":"https:\/\/sulsc.com\/"},{"@type":"ListItem","position":2,"name":"Ve\u00edculo capota ap\u00f3s colis\u00e3o com poste na noite deste domingo (15) em Bra\u00e7o do Norte"}]},{"@type":"WebSite","@id":"https:\/\/sulsc.com\/#website","url":"https:\/\/sulsc.com\/","name":"","description":"","potentialAction":[{"@type":"SearchAction","target":{"@type":"EntryPoint","urlTemplate":"https:\/\/sulsc.com\/?s={search_term_string}"},"query-input":"required name=search_term_string"}],"inLanguage":"en-US"},{"@type":"Person","@id":"https:\/\/sulsc.com\/#\/schema\/person\/84d2fc571684f6248ba83092f07750a3","name":"Reda\u00e7\u00e3o Sul SC","image":{"@type":"ImageObject","inLanguage":"en-US","@id":"https:\/\/sulsc.com\/#\/schema\/person\/image\/e08d7fe2cc4ed596372063bbe852b8d0","url":"https:\/\/sulsc.com\/wp-content\/uploads\/2023\/09\/redacao.png","contentUrl":"https:\/\/sulsc.com\/wp-content\/uploads\/2023\/09\/redacao.png","caption":"Reda\u00e7\u00e3o Sul SC"},"description":"Foco em um jornalismo imparcial, voltado \u00e0 qualidade dos seus conte\u00fados e, assim, levar informa\u00e7\u00e3o de valor que agregue \u00e0 vida dos leitores. Esta \u00e9 grande miss\u00e3o do Portal de Not\u00edcias Sul SC. N\u00e3o \u00e9 quantidade que muda o mundo, sempre foi e seguir\u00e1 sendo qualidade!","sameAs":["https:\/\/sulsc.com\/","https:\/\/www.facebook.com\/profile.php?id=61559278119680","https:\/\/www.instagram.com\/sulscportal\/?hl=pt-br","https:\/\/twitter.com\/https:\/\/twitter.com\/PortalSulSC","https:\/\/www.youtube.com\/channel\/UCv_BE8GeySluDov2n8qhVmw"],"url":"https:\/\/sulsc.com\/index.php\/author\/redacao\/"}]}},"authors":[],"_links":{"self":[{"href":"https:\/\/sulsc.com\/index.php\/wp-json\/wp\/v2\/posts\/33038"}],"collection":[{"href":"https:\/\/sulsc.com\/index.php\/wp-json\/wp\/v2\/posts"}],"about":[{"href":"https:\/\/sulsc.com\/index.php\/wp-json\/wp\/v2\/types\/post"}],"author":[{"embeddable":true,"href":"https:\/\/sulsc.com\/index.php\/wp-json\/wp\/v2\/users\/3"}],"replies":[{"embeddable":true,"href":"https:\/\/sulsc.com\/index.php\/wp-json\/wp\/v2\/comments?post=33038"}],"version-history":[{"count":1,"href":"https:\/\/sulsc.com\/index.php\/wp-json\/wp\/v2\/posts\/33038\/revisions"}],"predecessor-version":[{"id":33040,"href":"https:\/\/sulsc.com\/index.php\/wp-json\/wp\/v2\/posts\/33038\/revisions\/33040"}],"wp:featuredmedia":[{"embeddable":true,"href":"https:\/\/sulsc.com\/index.php\/wp-json\/wp\/v2\/media\/33039"}],"wp:attachment":[{"href":"https:\/\/sulsc.com\/index.php\/wp-json\/wp\/v2\/media?parent=33038"}],"wp:term":[{"taxonomy":"category","embeddable":true,"href":"https:\/\/sulsc.com\/index.php\/wp-json\/wp\/v2\/categories?post=33038"},{"taxonomy":"post_tag","embeddable":true,"href":"https:\/\/sulsc.com\/index.php\/wp-json\/wp\/v2\/tags?post=33038"}],"curies":[{"name":"wp","href":"https:\/\/api.w.org\/{rel}","templated":true}]}}