{"id":33048,"date":"2026-03-16T16:53:51","date_gmt":"2026-03-16T19:53:51","guid":{"rendered":"https:\/\/sulsc.com\/?p=33048"},"modified":"2026-03-16T16:53:51","modified_gmt":"2026-03-16T19:53:51","slug":"homem-e-preso-em-sangao-suspeito-de-agressoes-e-violacao-de-medidas-protetivas","status":"publish","type":"post","link":"https:\/\/sulsc.com\/index.php\/2026\/03\/16\/homem-e-preso-em-sangao-suspeito-de-agressoes-e-violacao-de-medidas-protetivas\/","title":{"rendered":"Homem \u00e9 preso em Sang\u00e3o suspeito de agress\u00f5es e viola\u00e7\u00e3o de medidas protetivas"},"content":{"rendered":"<p>Na tarde desta segunda-feira (16), a Pol\u00edcia Civil de Sang\u00e3o, atrav\u00e9s da Delegacia de Prote\u00e7\u00e3o \u00e0 Mulher (DPMu), cumpriu um mandado de pris\u00e3o preventiva contra um homem acusado de viol\u00eancia dom\u00e9stica contra sua ex-companheira. O autor, que j\u00e1 possu\u00eda hist\u00f3rico de agress\u00f5es, foi preso ap\u00f3s descumprir medidas protetivas estabelecidas pela Justi\u00e7a.<\/p>\n<div id=\"metaslider-id-25573\" style=\"width: 100%;\" class=\"ml-slider-3-99-0 metaslider metaslider-flex metaslider-25573 ml-slider has-onhover-arrows ms-theme-default-base has-dots-nav\" role=\"region\" aria-label=\"Meio\" data-width=\"1200\">\n    <div id=\"metaslider_container_25573\">\n        <div id=\"metaslider_25573\">\n            <ul class='slides'>\n                <li style=\"display: block; width: 100%;\" class=\"slide-25684 ms-image \" aria-roledescription=\"slide\" data-date=\"2025-07-24 07:55:40\"><img src=\"https:\/\/sulsc.com\/wp-content\/uploads\/2025\/07\/Marr-2-1000x166.jpg\" height=\"200\" width=\"1200\" alt=\"\" class=\"slider-25573 slide-25684 msDefaultImage\" title=\"Marr 2\" \/><\/li>\n                <li style=\"display: none; width: 100%;\" class=\"slide-32412 ms-image \" aria-roledescription=\"slide\" data-date=\"2026-02-18 13:59:46\"><img src=\"https:\/\/sulsc.com\/wp-content\/uploads\/2026\/02\/40dc1580-cad5-4867-bc58-c4243821ad38-1000x166.jpeg\" height=\"200\" width=\"1200\" alt=\"\" class=\"slider-25573 slide-32412 msDefaultImage\" title=\"40dc1580-cad5-4867-bc58-c4243821ad38\" \/><\/li>\n                <li style=\"display: none; width: 100%;\" class=\"slide-32766 ms-image \" aria-roledescription=\"slide\" data-date=\"2026-03-03 17:22:59\"><img src=\"https:\/\/sulsc.com\/wp-content\/uploads\/2026\/03\/271ce739-f268-41c5-8051-3de1a1750359-1000x166.jpeg\" height=\"200\" width=\"1200\" alt=\"\" class=\"slider-25573 slide-32766 msDefaultImage\" title=\"271ce739-f268-41c5-8051-3de1a1750359\" \/><\/li>\n            <\/ul>\n        <\/div>\n        \n    <\/div>\n<\/div>\n<p>O caso remonta a 2025, quando o suspeito agrediu fisicamente a v\u00edtima em seu local de trabalho, um supermercado em Sang\u00e3o, epis\u00f3dio que foi registrado por c\u00e2meras de monitoramento. Apesar da gravidade da situa\u00e7\u00e3o, a v\u00edtima optou por n\u00e3o solicitar medidas protetivas naquele momento. Contudo, cerca de um m\u00eas depois, ela foi novamente agredida pelo ex-companheiro em sua resid\u00eancia, o que a levou a buscar apoio de familiares e registrar um boletim de ocorr\u00eancia.<\/p>\n<p>Ap\u00f3s o deferimento das medidas protetivas, o suspeito continuou a descumpri-las, inclusive tentando contatar a v\u00edtima em locais onde ela se sentia segura, como a casa de familiares e durante cultos religiosos. Diante da gravidade das reiteradas viola\u00e7\u00f5es, foi solicitada a pris\u00e3o preventiva do autor.<\/p>\n<p>Ap\u00f3s ser preso, o suspeito foi interrogado sobre os crimes de les\u00e3o corporal e descumprimento de ordem judicial. O inqu\u00e9rito policial, que investiga dois casos de les\u00e3o e as viola\u00e7\u00f5es das medidas protetivas, ser\u00e1 conclu\u00eddo dentro do prazo legal, refor\u00e7ando o compromisso da Pol\u00edcia Civil em combater a viol\u00eancia dom\u00e9stica na regi\u00e3o.<\/p>\n<p><img fetchpriority=\"high\" decoding=\"async\" class=\"aligncenter size-full wp-image-33049\" src=\"http:\/\/sulsc.com\/wp-content\/uploads\/2026\/03\/36e1b644-9c5f-49a8-a0b0-7934d47fb2b6.jpeg\" alt=\"\" width=\"1080\" height=\"768\" srcset=\"https:\/\/sulsc.com\/wp-content\/uploads\/2026\/03\/36e1b644-9c5f-49a8-a0b0-7934d47fb2b6.jpeg 1080w, https:\/\/sulsc.com\/wp-content\/uploads\/2026\/03\/36e1b644-9c5f-49a8-a0b0-7934d47fb2b6-300x213.jpeg 300w, https:\/\/sulsc.com\/wp-content\/uploads\/2026\/03\/36e1b644-9c5f-49a8-a0b0-7934d47fb2b6-1024x728.jpeg 1024w, https:\/\/sulsc.com\/wp-content\/uploads\/2026\/03\/36e1b644-9c5f-49a8-a0b0-7934d47fb2b6-768x546.jpeg 768w\" sizes=\"(max-width: 1080px) 100vw, 1080px\" \/><\/p>\n<p>PCSC\/Divulga\u00e7\u00e3o\/SulSC<\/p>\n","protected":false},"excerpt":{"rendered":"<p>Na tarde desta segunda-feira (16), a Pol\u00edcia Civil de Sang\u00e3o, atrav\u00e9s da Delegacia de Prote\u00e7\u00e3o \u00e0 Mulher (DPMu), cumpriu um mandado de pris\u00e3o preventiva contra um homem acusado de viol\u00eancia dom\u00e9stica contra sua ex-companheira. O autor, que j\u00e1 possu\u00eda hist\u00f3rico de agress\u00f5es, foi preso ap\u00f3s descumprir medidas protetivas estabelecidas pela Justi\u00e7a. O caso remonta a &hellip;<\/p>\n<p class=\"read-more\"> <a class=\"\" href=\"https:\/\/sulsc.com\/index.php\/2026\/03\/16\/homem-e-preso-em-sangao-suspeito-de-agressoes-e-violacao-de-medidas-protetivas\/\"> <span class=\"screen-reader-text\">Homem \u00e9 preso em Sang\u00e3o suspeito de agress\u00f5es e viola\u00e7\u00e3o de medidas protetivas<\/span> Read More &raquo;<\/a><\/p>\n","protected":false},"author":3,"featured_media":33049,"comment_status":"open","ping_status":"open","sticky":false,"template":"","format":"standard","meta":{"site-sidebar-layout":"default","site-content-layout":"","ast-site-content-layout":"default","site-content-style":"default","site-sidebar-style":"default","ast-global-header-display":"","ast-banner-title-visibility":"","ast-main-header-display":"","ast-hfb-above-header-display":"","ast-hfb-below-header-display":"","ast-hfb-mobile-header-display":"","site-post-title":"","ast-breadcrumbs-content":"","ast-featured-img":"","footer-sml-layout":"","theme-transparent-header-meta":"default","adv-header-id-meta":"","stick-header-meta":"","header-above-stick-meta":"","header-main-stick-meta":"","header-below-stick-meta":"","astra-migrate-meta-layouts":"set","footnotes":""},"categories":[2231,1,2105,14,2782,12],"tags":[2836],"yoast_head":"<!-- This site is optimized with the Yoast SEO plugin v21.4 - https:\/\/yoast.com\/wordpress\/plugins\/seo\/ -->\n<title>Homem \u00e9 preso em Sang\u00e3o suspeito de agress\u00f5es e viola\u00e7\u00e3o de medidas protetivas -<\/title>\n<meta name=\"robots\" content=\"index, follow, max-snippet:-1, max-image-preview:large, max-video-preview:-1\" \/>\n<link rel=\"canonical\" href=\"https:\/\/sulsc.com\/index.php\/2026\/03\/16\/homem-e-preso-em-sangao-suspeito-de-agressoes-e-violacao-de-medidas-protetivas\/\" \/>\n<meta property=\"og:locale\" content=\"en_US\" \/>\n<meta property=\"og:type\" content=\"article\" \/>\n<meta property=\"og:title\" content=\"Homem \u00e9 preso em Sang\u00e3o suspeito de agress\u00f5es e viola\u00e7\u00e3o de medidas protetivas -\" \/>\n<meta property=\"og:description\" content=\"Na tarde desta segunda-feira (16), a Pol\u00edcia Civil de Sang\u00e3o, atrav\u00e9s da Delegacia de Prote\u00e7\u00e3o \u00e0 Mulher (DPMu), cumpriu um mandado de pris\u00e3o preventiva contra um homem acusado de viol\u00eancia dom\u00e9stica contra sua ex-companheira. O autor, que j\u00e1 possu\u00eda hist\u00f3rico de agress\u00f5es, foi preso ap\u00f3s descumprir medidas protetivas estabelecidas pela Justi\u00e7a. O caso remonta a &hellip; Homem \u00e9 preso em Sang\u00e3o suspeito de agress\u00f5es e viola\u00e7\u00e3o de medidas protetivas Read More &raquo;\" \/>\n<meta property=\"og:url\" content=\"https:\/\/sulsc.com\/index.php\/2026\/03\/16\/homem-e-preso-em-sangao-suspeito-de-agressoes-e-violacao-de-medidas-protetivas\/\" \/>\n<meta property=\"article:author\" content=\"https:\/\/www.facebook.com\/profile.php?id=61559278119680\" \/>\n<meta property=\"article:published_time\" content=\"2026-03-16T19:53:51+00:00\" \/>\n<meta property=\"og:image\" content=\"http:\/\/sulsc.com\/wp-content\/uploads\/2026\/03\/36e1b644-9c5f-49a8-a0b0-7934d47fb2b6.jpeg\" \/>\n\t<meta property=\"og:image:width\" content=\"1080\" \/>\n\t<meta property=\"og:image:height\" content=\"768\" \/>\n\t<meta property=\"og:image:type\" content=\"image\/jpeg\" \/>\n<meta name=\"author\" content=\"Reda\u00e7\u00e3o Sul SC\" \/>\n<meta name=\"twitter:card\" content=\"summary_large_image\" \/>\n<meta name=\"twitter:creator\" content=\"@https:\/\/twitter.com\/PortalSulSC\" \/>\n<meta name=\"twitter:label1\" content=\"Written by\" \/>\n\t<meta name=\"twitter:data1\" content=\"Reda\u00e7\u00e3o Sul SC\" \/>\n\t<meta name=\"twitter:label2\" content=\"Est. reading time\" \/>\n\t<meta name=\"twitter:data2\" content=\"2 minutes\" \/>\n<script type=\"application\/ld+json\" class=\"yoast-schema-graph\">{\"@context\":\"https:\/\/schema.org\",\"@graph\":[{\"@type\":\"WebPage\",\"@id\":\"https:\/\/sulsc.com\/index.php\/2026\/03\/16\/homem-e-preso-em-sangao-suspeito-de-agressoes-e-violacao-de-medidas-protetivas\/\",\"url\":\"https:\/\/sulsc.com\/index.php\/2026\/03\/16\/homem-e-preso-em-sangao-suspeito-de-agressoes-e-violacao-de-medidas-protetivas\/\",\"name\":\"Homem \u00e9 preso em Sang\u00e3o suspeito de agress\u00f5es e viola\u00e7\u00e3o de medidas protetivas -\",\"isPartOf\":{\"@id\":\"https:\/\/sulsc.com\/#website\"},\"datePublished\":\"2026-03-16T19:53:51+00:00\",\"dateModified\":\"2026-03-16T19:53:51+00:00\",\"author\":{\"@id\":\"https:\/\/sulsc.com\/#\/schema\/person\/84d2fc571684f6248ba83092f07750a3\"},\"breadcrumb\":{\"@id\":\"https:\/\/sulsc.com\/index.php\/2026\/03\/16\/homem-e-preso-em-sangao-suspeito-de-agressoes-e-violacao-de-medidas-protetivas\/#breadcrumb\"},\"inLanguage\":\"en-US\",\"potentialAction\":[{\"@type\":\"ReadAction\",\"target\":[\"https:\/\/sulsc.com\/index.php\/2026\/03\/16\/homem-e-preso-em-sangao-suspeito-de-agressoes-e-violacao-de-medidas-protetivas\/\"]}]},{\"@type\":\"BreadcrumbList\",\"@id\":\"https:\/\/sulsc.com\/index.php\/2026\/03\/16\/homem-e-preso-em-sangao-suspeito-de-agressoes-e-violacao-de-medidas-protetivas\/#breadcrumb\",\"itemListElement\":[{\"@type\":\"ListItem\",\"position\":1,\"name\":\"In\u00edcio\",\"item\":\"https:\/\/sulsc.com\/\"},{\"@type\":\"ListItem\",\"position\":2,\"name\":\"Homem \u00e9 preso em Sang\u00e3o suspeito de agress\u00f5es e viola\u00e7\u00e3o de medidas protetivas\"}]},{\"@type\":\"WebSite\",\"@id\":\"https:\/\/sulsc.com\/#website\",\"url\":\"https:\/\/sulsc.com\/\",\"name\":\"\",\"description\":\"\",\"potentialAction\":[{\"@type\":\"SearchAction\",\"target\":{\"@type\":\"EntryPoint\",\"urlTemplate\":\"https:\/\/sulsc.com\/?s={search_term_string}\"},\"query-input\":\"required name=search_term_string\"}],\"inLanguage\":\"en-US\"},{\"@type\":\"Person\",\"@id\":\"https:\/\/sulsc.com\/#\/schema\/person\/84d2fc571684f6248ba83092f07750a3\",\"name\":\"Reda\u00e7\u00e3o Sul SC\",\"image\":{\"@type\":\"ImageObject\",\"inLanguage\":\"en-US\",\"@id\":\"https:\/\/sulsc.com\/#\/schema\/person\/image\/e08d7fe2cc4ed596372063bbe852b8d0\",\"url\":\"https:\/\/sulsc.com\/wp-content\/uploads\/2023\/09\/redacao.png\",\"contentUrl\":\"https:\/\/sulsc.com\/wp-content\/uploads\/2023\/09\/redacao.png\",\"caption\":\"Reda\u00e7\u00e3o Sul SC\"},\"description\":\"Foco em um jornalismo imparcial, voltado \u00e0 qualidade dos seus conte\u00fados e, assim, levar informa\u00e7\u00e3o de valor que agregue \u00e0 vida dos leitores. Esta \u00e9 grande miss\u00e3o do Portal de Not\u00edcias Sul SC. N\u00e3o \u00e9 quantidade que muda o mundo, sempre foi e seguir\u00e1 sendo qualidade!\",\"sameAs\":[\"https:\/\/sulsc.com\/\",\"https:\/\/www.facebook.com\/profile.php?id=61559278119680\",\"https:\/\/www.instagram.com\/sulscportal\/?hl=pt-br\",\"https:\/\/twitter.com\/https:\/\/twitter.com\/PortalSulSC\",\"https:\/\/www.youtube.com\/channel\/UCv_BE8GeySluDov2n8qhVmw\"],\"url\":\"https:\/\/sulsc.com\/index.php\/author\/redacao\/\"}]}<\/script>\n<!-- \/ Yoast SEO plugin. -->","yoast_head_json":{"title":"Homem \u00e9 preso em Sang\u00e3o suspeito de agress\u00f5es e viola\u00e7\u00e3o de medidas protetivas -","robots":{"index":"index","follow":"follow","max-snippet":"max-snippet:-1","max-image-preview":"max-image-preview:large","max-video-preview":"max-video-preview:-1"},"canonical":"https:\/\/sulsc.com\/index.php\/2026\/03\/16\/homem-e-preso-em-sangao-suspeito-de-agressoes-e-violacao-de-medidas-protetivas\/","og_locale":"en_US","og_type":"article","og_title":"Homem \u00e9 preso em Sang\u00e3o suspeito de agress\u00f5es e viola\u00e7\u00e3o de medidas protetivas -","og_description":"Na tarde desta segunda-feira (16), a Pol\u00edcia Civil de Sang\u00e3o, atrav\u00e9s da Delegacia de Prote\u00e7\u00e3o \u00e0 Mulher (DPMu), cumpriu um mandado de pris\u00e3o preventiva contra um homem acusado de viol\u00eancia dom\u00e9stica contra sua ex-companheira. O autor, que j\u00e1 possu\u00eda hist\u00f3rico de agress\u00f5es, foi preso ap\u00f3s descumprir medidas protetivas estabelecidas pela Justi\u00e7a. O caso remonta a &hellip; Homem \u00e9 preso em Sang\u00e3o suspeito de agress\u00f5es e viola\u00e7\u00e3o de medidas protetivas Read More &raquo;","og_url":"https:\/\/sulsc.com\/index.php\/2026\/03\/16\/homem-e-preso-em-sangao-suspeito-de-agressoes-e-violacao-de-medidas-protetivas\/","article_author":"https:\/\/www.facebook.com\/profile.php?id=61559278119680","article_published_time":"2026-03-16T19:53:51+00:00","og_image":[{"width":1080,"height":768,"url":"http:\/\/sulsc.com\/wp-content\/uploads\/2026\/03\/36e1b644-9c5f-49a8-a0b0-7934d47fb2b6.jpeg","type":"image\/jpeg"}],"author":"Reda\u00e7\u00e3o Sul SC","twitter_card":"summary_large_image","twitter_creator":"@https:\/\/twitter.com\/PortalSulSC","twitter_misc":{"Written by":"Reda\u00e7\u00e3o Sul SC","Est. reading time":"2 minutes"},"schema":{"@context":"https:\/\/schema.org","@graph":[{"@type":"WebPage","@id":"https:\/\/sulsc.com\/index.php\/2026\/03\/16\/homem-e-preso-em-sangao-suspeito-de-agressoes-e-violacao-de-medidas-protetivas\/","url":"https:\/\/sulsc.com\/index.php\/2026\/03\/16\/homem-e-preso-em-sangao-suspeito-de-agressoes-e-violacao-de-medidas-protetivas\/","name":"Homem \u00e9 preso em Sang\u00e3o suspeito de agress\u00f5es e viola\u00e7\u00e3o de medidas protetivas -","isPartOf":{"@id":"https:\/\/sulsc.com\/#website"},"datePublished":"2026-03-16T19:53:51+00:00","dateModified":"2026-03-16T19:53:51+00:00","author":{"@id":"https:\/\/sulsc.com\/#\/schema\/person\/84d2fc571684f6248ba83092f07750a3"},"breadcrumb":{"@id":"https:\/\/sulsc.com\/index.php\/2026\/03\/16\/homem-e-preso-em-sangao-suspeito-de-agressoes-e-violacao-de-medidas-protetivas\/#breadcrumb"},"inLanguage":"en-US","potentialAction":[{"@type":"ReadAction","target":["https:\/\/sulsc.com\/index.php\/2026\/03\/16\/homem-e-preso-em-sangao-suspeito-de-agressoes-e-violacao-de-medidas-protetivas\/"]}]},{"@type":"BreadcrumbList","@id":"https:\/\/sulsc.com\/index.php\/2026\/03\/16\/homem-e-preso-em-sangao-suspeito-de-agressoes-e-violacao-de-medidas-protetivas\/#breadcrumb","itemListElement":[{"@type":"ListItem","position":1,"name":"In\u00edcio","item":"https:\/\/sulsc.com\/"},{"@type":"ListItem","position":2,"name":"Homem \u00e9 preso em Sang\u00e3o suspeito de agress\u00f5es e viola\u00e7\u00e3o de medidas protetivas"}]},{"@type":"WebSite","@id":"https:\/\/sulsc.com\/#website","url":"https:\/\/sulsc.com\/","name":"","description":"","potentialAction":[{"@type":"SearchAction","target":{"@type":"EntryPoint","urlTemplate":"https:\/\/sulsc.com\/?s={search_term_string}"},"query-input":"required name=search_term_string"}],"inLanguage":"en-US"},{"@type":"Person","@id":"https:\/\/sulsc.com\/#\/schema\/person\/84d2fc571684f6248ba83092f07750a3","name":"Reda\u00e7\u00e3o Sul SC","image":{"@type":"ImageObject","inLanguage":"en-US","@id":"https:\/\/sulsc.com\/#\/schema\/person\/image\/e08d7fe2cc4ed596372063bbe852b8d0","url":"https:\/\/sulsc.com\/wp-content\/uploads\/2023\/09\/redacao.png","contentUrl":"https:\/\/sulsc.com\/wp-content\/uploads\/2023\/09\/redacao.png","caption":"Reda\u00e7\u00e3o Sul SC"},"description":"Foco em um jornalismo imparcial, voltado \u00e0 qualidade dos seus conte\u00fados e, assim, levar informa\u00e7\u00e3o de valor que agregue \u00e0 vida dos leitores. Esta \u00e9 grande miss\u00e3o do Portal de Not\u00edcias Sul SC. N\u00e3o \u00e9 quantidade que muda o mundo, sempre foi e seguir\u00e1 sendo qualidade!","sameAs":["https:\/\/sulsc.com\/","https:\/\/www.facebook.com\/profile.php?id=61559278119680","https:\/\/www.instagram.com\/sulscportal\/?hl=pt-br","https:\/\/twitter.com\/https:\/\/twitter.com\/PortalSulSC","https:\/\/www.youtube.com\/channel\/UCv_BE8GeySluDov2n8qhVmw"],"url":"https:\/\/sulsc.com\/index.php\/author\/redacao\/"}]}},"authors":[],"_links":{"self":[{"href":"https:\/\/sulsc.com\/index.php\/wp-json\/wp\/v2\/posts\/33048"}],"collection":[{"href":"https:\/\/sulsc.com\/index.php\/wp-json\/wp\/v2\/posts"}],"about":[{"href":"https:\/\/sulsc.com\/index.php\/wp-json\/wp\/v2\/types\/post"}],"author":[{"embeddable":true,"href":"https:\/\/sulsc.com\/index.php\/wp-json\/wp\/v2\/users\/3"}],"replies":[{"embeddable":true,"href":"https:\/\/sulsc.com\/index.php\/wp-json\/wp\/v2\/comments?post=33048"}],"version-history":[{"count":1,"href":"https:\/\/sulsc.com\/index.php\/wp-json\/wp\/v2\/posts\/33048\/revisions"}],"predecessor-version":[{"id":33050,"href":"https:\/\/sulsc.com\/index.php\/wp-json\/wp\/v2\/posts\/33048\/revisions\/33050"}],"wp:featuredmedia":[{"embeddable":true,"href":"https:\/\/sulsc.com\/index.php\/wp-json\/wp\/v2\/media\/33049"}],"wp:attachment":[{"href":"https:\/\/sulsc.com\/index.php\/wp-json\/wp\/v2\/media?parent=33048"}],"wp:term":[{"taxonomy":"category","embeddable":true,"href":"https:\/\/sulsc.com\/index.php\/wp-json\/wp\/v2\/categories?post=33048"},{"taxonomy":"post_tag","embeddable":true,"href":"https:\/\/sulsc.com\/index.php\/wp-json\/wp\/v2\/tags?post=33048"}],"curies":[{"name":"wp","href":"https:\/\/api.w.org\/{rel}","templated":true}]}}