{"id":33051,"date":"2026-03-16T19:14:19","date_gmt":"2026-03-16T22:14:19","guid":{"rendered":"https:\/\/sulsc.com\/?p=33051"},"modified":"2026-03-16T19:14:19","modified_gmt":"2026-03-16T22:14:19","slug":"filhos-de-maes-solo-e-vitimas-de-violencia-poderao-ter-prioridade-na-escolha-de-vagas-em-creches-de-tubarao","status":"publish","type":"post","link":"https:\/\/sulsc.com\/index.php\/2026\/03\/16\/filhos-de-maes-solo-e-vitimas-de-violencia-poderao-ter-prioridade-na-escolha-de-vagas-em-creches-de-tubarao\/","title":{"rendered":"Filhos de m\u00e3es solo e v\u00edtimas de viol\u00eancia poder\u00e3o ter prioridade na escolha de vagas em creches de Tubar\u00e3o"},"content":{"rendered":"<p>Um projeto de lei foi protocolado nesta segunda-feira (16), na C\u00e2mara de Vereadores de Tubar\u00e3o pelo vereador Matheus Madeira (PT), o projeto de lei\u00a0 prev\u00ea a inclus\u00e3o de filhos de m\u00e3es solo e v\u00edtimas de viol\u00eancia dom\u00e9stica no rol de quem tem prefer\u00eancia na matr\u00edcula de crian\u00e7as na Rede Municipal de Ensino de Tubar\u00e3o.<br \/>\n\u201cMuitas vezes as v\u00edtimas de viol\u00eancia precisam se mudar quando denunciam as agress\u00f5es.<\/p>\n<div id=\"metaslider-id-25573\" style=\"width: 100%;\" class=\"ml-slider-3-99-0 metaslider metaslider-flex metaslider-25573 ml-slider has-onhover-arrows ms-theme-default-base has-dots-nav\" role=\"region\" aria-label=\"Meio\" data-width=\"1200\">\n    <div id=\"metaslider_container_25573\">\n        <div id=\"metaslider_25573\">\n            <ul class='slides'>\n                <li style=\"display: block; width: 100%;\" class=\"slide-25684 ms-image \" aria-roledescription=\"slide\" data-date=\"2025-07-24 07:55:40\"><img src=\"https:\/\/sulsc.com\/wp-content\/uploads\/2025\/07\/Marr-2-1000x166.jpg\" height=\"200\" width=\"1200\" alt=\"\" class=\"slider-25573 slide-25684 msDefaultImage\" title=\"Marr 2\" \/><\/li>\n                <li style=\"display: none; width: 100%;\" class=\"slide-32412 ms-image \" aria-roledescription=\"slide\" data-date=\"2026-02-18 13:59:46\"><img src=\"https:\/\/sulsc.com\/wp-content\/uploads\/2026\/02\/40dc1580-cad5-4867-bc58-c4243821ad38-1000x166.jpeg\" height=\"200\" width=\"1200\" alt=\"\" class=\"slider-25573 slide-32412 msDefaultImage\" title=\"40dc1580-cad5-4867-bc58-c4243821ad38\" \/><\/li>\n                <li style=\"display: none; width: 100%;\" class=\"slide-32766 ms-image \" aria-roledescription=\"slide\" data-date=\"2026-03-03 17:22:59\"><img src=\"https:\/\/sulsc.com\/wp-content\/uploads\/2026\/03\/271ce739-f268-41c5-8051-3de1a1750359-1000x166.jpeg\" height=\"200\" width=\"1200\" alt=\"\" class=\"slider-25573 slide-32766 msDefaultImage\" title=\"271ce739-f268-41c5-8051-3de1a1750359\" \/><\/li>\n            <\/ul>\n        <\/div>\n        \n    <\/div>\n<\/div>\n<p>\u00c9 preciso que o Munic\u00edpio ampare essas mulheres e uma das formas \u00e9 facilitar a matr\u00edcula em uma unidade escolar perto da nova resid\u00eancia. \u00c9 inclusive uma quest\u00e3o de seguran\u00e7a p\u00fablica\u201d, destacou o autor. O <strong>Projeto de Lei n\u00ba 56\/2026<\/strong> prop\u00f5e a altera\u00e7\u00e3o da Lei n\u00ba 5.251\/2020, que trata das prioridades nas matr\u00edculas. O texto original j\u00e1 prev\u00ea crit\u00e9rios sociais, como renda familiar.<\/p>\n<p><img fetchpriority=\"high\" decoding=\"async\" class=\"aligncenter size-full wp-image-3066\" src=\"http:\/\/sulsc.com\/wp-content\/uploads\/2023\/10\/Abuso-agressao-infantil.jpg\" alt=\"\" width=\"624\" height=\"351\" srcset=\"https:\/\/sulsc.com\/wp-content\/uploads\/2023\/10\/Abuso-agressao-infantil.jpg 624w, https:\/\/sulsc.com\/wp-content\/uploads\/2023\/10\/Abuso-agressao-infantil-300x169.jpg 300w\" sizes=\"(max-width: 624px) 100vw, 624px\" \/><\/p>\n<p><strong>\u201c<\/strong>O texto tamb\u00e9m acrescenta os filhos de fam\u00edlias monoparentais, que s\u00e3o aquelas em que apenas um dos genitores \u00e9 o respons\u00e1vel. Em quase 90% desses casos, a chefia familiar \u00e9 da mulher. Mas o texto tamb\u00e9m se aplica ao caso de pais que criam filhos sozinhos<strong>\u201d, explicou o vereador.<\/strong><\/p>\n<p>O texto inicia a sua tramita\u00e7\u00e3o e deve ser apreciado pelas comiss\u00f5es permanentes antes de ser votado no plen\u00e1rio da C\u00e2mara de Vereadores.<\/p>\n","protected":false},"excerpt":{"rendered":"<p>Um projeto de lei foi protocolado nesta segunda-feira (16), na C\u00e2mara de Vereadores de Tubar\u00e3o pelo vereador Matheus Madeira (PT), o projeto de lei\u00a0 prev\u00ea a inclus\u00e3o de filhos de m\u00e3es solo e v\u00edtimas de viol\u00eancia dom\u00e9stica no rol de quem tem prefer\u00eancia na matr\u00edcula de crian\u00e7as na Rede Municipal de Ensino de Tubar\u00e3o. \u201cMuitas &hellip;<\/p>\n<p class=\"read-more\"> <a class=\"\" href=\"https:\/\/sulsc.com\/index.php\/2026\/03\/16\/filhos-de-maes-solo-e-vitimas-de-violencia-poderao-ter-prioridade-na-escolha-de-vagas-em-creches-de-tubarao\/\"> <span class=\"screen-reader-text\">Filhos de m\u00e3es solo e v\u00edtimas de viol\u00eancia poder\u00e3o ter prioridade na escolha de vagas em creches de Tubar\u00e3o<\/span> Read More &raquo;<\/a><\/p>\n","protected":false},"author":3,"featured_media":1791,"comment_status":"open","ping_status":"open","sticky":false,"template":"","format":"standard","meta":{"site-sidebar-layout":"default","site-content-layout":"","ast-site-content-layout":"default","site-content-style":"default","site-sidebar-style":"default","ast-global-header-display":"","ast-banner-title-visibility":"","ast-main-header-display":"","ast-hfb-above-header-display":"","ast-hfb-below-header-display":"","ast-hfb-mobile-header-display":"","site-post-title":"","ast-breadcrumbs-content":"","ast-featured-img":"","footer-sml-layout":"","theme-transparent-header-meta":"default","adv-header-id-meta":"","stick-header-meta":"","header-above-stick-meta":"","header-main-stick-meta":"","header-below-stick-meta":"","astra-migrate-meta-layouts":"set","footnotes":""},"categories":[2231,1,6,14,21,12],"tags":[1108],"yoast_head":"<!-- This site is optimized with the Yoast SEO plugin v21.4 - https:\/\/yoast.com\/wordpress\/plugins\/seo\/ -->\n<title>Filhos de m\u00e3es solo e v\u00edtimas de viol\u00eancia poder\u00e3o ter prioridade na escolha de vagas em creches de Tubar\u00e3o -<\/title>\n<meta name=\"robots\" content=\"index, follow, max-snippet:-1, max-image-preview:large, max-video-preview:-1\" \/>\n<link rel=\"canonical\" href=\"https:\/\/sulsc.com\/index.php\/2026\/03\/16\/filhos-de-maes-solo-e-vitimas-de-violencia-poderao-ter-prioridade-na-escolha-de-vagas-em-creches-de-tubarao\/\" \/>\n<meta property=\"og:locale\" content=\"en_US\" \/>\n<meta property=\"og:type\" content=\"article\" \/>\n<meta property=\"og:title\" content=\"Filhos de m\u00e3es solo e v\u00edtimas de viol\u00eancia poder\u00e3o ter prioridade na escolha de vagas em creches de Tubar\u00e3o -\" \/>\n<meta property=\"og:description\" content=\"Um projeto de lei foi protocolado nesta segunda-feira (16), na C\u00e2mara de Vereadores de Tubar\u00e3o pelo vereador Matheus Madeira (PT), o projeto de lei\u00a0 prev\u00ea a inclus\u00e3o de filhos de m\u00e3es solo e v\u00edtimas de viol\u00eancia dom\u00e9stica no rol de quem tem prefer\u00eancia na matr\u00edcula de crian\u00e7as na Rede Municipal de Ensino de Tubar\u00e3o. \u201cMuitas &hellip; Filhos de m\u00e3es solo e v\u00edtimas de viol\u00eancia poder\u00e3o ter prioridade na escolha de vagas em creches de Tubar\u00e3o Read More &raquo;\" \/>\n<meta property=\"og:url\" content=\"https:\/\/sulsc.com\/index.php\/2026\/03\/16\/filhos-de-maes-solo-e-vitimas-de-violencia-poderao-ter-prioridade-na-escolha-de-vagas-em-creches-de-tubarao\/\" \/>\n<meta property=\"article:author\" content=\"https:\/\/www.facebook.com\/profile.php?id=61559278119680\" \/>\n<meta property=\"article:published_time\" content=\"2026-03-16T22:14:19+00:00\" \/>\n<meta property=\"og:image\" content=\"http:\/\/sulsc.com\/wp-content\/uploads\/2023\/10\/Agressao-Mulher.jpg\" \/>\n\t<meta property=\"og:image:width\" content=\"786\" \/>\n\t<meta property=\"og:image:height\" content=\"524\" \/>\n\t<meta property=\"og:image:type\" content=\"image\/jpeg\" \/>\n<meta name=\"author\" content=\"Reda\u00e7\u00e3o Sul SC\" \/>\n<meta name=\"twitter:card\" content=\"summary_large_image\" \/>\n<meta name=\"twitter:creator\" content=\"@https:\/\/twitter.com\/PortalSulSC\" \/>\n<meta name=\"twitter:label1\" content=\"Written by\" \/>\n\t<meta name=\"twitter:data1\" content=\"Reda\u00e7\u00e3o Sul SC\" \/>\n\t<meta name=\"twitter:label2\" content=\"Est. reading time\" \/>\n\t<meta name=\"twitter:data2\" content=\"2 minutes\" \/>\n<script type=\"application\/ld+json\" class=\"yoast-schema-graph\">{\"@context\":\"https:\/\/schema.org\",\"@graph\":[{\"@type\":\"WebPage\",\"@id\":\"https:\/\/sulsc.com\/index.php\/2026\/03\/16\/filhos-de-maes-solo-e-vitimas-de-violencia-poderao-ter-prioridade-na-escolha-de-vagas-em-creches-de-tubarao\/\",\"url\":\"https:\/\/sulsc.com\/index.php\/2026\/03\/16\/filhos-de-maes-solo-e-vitimas-de-violencia-poderao-ter-prioridade-na-escolha-de-vagas-em-creches-de-tubarao\/\",\"name\":\"Filhos de m\u00e3es solo e v\u00edtimas de viol\u00eancia poder\u00e3o ter prioridade na escolha de vagas em creches de Tubar\u00e3o -\",\"isPartOf\":{\"@id\":\"https:\/\/sulsc.com\/#website\"},\"datePublished\":\"2026-03-16T22:14:19+00:00\",\"dateModified\":\"2026-03-16T22:14:19+00:00\",\"author\":{\"@id\":\"https:\/\/sulsc.com\/#\/schema\/person\/84d2fc571684f6248ba83092f07750a3\"},\"breadcrumb\":{\"@id\":\"https:\/\/sulsc.com\/index.php\/2026\/03\/16\/filhos-de-maes-solo-e-vitimas-de-violencia-poderao-ter-prioridade-na-escolha-de-vagas-em-creches-de-tubarao\/#breadcrumb\"},\"inLanguage\":\"en-US\",\"potentialAction\":[{\"@type\":\"ReadAction\",\"target\":[\"https:\/\/sulsc.com\/index.php\/2026\/03\/16\/filhos-de-maes-solo-e-vitimas-de-violencia-poderao-ter-prioridade-na-escolha-de-vagas-em-creches-de-tubarao\/\"]}]},{\"@type\":\"BreadcrumbList\",\"@id\":\"https:\/\/sulsc.com\/index.php\/2026\/03\/16\/filhos-de-maes-solo-e-vitimas-de-violencia-poderao-ter-prioridade-na-escolha-de-vagas-em-creches-de-tubarao\/#breadcrumb\",\"itemListElement\":[{\"@type\":\"ListItem\",\"position\":1,\"name\":\"In\u00edcio\",\"item\":\"https:\/\/sulsc.com\/\"},{\"@type\":\"ListItem\",\"position\":2,\"name\":\"Filhos de m\u00e3es solo e v\u00edtimas de viol\u00eancia poder\u00e3o ter prioridade na escolha de vagas em creches de Tubar\u00e3o\"}]},{\"@type\":\"WebSite\",\"@id\":\"https:\/\/sulsc.com\/#website\",\"url\":\"https:\/\/sulsc.com\/\",\"name\":\"\",\"description\":\"\",\"potentialAction\":[{\"@type\":\"SearchAction\",\"target\":{\"@type\":\"EntryPoint\",\"urlTemplate\":\"https:\/\/sulsc.com\/?s={search_term_string}\"},\"query-input\":\"required name=search_term_string\"}],\"inLanguage\":\"en-US\"},{\"@type\":\"Person\",\"@id\":\"https:\/\/sulsc.com\/#\/schema\/person\/84d2fc571684f6248ba83092f07750a3\",\"name\":\"Reda\u00e7\u00e3o Sul SC\",\"image\":{\"@type\":\"ImageObject\",\"inLanguage\":\"en-US\",\"@id\":\"https:\/\/sulsc.com\/#\/schema\/person\/image\/e08d7fe2cc4ed596372063bbe852b8d0\",\"url\":\"https:\/\/sulsc.com\/wp-content\/uploads\/2023\/09\/redacao.png\",\"contentUrl\":\"https:\/\/sulsc.com\/wp-content\/uploads\/2023\/09\/redacao.png\",\"caption\":\"Reda\u00e7\u00e3o Sul SC\"},\"description\":\"Foco em um jornalismo imparcial, voltado \u00e0 qualidade dos seus conte\u00fados e, assim, levar informa\u00e7\u00e3o de valor que agregue \u00e0 vida dos leitores. Esta \u00e9 grande miss\u00e3o do Portal de Not\u00edcias Sul SC. N\u00e3o \u00e9 quantidade que muda o mundo, sempre foi e seguir\u00e1 sendo qualidade!\",\"sameAs\":[\"https:\/\/sulsc.com\/\",\"https:\/\/www.facebook.com\/profile.php?id=61559278119680\",\"https:\/\/www.instagram.com\/sulscportal\/?hl=pt-br\",\"https:\/\/twitter.com\/https:\/\/twitter.com\/PortalSulSC\",\"https:\/\/www.youtube.com\/channel\/UCv_BE8GeySluDov2n8qhVmw\"],\"url\":\"https:\/\/sulsc.com\/index.php\/author\/redacao\/\"}]}<\/script>\n<!-- \/ Yoast SEO plugin. -->","yoast_head_json":{"title":"Filhos de m\u00e3es solo e v\u00edtimas de viol\u00eancia poder\u00e3o ter prioridade na escolha de vagas em creches de Tubar\u00e3o -","robots":{"index":"index","follow":"follow","max-snippet":"max-snippet:-1","max-image-preview":"max-image-preview:large","max-video-preview":"max-video-preview:-1"},"canonical":"https:\/\/sulsc.com\/index.php\/2026\/03\/16\/filhos-de-maes-solo-e-vitimas-de-violencia-poderao-ter-prioridade-na-escolha-de-vagas-em-creches-de-tubarao\/","og_locale":"en_US","og_type":"article","og_title":"Filhos de m\u00e3es solo e v\u00edtimas de viol\u00eancia poder\u00e3o ter prioridade na escolha de vagas em creches de Tubar\u00e3o -","og_description":"Um projeto de lei foi protocolado nesta segunda-feira (16), na C\u00e2mara de Vereadores de Tubar\u00e3o pelo vereador Matheus Madeira (PT), o projeto de lei\u00a0 prev\u00ea a inclus\u00e3o de filhos de m\u00e3es solo e v\u00edtimas de viol\u00eancia dom\u00e9stica no rol de quem tem prefer\u00eancia na matr\u00edcula de crian\u00e7as na Rede Municipal de Ensino de Tubar\u00e3o. \u201cMuitas &hellip; Filhos de m\u00e3es solo e v\u00edtimas de viol\u00eancia poder\u00e3o ter prioridade na escolha de vagas em creches de Tubar\u00e3o Read More &raquo;","og_url":"https:\/\/sulsc.com\/index.php\/2026\/03\/16\/filhos-de-maes-solo-e-vitimas-de-violencia-poderao-ter-prioridade-na-escolha-de-vagas-em-creches-de-tubarao\/","article_author":"https:\/\/www.facebook.com\/profile.php?id=61559278119680","article_published_time":"2026-03-16T22:14:19+00:00","og_image":[{"width":786,"height":524,"url":"http:\/\/sulsc.com\/wp-content\/uploads\/2023\/10\/Agressao-Mulher.jpg","type":"image\/jpeg"}],"author":"Reda\u00e7\u00e3o Sul SC","twitter_card":"summary_large_image","twitter_creator":"@https:\/\/twitter.com\/PortalSulSC","twitter_misc":{"Written by":"Reda\u00e7\u00e3o Sul SC","Est. reading time":"2 minutes"},"schema":{"@context":"https:\/\/schema.org","@graph":[{"@type":"WebPage","@id":"https:\/\/sulsc.com\/index.php\/2026\/03\/16\/filhos-de-maes-solo-e-vitimas-de-violencia-poderao-ter-prioridade-na-escolha-de-vagas-em-creches-de-tubarao\/","url":"https:\/\/sulsc.com\/index.php\/2026\/03\/16\/filhos-de-maes-solo-e-vitimas-de-violencia-poderao-ter-prioridade-na-escolha-de-vagas-em-creches-de-tubarao\/","name":"Filhos de m\u00e3es solo e v\u00edtimas de viol\u00eancia poder\u00e3o ter prioridade na escolha de vagas em creches de Tubar\u00e3o -","isPartOf":{"@id":"https:\/\/sulsc.com\/#website"},"datePublished":"2026-03-16T22:14:19+00:00","dateModified":"2026-03-16T22:14:19+00:00","author":{"@id":"https:\/\/sulsc.com\/#\/schema\/person\/84d2fc571684f6248ba83092f07750a3"},"breadcrumb":{"@id":"https:\/\/sulsc.com\/index.php\/2026\/03\/16\/filhos-de-maes-solo-e-vitimas-de-violencia-poderao-ter-prioridade-na-escolha-de-vagas-em-creches-de-tubarao\/#breadcrumb"},"inLanguage":"en-US","potentialAction":[{"@type":"ReadAction","target":["https:\/\/sulsc.com\/index.php\/2026\/03\/16\/filhos-de-maes-solo-e-vitimas-de-violencia-poderao-ter-prioridade-na-escolha-de-vagas-em-creches-de-tubarao\/"]}]},{"@type":"BreadcrumbList","@id":"https:\/\/sulsc.com\/index.php\/2026\/03\/16\/filhos-de-maes-solo-e-vitimas-de-violencia-poderao-ter-prioridade-na-escolha-de-vagas-em-creches-de-tubarao\/#breadcrumb","itemListElement":[{"@type":"ListItem","position":1,"name":"In\u00edcio","item":"https:\/\/sulsc.com\/"},{"@type":"ListItem","position":2,"name":"Filhos de m\u00e3es solo e v\u00edtimas de viol\u00eancia poder\u00e3o ter prioridade na escolha de vagas em creches de Tubar\u00e3o"}]},{"@type":"WebSite","@id":"https:\/\/sulsc.com\/#website","url":"https:\/\/sulsc.com\/","name":"","description":"","potentialAction":[{"@type":"SearchAction","target":{"@type":"EntryPoint","urlTemplate":"https:\/\/sulsc.com\/?s={search_term_string}"},"query-input":"required name=search_term_string"}],"inLanguage":"en-US"},{"@type":"Person","@id":"https:\/\/sulsc.com\/#\/schema\/person\/84d2fc571684f6248ba83092f07750a3","name":"Reda\u00e7\u00e3o Sul SC","image":{"@type":"ImageObject","inLanguage":"en-US","@id":"https:\/\/sulsc.com\/#\/schema\/person\/image\/e08d7fe2cc4ed596372063bbe852b8d0","url":"https:\/\/sulsc.com\/wp-content\/uploads\/2023\/09\/redacao.png","contentUrl":"https:\/\/sulsc.com\/wp-content\/uploads\/2023\/09\/redacao.png","caption":"Reda\u00e7\u00e3o Sul SC"},"description":"Foco em um jornalismo imparcial, voltado \u00e0 qualidade dos seus conte\u00fados e, assim, levar informa\u00e7\u00e3o de valor que agregue \u00e0 vida dos leitores. Esta \u00e9 grande miss\u00e3o do Portal de Not\u00edcias Sul SC. N\u00e3o \u00e9 quantidade que muda o mundo, sempre foi e seguir\u00e1 sendo qualidade!","sameAs":["https:\/\/sulsc.com\/","https:\/\/www.facebook.com\/profile.php?id=61559278119680","https:\/\/www.instagram.com\/sulscportal\/?hl=pt-br","https:\/\/twitter.com\/https:\/\/twitter.com\/PortalSulSC","https:\/\/www.youtube.com\/channel\/UCv_BE8GeySluDov2n8qhVmw"],"url":"https:\/\/sulsc.com\/index.php\/author\/redacao\/"}]}},"authors":[],"_links":{"self":[{"href":"https:\/\/sulsc.com\/index.php\/wp-json\/wp\/v2\/posts\/33051"}],"collection":[{"href":"https:\/\/sulsc.com\/index.php\/wp-json\/wp\/v2\/posts"}],"about":[{"href":"https:\/\/sulsc.com\/index.php\/wp-json\/wp\/v2\/types\/post"}],"author":[{"embeddable":true,"href":"https:\/\/sulsc.com\/index.php\/wp-json\/wp\/v2\/users\/3"}],"replies":[{"embeddable":true,"href":"https:\/\/sulsc.com\/index.php\/wp-json\/wp\/v2\/comments?post=33051"}],"version-history":[{"count":1,"href":"https:\/\/sulsc.com\/index.php\/wp-json\/wp\/v2\/posts\/33051\/revisions"}],"predecessor-version":[{"id":33052,"href":"https:\/\/sulsc.com\/index.php\/wp-json\/wp\/v2\/posts\/33051\/revisions\/33052"}],"wp:featuredmedia":[{"embeddable":true,"href":"https:\/\/sulsc.com\/index.php\/wp-json\/wp\/v2\/media\/1791"}],"wp:attachment":[{"href":"https:\/\/sulsc.com\/index.php\/wp-json\/wp\/v2\/media?parent=33051"}],"wp:term":[{"taxonomy":"category","embeddable":true,"href":"https:\/\/sulsc.com\/index.php\/wp-json\/wp\/v2\/categories?post=33051"},{"taxonomy":"post_tag","embeddable":true,"href":"https:\/\/sulsc.com\/index.php\/wp-json\/wp\/v2\/tags?post=33051"}],"curies":[{"name":"wp","href":"https:\/\/api.w.org\/{rel}","templated":true}]}}