{"id":3312,"date":"2023-11-03T10:00:05","date_gmt":"2023-11-03T13:00:05","guid":{"rendered":"https:\/\/sulsc.com\/?p=3312"},"modified":"2023-11-03T10:25:40","modified_gmt":"2023-11-03T13:25:40","slug":"inscricoes-para-venda-de-lanches-por-ambulantes-no-periodo-do-natal-estao-abertas-em-tubarao","status":"publish","type":"post","link":"https:\/\/sulsc.com\/index.php\/2023\/11\/03\/inscricoes-para-venda-de-lanches-por-ambulantes-no-periodo-do-natal-estao-abertas-em-tubarao\/","title":{"rendered":"Inscri\u00e7\u00f5es para venda de lanches por ambulantes no per\u00edodo do Natal est\u00e3o abertas, em Tubar\u00e3o"},"content":{"rendered":"<p>As inscri\u00e7\u00f5es para retirada do alvar\u00e1, documento que autoriza os ambulantes a comercializar lanches nas \u00e1reas centrais do munic\u00edpio, abriram nesta quarta-feira (1) e podem ser realizadas at\u00e9 o dia 24 de novembro. Os vendedores que costumam atuar, durante o per\u00edodo de Natal, precisam estar atentos \u00e0s exig\u00eancias da secretaria de Urbanismo.<\/p>\n<p>As inscri\u00e7\u00f5es precisam ser feita presencialmente no Facilita Tubar\u00e3o. Os vendedores ambulantes precisam apresentar o certificado de Microempreendedor Individual (MEI), comprovante de resid\u00eancia e CPF. Depois, ser\u00e1 agendada uma reuni\u00e3o de instru\u00e7\u00e3o e entrega da autoriza\u00e7\u00e3o a todos os ambulantes inscritos.<\/p>\n<p>Durante o per\u00edodo de vendas para o Natal, a secretaria de Urbanismo far\u00e1 plant\u00e3o de fiscaliza\u00e7\u00e3o para assegurar o cumprimento da Legisla\u00e7\u00e3o Municipal e demais regras para garantir a seguran\u00e7a dos consumidores e dos pr\u00f3prios vendedores ambulantes.<\/p>\n<figure id=\"attachment_2299\" aria-describedby=\"caption-attachment-2299\" style=\"width: 1024px\" class=\"wp-caption alignnone\"><img fetchpriority=\"high\" decoding=\"async\" class=\"size-large wp-image-2299\" src=\"http:\/\/sulsc.com\/wp-content\/uploads\/2023\/10\/Comercio-Tubarao-2-1024x768.jpeg\" alt=\"\" width=\"1024\" height=\"768\" srcset=\"https:\/\/sulsc.com\/wp-content\/uploads\/2023\/10\/Comercio-Tubarao-2-1024x768.jpeg 1024w, https:\/\/sulsc.com\/wp-content\/uploads\/2023\/10\/Comercio-Tubarao-2-300x225.jpeg 300w, https:\/\/sulsc.com\/wp-content\/uploads\/2023\/10\/Comercio-Tubarao-2-768x576.jpeg 768w, https:\/\/sulsc.com\/wp-content\/uploads\/2023\/10\/Comercio-Tubarao-2-1536x1152.jpeg 1536w, https:\/\/sulsc.com\/wp-content\/uploads\/2023\/10\/Comercio-Tubarao-2.jpeg 1600w\" sizes=\"(max-width: 1024px) 100vw, 1024px\" \/><figcaption id=\"caption-attachment-2299\" class=\"wp-caption-text\">Foto: Priscila Loch<\/figcaption><\/figure>\n<p>Fonte: Pref. Tubar\u00e3o<\/p>\n","protected":false},"excerpt":{"rendered":"<p>As inscri\u00e7\u00f5es para retirada do alvar\u00e1, documento que autoriza os ambulantes a comercializar lanches nas \u00e1reas centrais do munic\u00edpio, abriram nesta quarta-feira (1) e podem ser realizadas at\u00e9 o dia 24 de novembro. Os vendedores que costumam atuar, durante o per\u00edodo de Natal, precisam estar atentos \u00e0s exig\u00eancias da secretaria de Urbanismo. As inscri\u00e7\u00f5es precisam &hellip;<\/p>\n<p class=\"read-more\"> <a class=\"\" href=\"https:\/\/sulsc.com\/index.php\/2023\/11\/03\/inscricoes-para-venda-de-lanches-por-ambulantes-no-periodo-do-natal-estao-abertas-em-tubarao\/\"> <span class=\"screen-reader-text\">Inscri\u00e7\u00f5es para venda de lanches por ambulantes no per\u00edodo do Natal est\u00e3o abertas, em Tubar\u00e3o<\/span> Read More &raquo;<\/a><\/p>\n","protected":false},"author":3,"featured_media":1980,"comment_status":"open","ping_status":"open","sticky":false,"template":"","format":"standard","meta":{"site-sidebar-layout":"default","site-content-layout":"","ast-site-content-layout":"default","site-content-style":"default","site-sidebar-style":"default","ast-global-header-display":"","ast-banner-title-visibility":"","ast-main-header-display":"","ast-hfb-above-header-display":"","ast-hfb-below-header-display":"","ast-hfb-mobile-header-display":"","site-post-title":"","ast-breadcrumbs-content":"","ast-featured-img":"","footer-sml-layout":"","theme-transparent-header-meta":"default","adv-header-id-meta":"","stick-header-meta":"","header-above-stick-meta":"","header-main-stick-meta":"","header-below-stick-meta":"","astra-migrate-meta-layouts":"set","footnotes":""},"categories":[11,1,21],"tags":[],"yoast_head":"<!-- This site is optimized with the Yoast SEO plugin v21.4 - https:\/\/yoast.com\/wordpress\/plugins\/seo\/ -->\n<title>Inscri\u00e7\u00f5es para venda de lanches por ambulantes no per\u00edodo do Natal est\u00e3o abertas, em Tubar\u00e3o -<\/title>\n<meta name=\"robots\" content=\"index, follow, max-snippet:-1, max-image-preview:large, max-video-preview:-1\" \/>\n<link rel=\"canonical\" href=\"https:\/\/sulsc.com\/index.php\/2023\/11\/03\/inscricoes-para-venda-de-lanches-por-ambulantes-no-periodo-do-natal-estao-abertas-em-tubarao\/\" \/>\n<meta property=\"og:locale\" content=\"en_US\" \/>\n<meta property=\"og:type\" content=\"article\" \/>\n<meta property=\"og:title\" content=\"Inscri\u00e7\u00f5es para venda de lanches por ambulantes no per\u00edodo do Natal est\u00e3o abertas, em Tubar\u00e3o -\" \/>\n<meta property=\"og:description\" content=\"As inscri\u00e7\u00f5es para retirada do alvar\u00e1, documento que autoriza os ambulantes a comercializar lanches nas \u00e1reas centrais do munic\u00edpio, abriram nesta quarta-feira (1) e podem ser realizadas at\u00e9 o dia 24 de novembro. Os vendedores que costumam atuar, durante o per\u00edodo de Natal, precisam estar atentos \u00e0s exig\u00eancias da secretaria de Urbanismo. As inscri\u00e7\u00f5es precisam &hellip; Inscri\u00e7\u00f5es para venda de lanches por ambulantes no per\u00edodo do Natal est\u00e3o abertas, em Tubar\u00e3o Read More &raquo;\" \/>\n<meta property=\"og:url\" content=\"https:\/\/sulsc.com\/index.php\/2023\/11\/03\/inscricoes-para-venda-de-lanches-por-ambulantes-no-periodo-do-natal-estao-abertas-em-tubarao\/\" \/>\n<meta property=\"article:author\" content=\"https:\/\/www.facebook.com\/profile.php?id=61559278119680\" \/>\n<meta property=\"article:published_time\" content=\"2023-11-03T13:00:05+00:00\" \/>\n<meta property=\"article:modified_time\" content=\"2023-11-03T13:25:40+00:00\" \/>\n<meta property=\"og:image\" content=\"http:\/\/sulsc.com\/wp-content\/uploads\/2023\/10\/comercio-tubarao.jpg\" \/>\n\t<meta property=\"og:image:width\" content=\"929\" \/>\n\t<meta property=\"og:image:height\" content=\"622\" \/>\n\t<meta property=\"og:image:type\" content=\"image\/jpeg\" \/>\n<meta name=\"author\" content=\"Reda\u00e7\u00e3o Sul SC\" \/>\n<meta name=\"twitter:card\" content=\"summary_large_image\" \/>\n<meta name=\"twitter:creator\" content=\"@https:\/\/twitter.com\/PortalSulSC\" \/>\n<meta name=\"twitter:label1\" content=\"Written by\" \/>\n\t<meta name=\"twitter:data1\" content=\"Reda\u00e7\u00e3o Sul SC\" \/>\n\t<meta name=\"twitter:label2\" content=\"Est. reading time\" \/>\n\t<meta name=\"twitter:data2\" content=\"1 minute\" \/>\n<script type=\"application\/ld+json\" class=\"yoast-schema-graph\">{\"@context\":\"https:\/\/schema.org\",\"@graph\":[{\"@type\":\"WebPage\",\"@id\":\"https:\/\/sulsc.com\/index.php\/2023\/11\/03\/inscricoes-para-venda-de-lanches-por-ambulantes-no-periodo-do-natal-estao-abertas-em-tubarao\/\",\"url\":\"https:\/\/sulsc.com\/index.php\/2023\/11\/03\/inscricoes-para-venda-de-lanches-por-ambulantes-no-periodo-do-natal-estao-abertas-em-tubarao\/\",\"name\":\"Inscri\u00e7\u00f5es para venda de lanches por ambulantes no per\u00edodo do Natal est\u00e3o abertas, em Tubar\u00e3o -\",\"isPartOf\":{\"@id\":\"https:\/\/sulsc.com\/#website\"},\"datePublished\":\"2023-11-03T13:00:05+00:00\",\"dateModified\":\"2023-11-03T13:25:40+00:00\",\"author\":{\"@id\":\"https:\/\/sulsc.com\/#\/schema\/person\/84d2fc571684f6248ba83092f07750a3\"},\"breadcrumb\":{\"@id\":\"https:\/\/sulsc.com\/index.php\/2023\/11\/03\/inscricoes-para-venda-de-lanches-por-ambulantes-no-periodo-do-natal-estao-abertas-em-tubarao\/#breadcrumb\"},\"inLanguage\":\"en-US\",\"potentialAction\":[{\"@type\":\"ReadAction\",\"target\":[\"https:\/\/sulsc.com\/index.php\/2023\/11\/03\/inscricoes-para-venda-de-lanches-por-ambulantes-no-periodo-do-natal-estao-abertas-em-tubarao\/\"]}]},{\"@type\":\"BreadcrumbList\",\"@id\":\"https:\/\/sulsc.com\/index.php\/2023\/11\/03\/inscricoes-para-venda-de-lanches-por-ambulantes-no-periodo-do-natal-estao-abertas-em-tubarao\/#breadcrumb\",\"itemListElement\":[{\"@type\":\"ListItem\",\"position\":1,\"name\":\"In\u00edcio\",\"item\":\"https:\/\/sulsc.com\/\"},{\"@type\":\"ListItem\",\"position\":2,\"name\":\"Inscri\u00e7\u00f5es para venda de lanches por ambulantes no per\u00edodo do Natal est\u00e3o abertas, em Tubar\u00e3o\"}]},{\"@type\":\"WebSite\",\"@id\":\"https:\/\/sulsc.com\/#website\",\"url\":\"https:\/\/sulsc.com\/\",\"name\":\"\",\"description\":\"\",\"potentialAction\":[{\"@type\":\"SearchAction\",\"target\":{\"@type\":\"EntryPoint\",\"urlTemplate\":\"https:\/\/sulsc.com\/?s={search_term_string}\"},\"query-input\":\"required name=search_term_string\"}],\"inLanguage\":\"en-US\"},{\"@type\":\"Person\",\"@id\":\"https:\/\/sulsc.com\/#\/schema\/person\/84d2fc571684f6248ba83092f07750a3\",\"name\":\"Reda\u00e7\u00e3o Sul SC\",\"image\":{\"@type\":\"ImageObject\",\"inLanguage\":\"en-US\",\"@id\":\"https:\/\/sulsc.com\/#\/schema\/person\/image\/e08d7fe2cc4ed596372063bbe852b8d0\",\"url\":\"https:\/\/sulsc.com\/wp-content\/uploads\/2023\/09\/redacao.png\",\"contentUrl\":\"https:\/\/sulsc.com\/wp-content\/uploads\/2023\/09\/redacao.png\",\"caption\":\"Reda\u00e7\u00e3o Sul SC\"},\"description\":\"Foco em um jornalismo imparcial, voltado \u00e0 qualidade dos seus conte\u00fados e, assim, levar informa\u00e7\u00e3o de valor que agregue \u00e0 vida dos leitores. Esta \u00e9 grande miss\u00e3o do Portal de Not\u00edcias Sul SC. N\u00e3o \u00e9 quantidade que muda o mundo, sempre foi e seguir\u00e1 sendo qualidade!\",\"sameAs\":[\"https:\/\/sulsc.com\/\",\"https:\/\/www.facebook.com\/profile.php?id=61559278119680\",\"https:\/\/www.instagram.com\/sulscportal\/?hl=pt-br\",\"https:\/\/twitter.com\/https:\/\/twitter.com\/PortalSulSC\",\"https:\/\/www.youtube.com\/channel\/UCv_BE8GeySluDov2n8qhVmw\"],\"url\":\"https:\/\/sulsc.com\/index.php\/author\/redacao\/\"}]}<\/script>\n<!-- \/ Yoast SEO plugin. -->","yoast_head_json":{"title":"Inscri\u00e7\u00f5es para venda de lanches por ambulantes no per\u00edodo do Natal est\u00e3o abertas, em Tubar\u00e3o -","robots":{"index":"index","follow":"follow","max-snippet":"max-snippet:-1","max-image-preview":"max-image-preview:large","max-video-preview":"max-video-preview:-1"},"canonical":"https:\/\/sulsc.com\/index.php\/2023\/11\/03\/inscricoes-para-venda-de-lanches-por-ambulantes-no-periodo-do-natal-estao-abertas-em-tubarao\/","og_locale":"en_US","og_type":"article","og_title":"Inscri\u00e7\u00f5es para venda de lanches por ambulantes no per\u00edodo do Natal est\u00e3o abertas, em Tubar\u00e3o -","og_description":"As inscri\u00e7\u00f5es para retirada do alvar\u00e1, documento que autoriza os ambulantes a comercializar lanches nas \u00e1reas centrais do munic\u00edpio, abriram nesta quarta-feira (1) e podem ser realizadas at\u00e9 o dia 24 de novembro. Os vendedores que costumam atuar, durante o per\u00edodo de Natal, precisam estar atentos \u00e0s exig\u00eancias da secretaria de Urbanismo. As inscri\u00e7\u00f5es precisam &hellip; Inscri\u00e7\u00f5es para venda de lanches por ambulantes no per\u00edodo do Natal est\u00e3o abertas, em Tubar\u00e3o Read More &raquo;","og_url":"https:\/\/sulsc.com\/index.php\/2023\/11\/03\/inscricoes-para-venda-de-lanches-por-ambulantes-no-periodo-do-natal-estao-abertas-em-tubarao\/","article_author":"https:\/\/www.facebook.com\/profile.php?id=61559278119680","article_published_time":"2023-11-03T13:00:05+00:00","article_modified_time":"2023-11-03T13:25:40+00:00","og_image":[{"width":929,"height":622,"url":"http:\/\/sulsc.com\/wp-content\/uploads\/2023\/10\/comercio-tubarao.jpg","type":"image\/jpeg"}],"author":"Reda\u00e7\u00e3o Sul SC","twitter_card":"summary_large_image","twitter_creator":"@https:\/\/twitter.com\/PortalSulSC","twitter_misc":{"Written by":"Reda\u00e7\u00e3o Sul SC","Est. reading time":"1 minute"},"schema":{"@context":"https:\/\/schema.org","@graph":[{"@type":"WebPage","@id":"https:\/\/sulsc.com\/index.php\/2023\/11\/03\/inscricoes-para-venda-de-lanches-por-ambulantes-no-periodo-do-natal-estao-abertas-em-tubarao\/","url":"https:\/\/sulsc.com\/index.php\/2023\/11\/03\/inscricoes-para-venda-de-lanches-por-ambulantes-no-periodo-do-natal-estao-abertas-em-tubarao\/","name":"Inscri\u00e7\u00f5es para venda de lanches por ambulantes no per\u00edodo do Natal est\u00e3o abertas, em Tubar\u00e3o -","isPartOf":{"@id":"https:\/\/sulsc.com\/#website"},"datePublished":"2023-11-03T13:00:05+00:00","dateModified":"2023-11-03T13:25:40+00:00","author":{"@id":"https:\/\/sulsc.com\/#\/schema\/person\/84d2fc571684f6248ba83092f07750a3"},"breadcrumb":{"@id":"https:\/\/sulsc.com\/index.php\/2023\/11\/03\/inscricoes-para-venda-de-lanches-por-ambulantes-no-periodo-do-natal-estao-abertas-em-tubarao\/#breadcrumb"},"inLanguage":"en-US","potentialAction":[{"@type":"ReadAction","target":["https:\/\/sulsc.com\/index.php\/2023\/11\/03\/inscricoes-para-venda-de-lanches-por-ambulantes-no-periodo-do-natal-estao-abertas-em-tubarao\/"]}]},{"@type":"BreadcrumbList","@id":"https:\/\/sulsc.com\/index.php\/2023\/11\/03\/inscricoes-para-venda-de-lanches-por-ambulantes-no-periodo-do-natal-estao-abertas-em-tubarao\/#breadcrumb","itemListElement":[{"@type":"ListItem","position":1,"name":"In\u00edcio","item":"https:\/\/sulsc.com\/"},{"@type":"ListItem","position":2,"name":"Inscri\u00e7\u00f5es para venda de lanches por ambulantes no per\u00edodo do Natal est\u00e3o abertas, em Tubar\u00e3o"}]},{"@type":"WebSite","@id":"https:\/\/sulsc.com\/#website","url":"https:\/\/sulsc.com\/","name":"","description":"","potentialAction":[{"@type":"SearchAction","target":{"@type":"EntryPoint","urlTemplate":"https:\/\/sulsc.com\/?s={search_term_string}"},"query-input":"required name=search_term_string"}],"inLanguage":"en-US"},{"@type":"Person","@id":"https:\/\/sulsc.com\/#\/schema\/person\/84d2fc571684f6248ba83092f07750a3","name":"Reda\u00e7\u00e3o Sul SC","image":{"@type":"ImageObject","inLanguage":"en-US","@id":"https:\/\/sulsc.com\/#\/schema\/person\/image\/e08d7fe2cc4ed596372063bbe852b8d0","url":"https:\/\/sulsc.com\/wp-content\/uploads\/2023\/09\/redacao.png","contentUrl":"https:\/\/sulsc.com\/wp-content\/uploads\/2023\/09\/redacao.png","caption":"Reda\u00e7\u00e3o Sul SC"},"description":"Foco em um jornalismo imparcial, voltado \u00e0 qualidade dos seus conte\u00fados e, assim, levar informa\u00e7\u00e3o de valor que agregue \u00e0 vida dos leitores. Esta \u00e9 grande miss\u00e3o do Portal de Not\u00edcias Sul SC. N\u00e3o \u00e9 quantidade que muda o mundo, sempre foi e seguir\u00e1 sendo qualidade!","sameAs":["https:\/\/sulsc.com\/","https:\/\/www.facebook.com\/profile.php?id=61559278119680","https:\/\/www.instagram.com\/sulscportal\/?hl=pt-br","https:\/\/twitter.com\/https:\/\/twitter.com\/PortalSulSC","https:\/\/www.youtube.com\/channel\/UCv_BE8GeySluDov2n8qhVmw"],"url":"https:\/\/sulsc.com\/index.php\/author\/redacao\/"}]}},"authors":[],"_links":{"self":[{"href":"https:\/\/sulsc.com\/index.php\/wp-json\/wp\/v2\/posts\/3312"}],"collection":[{"href":"https:\/\/sulsc.com\/index.php\/wp-json\/wp\/v2\/posts"}],"about":[{"href":"https:\/\/sulsc.com\/index.php\/wp-json\/wp\/v2\/types\/post"}],"author":[{"embeddable":true,"href":"https:\/\/sulsc.com\/index.php\/wp-json\/wp\/v2\/users\/3"}],"replies":[{"embeddable":true,"href":"https:\/\/sulsc.com\/index.php\/wp-json\/wp\/v2\/comments?post=3312"}],"version-history":[{"count":1,"href":"https:\/\/sulsc.com\/index.php\/wp-json\/wp\/v2\/posts\/3312\/revisions"}],"predecessor-version":[{"id":3313,"href":"https:\/\/sulsc.com\/index.php\/wp-json\/wp\/v2\/posts\/3312\/revisions\/3313"}],"wp:featuredmedia":[{"embeddable":true,"href":"https:\/\/sulsc.com\/index.php\/wp-json\/wp\/v2\/media\/1980"}],"wp:attachment":[{"href":"https:\/\/sulsc.com\/index.php\/wp-json\/wp\/v2\/media?parent=3312"}],"wp:term":[{"taxonomy":"category","embeddable":true,"href":"https:\/\/sulsc.com\/index.php\/wp-json\/wp\/v2\/categories?post=3312"},{"taxonomy":"post_tag","embeddable":true,"href":"https:\/\/sulsc.com\/index.php\/wp-json\/wp\/v2\/tags?post=3312"}],"curies":[{"name":"wp","href":"https:\/\/api.w.org\/{rel}","templated":true}]}}