{"id":3321,"date":"2023-11-03T11:30:05","date_gmt":"2023-11-03T14:30:05","guid":{"rendered":"https:\/\/sulsc.com\/?p=3321"},"modified":"2023-11-03T10:24:19","modified_gmt":"2023-11-03T13:24:19","slug":"inteligencia-artificial-de-tributos-e-fiscalizacao-tributaria-municipal-e-incorporada-ao-site-de-imbituba","status":"publish","type":"post","link":"https:\/\/sulsc.com\/index.php\/2023\/11\/03\/inteligencia-artificial-de-tributos-e-fiscalizacao-tributaria-municipal-e-incorporada-ao-site-de-imbituba\/","title":{"rendered":"Intelig\u00eancia Artificial de Tributos e Fiscaliza\u00e7\u00e3o Tribut\u00e1ria Municipal \u00e9 incorporada ao site de Imbituba"},"content":{"rendered":"<p>A Prefeitura de Imbituba passa a disponibilizar, no site do munic\u00edpio, um espa\u00e7o que direciona o usu\u00e1rio \u00e0 plataforma \u201cContributo\u201d. A plataforma, desenvolvida com Intelig\u00eancia Artificial de Tributos e Fiscaliza\u00e7\u00e3o Tribut\u00e1ria Municipal, foi criada para responder d\u00favidas tribut\u00e1rias municipais.<\/p>\n<p>O espa\u00e7o que est\u00e1 dispon\u00edvel desde a ter\u00e7a-feira (31), \u00e9 atualizado e preparado para as reformas tribut\u00e1rias em andamento. No endere\u00e7o eletr\u00f4nico, h\u00e1 uma vers\u00e3o para os agentes p\u00fablicos e uma para os contribuintes.\u00a0Na vers\u00e3o para os agentes p\u00fablicos cadastrados, h\u00e1 respostas fundamentadas sobre quest\u00f5es tribut\u00e1rias municipais, v\u00eddeos, artigos e textos complementares.<\/p>\n<p>J\u00e1 na vers\u00e3o para os contribuintes, os empres\u00e1rios, contadores e cidad\u00e3os podem entender como \u00e9 emitida uma Certid\u00e3o Negativa de D\u00e9bitos (CND), bem como, como \u00e9 feito um protocolo e uma al\u00edquota de impostos. Tamb\u00e9m \u00e9 poss\u00edvel obter informa\u00e7\u00f5es sobre o Simples Nacional e sobre nota do Micro Empreendedor Individual (MEI).<\/p>\n<p>O endere\u00e7o eletr\u00f4nico para mais informa\u00e7\u00f5es \u00e9 o <a href=\"https:\/\/contributo.info\/imbituba\/\">https:\/\/contributo.info\/imbituba\/<\/a>.<\/p>\n<p>&nbsp;<\/p>\n<p><img fetchpriority=\"high\" decoding=\"async\" class=\"alignnone size-full wp-image-3322\" src=\"http:\/\/sulsc.com\/wp-content\/uploads\/2023\/11\/inteligencia-artificial-de-tributos.png\" alt=\"\" width=\"800\" height=\"445\" srcset=\"https:\/\/sulsc.com\/wp-content\/uploads\/2023\/11\/inteligencia-artificial-de-tributos.png 800w, https:\/\/sulsc.com\/wp-content\/uploads\/2023\/11\/inteligencia-artificial-de-tributos-300x167.png 300w, https:\/\/sulsc.com\/wp-content\/uploads\/2023\/11\/inteligencia-artificial-de-tributos-768x427.png 768w\" sizes=\"(max-width: 800px) 100vw, 800px\" \/><\/p>\n<p>Fonte: Pref. Imbituba<\/p>\n","protected":false},"excerpt":{"rendered":"<p>A Prefeitura de Imbituba passa a disponibilizar, no site do munic\u00edpio, um espa\u00e7o que direciona o usu\u00e1rio \u00e0 plataforma \u201cContributo\u201d. A plataforma, desenvolvida com Intelig\u00eancia Artificial de Tributos e Fiscaliza\u00e7\u00e3o Tribut\u00e1ria Municipal, foi criada para responder d\u00favidas tribut\u00e1rias municipais. O espa\u00e7o que est\u00e1 dispon\u00edvel desde a ter\u00e7a-feira (31), \u00e9 atualizado e preparado para as reformas &hellip;<\/p>\n<p class=\"read-more\"> <a class=\"\" href=\"https:\/\/sulsc.com\/index.php\/2023\/11\/03\/inteligencia-artificial-de-tributos-e-fiscalizacao-tributaria-municipal-e-incorporada-ao-site-de-imbituba\/\"> <span class=\"screen-reader-text\">Intelig\u00eancia Artificial de Tributos e Fiscaliza\u00e7\u00e3o Tribut\u00e1ria Municipal \u00e9 incorporada ao site de Imbituba<\/span> Read More &raquo;<\/a><\/p>\n","protected":false},"author":3,"featured_media":3323,"comment_status":"open","ping_status":"open","sticky":false,"template":"","format":"standard","meta":{"site-sidebar-layout":"default","site-content-layout":"","ast-site-content-layout":"default","site-content-style":"default","site-sidebar-style":"default","ast-global-header-display":"","ast-banner-title-visibility":"","ast-main-header-display":"","ast-hfb-above-header-display":"","ast-hfb-below-header-display":"","ast-hfb-mobile-header-display":"","site-post-title":"","ast-breadcrumbs-content":"","ast-featured-img":"","footer-sml-layout":"","theme-transparent-header-meta":"default","adv-header-id-meta":"","stick-header-meta":"","header-above-stick-meta":"","header-main-stick-meta":"","header-below-stick-meta":"","astra-migrate-meta-layouts":"set","footnotes":""},"categories":[1,41],"tags":[],"yoast_head":"<!-- This site is optimized with the Yoast SEO plugin v21.4 - https:\/\/yoast.com\/wordpress\/plugins\/seo\/ -->\n<title>Intelig\u00eancia Artificial de Tributos e Fiscaliza\u00e7\u00e3o Tribut\u00e1ria Municipal \u00e9 incorporada ao site de Imbituba -<\/title>\n<meta name=\"robots\" content=\"index, follow, max-snippet:-1, max-image-preview:large, max-video-preview:-1\" \/>\n<link rel=\"canonical\" href=\"https:\/\/sulsc.com\/index.php\/2023\/11\/03\/inteligencia-artificial-de-tributos-e-fiscalizacao-tributaria-municipal-e-incorporada-ao-site-de-imbituba\/\" \/>\n<meta property=\"og:locale\" content=\"en_US\" \/>\n<meta property=\"og:type\" content=\"article\" \/>\n<meta property=\"og:title\" content=\"Intelig\u00eancia Artificial de Tributos e Fiscaliza\u00e7\u00e3o Tribut\u00e1ria Municipal \u00e9 incorporada ao site de Imbituba -\" \/>\n<meta property=\"og:description\" content=\"A Prefeitura de Imbituba passa a disponibilizar, no site do munic\u00edpio, um espa\u00e7o que direciona o usu\u00e1rio \u00e0 plataforma \u201cContributo\u201d. A plataforma, desenvolvida com Intelig\u00eancia Artificial de Tributos e Fiscaliza\u00e7\u00e3o Tribut\u00e1ria Municipal, foi criada para responder d\u00favidas tribut\u00e1rias municipais. O espa\u00e7o que est\u00e1 dispon\u00edvel desde a ter\u00e7a-feira (31), \u00e9 atualizado e preparado para as reformas &hellip; Intelig\u00eancia Artificial de Tributos e Fiscaliza\u00e7\u00e3o Tribut\u00e1ria Municipal \u00e9 incorporada ao site de Imbituba Read More &raquo;\" \/>\n<meta property=\"og:url\" content=\"https:\/\/sulsc.com\/index.php\/2023\/11\/03\/inteligencia-artificial-de-tributos-e-fiscalizacao-tributaria-municipal-e-incorporada-ao-site-de-imbituba\/\" \/>\n<meta property=\"article:author\" content=\"https:\/\/www.facebook.com\/profile.php?id=61559278119680\" \/>\n<meta property=\"article:published_time\" content=\"2023-11-03T14:30:05+00:00\" \/>\n<meta property=\"article:modified_time\" content=\"2023-11-03T13:24:19+00:00\" \/>\n<meta property=\"og:image\" content=\"https:\/\/sulsc.com\/wp-content\/uploads\/2023\/11\/pessoa-que-usa-a-ferramenta-ai-no-trabalho-scaled.jpg\" \/>\n\t<meta property=\"og:image:width\" content=\"2560\" \/>\n\t<meta property=\"og:image:height\" content=\"1839\" \/>\n\t<meta property=\"og:image:type\" content=\"image\/jpeg\" \/>\n<meta name=\"author\" content=\"Reda\u00e7\u00e3o Sul SC\" \/>\n<meta name=\"twitter:card\" content=\"summary_large_image\" \/>\n<meta name=\"twitter:creator\" content=\"@https:\/\/twitter.com\/PortalSulSC\" \/>\n<meta name=\"twitter:label1\" content=\"Written by\" \/>\n\t<meta name=\"twitter:data1\" content=\"Reda\u00e7\u00e3o Sul SC\" \/>\n\t<meta name=\"twitter:label2\" content=\"Est. reading time\" \/>\n\t<meta name=\"twitter:data2\" content=\"2 minutes\" \/>\n<script type=\"application\/ld+json\" class=\"yoast-schema-graph\">{\"@context\":\"https:\/\/schema.org\",\"@graph\":[{\"@type\":\"WebPage\",\"@id\":\"https:\/\/sulsc.com\/index.php\/2023\/11\/03\/inteligencia-artificial-de-tributos-e-fiscalizacao-tributaria-municipal-e-incorporada-ao-site-de-imbituba\/\",\"url\":\"https:\/\/sulsc.com\/index.php\/2023\/11\/03\/inteligencia-artificial-de-tributos-e-fiscalizacao-tributaria-municipal-e-incorporada-ao-site-de-imbituba\/\",\"name\":\"Intelig\u00eancia Artificial de Tributos e Fiscaliza\u00e7\u00e3o Tribut\u00e1ria Municipal \u00e9 incorporada ao site de Imbituba -\",\"isPartOf\":{\"@id\":\"https:\/\/sulsc.com\/#website\"},\"datePublished\":\"2023-11-03T14:30:05+00:00\",\"dateModified\":\"2023-11-03T13:24:19+00:00\",\"author\":{\"@id\":\"https:\/\/sulsc.com\/#\/schema\/person\/84d2fc571684f6248ba83092f07750a3\"},\"breadcrumb\":{\"@id\":\"https:\/\/sulsc.com\/index.php\/2023\/11\/03\/inteligencia-artificial-de-tributos-e-fiscalizacao-tributaria-municipal-e-incorporada-ao-site-de-imbituba\/#breadcrumb\"},\"inLanguage\":\"en-US\",\"potentialAction\":[{\"@type\":\"ReadAction\",\"target\":[\"https:\/\/sulsc.com\/index.php\/2023\/11\/03\/inteligencia-artificial-de-tributos-e-fiscalizacao-tributaria-municipal-e-incorporada-ao-site-de-imbituba\/\"]}]},{\"@type\":\"BreadcrumbList\",\"@id\":\"https:\/\/sulsc.com\/index.php\/2023\/11\/03\/inteligencia-artificial-de-tributos-e-fiscalizacao-tributaria-municipal-e-incorporada-ao-site-de-imbituba\/#breadcrumb\",\"itemListElement\":[{\"@type\":\"ListItem\",\"position\":1,\"name\":\"In\u00edcio\",\"item\":\"https:\/\/sulsc.com\/\"},{\"@type\":\"ListItem\",\"position\":2,\"name\":\"Intelig\u00eancia Artificial de Tributos e Fiscaliza\u00e7\u00e3o Tribut\u00e1ria Municipal \u00e9 incorporada ao site de Imbituba\"}]},{\"@type\":\"WebSite\",\"@id\":\"https:\/\/sulsc.com\/#website\",\"url\":\"https:\/\/sulsc.com\/\",\"name\":\"\",\"description\":\"\",\"potentialAction\":[{\"@type\":\"SearchAction\",\"target\":{\"@type\":\"EntryPoint\",\"urlTemplate\":\"https:\/\/sulsc.com\/?s={search_term_string}\"},\"query-input\":\"required name=search_term_string\"}],\"inLanguage\":\"en-US\"},{\"@type\":\"Person\",\"@id\":\"https:\/\/sulsc.com\/#\/schema\/person\/84d2fc571684f6248ba83092f07750a3\",\"name\":\"Reda\u00e7\u00e3o Sul SC\",\"image\":{\"@type\":\"ImageObject\",\"inLanguage\":\"en-US\",\"@id\":\"https:\/\/sulsc.com\/#\/schema\/person\/image\/e08d7fe2cc4ed596372063bbe852b8d0\",\"url\":\"https:\/\/sulsc.com\/wp-content\/uploads\/2023\/09\/redacao.png\",\"contentUrl\":\"https:\/\/sulsc.com\/wp-content\/uploads\/2023\/09\/redacao.png\",\"caption\":\"Reda\u00e7\u00e3o Sul SC\"},\"description\":\"Foco em um jornalismo imparcial, voltado \u00e0 qualidade dos seus conte\u00fados e, assim, levar informa\u00e7\u00e3o de valor que agregue \u00e0 vida dos leitores. Esta \u00e9 grande miss\u00e3o do Portal de Not\u00edcias Sul SC. N\u00e3o \u00e9 quantidade que muda o mundo, sempre foi e seguir\u00e1 sendo qualidade!\",\"sameAs\":[\"https:\/\/sulsc.com\/\",\"https:\/\/www.facebook.com\/profile.php?id=61559278119680\",\"https:\/\/www.instagram.com\/sulscportal\/?hl=pt-br\",\"https:\/\/twitter.com\/https:\/\/twitter.com\/PortalSulSC\",\"https:\/\/www.youtube.com\/channel\/UCv_BE8GeySluDov2n8qhVmw\"],\"url\":\"https:\/\/sulsc.com\/index.php\/author\/redacao\/\"}]}<\/script>\n<!-- \/ Yoast SEO plugin. -->","yoast_head_json":{"title":"Intelig\u00eancia Artificial de Tributos e Fiscaliza\u00e7\u00e3o Tribut\u00e1ria Municipal \u00e9 incorporada ao site de Imbituba -","robots":{"index":"index","follow":"follow","max-snippet":"max-snippet:-1","max-image-preview":"max-image-preview:large","max-video-preview":"max-video-preview:-1"},"canonical":"https:\/\/sulsc.com\/index.php\/2023\/11\/03\/inteligencia-artificial-de-tributos-e-fiscalizacao-tributaria-municipal-e-incorporada-ao-site-de-imbituba\/","og_locale":"en_US","og_type":"article","og_title":"Intelig\u00eancia Artificial de Tributos e Fiscaliza\u00e7\u00e3o Tribut\u00e1ria Municipal \u00e9 incorporada ao site de Imbituba -","og_description":"A Prefeitura de Imbituba passa a disponibilizar, no site do munic\u00edpio, um espa\u00e7o que direciona o usu\u00e1rio \u00e0 plataforma \u201cContributo\u201d. A plataforma, desenvolvida com Intelig\u00eancia Artificial de Tributos e Fiscaliza\u00e7\u00e3o Tribut\u00e1ria Municipal, foi criada para responder d\u00favidas tribut\u00e1rias municipais. O espa\u00e7o que est\u00e1 dispon\u00edvel desde a ter\u00e7a-feira (31), \u00e9 atualizado e preparado para as reformas &hellip; Intelig\u00eancia Artificial de Tributos e Fiscaliza\u00e7\u00e3o Tribut\u00e1ria Municipal \u00e9 incorporada ao site de Imbituba Read More &raquo;","og_url":"https:\/\/sulsc.com\/index.php\/2023\/11\/03\/inteligencia-artificial-de-tributos-e-fiscalizacao-tributaria-municipal-e-incorporada-ao-site-de-imbituba\/","article_author":"https:\/\/www.facebook.com\/profile.php?id=61559278119680","article_published_time":"2023-11-03T14:30:05+00:00","article_modified_time":"2023-11-03T13:24:19+00:00","og_image":[{"width":2560,"height":1839,"url":"https:\/\/sulsc.com\/wp-content\/uploads\/2023\/11\/pessoa-que-usa-a-ferramenta-ai-no-trabalho-scaled.jpg","type":"image\/jpeg"}],"author":"Reda\u00e7\u00e3o Sul SC","twitter_card":"summary_large_image","twitter_creator":"@https:\/\/twitter.com\/PortalSulSC","twitter_misc":{"Written by":"Reda\u00e7\u00e3o Sul SC","Est. reading time":"2 minutes"},"schema":{"@context":"https:\/\/schema.org","@graph":[{"@type":"WebPage","@id":"https:\/\/sulsc.com\/index.php\/2023\/11\/03\/inteligencia-artificial-de-tributos-e-fiscalizacao-tributaria-municipal-e-incorporada-ao-site-de-imbituba\/","url":"https:\/\/sulsc.com\/index.php\/2023\/11\/03\/inteligencia-artificial-de-tributos-e-fiscalizacao-tributaria-municipal-e-incorporada-ao-site-de-imbituba\/","name":"Intelig\u00eancia Artificial de Tributos e Fiscaliza\u00e7\u00e3o Tribut\u00e1ria Municipal \u00e9 incorporada ao site de Imbituba -","isPartOf":{"@id":"https:\/\/sulsc.com\/#website"},"datePublished":"2023-11-03T14:30:05+00:00","dateModified":"2023-11-03T13:24:19+00:00","author":{"@id":"https:\/\/sulsc.com\/#\/schema\/person\/84d2fc571684f6248ba83092f07750a3"},"breadcrumb":{"@id":"https:\/\/sulsc.com\/index.php\/2023\/11\/03\/inteligencia-artificial-de-tributos-e-fiscalizacao-tributaria-municipal-e-incorporada-ao-site-de-imbituba\/#breadcrumb"},"inLanguage":"en-US","potentialAction":[{"@type":"ReadAction","target":["https:\/\/sulsc.com\/index.php\/2023\/11\/03\/inteligencia-artificial-de-tributos-e-fiscalizacao-tributaria-municipal-e-incorporada-ao-site-de-imbituba\/"]}]},{"@type":"BreadcrumbList","@id":"https:\/\/sulsc.com\/index.php\/2023\/11\/03\/inteligencia-artificial-de-tributos-e-fiscalizacao-tributaria-municipal-e-incorporada-ao-site-de-imbituba\/#breadcrumb","itemListElement":[{"@type":"ListItem","position":1,"name":"In\u00edcio","item":"https:\/\/sulsc.com\/"},{"@type":"ListItem","position":2,"name":"Intelig\u00eancia Artificial de Tributos e Fiscaliza\u00e7\u00e3o Tribut\u00e1ria Municipal \u00e9 incorporada ao site de Imbituba"}]},{"@type":"WebSite","@id":"https:\/\/sulsc.com\/#website","url":"https:\/\/sulsc.com\/","name":"","description":"","potentialAction":[{"@type":"SearchAction","target":{"@type":"EntryPoint","urlTemplate":"https:\/\/sulsc.com\/?s={search_term_string}"},"query-input":"required name=search_term_string"}],"inLanguage":"en-US"},{"@type":"Person","@id":"https:\/\/sulsc.com\/#\/schema\/person\/84d2fc571684f6248ba83092f07750a3","name":"Reda\u00e7\u00e3o Sul SC","image":{"@type":"ImageObject","inLanguage":"en-US","@id":"https:\/\/sulsc.com\/#\/schema\/person\/image\/e08d7fe2cc4ed596372063bbe852b8d0","url":"https:\/\/sulsc.com\/wp-content\/uploads\/2023\/09\/redacao.png","contentUrl":"https:\/\/sulsc.com\/wp-content\/uploads\/2023\/09\/redacao.png","caption":"Reda\u00e7\u00e3o Sul SC"},"description":"Foco em um jornalismo imparcial, voltado \u00e0 qualidade dos seus conte\u00fados e, assim, levar informa\u00e7\u00e3o de valor que agregue \u00e0 vida dos leitores. Esta \u00e9 grande miss\u00e3o do Portal de Not\u00edcias Sul SC. N\u00e3o \u00e9 quantidade que muda o mundo, sempre foi e seguir\u00e1 sendo qualidade!","sameAs":["https:\/\/sulsc.com\/","https:\/\/www.facebook.com\/profile.php?id=61559278119680","https:\/\/www.instagram.com\/sulscportal\/?hl=pt-br","https:\/\/twitter.com\/https:\/\/twitter.com\/PortalSulSC","https:\/\/www.youtube.com\/channel\/UCv_BE8GeySluDov2n8qhVmw"],"url":"https:\/\/sulsc.com\/index.php\/author\/redacao\/"}]}},"authors":[],"_links":{"self":[{"href":"https:\/\/sulsc.com\/index.php\/wp-json\/wp\/v2\/posts\/3321"}],"collection":[{"href":"https:\/\/sulsc.com\/index.php\/wp-json\/wp\/v2\/posts"}],"about":[{"href":"https:\/\/sulsc.com\/index.php\/wp-json\/wp\/v2\/types\/post"}],"author":[{"embeddable":true,"href":"https:\/\/sulsc.com\/index.php\/wp-json\/wp\/v2\/users\/3"}],"replies":[{"embeddable":true,"href":"https:\/\/sulsc.com\/index.php\/wp-json\/wp\/v2\/comments?post=3321"}],"version-history":[{"count":1,"href":"https:\/\/sulsc.com\/index.php\/wp-json\/wp\/v2\/posts\/3321\/revisions"}],"predecessor-version":[{"id":3324,"href":"https:\/\/sulsc.com\/index.php\/wp-json\/wp\/v2\/posts\/3321\/revisions\/3324"}],"wp:featuredmedia":[{"embeddable":true,"href":"https:\/\/sulsc.com\/index.php\/wp-json\/wp\/v2\/media\/3323"}],"wp:attachment":[{"href":"https:\/\/sulsc.com\/index.php\/wp-json\/wp\/v2\/media?parent=3321"}],"wp:term":[{"taxonomy":"category","embeddable":true,"href":"https:\/\/sulsc.com\/index.php\/wp-json\/wp\/v2\/categories?post=3321"},{"taxonomy":"post_tag","embeddable":true,"href":"https:\/\/sulsc.com\/index.php\/wp-json\/wp\/v2\/tags?post=3321"}],"curies":[{"name":"wp","href":"https:\/\/api.w.org\/{rel}","templated":true}]}}