{"id":3329,"date":"2023-11-03T15:30:10","date_gmt":"2023-11-03T18:30:10","guid":{"rendered":"https:\/\/sulsc.com\/?p=3329"},"modified":"2023-11-03T12:24:20","modified_gmt":"2023-11-03T15:24:20","slug":"inscricao-para-premiacao-de-agentes-e-espacos-culturais-em-tubarao-encerram-na-proxima-semana","status":"publish","type":"post","link":"https:\/\/sulsc.com\/index.php\/2023\/11\/03\/inscricao-para-premiacao-de-agentes-e-espacos-culturais-em-tubarao-encerram-na-proxima-semana\/","title":{"rendered":"Inscri\u00e7\u00e3o para premia\u00e7\u00e3o de agentes e espa\u00e7os culturais, em Tubar\u00e3o, encerram na pr\u00f3xima semana"},"content":{"rendered":"<p>O prazo de inscri\u00e7\u00f5es no Edital de Chamamento P\u00fablico n\u00ba 001\/2023 para premia\u00e7\u00e3o de agentes e espa\u00e7os culturais com recursos da Lei Complementar n\u00ba 195\/2022 (Lei Paulo Gustavo), se encerram na pr\u00f3xima quinta-feira (9).\u00a0A comiss\u00e3o respons\u00e1vel pela promo\u00e7\u00e3o da Lei no munic\u00edpio de Tubar\u00e3o reuniu-se mais uma vez nesta quarta-feira (1) para avaliar e homologar as inscri\u00e7\u00f5es que j\u00e1 est\u00e3o chegando.<\/p>\n<p>A etapa de avalia\u00e7\u00e3o final com notas para os produtos culturais, acontecer\u00e1 ap\u00f3s findado o prazo de inscri\u00e7\u00f5es.\u00a0Para o presidente da Funda\u00e7\u00e3o Municipal de Cultura e presidente da comiss\u00e3o, os recursos que ser\u00e3o inseridos no munic\u00edpio com esta premia\u00e7\u00e3o servir\u00e3o para incrementar ainda mais a cultura local.<\/p>\n<p>\u201cS\u00e3o mais de 800 mil reais em forma de premia\u00e7\u00e3o, aos quais qualquer fazedor de cultura tem acesso e pode representar um bom incremento na arte e na vida de cada um, por isso estamos conclamando os agentes culturais a participarem e se inscreverem\u201d, argumenta Ramires.<\/p>\n<p>Pode se inscrever no Edital qualquer agente cultural residente em Tubar\u00e3o h\u00e1 pelo menos um ano, com no m\u00ednimo dois anos de atividade cultural, sendo Pessoa F\u00edsica ou Microempreendedor Individual (MEI) ou Coletivo Informal sem CNPJ representado por pessoa f\u00edsica; Pessoa Jur\u00eddica com fins lucrativos e Pessoa Jur\u00eddica sem fins lucrativos.<\/p>\n<p>O candidato deve encaminhar a documenta\u00e7\u00e3o exigida pelo edital, por meio do <a href=\"https:\/\/tubarao.1doc.com.br\/b.php?pg=wp\/wp&amp;itd=9\">protocolo web dispon\u00edvel no site da prefeitura de Tubar\u00e3o<\/a>. Eventuais dificuldades em acessar ou pessoas sem acesso \u00e0 internet podem buscar aux\u00edlio, pessoalmente, no Facilita Tubar\u00e3o das 8h \u00e0s 18h. J\u00e1 para sanar d\u00favidas sobre o edital, o candidato deve se dirigir \u00e0 sede da gest\u00e3o da Funda\u00e7\u00e3o Municipal de Cultura, das 13h \u00e0s 19h ou ligar para (48) \u2013 36219867.<\/p>\n<p>A Lei Complementar 195, de 8 de julho de 2022, conhecida como \u201cLei Paulo Gustavo\u201d, vai direcionar mais de R$ 3,8 bilh\u00f5es para os estados e munic\u00edpios brasileiros, com a finalidade de apoiar emergencialmente o setor cultural, especialmente na \u00e1rea do audiovisual.<\/p>\n<p>O munic\u00edpio de Tubar\u00e3o receber\u00e1 por esta Lei o valor de R$ 891.224,44, que ser\u00e3o distribu\u00eddos em forma de premia\u00e7\u00e3o e fomento a produtos, a\u00e7\u00f5es e projetos culturais da seguinte maneira: R$ 472.170,71 destinados na forma de premia\u00e7\u00e3o aos agentes culturais do audiovisual; R$ 107.927,28 destinados \u00e0 reforma da sala de cinema existente no Centro Municipal de Cultura; R$ 54.186,44 destinados na forma de premia\u00e7\u00e3o aos setores de forma\u00e7\u00e3o, qualifica\u00e7\u00e3o e difus\u00e3o; e R$ 256.940,01 destinados \u00e0s demais \u00e1reas da cultura.<\/p>\n<p>Para outras informa\u00e7\u00f5es, <a href=\"https:\/\/tubarao.sc.gov.br\/lei-paulo-gustavo\/\">acesse aqu<\/a>i, constam informa\u00e7\u00f5es importantes sobre os trabalhos realizados pela comiss\u00e3o espec\u00edfica da Lei Paulo Gustavo e da Funda\u00e7\u00e3o Municipal de Cultura. Vale a pena destacar que o munic\u00edpio de Tubar\u00e3o j\u00e1 tem seu plano de a\u00e7\u00e3o aprovado pelo TransfereGov e seu termo de ades\u00e3o devidamente assinado.<\/p>\n<div><img fetchpriority=\"high\" decoding=\"async\" class=\"alignnone size-full wp-image-3330\" src=\"http:\/\/sulsc.com\/wp-content\/uploads\/2023\/11\/Inscricao-para-premiacao-de-agentes-e-espacos-culturais-em-Tubarao-encerram-na-proxima-semana.jpeg\" alt=\"\" width=\"800\" height=\"445\" srcset=\"https:\/\/sulsc.com\/wp-content\/uploads\/2023\/11\/Inscricao-para-premiacao-de-agentes-e-espacos-culturais-em-Tubarao-encerram-na-proxima-semana.jpeg 800w, https:\/\/sulsc.com\/wp-content\/uploads\/2023\/11\/Inscricao-para-premiacao-de-agentes-e-espacos-culturais-em-Tubarao-encerram-na-proxima-semana-300x167.jpeg 300w, https:\/\/sulsc.com\/wp-content\/uploads\/2023\/11\/Inscricao-para-premiacao-de-agentes-e-espacos-culturais-em-Tubarao-encerram-na-proxima-semana-768x427.jpeg 768w\" sizes=\"(max-width: 800px) 100vw, 800px\" \/><\/div>\n<div>Fonte: Pref. Tubar\u00e3o<\/div>\n","protected":false},"excerpt":{"rendered":"<p>O prazo de inscri\u00e7\u00f5es no Edital de Chamamento P\u00fablico n\u00ba 001\/2023 para premia\u00e7\u00e3o de agentes e espa\u00e7os culturais com recursos da Lei Complementar n\u00ba 195\/2022 (Lei Paulo Gustavo), se encerram na pr\u00f3xima quinta-feira (9).\u00a0A comiss\u00e3o respons\u00e1vel pela promo\u00e7\u00e3o da Lei no munic\u00edpio de Tubar\u00e3o reuniu-se mais uma vez nesta quarta-feira (1) para avaliar e homologar &hellip;<\/p>\n<p class=\"read-more\"> <a class=\"\" href=\"https:\/\/sulsc.com\/index.php\/2023\/11\/03\/inscricao-para-premiacao-de-agentes-e-espacos-culturais-em-tubarao-encerram-na-proxima-semana\/\"> <span class=\"screen-reader-text\">Inscri\u00e7\u00e3o para premia\u00e7\u00e3o de agentes e espa\u00e7os culturais, em Tubar\u00e3o, encerram na pr\u00f3xima semana<\/span> Read More &raquo;<\/a><\/p>\n","protected":false},"author":3,"featured_media":3330,"comment_status":"open","ping_status":"open","sticky":false,"template":"","format":"standard","meta":{"site-sidebar-layout":"default","site-content-layout":"","ast-site-content-layout":"default","site-content-style":"default","site-sidebar-style":"default","ast-global-header-display":"","ast-banner-title-visibility":"","ast-main-header-display":"","ast-hfb-above-header-display":"","ast-hfb-below-header-display":"","ast-hfb-mobile-header-display":"","site-post-title":"","ast-breadcrumbs-content":"","ast-featured-img":"","footer-sml-layout":"","theme-transparent-header-meta":"default","adv-header-id-meta":"","stick-header-meta":"","header-above-stick-meta":"","header-main-stick-meta":"","header-below-stick-meta":"","astra-migrate-meta-layouts":"set","footnotes":""},"categories":[1],"tags":[],"yoast_head":"<!-- This site is optimized with the Yoast SEO plugin v21.4 - https:\/\/yoast.com\/wordpress\/plugins\/seo\/ -->\n<title>Inscri\u00e7\u00e3o para premia\u00e7\u00e3o de agentes e espa\u00e7os culturais, em Tubar\u00e3o, encerram na pr\u00f3xima semana -<\/title>\n<meta name=\"robots\" content=\"index, follow, max-snippet:-1, max-image-preview:large, max-video-preview:-1\" \/>\n<link rel=\"canonical\" href=\"https:\/\/sulsc.com\/index.php\/2023\/11\/03\/inscricao-para-premiacao-de-agentes-e-espacos-culturais-em-tubarao-encerram-na-proxima-semana\/\" \/>\n<meta property=\"og:locale\" content=\"en_US\" \/>\n<meta property=\"og:type\" content=\"article\" \/>\n<meta property=\"og:title\" content=\"Inscri\u00e7\u00e3o para premia\u00e7\u00e3o de agentes e espa\u00e7os culturais, em Tubar\u00e3o, encerram na pr\u00f3xima semana -\" \/>\n<meta property=\"og:description\" content=\"O prazo de inscri\u00e7\u00f5es no Edital de Chamamento P\u00fablico n\u00ba 001\/2023 para premia\u00e7\u00e3o de agentes e espa\u00e7os culturais com recursos da Lei Complementar n\u00ba 195\/2022 (Lei Paulo Gustavo), se encerram na pr\u00f3xima quinta-feira (9).\u00a0A comiss\u00e3o respons\u00e1vel pela promo\u00e7\u00e3o da Lei no munic\u00edpio de Tubar\u00e3o reuniu-se mais uma vez nesta quarta-feira (1) para avaliar e homologar &hellip; Inscri\u00e7\u00e3o para premia\u00e7\u00e3o de agentes e espa\u00e7os culturais, em Tubar\u00e3o, encerram na pr\u00f3xima semana Read More &raquo;\" \/>\n<meta property=\"og:url\" content=\"https:\/\/sulsc.com\/index.php\/2023\/11\/03\/inscricao-para-premiacao-de-agentes-e-espacos-culturais-em-tubarao-encerram-na-proxima-semana\/\" \/>\n<meta property=\"article:author\" content=\"https:\/\/www.facebook.com\/profile.php?id=61559278119680\" \/>\n<meta property=\"article:published_time\" content=\"2023-11-03T18:30:10+00:00\" \/>\n<meta property=\"article:modified_time\" content=\"2023-11-03T15:24:20+00:00\" \/>\n<meta property=\"og:image\" content=\"https:\/\/sulsc.com\/wp-content\/uploads\/2023\/11\/Inscricao-para-premiacao-de-agentes-e-espacos-culturais-em-Tubarao-encerram-na-proxima-semana.jpeg\" \/>\n\t<meta property=\"og:image:width\" content=\"800\" \/>\n\t<meta property=\"og:image:height\" content=\"445\" \/>\n\t<meta property=\"og:image:type\" content=\"image\/jpeg\" \/>\n<meta name=\"author\" content=\"Reda\u00e7\u00e3o Sul SC\" \/>\n<meta name=\"twitter:card\" content=\"summary_large_image\" \/>\n<meta name=\"twitter:creator\" content=\"@https:\/\/twitter.com\/PortalSulSC\" \/>\n<meta name=\"twitter:label1\" content=\"Written by\" \/>\n\t<meta name=\"twitter:data1\" content=\"Reda\u00e7\u00e3o Sul SC\" \/>\n\t<meta name=\"twitter:label2\" content=\"Est. reading time\" \/>\n\t<meta name=\"twitter:data2\" content=\"3 minutes\" \/>\n<script type=\"application\/ld+json\" class=\"yoast-schema-graph\">{\"@context\":\"https:\/\/schema.org\",\"@graph\":[{\"@type\":\"WebPage\",\"@id\":\"https:\/\/sulsc.com\/index.php\/2023\/11\/03\/inscricao-para-premiacao-de-agentes-e-espacos-culturais-em-tubarao-encerram-na-proxima-semana\/\",\"url\":\"https:\/\/sulsc.com\/index.php\/2023\/11\/03\/inscricao-para-premiacao-de-agentes-e-espacos-culturais-em-tubarao-encerram-na-proxima-semana\/\",\"name\":\"Inscri\u00e7\u00e3o para premia\u00e7\u00e3o de agentes e espa\u00e7os culturais, em Tubar\u00e3o, encerram na pr\u00f3xima semana -\",\"isPartOf\":{\"@id\":\"https:\/\/sulsc.com\/#website\"},\"datePublished\":\"2023-11-03T18:30:10+00:00\",\"dateModified\":\"2023-11-03T15:24:20+00:00\",\"author\":{\"@id\":\"https:\/\/sulsc.com\/#\/schema\/person\/84d2fc571684f6248ba83092f07750a3\"},\"breadcrumb\":{\"@id\":\"https:\/\/sulsc.com\/index.php\/2023\/11\/03\/inscricao-para-premiacao-de-agentes-e-espacos-culturais-em-tubarao-encerram-na-proxima-semana\/#breadcrumb\"},\"inLanguage\":\"en-US\",\"potentialAction\":[{\"@type\":\"ReadAction\",\"target\":[\"https:\/\/sulsc.com\/index.php\/2023\/11\/03\/inscricao-para-premiacao-de-agentes-e-espacos-culturais-em-tubarao-encerram-na-proxima-semana\/\"]}]},{\"@type\":\"BreadcrumbList\",\"@id\":\"https:\/\/sulsc.com\/index.php\/2023\/11\/03\/inscricao-para-premiacao-de-agentes-e-espacos-culturais-em-tubarao-encerram-na-proxima-semana\/#breadcrumb\",\"itemListElement\":[{\"@type\":\"ListItem\",\"position\":1,\"name\":\"In\u00edcio\",\"item\":\"https:\/\/sulsc.com\/\"},{\"@type\":\"ListItem\",\"position\":2,\"name\":\"Inscri\u00e7\u00e3o para premia\u00e7\u00e3o de agentes e espa\u00e7os culturais, em Tubar\u00e3o, encerram na pr\u00f3xima semana\"}]},{\"@type\":\"WebSite\",\"@id\":\"https:\/\/sulsc.com\/#website\",\"url\":\"https:\/\/sulsc.com\/\",\"name\":\"\",\"description\":\"\",\"potentialAction\":[{\"@type\":\"SearchAction\",\"target\":{\"@type\":\"EntryPoint\",\"urlTemplate\":\"https:\/\/sulsc.com\/?s={search_term_string}\"},\"query-input\":\"required name=search_term_string\"}],\"inLanguage\":\"en-US\"},{\"@type\":\"Person\",\"@id\":\"https:\/\/sulsc.com\/#\/schema\/person\/84d2fc571684f6248ba83092f07750a3\",\"name\":\"Reda\u00e7\u00e3o Sul SC\",\"image\":{\"@type\":\"ImageObject\",\"inLanguage\":\"en-US\",\"@id\":\"https:\/\/sulsc.com\/#\/schema\/person\/image\/e08d7fe2cc4ed596372063bbe852b8d0\",\"url\":\"https:\/\/sulsc.com\/wp-content\/uploads\/2023\/09\/redacao.png\",\"contentUrl\":\"https:\/\/sulsc.com\/wp-content\/uploads\/2023\/09\/redacao.png\",\"caption\":\"Reda\u00e7\u00e3o Sul SC\"},\"description\":\"Foco em um jornalismo imparcial, voltado \u00e0 qualidade dos seus conte\u00fados e, assim, levar informa\u00e7\u00e3o de valor que agregue \u00e0 vida dos leitores. Esta \u00e9 grande miss\u00e3o do Portal de Not\u00edcias Sul SC. N\u00e3o \u00e9 quantidade que muda o mundo, sempre foi e seguir\u00e1 sendo qualidade!\",\"sameAs\":[\"https:\/\/sulsc.com\/\",\"https:\/\/www.facebook.com\/profile.php?id=61559278119680\",\"https:\/\/www.instagram.com\/sulscportal\/?hl=pt-br\",\"https:\/\/twitter.com\/https:\/\/twitter.com\/PortalSulSC\",\"https:\/\/www.youtube.com\/channel\/UCv_BE8GeySluDov2n8qhVmw\"],\"url\":\"https:\/\/sulsc.com\/index.php\/author\/redacao\/\"}]}<\/script>\n<!-- \/ Yoast SEO plugin. -->","yoast_head_json":{"title":"Inscri\u00e7\u00e3o para premia\u00e7\u00e3o de agentes e espa\u00e7os culturais, em Tubar\u00e3o, encerram na pr\u00f3xima semana -","robots":{"index":"index","follow":"follow","max-snippet":"max-snippet:-1","max-image-preview":"max-image-preview:large","max-video-preview":"max-video-preview:-1"},"canonical":"https:\/\/sulsc.com\/index.php\/2023\/11\/03\/inscricao-para-premiacao-de-agentes-e-espacos-culturais-em-tubarao-encerram-na-proxima-semana\/","og_locale":"en_US","og_type":"article","og_title":"Inscri\u00e7\u00e3o para premia\u00e7\u00e3o de agentes e espa\u00e7os culturais, em Tubar\u00e3o, encerram na pr\u00f3xima semana -","og_description":"O prazo de inscri\u00e7\u00f5es no Edital de Chamamento P\u00fablico n\u00ba 001\/2023 para premia\u00e7\u00e3o de agentes e espa\u00e7os culturais com recursos da Lei Complementar n\u00ba 195\/2022 (Lei Paulo Gustavo), se encerram na pr\u00f3xima quinta-feira (9).\u00a0A comiss\u00e3o respons\u00e1vel pela promo\u00e7\u00e3o da Lei no munic\u00edpio de Tubar\u00e3o reuniu-se mais uma vez nesta quarta-feira (1) para avaliar e homologar &hellip; Inscri\u00e7\u00e3o para premia\u00e7\u00e3o de agentes e espa\u00e7os culturais, em Tubar\u00e3o, encerram na pr\u00f3xima semana Read More &raquo;","og_url":"https:\/\/sulsc.com\/index.php\/2023\/11\/03\/inscricao-para-premiacao-de-agentes-e-espacos-culturais-em-tubarao-encerram-na-proxima-semana\/","article_author":"https:\/\/www.facebook.com\/profile.php?id=61559278119680","article_published_time":"2023-11-03T18:30:10+00:00","article_modified_time":"2023-11-03T15:24:20+00:00","og_image":[{"width":800,"height":445,"url":"https:\/\/sulsc.com\/wp-content\/uploads\/2023\/11\/Inscricao-para-premiacao-de-agentes-e-espacos-culturais-em-Tubarao-encerram-na-proxima-semana.jpeg","type":"image\/jpeg"}],"author":"Reda\u00e7\u00e3o Sul SC","twitter_card":"summary_large_image","twitter_creator":"@https:\/\/twitter.com\/PortalSulSC","twitter_misc":{"Written by":"Reda\u00e7\u00e3o Sul SC","Est. reading time":"3 minutes"},"schema":{"@context":"https:\/\/schema.org","@graph":[{"@type":"WebPage","@id":"https:\/\/sulsc.com\/index.php\/2023\/11\/03\/inscricao-para-premiacao-de-agentes-e-espacos-culturais-em-tubarao-encerram-na-proxima-semana\/","url":"https:\/\/sulsc.com\/index.php\/2023\/11\/03\/inscricao-para-premiacao-de-agentes-e-espacos-culturais-em-tubarao-encerram-na-proxima-semana\/","name":"Inscri\u00e7\u00e3o para premia\u00e7\u00e3o de agentes e espa\u00e7os culturais, em Tubar\u00e3o, encerram na pr\u00f3xima semana -","isPartOf":{"@id":"https:\/\/sulsc.com\/#website"},"datePublished":"2023-11-03T18:30:10+00:00","dateModified":"2023-11-03T15:24:20+00:00","author":{"@id":"https:\/\/sulsc.com\/#\/schema\/person\/84d2fc571684f6248ba83092f07750a3"},"breadcrumb":{"@id":"https:\/\/sulsc.com\/index.php\/2023\/11\/03\/inscricao-para-premiacao-de-agentes-e-espacos-culturais-em-tubarao-encerram-na-proxima-semana\/#breadcrumb"},"inLanguage":"en-US","potentialAction":[{"@type":"ReadAction","target":["https:\/\/sulsc.com\/index.php\/2023\/11\/03\/inscricao-para-premiacao-de-agentes-e-espacos-culturais-em-tubarao-encerram-na-proxima-semana\/"]}]},{"@type":"BreadcrumbList","@id":"https:\/\/sulsc.com\/index.php\/2023\/11\/03\/inscricao-para-premiacao-de-agentes-e-espacos-culturais-em-tubarao-encerram-na-proxima-semana\/#breadcrumb","itemListElement":[{"@type":"ListItem","position":1,"name":"In\u00edcio","item":"https:\/\/sulsc.com\/"},{"@type":"ListItem","position":2,"name":"Inscri\u00e7\u00e3o para premia\u00e7\u00e3o de agentes e espa\u00e7os culturais, em Tubar\u00e3o, encerram na pr\u00f3xima semana"}]},{"@type":"WebSite","@id":"https:\/\/sulsc.com\/#website","url":"https:\/\/sulsc.com\/","name":"","description":"","potentialAction":[{"@type":"SearchAction","target":{"@type":"EntryPoint","urlTemplate":"https:\/\/sulsc.com\/?s={search_term_string}"},"query-input":"required name=search_term_string"}],"inLanguage":"en-US"},{"@type":"Person","@id":"https:\/\/sulsc.com\/#\/schema\/person\/84d2fc571684f6248ba83092f07750a3","name":"Reda\u00e7\u00e3o Sul SC","image":{"@type":"ImageObject","inLanguage":"en-US","@id":"https:\/\/sulsc.com\/#\/schema\/person\/image\/e08d7fe2cc4ed596372063bbe852b8d0","url":"https:\/\/sulsc.com\/wp-content\/uploads\/2023\/09\/redacao.png","contentUrl":"https:\/\/sulsc.com\/wp-content\/uploads\/2023\/09\/redacao.png","caption":"Reda\u00e7\u00e3o Sul SC"},"description":"Foco em um jornalismo imparcial, voltado \u00e0 qualidade dos seus conte\u00fados e, assim, levar informa\u00e7\u00e3o de valor que agregue \u00e0 vida dos leitores. Esta \u00e9 grande miss\u00e3o do Portal de Not\u00edcias Sul SC. N\u00e3o \u00e9 quantidade que muda o mundo, sempre foi e seguir\u00e1 sendo qualidade!","sameAs":["https:\/\/sulsc.com\/","https:\/\/www.facebook.com\/profile.php?id=61559278119680","https:\/\/www.instagram.com\/sulscportal\/?hl=pt-br","https:\/\/twitter.com\/https:\/\/twitter.com\/PortalSulSC","https:\/\/www.youtube.com\/channel\/UCv_BE8GeySluDov2n8qhVmw"],"url":"https:\/\/sulsc.com\/index.php\/author\/redacao\/"}]}},"authors":[],"_links":{"self":[{"href":"https:\/\/sulsc.com\/index.php\/wp-json\/wp\/v2\/posts\/3329"}],"collection":[{"href":"https:\/\/sulsc.com\/index.php\/wp-json\/wp\/v2\/posts"}],"about":[{"href":"https:\/\/sulsc.com\/index.php\/wp-json\/wp\/v2\/types\/post"}],"author":[{"embeddable":true,"href":"https:\/\/sulsc.com\/index.php\/wp-json\/wp\/v2\/users\/3"}],"replies":[{"embeddable":true,"href":"https:\/\/sulsc.com\/index.php\/wp-json\/wp\/v2\/comments?post=3329"}],"version-history":[{"count":1,"href":"https:\/\/sulsc.com\/index.php\/wp-json\/wp\/v2\/posts\/3329\/revisions"}],"predecessor-version":[{"id":3331,"href":"https:\/\/sulsc.com\/index.php\/wp-json\/wp\/v2\/posts\/3329\/revisions\/3331"}],"wp:featuredmedia":[{"embeddable":true,"href":"https:\/\/sulsc.com\/index.php\/wp-json\/wp\/v2\/media\/3330"}],"wp:attachment":[{"href":"https:\/\/sulsc.com\/index.php\/wp-json\/wp\/v2\/media?parent=3329"}],"wp:term":[{"taxonomy":"category","embeddable":true,"href":"https:\/\/sulsc.com\/index.php\/wp-json\/wp\/v2\/categories?post=3329"},{"taxonomy":"post_tag","embeddable":true,"href":"https:\/\/sulsc.com\/index.php\/wp-json\/wp\/v2\/tags?post=3329"}],"curies":[{"name":"wp","href":"https:\/\/api.w.org\/{rel}","templated":true}]}}