{"id":3349,"date":"2023-11-03T17:30:24","date_gmt":"2023-11-03T20:30:24","guid":{"rendered":"https:\/\/sulsc.com\/?p=3349"},"modified":"2023-11-03T17:00:02","modified_gmt":"2023-11-03T20:00:02","slug":"obra-no-reservatorio-de-agua-sera-realizada-neste-domingo-5-em-tubarao","status":"publish","type":"post","link":"https:\/\/sulsc.com\/index.php\/2023\/11\/03\/obra-no-reservatorio-de-agua-sera-realizada-neste-domingo-5-em-tubarao\/","title":{"rendered":"Obra no reservat\u00f3rio de \u00e1gua ser\u00e1 realizada neste domingo (5), em Tubar\u00e3o"},"content":{"rendered":"<p>A Tubar\u00e3o Saneamento solicita que os moradores dos bairros da Margem Esquerda fechem, novamente, o registro de \u00e1gua \u00e0s 21 horas de domingo (5), para finaliza\u00e7\u00e3o da obra de interliga\u00e7\u00e3o do Reservat\u00f3rio R2. Durante o fechamento tempor\u00e1rio dos registros, os usu\u00e1rios devem utilizar de forma consciente a \u00e1gua dos reservat\u00f3rios individuais de cada resid\u00eancia. O trabalho seguir\u00e1 durante a madrugada e o sistema deve ser retomado \u00e0s 12 horas de segunda-feira (06).<\/p>\n<p>De maneira programada, em um per\u00edodo que possui um menor fluxo de consumo, a concession\u00e1ria precisa desligar o acesso \u00e0 rede, para interligar a nova obra, que deve beneficiar cerca de 16 mil fam\u00edlias com mais 30% de agilidade na entrega de \u00e1gua. \u201cN\u00f3s entendemos que esse trabalho pode gerar algum impacto na rotina da popula\u00e7\u00e3o, embora por um per\u00edodo curto. Por\u00e9m recomendamos que sejam seguidas as orienta\u00e7\u00f5es. Estamos na \u00faltima etapa, depois dos \u00faltimos ajustes operacionais, toda a popula\u00e7\u00e3o, que \u00e9 atendida pelo reservat\u00f3rio, sentir\u00e1 as melhorias\u201d, salienta o diretor Marcelo Matos.<\/p>\n<p>Ao t\u00e9rmino da obra, na retomada do sistema, pode haver falta de \u00e1gua, altera\u00e7\u00e3o na colora\u00e7\u00e3o e baixa press\u00e3o em todos os bairros da Margem Esquerda: Bom Pastor, Caruru, Dehon, Guarda, Humait\u00e1 de Cima, Humait\u00e1 Centro, Morrotes, Revoredo, S\u00e3o Bernardo, S\u00e3o Jo\u00e3o ME, S\u00e3o Martinho, S\u00e3o Raimundo e Vila Esperan\u00e7a, al\u00e9m do munic\u00edpio de Capivari de Baixo.<\/p>\n<p>A empresa agradece a compreens\u00e3o dos clientes e recomenda a utiliza\u00e7\u00e3o da \u00e1gua existente nos reservat\u00f3rios de forma consciente. Em casos de chuva ou outras interfer\u00eancias, pode ocorrer mudan\u00e7a na programa\u00e7\u00e3o. Para mais informa\u00e7\u00f5es, a Tubar\u00e3o Saneamento orienta o contato via WhatsApp 48 99168-5827, pelos telefones 0800 648 9596 e (48) 3052-7400, ou no site tubaraosaneamento.com.br.<\/p>\n<p><img fetchpriority=\"high\" decoding=\"async\" class=\"alignnone size-full wp-image-947\" src=\"http:\/\/sulsc.com\/wp-content\/uploads\/2023\/09\/Obras-Tubarao-Saneamento.png\" alt=\"\" width=\"800\" height=\"644\" srcset=\"https:\/\/sulsc.com\/wp-content\/uploads\/2023\/09\/Obras-Tubarao-Saneamento.png 800w, https:\/\/sulsc.com\/wp-content\/uploads\/2023\/09\/Obras-Tubarao-Saneamento-300x242.png 300w, https:\/\/sulsc.com\/wp-content\/uploads\/2023\/09\/Obras-Tubarao-Saneamento-768x618.png 768w\" sizes=\"(max-width: 800px) 100vw, 800px\" \/><\/p>\n","protected":false},"excerpt":{"rendered":"<p>A Tubar\u00e3o Saneamento solicita que os moradores dos bairros da Margem Esquerda fechem, novamente, o registro de \u00e1gua \u00e0s 21 horas de domingo (5), para finaliza\u00e7\u00e3o da obra de interliga\u00e7\u00e3o do Reservat\u00f3rio R2. Durante o fechamento tempor\u00e1rio dos registros, os usu\u00e1rios devem utilizar de forma consciente a \u00e1gua dos reservat\u00f3rios individuais de cada resid\u00eancia. O &hellip;<\/p>\n<p class=\"read-more\"> <a class=\"\" href=\"https:\/\/sulsc.com\/index.php\/2023\/11\/03\/obra-no-reservatorio-de-agua-sera-realizada-neste-domingo-5-em-tubarao\/\"> <span class=\"screen-reader-text\">Obra no reservat\u00f3rio de \u00e1gua ser\u00e1 realizada neste domingo (5), em Tubar\u00e3o<\/span> Read More &raquo;<\/a><\/p>\n","protected":false},"author":3,"featured_media":967,"comment_status":"open","ping_status":"open","sticky":false,"template":"","format":"standard","meta":{"site-sidebar-layout":"default","site-content-layout":"","ast-site-content-layout":"default","site-content-style":"default","site-sidebar-style":"default","ast-global-header-display":"","ast-banner-title-visibility":"","ast-main-header-display":"","ast-hfb-above-header-display":"","ast-hfb-below-header-display":"","ast-hfb-mobile-header-display":"","site-post-title":"","ast-breadcrumbs-content":"","ast-featured-img":"","footer-sml-layout":"","theme-transparent-header-meta":"default","adv-header-id-meta":"","stick-header-meta":"","header-above-stick-meta":"","header-main-stick-meta":"","header-below-stick-meta":"","astra-migrate-meta-layouts":"set","footnotes":""},"categories":[1,21],"tags":[],"yoast_head":"<!-- This site is optimized with the Yoast SEO plugin v21.4 - https:\/\/yoast.com\/wordpress\/plugins\/seo\/ -->\n<title>Obra no reservat\u00f3rio de \u00e1gua ser\u00e1 realizada neste domingo (5), em Tubar\u00e3o -<\/title>\n<meta name=\"robots\" content=\"index, follow, max-snippet:-1, max-image-preview:large, max-video-preview:-1\" \/>\n<link rel=\"canonical\" href=\"https:\/\/sulsc.com\/index.php\/2023\/11\/03\/obra-no-reservatorio-de-agua-sera-realizada-neste-domingo-5-em-tubarao\/\" \/>\n<meta property=\"og:locale\" content=\"en_US\" \/>\n<meta property=\"og:type\" content=\"article\" \/>\n<meta property=\"og:title\" content=\"Obra no reservat\u00f3rio de \u00e1gua ser\u00e1 realizada neste domingo (5), em Tubar\u00e3o -\" \/>\n<meta property=\"og:description\" content=\"A Tubar\u00e3o Saneamento solicita que os moradores dos bairros da Margem Esquerda fechem, novamente, o registro de \u00e1gua \u00e0s 21 horas de domingo (5), para finaliza\u00e7\u00e3o da obra de interliga\u00e7\u00e3o do Reservat\u00f3rio R2. Durante o fechamento tempor\u00e1rio dos registros, os usu\u00e1rios devem utilizar de forma consciente a \u00e1gua dos reservat\u00f3rios individuais de cada resid\u00eancia. O &hellip; Obra no reservat\u00f3rio de \u00e1gua ser\u00e1 realizada neste domingo (5), em Tubar\u00e3o Read More &raquo;\" \/>\n<meta property=\"og:url\" content=\"https:\/\/sulsc.com\/index.php\/2023\/11\/03\/obra-no-reservatorio-de-agua-sera-realizada-neste-domingo-5-em-tubarao\/\" \/>\n<meta property=\"article:author\" content=\"https:\/\/www.facebook.com\/profile.php?id=61559278119680\" \/>\n<meta property=\"article:published_time\" content=\"2023-11-03T20:30:24+00:00\" \/>\n<meta property=\"article:modified_time\" content=\"2023-11-03T20:00:02+00:00\" \/>\n<meta property=\"og:image\" content=\"https:\/\/sulsc.com\/wp-content\/uploads\/2023\/09\/Obras-Tubarao-Saneamento.jpeg\" \/>\n\t<meta property=\"og:image:width\" content=\"640\" \/>\n\t<meta property=\"og:image:height\" content=\"480\" \/>\n\t<meta property=\"og:image:type\" content=\"image\/jpeg\" \/>\n<meta name=\"author\" content=\"Reda\u00e7\u00e3o Sul SC\" \/>\n<meta name=\"twitter:card\" content=\"summary_large_image\" \/>\n<meta name=\"twitter:creator\" content=\"@https:\/\/twitter.com\/PortalSulSC\" \/>\n<meta name=\"twitter:label1\" content=\"Written by\" \/>\n\t<meta name=\"twitter:data1\" content=\"Reda\u00e7\u00e3o Sul SC\" \/>\n\t<meta name=\"twitter:label2\" content=\"Est. reading time\" \/>\n\t<meta name=\"twitter:data2\" content=\"2 minutes\" \/>\n<script type=\"application\/ld+json\" class=\"yoast-schema-graph\">{\"@context\":\"https:\/\/schema.org\",\"@graph\":[{\"@type\":\"WebPage\",\"@id\":\"https:\/\/sulsc.com\/index.php\/2023\/11\/03\/obra-no-reservatorio-de-agua-sera-realizada-neste-domingo-5-em-tubarao\/\",\"url\":\"https:\/\/sulsc.com\/index.php\/2023\/11\/03\/obra-no-reservatorio-de-agua-sera-realizada-neste-domingo-5-em-tubarao\/\",\"name\":\"Obra no reservat\u00f3rio de \u00e1gua ser\u00e1 realizada neste domingo (5), em Tubar\u00e3o -\",\"isPartOf\":{\"@id\":\"https:\/\/sulsc.com\/#website\"},\"datePublished\":\"2023-11-03T20:30:24+00:00\",\"dateModified\":\"2023-11-03T20:00:02+00:00\",\"author\":{\"@id\":\"https:\/\/sulsc.com\/#\/schema\/person\/84d2fc571684f6248ba83092f07750a3\"},\"breadcrumb\":{\"@id\":\"https:\/\/sulsc.com\/index.php\/2023\/11\/03\/obra-no-reservatorio-de-agua-sera-realizada-neste-domingo-5-em-tubarao\/#breadcrumb\"},\"inLanguage\":\"en-US\",\"potentialAction\":[{\"@type\":\"ReadAction\",\"target\":[\"https:\/\/sulsc.com\/index.php\/2023\/11\/03\/obra-no-reservatorio-de-agua-sera-realizada-neste-domingo-5-em-tubarao\/\"]}]},{\"@type\":\"BreadcrumbList\",\"@id\":\"https:\/\/sulsc.com\/index.php\/2023\/11\/03\/obra-no-reservatorio-de-agua-sera-realizada-neste-domingo-5-em-tubarao\/#breadcrumb\",\"itemListElement\":[{\"@type\":\"ListItem\",\"position\":1,\"name\":\"In\u00edcio\",\"item\":\"https:\/\/sulsc.com\/\"},{\"@type\":\"ListItem\",\"position\":2,\"name\":\"Obra no reservat\u00f3rio de \u00e1gua ser\u00e1 realizada neste domingo (5), em Tubar\u00e3o\"}]},{\"@type\":\"WebSite\",\"@id\":\"https:\/\/sulsc.com\/#website\",\"url\":\"https:\/\/sulsc.com\/\",\"name\":\"\",\"description\":\"\",\"potentialAction\":[{\"@type\":\"SearchAction\",\"target\":{\"@type\":\"EntryPoint\",\"urlTemplate\":\"https:\/\/sulsc.com\/?s={search_term_string}\"},\"query-input\":\"required name=search_term_string\"}],\"inLanguage\":\"en-US\"},{\"@type\":\"Person\",\"@id\":\"https:\/\/sulsc.com\/#\/schema\/person\/84d2fc571684f6248ba83092f07750a3\",\"name\":\"Reda\u00e7\u00e3o Sul SC\",\"image\":{\"@type\":\"ImageObject\",\"inLanguage\":\"en-US\",\"@id\":\"https:\/\/sulsc.com\/#\/schema\/person\/image\/e08d7fe2cc4ed596372063bbe852b8d0\",\"url\":\"https:\/\/sulsc.com\/wp-content\/uploads\/2023\/09\/redacao.png\",\"contentUrl\":\"https:\/\/sulsc.com\/wp-content\/uploads\/2023\/09\/redacao.png\",\"caption\":\"Reda\u00e7\u00e3o Sul SC\"},\"description\":\"Foco em um jornalismo imparcial, voltado \u00e0 qualidade dos seus conte\u00fados e, assim, levar informa\u00e7\u00e3o de valor que agregue \u00e0 vida dos leitores. Esta \u00e9 grande miss\u00e3o do Portal de Not\u00edcias Sul SC. N\u00e3o \u00e9 quantidade que muda o mundo, sempre foi e seguir\u00e1 sendo qualidade!\",\"sameAs\":[\"https:\/\/sulsc.com\/\",\"https:\/\/www.facebook.com\/profile.php?id=61559278119680\",\"https:\/\/www.instagram.com\/sulscportal\/?hl=pt-br\",\"https:\/\/twitter.com\/https:\/\/twitter.com\/PortalSulSC\",\"https:\/\/www.youtube.com\/channel\/UCv_BE8GeySluDov2n8qhVmw\"],\"url\":\"https:\/\/sulsc.com\/index.php\/author\/redacao\/\"}]}<\/script>\n<!-- \/ Yoast SEO plugin. -->","yoast_head_json":{"title":"Obra no reservat\u00f3rio de \u00e1gua ser\u00e1 realizada neste domingo (5), em Tubar\u00e3o -","robots":{"index":"index","follow":"follow","max-snippet":"max-snippet:-1","max-image-preview":"max-image-preview:large","max-video-preview":"max-video-preview:-1"},"canonical":"https:\/\/sulsc.com\/index.php\/2023\/11\/03\/obra-no-reservatorio-de-agua-sera-realizada-neste-domingo-5-em-tubarao\/","og_locale":"en_US","og_type":"article","og_title":"Obra no reservat\u00f3rio de \u00e1gua ser\u00e1 realizada neste domingo (5), em Tubar\u00e3o -","og_description":"A Tubar\u00e3o Saneamento solicita que os moradores dos bairros da Margem Esquerda fechem, novamente, o registro de \u00e1gua \u00e0s 21 horas de domingo (5), para finaliza\u00e7\u00e3o da obra de interliga\u00e7\u00e3o do Reservat\u00f3rio R2. Durante o fechamento tempor\u00e1rio dos registros, os usu\u00e1rios devem utilizar de forma consciente a \u00e1gua dos reservat\u00f3rios individuais de cada resid\u00eancia. O &hellip; Obra no reservat\u00f3rio de \u00e1gua ser\u00e1 realizada neste domingo (5), em Tubar\u00e3o Read More &raquo;","og_url":"https:\/\/sulsc.com\/index.php\/2023\/11\/03\/obra-no-reservatorio-de-agua-sera-realizada-neste-domingo-5-em-tubarao\/","article_author":"https:\/\/www.facebook.com\/profile.php?id=61559278119680","article_published_time":"2023-11-03T20:30:24+00:00","article_modified_time":"2023-11-03T20:00:02+00:00","og_image":[{"width":640,"height":480,"url":"https:\/\/sulsc.com\/wp-content\/uploads\/2023\/09\/Obras-Tubarao-Saneamento.jpeg","type":"image\/jpeg"}],"author":"Reda\u00e7\u00e3o Sul SC","twitter_card":"summary_large_image","twitter_creator":"@https:\/\/twitter.com\/PortalSulSC","twitter_misc":{"Written by":"Reda\u00e7\u00e3o Sul SC","Est. reading time":"2 minutes"},"schema":{"@context":"https:\/\/schema.org","@graph":[{"@type":"WebPage","@id":"https:\/\/sulsc.com\/index.php\/2023\/11\/03\/obra-no-reservatorio-de-agua-sera-realizada-neste-domingo-5-em-tubarao\/","url":"https:\/\/sulsc.com\/index.php\/2023\/11\/03\/obra-no-reservatorio-de-agua-sera-realizada-neste-domingo-5-em-tubarao\/","name":"Obra no reservat\u00f3rio de \u00e1gua ser\u00e1 realizada neste domingo (5), em Tubar\u00e3o -","isPartOf":{"@id":"https:\/\/sulsc.com\/#website"},"datePublished":"2023-11-03T20:30:24+00:00","dateModified":"2023-11-03T20:00:02+00:00","author":{"@id":"https:\/\/sulsc.com\/#\/schema\/person\/84d2fc571684f6248ba83092f07750a3"},"breadcrumb":{"@id":"https:\/\/sulsc.com\/index.php\/2023\/11\/03\/obra-no-reservatorio-de-agua-sera-realizada-neste-domingo-5-em-tubarao\/#breadcrumb"},"inLanguage":"en-US","potentialAction":[{"@type":"ReadAction","target":["https:\/\/sulsc.com\/index.php\/2023\/11\/03\/obra-no-reservatorio-de-agua-sera-realizada-neste-domingo-5-em-tubarao\/"]}]},{"@type":"BreadcrumbList","@id":"https:\/\/sulsc.com\/index.php\/2023\/11\/03\/obra-no-reservatorio-de-agua-sera-realizada-neste-domingo-5-em-tubarao\/#breadcrumb","itemListElement":[{"@type":"ListItem","position":1,"name":"In\u00edcio","item":"https:\/\/sulsc.com\/"},{"@type":"ListItem","position":2,"name":"Obra no reservat\u00f3rio de \u00e1gua ser\u00e1 realizada neste domingo (5), em Tubar\u00e3o"}]},{"@type":"WebSite","@id":"https:\/\/sulsc.com\/#website","url":"https:\/\/sulsc.com\/","name":"","description":"","potentialAction":[{"@type":"SearchAction","target":{"@type":"EntryPoint","urlTemplate":"https:\/\/sulsc.com\/?s={search_term_string}"},"query-input":"required name=search_term_string"}],"inLanguage":"en-US"},{"@type":"Person","@id":"https:\/\/sulsc.com\/#\/schema\/person\/84d2fc571684f6248ba83092f07750a3","name":"Reda\u00e7\u00e3o Sul SC","image":{"@type":"ImageObject","inLanguage":"en-US","@id":"https:\/\/sulsc.com\/#\/schema\/person\/image\/e08d7fe2cc4ed596372063bbe852b8d0","url":"https:\/\/sulsc.com\/wp-content\/uploads\/2023\/09\/redacao.png","contentUrl":"https:\/\/sulsc.com\/wp-content\/uploads\/2023\/09\/redacao.png","caption":"Reda\u00e7\u00e3o Sul SC"},"description":"Foco em um jornalismo imparcial, voltado \u00e0 qualidade dos seus conte\u00fados e, assim, levar informa\u00e7\u00e3o de valor que agregue \u00e0 vida dos leitores. Esta \u00e9 grande miss\u00e3o do Portal de Not\u00edcias Sul SC. N\u00e3o \u00e9 quantidade que muda o mundo, sempre foi e seguir\u00e1 sendo qualidade!","sameAs":["https:\/\/sulsc.com\/","https:\/\/www.facebook.com\/profile.php?id=61559278119680","https:\/\/www.instagram.com\/sulscportal\/?hl=pt-br","https:\/\/twitter.com\/https:\/\/twitter.com\/PortalSulSC","https:\/\/www.youtube.com\/channel\/UCv_BE8GeySluDov2n8qhVmw"],"url":"https:\/\/sulsc.com\/index.php\/author\/redacao\/"}]}},"authors":[],"_links":{"self":[{"href":"https:\/\/sulsc.com\/index.php\/wp-json\/wp\/v2\/posts\/3349"}],"collection":[{"href":"https:\/\/sulsc.com\/index.php\/wp-json\/wp\/v2\/posts"}],"about":[{"href":"https:\/\/sulsc.com\/index.php\/wp-json\/wp\/v2\/types\/post"}],"author":[{"embeddable":true,"href":"https:\/\/sulsc.com\/index.php\/wp-json\/wp\/v2\/users\/3"}],"replies":[{"embeddable":true,"href":"https:\/\/sulsc.com\/index.php\/wp-json\/wp\/v2\/comments?post=3349"}],"version-history":[{"count":1,"href":"https:\/\/sulsc.com\/index.php\/wp-json\/wp\/v2\/posts\/3349\/revisions"}],"predecessor-version":[{"id":3350,"href":"https:\/\/sulsc.com\/index.php\/wp-json\/wp\/v2\/posts\/3349\/revisions\/3350"}],"wp:featuredmedia":[{"embeddable":true,"href":"https:\/\/sulsc.com\/index.php\/wp-json\/wp\/v2\/media\/967"}],"wp:attachment":[{"href":"https:\/\/sulsc.com\/index.php\/wp-json\/wp\/v2\/media?parent=3349"}],"wp:term":[{"taxonomy":"category","embeddable":true,"href":"https:\/\/sulsc.com\/index.php\/wp-json\/wp\/v2\/categories?post=3349"},{"taxonomy":"post_tag","embeddable":true,"href":"https:\/\/sulsc.com\/index.php\/wp-json\/wp\/v2\/tags?post=3349"}],"curies":[{"name":"wp","href":"https:\/\/api.w.org\/{rel}","templated":true}]}}