{"id":33603,"date":"2026-04-26T10:33:45","date_gmt":"2026-04-26T13:33:45","guid":{"rendered":"https:\/\/sulsc.com\/?p=33603"},"modified":"2026-04-26T10:33:45","modified_gmt":"2026-04-26T13:33:45","slug":"jovem-de-18-anos-e-preso-depois-de-fugir-da-pm-por-varias-ruas-de-tubarao","status":"publish","type":"post","link":"https:\/\/sulsc.com\/index.php\/2026\/04\/26\/jovem-de-18-anos-e-preso-depois-de-fugir-da-pm-por-varias-ruas-de-tubarao\/","title":{"rendered":"Jovem de 18 anos \u00e9 preso depois de fugir da PM por varias ruas de Tubar\u00e3o"},"content":{"rendered":"<p>Ap\u00f3s uma fuga perigosa, por diversas ruas do bairro Guarda Margem Esquerda em Tubar\u00e3o, jovem de 18 anos acabou preso pela Policia Militar. O fato ocorreu por volta das 13h40, deste s\u00e1bado (25), em um patrulhamento de rotina pelas ruas da cidade, a PM visualizou um motociclista em atitude suspeita.<\/p>\n<div id=\"metaslider-id-25573\" style=\"width: 100%;\" class=\"ml-slider-3-99-0 metaslider metaslider-flex metaslider-25573 ml-slider has-onhover-arrows ms-theme-default-base has-dots-nav\" role=\"region\" aria-label=\"Meio\" data-width=\"1200\">\n    <div id=\"metaslider_container_25573\">\n        <div id=\"metaslider_25573\">\n            <ul class='slides'>\n                <li style=\"display: block; width: 100%;\" class=\"slide-25684 ms-image \" aria-roledescription=\"slide\" data-date=\"2025-07-24 07:55:40\"><img src=\"https:\/\/sulsc.com\/wp-content\/uploads\/2025\/07\/Marr-2-1000x166.jpg\" height=\"200\" width=\"1200\" alt=\"\" class=\"slider-25573 slide-25684 msDefaultImage\" title=\"Marr 2\" \/><\/li>\n                <li style=\"display: none; width: 100%;\" class=\"slide-32412 ms-image \" aria-roledescription=\"slide\" data-date=\"2026-02-18 13:59:46\"><img src=\"https:\/\/sulsc.com\/wp-content\/uploads\/2026\/02\/40dc1580-cad5-4867-bc58-c4243821ad38-1000x166.jpeg\" height=\"200\" width=\"1200\" alt=\"\" class=\"slider-25573 slide-32412 msDefaultImage\" title=\"40dc1580-cad5-4867-bc58-c4243821ad38\" \/><\/li>\n                <li style=\"display: none; width: 100%;\" class=\"slide-32766 ms-image \" aria-roledescription=\"slide\" data-date=\"2026-03-03 17:22:59\"><img src=\"https:\/\/sulsc.com\/wp-content\/uploads\/2026\/03\/271ce739-f268-41c5-8051-3de1a1750359-1000x166.jpeg\" height=\"200\" width=\"1200\" alt=\"\" class=\"slider-25573 slide-32766 msDefaultImage\" title=\"271ce739-f268-41c5-8051-3de1a1750359\" \/><\/li>\n            <\/ul>\n        <\/div>\n        \n    <\/div>\n<\/div>\n<p>Ao perceber a aproxima\u00e7\u00e3o policial, o condutor iniciou fuga em alta velocidade, trafegando na contram\u00e3o em diversos momentos, colocando pedestres, ciclistas e outros ve\u00edculos em risco. O acompanhamento se estendeu por diferentes vias at\u00e9 que, em uma rua sem sa\u00edda, o suspeito perdeu o controle da motocicleta, caiu e tentou fugir a p\u00e9, sendo contido pelos policiais.<\/p>\n<p>Na abordagem, foram localizadas por\u00e7\u00f5es de coca\u00edna j\u00e1 fracionadas para venda. O jovem recebeu voz de pris\u00e3o e foi informado de seus direitos. Ele relatou que realizava a comercializa\u00e7\u00e3o do entorpecente para complementar a renda.<\/p>\n<p>Durante a a\u00e7\u00e3o, foi necess\u00e1rio o uso de armamento n\u00e3o letal para cessar a fuga. O suspeito sofreu escoria\u00e7\u00f5es leves e foi encaminhado para atendimento m\u00e9dico antes de ser conduzido \u00e0 delegacia. A motocicleta utilizada na fuga foi apreendida, assim como a droga encontrada.<\/p>\n<p><img fetchpriority=\"high\" decoding=\"async\" class=\"aligncenter size-full wp-image-33604\" src=\"http:\/\/sulsc.com\/wp-content\/uploads\/2026\/04\/489d543f-d99a-4deb-85af-c96acd33652e.jpg\" alt=\"\" width=\"1080\" height=\"1066\" srcset=\"https:\/\/sulsc.com\/wp-content\/uploads\/2026\/04\/489d543f-d99a-4deb-85af-c96acd33652e.jpg 1080w, https:\/\/sulsc.com\/wp-content\/uploads\/2026\/04\/489d543f-d99a-4deb-85af-c96acd33652e-300x296.jpg 300w, https:\/\/sulsc.com\/wp-content\/uploads\/2026\/04\/489d543f-d99a-4deb-85af-c96acd33652e-1024x1011.jpg 1024w, https:\/\/sulsc.com\/wp-content\/uploads\/2026\/04\/489d543f-d99a-4deb-85af-c96acd33652e-768x758.jpg 768w\" sizes=\"(max-width: 1080px) 100vw, 1080px\" \/><\/p>\n<p>Foto: PM Tubar\u00e3o\/Divulga\u00e7\u00e3o\/SulSC<\/p>\n","protected":false},"excerpt":{"rendered":"<p>Ap\u00f3s uma fuga perigosa, por diversas ruas do bairro Guarda Margem Esquerda em Tubar\u00e3o, jovem de 18 anos acabou preso pela Policia Militar. O fato ocorreu por volta das 13h40, deste s\u00e1bado (25), em um patrulhamento de rotina pelas ruas da cidade, a PM visualizou um motociclista em atitude suspeita. Ao perceber a aproxima\u00e7\u00e3o policial, &hellip;<\/p>\n<p class=\"read-more\"> <a class=\"\" href=\"https:\/\/sulsc.com\/index.php\/2026\/04\/26\/jovem-de-18-anos-e-preso-depois-de-fugir-da-pm-por-varias-ruas-de-tubarao\/\"> <span class=\"screen-reader-text\">Jovem de 18 anos \u00e9 preso depois de fugir da PM por varias ruas de Tubar\u00e3o<\/span> Read More &raquo;<\/a><\/p>\n","protected":false},"author":3,"featured_media":33604,"comment_status":"open","ping_status":"open","sticky":false,"template":"","format":"standard","meta":{"site-sidebar-layout":"default","site-content-layout":"","ast-site-content-layout":"default","site-content-style":"default","site-sidebar-style":"default","ast-global-header-display":"","ast-banner-title-visibility":"","ast-main-header-display":"","ast-hfb-above-header-display":"","ast-hfb-below-header-display":"","ast-hfb-mobile-header-display":"","site-post-title":"","ast-breadcrumbs-content":"","ast-featured-img":"","footer-sml-layout":"","theme-transparent-header-meta":"default","adv-header-id-meta":"","stick-header-meta":"","header-above-stick-meta":"","header-main-stick-meta":"","header-below-stick-meta":"","astra-migrate-meta-layouts":"set","footnotes":""},"categories":[2231,1,14,8,21,12],"tags":[2840],"yoast_head":"<!-- This site is optimized with the Yoast SEO plugin v21.4 - https:\/\/yoast.com\/wordpress\/plugins\/seo\/ -->\n<title>Jovem de 18 anos \u00e9 preso depois de fugir da PM por varias ruas de Tubar\u00e3o -<\/title>\n<meta name=\"robots\" content=\"index, follow, max-snippet:-1, max-image-preview:large, max-video-preview:-1\" \/>\n<link rel=\"canonical\" href=\"https:\/\/sulsc.com\/index.php\/2026\/04\/26\/jovem-de-18-anos-e-preso-depois-de-fugir-da-pm-por-varias-ruas-de-tubarao\/\" \/>\n<meta property=\"og:locale\" content=\"en_US\" \/>\n<meta property=\"og:type\" content=\"article\" \/>\n<meta property=\"og:title\" content=\"Jovem de 18 anos \u00e9 preso depois de fugir da PM por varias ruas de Tubar\u00e3o -\" \/>\n<meta property=\"og:description\" content=\"Ap\u00f3s uma fuga perigosa, por diversas ruas do bairro Guarda Margem Esquerda em Tubar\u00e3o, jovem de 18 anos acabou preso pela Policia Militar. O fato ocorreu por volta das 13h40, deste s\u00e1bado (25), em um patrulhamento de rotina pelas ruas da cidade, a PM visualizou um motociclista em atitude suspeita. Ao perceber a aproxima\u00e7\u00e3o policial, &hellip; Jovem de 18 anos \u00e9 preso depois de fugir da PM por varias ruas de Tubar\u00e3o Read More &raquo;\" \/>\n<meta property=\"og:url\" content=\"https:\/\/sulsc.com\/index.php\/2026\/04\/26\/jovem-de-18-anos-e-preso-depois-de-fugir-da-pm-por-varias-ruas-de-tubarao\/\" \/>\n<meta property=\"article:author\" content=\"https:\/\/www.facebook.com\/profile.php?id=61559278119680\" \/>\n<meta property=\"article:published_time\" content=\"2026-04-26T13:33:45+00:00\" \/>\n<meta property=\"og:image\" content=\"http:\/\/sulsc.com\/wp-content\/uploads\/2026\/04\/489d543f-d99a-4deb-85af-c96acd33652e.jpg\" \/>\n\t<meta property=\"og:image:width\" content=\"1080\" \/>\n\t<meta property=\"og:image:height\" content=\"1066\" \/>\n\t<meta property=\"og:image:type\" content=\"image\/jpeg\" \/>\n<meta name=\"author\" content=\"Reda\u00e7\u00e3o Sul SC\" \/>\n<meta name=\"twitter:card\" content=\"summary_large_image\" \/>\n<meta name=\"twitter:creator\" content=\"@https:\/\/twitter.com\/PortalSulSC\" \/>\n<meta name=\"twitter:label1\" content=\"Written by\" \/>\n\t<meta name=\"twitter:data1\" content=\"Reda\u00e7\u00e3o Sul SC\" \/>\n\t<meta name=\"twitter:label2\" content=\"Est. reading time\" \/>\n\t<meta name=\"twitter:data2\" content=\"2 minutes\" \/>\n<script type=\"application\/ld+json\" class=\"yoast-schema-graph\">{\"@context\":\"https:\/\/schema.org\",\"@graph\":[{\"@type\":\"WebPage\",\"@id\":\"https:\/\/sulsc.com\/index.php\/2026\/04\/26\/jovem-de-18-anos-e-preso-depois-de-fugir-da-pm-por-varias-ruas-de-tubarao\/\",\"url\":\"https:\/\/sulsc.com\/index.php\/2026\/04\/26\/jovem-de-18-anos-e-preso-depois-de-fugir-da-pm-por-varias-ruas-de-tubarao\/\",\"name\":\"Jovem de 18 anos \u00e9 preso depois de fugir da PM por varias ruas de Tubar\u00e3o -\",\"isPartOf\":{\"@id\":\"https:\/\/sulsc.com\/#website\"},\"datePublished\":\"2026-04-26T13:33:45+00:00\",\"dateModified\":\"2026-04-26T13:33:45+00:00\",\"author\":{\"@id\":\"https:\/\/sulsc.com\/#\/schema\/person\/84d2fc571684f6248ba83092f07750a3\"},\"breadcrumb\":{\"@id\":\"https:\/\/sulsc.com\/index.php\/2026\/04\/26\/jovem-de-18-anos-e-preso-depois-de-fugir-da-pm-por-varias-ruas-de-tubarao\/#breadcrumb\"},\"inLanguage\":\"en-US\",\"potentialAction\":[{\"@type\":\"ReadAction\",\"target\":[\"https:\/\/sulsc.com\/index.php\/2026\/04\/26\/jovem-de-18-anos-e-preso-depois-de-fugir-da-pm-por-varias-ruas-de-tubarao\/\"]}]},{\"@type\":\"BreadcrumbList\",\"@id\":\"https:\/\/sulsc.com\/index.php\/2026\/04\/26\/jovem-de-18-anos-e-preso-depois-de-fugir-da-pm-por-varias-ruas-de-tubarao\/#breadcrumb\",\"itemListElement\":[{\"@type\":\"ListItem\",\"position\":1,\"name\":\"In\u00edcio\",\"item\":\"https:\/\/sulsc.com\/\"},{\"@type\":\"ListItem\",\"position\":2,\"name\":\"Jovem de 18 anos \u00e9 preso depois de fugir da PM por varias ruas de Tubar\u00e3o\"}]},{\"@type\":\"WebSite\",\"@id\":\"https:\/\/sulsc.com\/#website\",\"url\":\"https:\/\/sulsc.com\/\",\"name\":\"\",\"description\":\"\",\"potentialAction\":[{\"@type\":\"SearchAction\",\"target\":{\"@type\":\"EntryPoint\",\"urlTemplate\":\"https:\/\/sulsc.com\/?s={search_term_string}\"},\"query-input\":\"required name=search_term_string\"}],\"inLanguage\":\"en-US\"},{\"@type\":\"Person\",\"@id\":\"https:\/\/sulsc.com\/#\/schema\/person\/84d2fc571684f6248ba83092f07750a3\",\"name\":\"Reda\u00e7\u00e3o Sul SC\",\"image\":{\"@type\":\"ImageObject\",\"inLanguage\":\"en-US\",\"@id\":\"https:\/\/sulsc.com\/#\/schema\/person\/image\/e08d7fe2cc4ed596372063bbe852b8d0\",\"url\":\"https:\/\/sulsc.com\/wp-content\/uploads\/2023\/09\/redacao.png\",\"contentUrl\":\"https:\/\/sulsc.com\/wp-content\/uploads\/2023\/09\/redacao.png\",\"caption\":\"Reda\u00e7\u00e3o Sul SC\"},\"description\":\"Foco em um jornalismo imparcial, voltado \u00e0 qualidade dos seus conte\u00fados e, assim, levar informa\u00e7\u00e3o de valor que agregue \u00e0 vida dos leitores. Esta \u00e9 grande miss\u00e3o do Portal de Not\u00edcias Sul SC. N\u00e3o \u00e9 quantidade que muda o mundo, sempre foi e seguir\u00e1 sendo qualidade!\",\"sameAs\":[\"https:\/\/sulsc.com\/\",\"https:\/\/www.facebook.com\/profile.php?id=61559278119680\",\"https:\/\/www.instagram.com\/sulscportal\/?hl=pt-br\",\"https:\/\/twitter.com\/https:\/\/twitter.com\/PortalSulSC\",\"https:\/\/www.youtube.com\/channel\/UCv_BE8GeySluDov2n8qhVmw\"],\"url\":\"https:\/\/sulsc.com\/index.php\/author\/redacao\/\"}]}<\/script>\n<!-- \/ Yoast SEO plugin. -->","yoast_head_json":{"title":"Jovem de 18 anos \u00e9 preso depois de fugir da PM por varias ruas de Tubar\u00e3o -","robots":{"index":"index","follow":"follow","max-snippet":"max-snippet:-1","max-image-preview":"max-image-preview:large","max-video-preview":"max-video-preview:-1"},"canonical":"https:\/\/sulsc.com\/index.php\/2026\/04\/26\/jovem-de-18-anos-e-preso-depois-de-fugir-da-pm-por-varias-ruas-de-tubarao\/","og_locale":"en_US","og_type":"article","og_title":"Jovem de 18 anos \u00e9 preso depois de fugir da PM por varias ruas de Tubar\u00e3o -","og_description":"Ap\u00f3s uma fuga perigosa, por diversas ruas do bairro Guarda Margem Esquerda em Tubar\u00e3o, jovem de 18 anos acabou preso pela Policia Militar. O fato ocorreu por volta das 13h40, deste s\u00e1bado (25), em um patrulhamento de rotina pelas ruas da cidade, a PM visualizou um motociclista em atitude suspeita. Ao perceber a aproxima\u00e7\u00e3o policial, &hellip; Jovem de 18 anos \u00e9 preso depois de fugir da PM por varias ruas de Tubar\u00e3o Read More &raquo;","og_url":"https:\/\/sulsc.com\/index.php\/2026\/04\/26\/jovem-de-18-anos-e-preso-depois-de-fugir-da-pm-por-varias-ruas-de-tubarao\/","article_author":"https:\/\/www.facebook.com\/profile.php?id=61559278119680","article_published_time":"2026-04-26T13:33:45+00:00","og_image":[{"width":1080,"height":1066,"url":"http:\/\/sulsc.com\/wp-content\/uploads\/2026\/04\/489d543f-d99a-4deb-85af-c96acd33652e.jpg","type":"image\/jpeg"}],"author":"Reda\u00e7\u00e3o Sul SC","twitter_card":"summary_large_image","twitter_creator":"@https:\/\/twitter.com\/PortalSulSC","twitter_misc":{"Written by":"Reda\u00e7\u00e3o Sul SC","Est. reading time":"2 minutes"},"schema":{"@context":"https:\/\/schema.org","@graph":[{"@type":"WebPage","@id":"https:\/\/sulsc.com\/index.php\/2026\/04\/26\/jovem-de-18-anos-e-preso-depois-de-fugir-da-pm-por-varias-ruas-de-tubarao\/","url":"https:\/\/sulsc.com\/index.php\/2026\/04\/26\/jovem-de-18-anos-e-preso-depois-de-fugir-da-pm-por-varias-ruas-de-tubarao\/","name":"Jovem de 18 anos \u00e9 preso depois de fugir da PM por varias ruas de Tubar\u00e3o -","isPartOf":{"@id":"https:\/\/sulsc.com\/#website"},"datePublished":"2026-04-26T13:33:45+00:00","dateModified":"2026-04-26T13:33:45+00:00","author":{"@id":"https:\/\/sulsc.com\/#\/schema\/person\/84d2fc571684f6248ba83092f07750a3"},"breadcrumb":{"@id":"https:\/\/sulsc.com\/index.php\/2026\/04\/26\/jovem-de-18-anos-e-preso-depois-de-fugir-da-pm-por-varias-ruas-de-tubarao\/#breadcrumb"},"inLanguage":"en-US","potentialAction":[{"@type":"ReadAction","target":["https:\/\/sulsc.com\/index.php\/2026\/04\/26\/jovem-de-18-anos-e-preso-depois-de-fugir-da-pm-por-varias-ruas-de-tubarao\/"]}]},{"@type":"BreadcrumbList","@id":"https:\/\/sulsc.com\/index.php\/2026\/04\/26\/jovem-de-18-anos-e-preso-depois-de-fugir-da-pm-por-varias-ruas-de-tubarao\/#breadcrumb","itemListElement":[{"@type":"ListItem","position":1,"name":"In\u00edcio","item":"https:\/\/sulsc.com\/"},{"@type":"ListItem","position":2,"name":"Jovem de 18 anos \u00e9 preso depois de fugir da PM por varias ruas de Tubar\u00e3o"}]},{"@type":"WebSite","@id":"https:\/\/sulsc.com\/#website","url":"https:\/\/sulsc.com\/","name":"","description":"","potentialAction":[{"@type":"SearchAction","target":{"@type":"EntryPoint","urlTemplate":"https:\/\/sulsc.com\/?s={search_term_string}"},"query-input":"required name=search_term_string"}],"inLanguage":"en-US"},{"@type":"Person","@id":"https:\/\/sulsc.com\/#\/schema\/person\/84d2fc571684f6248ba83092f07750a3","name":"Reda\u00e7\u00e3o Sul SC","image":{"@type":"ImageObject","inLanguage":"en-US","@id":"https:\/\/sulsc.com\/#\/schema\/person\/image\/e08d7fe2cc4ed596372063bbe852b8d0","url":"https:\/\/sulsc.com\/wp-content\/uploads\/2023\/09\/redacao.png","contentUrl":"https:\/\/sulsc.com\/wp-content\/uploads\/2023\/09\/redacao.png","caption":"Reda\u00e7\u00e3o Sul SC"},"description":"Foco em um jornalismo imparcial, voltado \u00e0 qualidade dos seus conte\u00fados e, assim, levar informa\u00e7\u00e3o de valor que agregue \u00e0 vida dos leitores. Esta \u00e9 grande miss\u00e3o do Portal de Not\u00edcias Sul SC. N\u00e3o \u00e9 quantidade que muda o mundo, sempre foi e seguir\u00e1 sendo qualidade!","sameAs":["https:\/\/sulsc.com\/","https:\/\/www.facebook.com\/profile.php?id=61559278119680","https:\/\/www.instagram.com\/sulscportal\/?hl=pt-br","https:\/\/twitter.com\/https:\/\/twitter.com\/PortalSulSC","https:\/\/www.youtube.com\/channel\/UCv_BE8GeySluDov2n8qhVmw"],"url":"https:\/\/sulsc.com\/index.php\/author\/redacao\/"}]}},"authors":[],"_links":{"self":[{"href":"https:\/\/sulsc.com\/index.php\/wp-json\/wp\/v2\/posts\/33603"}],"collection":[{"href":"https:\/\/sulsc.com\/index.php\/wp-json\/wp\/v2\/posts"}],"about":[{"href":"https:\/\/sulsc.com\/index.php\/wp-json\/wp\/v2\/types\/post"}],"author":[{"embeddable":true,"href":"https:\/\/sulsc.com\/index.php\/wp-json\/wp\/v2\/users\/3"}],"replies":[{"embeddable":true,"href":"https:\/\/sulsc.com\/index.php\/wp-json\/wp\/v2\/comments?post=33603"}],"version-history":[{"count":1,"href":"https:\/\/sulsc.com\/index.php\/wp-json\/wp\/v2\/posts\/33603\/revisions"}],"predecessor-version":[{"id":33605,"href":"https:\/\/sulsc.com\/index.php\/wp-json\/wp\/v2\/posts\/33603\/revisions\/33605"}],"wp:featuredmedia":[{"embeddable":true,"href":"https:\/\/sulsc.com\/index.php\/wp-json\/wp\/v2\/media\/33604"}],"wp:attachment":[{"href":"https:\/\/sulsc.com\/index.php\/wp-json\/wp\/v2\/media?parent=33603"}],"wp:term":[{"taxonomy":"category","embeddable":true,"href":"https:\/\/sulsc.com\/index.php\/wp-json\/wp\/v2\/categories?post=33603"},{"taxonomy":"post_tag","embeddable":true,"href":"https:\/\/sulsc.com\/index.php\/wp-json\/wp\/v2\/tags?post=33603"}],"curies":[{"name":"wp","href":"https:\/\/api.w.org\/{rel}","templated":true}]}}