{"id":33606,"date":"2026-04-26T10:46:45","date_gmt":"2026-04-26T13:46:45","guid":{"rendered":"https:\/\/sulsc.com\/?p=33606"},"modified":"2026-04-26T10:46:45","modified_gmt":"2026-04-26T13:46:45","slug":"ultimo-domingo-do-mes-sera-com-instabilidade-a-qualquer-hora-do-dia","status":"publish","type":"post","link":"https:\/\/sulsc.com\/index.php\/2026\/04\/26\/ultimo-domingo-do-mes-sera-com-instabilidade-a-qualquer-hora-do-dia\/","title":{"rendered":"\u00daltimo domingo do m\u00eas ser\u00e1 com instabilidade a qualquer hora do dia"},"content":{"rendered":"<p>Ao longo do domingo (26), a frente fria segue se deslocando pelo estado, mantendo o tempo inst\u00e1vel com condi\u00e7\u00e3o para chuva a qualquer hora do dia.<\/p>\n<div id=\"metaslider-id-25573\" style=\"width: 100%;\" class=\"ml-slider-3-99-0 metaslider metaslider-flex metaslider-25573 ml-slider has-onhover-arrows ms-theme-default-base has-dots-nav\" role=\"region\" aria-label=\"Meio\" data-width=\"1200\">\n    <div id=\"metaslider_container_25573\">\n        <div id=\"metaslider_25573\">\n            <ul class='slides'>\n                <li style=\"display: block; width: 100%;\" class=\"slide-25684 ms-image \" aria-roledescription=\"slide\" data-date=\"2025-07-24 07:55:40\"><img src=\"https:\/\/sulsc.com\/wp-content\/uploads\/2025\/07\/Marr-2-1000x166.jpg\" height=\"200\" width=\"1200\" alt=\"\" class=\"slider-25573 slide-25684 msDefaultImage\" title=\"Marr 2\" \/><\/li>\n                <li style=\"display: none; width: 100%;\" class=\"slide-32412 ms-image \" aria-roledescription=\"slide\" data-date=\"2026-02-18 13:59:46\"><img src=\"https:\/\/sulsc.com\/wp-content\/uploads\/2026\/02\/40dc1580-cad5-4867-bc58-c4243821ad38-1000x166.jpeg\" height=\"200\" width=\"1200\" alt=\"\" class=\"slider-25573 slide-32412 msDefaultImage\" title=\"40dc1580-cad5-4867-bc58-c4243821ad38\" \/><\/li>\n                <li style=\"display: none; width: 100%;\" class=\"slide-32766 ms-image \" aria-roledescription=\"slide\" data-date=\"2026-03-03 17:22:59\"><img src=\"https:\/\/sulsc.com\/wp-content\/uploads\/2026\/03\/271ce739-f268-41c5-8051-3de1a1750359-1000x166.jpeg\" height=\"200\" width=\"1200\" alt=\"\" class=\"slider-25573 slide-32766 msDefaultImage\" title=\"271ce739-f268-41c5-8051-3de1a1750359\" \/><\/li>\n            <\/ul>\n        <\/div>\n        \n    <\/div>\n<\/div>\n<p>A chuva ocorre de forma persistente e por vezes mais intensa, n\u00e3o se descartando a ocorr\u00eancia de temporais isolados com raios, rajadas de vento e granizo ocasional, especialmente nas \u00e1reas mais pr\u00f3ximas \u00e0 divisa com o Paran\u00e1.<\/p>\n<p><strong>Temperaturas<\/strong><\/p>\n<p>Pela manh\u00e3, as temperaturas variam entre 13\u00b0C e 16\u00b0C nas \u00e1reas serranas e de 18\u00b0C e 21\u00b0C no Litoral. \u00c0 tarde, marcas entre 17\u00b0C e 22\u00b0C na maioria das regi\u00f5es, com valores ainda pr\u00f3ximos dos 23\u00b0C\/24\u00b0C (pontualmente maiores) no Litoral.<\/p>\n<p><img fetchpriority=\"high\" decoding=\"async\" class=\"aligncenter size-full wp-image-33607\" src=\"http:\/\/sulsc.com\/wp-content\/uploads\/2026\/04\/image-277-1.png\" alt=\"\" width=\"1457\" height=\"1000\" srcset=\"https:\/\/sulsc.com\/wp-content\/uploads\/2026\/04\/image-277-1.png 1457w, https:\/\/sulsc.com\/wp-content\/uploads\/2026\/04\/image-277-1-300x206.png 300w, https:\/\/sulsc.com\/wp-content\/uploads\/2026\/04\/image-277-1-1024x703.png 1024w, https:\/\/sulsc.com\/wp-content\/uploads\/2026\/04\/image-277-1-768x527.png 768w\" sizes=\"(max-width: 1457px) 100vw, 1457px\" \/><\/p>\n<p><img decoding=\"async\" class=\"aligncenter size-full wp-image-33516\" src=\"http:\/\/sulsc.com\/wp-content\/uploads\/2026\/04\/Captura-de-tela-2026-03-07-023821.png\" alt=\"\" width=\"1317\" height=\"282\" srcset=\"https:\/\/sulsc.com\/wp-content\/uploads\/2026\/04\/Captura-de-tela-2026-03-07-023821.png 1317w, https:\/\/sulsc.com\/wp-content\/uploads\/2026\/04\/Captura-de-tela-2026-03-07-023821-300x64.png 300w, https:\/\/sulsc.com\/wp-content\/uploads\/2026\/04\/Captura-de-tela-2026-03-07-023821-1024x219.png 1024w, https:\/\/sulsc.com\/wp-content\/uploads\/2026\/04\/Captura-de-tela-2026-03-07-023821-768x164.png 768w\" sizes=\"(max-width: 1317px) 100vw, 1317px\" \/><\/p>\n<p><strong>Ventos:<\/strong> entre noroeste\/sudoeste a sul, fraco a moderado, com rajadas fortes associadas aos temporais.<\/p>\n<p><strong>Sistema predominante:<\/strong> frente fria no litoral de SC aumentando a instabilidade no estado.<\/p>\n<p><strong>Amanh\u00e3 segunda-feira (27),<\/strong> madrugada e manh\u00e3 com mais nuvens e chuva isolada do oeste ao sul. Nas demais regi\u00f5es, c\u00e9u parcialmente nublado com chuva isolada ao longo do dia. J\u00e1 as temperaturas ficam em decl\u00ednio devido ao avan\u00e7o de uma massa de ar seco e mais frio no Sul do Brasil, as temperaturas m\u00ednimas ficam de 6 a 9\u00b0C no oeste e sul do estado, e as m\u00e1ximas variam de 21\u00b0C a 25\u00b0C na maioria das regi\u00f5es.<\/p>\n<p>Fontes: Defesa Civil-SC\/Epagri-Ciram<\/p>\n","protected":false},"excerpt":{"rendered":"<p>Ao longo do domingo (26), a frente fria segue se deslocando pelo estado, mantendo o tempo inst\u00e1vel com condi\u00e7\u00e3o para chuva a qualquer hora do dia. A chuva ocorre de forma persistente e por vezes mais intensa, n\u00e3o se descartando a ocorr\u00eancia de temporais isolados com raios, rajadas de vento e granizo ocasional, especialmente nas &hellip;<\/p>\n<p class=\"read-more\"> <a class=\"\" href=\"https:\/\/sulsc.com\/index.php\/2026\/04\/26\/ultimo-domingo-do-mes-sera-com-instabilidade-a-qualquer-hora-do-dia\/\"> <span class=\"screen-reader-text\">\u00daltimo domingo do m\u00eas ser\u00e1 com instabilidade a qualquer hora do dia<\/span> Read More &raquo;<\/a><\/p>\n","protected":false},"author":3,"featured_media":13306,"comment_status":"open","ping_status":"open","sticky":false,"template":"","format":"standard","meta":{"site-sidebar-layout":"default","site-content-layout":"","ast-site-content-layout":"default","site-content-style":"default","site-sidebar-style":"default","ast-global-header-display":"","ast-banner-title-visibility":"","ast-main-header-display":"","ast-hfb-above-header-display":"","ast-hfb-below-header-display":"","ast-hfb-mobile-header-display":"","site-post-title":"","ast-breadcrumbs-content":"","ast-featured-img":"","footer-sml-layout":"","theme-transparent-header-meta":"default","adv-header-id-meta":"","stick-header-meta":"","header-above-stick-meta":"","header-main-stick-meta":"","header-below-stick-meta":"","astra-migrate-meta-layouts":"set","footnotes":""},"categories":[1,14,38,21,12],"tags":[90],"yoast_head":"<!-- This site is optimized with the Yoast SEO plugin v21.4 - https:\/\/yoast.com\/wordpress\/plugins\/seo\/ -->\n<title>\u00daltimo domingo do m\u00eas ser\u00e1 com instabilidade a qualquer hora do dia -<\/title>\n<meta name=\"robots\" content=\"index, follow, max-snippet:-1, max-image-preview:large, max-video-preview:-1\" \/>\n<link rel=\"canonical\" href=\"https:\/\/sulsc.com\/index.php\/2026\/04\/26\/ultimo-domingo-do-mes-sera-com-instabilidade-a-qualquer-hora-do-dia\/\" \/>\n<meta property=\"og:locale\" content=\"en_US\" \/>\n<meta property=\"og:type\" content=\"article\" \/>\n<meta property=\"og:title\" content=\"\u00daltimo domingo do m\u00eas ser\u00e1 com instabilidade a qualquer hora do dia -\" \/>\n<meta property=\"og:description\" content=\"Ao longo do domingo (26), a frente fria segue se deslocando pelo estado, mantendo o tempo inst\u00e1vel com condi\u00e7\u00e3o para chuva a qualquer hora do dia. A chuva ocorre de forma persistente e por vezes mais intensa, n\u00e3o se descartando a ocorr\u00eancia de temporais isolados com raios, rajadas de vento e granizo ocasional, especialmente nas &hellip; \u00daltimo domingo do m\u00eas ser\u00e1 com instabilidade a qualquer hora do dia Read More &raquo;\" \/>\n<meta property=\"og:url\" content=\"https:\/\/sulsc.com\/index.php\/2026\/04\/26\/ultimo-domingo-do-mes-sera-com-instabilidade-a-qualquer-hora-do-dia\/\" \/>\n<meta property=\"article:author\" content=\"https:\/\/www.facebook.com\/profile.php?id=61559278119680\" \/>\n<meta property=\"article:published_time\" content=\"2026-04-26T13:46:45+00:00\" \/>\n<meta property=\"og:image\" content=\"http:\/\/sulsc.com\/wp-content\/uploads\/2024\/06\/tempo.jpg\" \/>\n\t<meta property=\"og:image:width\" content=\"1500\" \/>\n\t<meta property=\"og:image:height\" content=\"1000\" \/>\n\t<meta property=\"og:image:type\" content=\"image\/jpeg\" \/>\n<meta name=\"author\" content=\"Reda\u00e7\u00e3o Sul SC\" \/>\n<meta name=\"twitter:card\" content=\"summary_large_image\" \/>\n<meta name=\"twitter:creator\" content=\"@https:\/\/twitter.com\/PortalSulSC\" \/>\n<meta name=\"twitter:label1\" content=\"Written by\" \/>\n\t<meta name=\"twitter:data1\" content=\"Reda\u00e7\u00e3o Sul SC\" \/>\n\t<meta name=\"twitter:label2\" content=\"Est. reading time\" \/>\n\t<meta name=\"twitter:data2\" content=\"2 minutes\" \/>\n<script type=\"application\/ld+json\" class=\"yoast-schema-graph\">{\"@context\":\"https:\/\/schema.org\",\"@graph\":[{\"@type\":\"WebPage\",\"@id\":\"https:\/\/sulsc.com\/index.php\/2026\/04\/26\/ultimo-domingo-do-mes-sera-com-instabilidade-a-qualquer-hora-do-dia\/\",\"url\":\"https:\/\/sulsc.com\/index.php\/2026\/04\/26\/ultimo-domingo-do-mes-sera-com-instabilidade-a-qualquer-hora-do-dia\/\",\"name\":\"\u00daltimo domingo do m\u00eas ser\u00e1 com instabilidade a qualquer hora do dia -\",\"isPartOf\":{\"@id\":\"https:\/\/sulsc.com\/#website\"},\"datePublished\":\"2026-04-26T13:46:45+00:00\",\"dateModified\":\"2026-04-26T13:46:45+00:00\",\"author\":{\"@id\":\"https:\/\/sulsc.com\/#\/schema\/person\/84d2fc571684f6248ba83092f07750a3\"},\"breadcrumb\":{\"@id\":\"https:\/\/sulsc.com\/index.php\/2026\/04\/26\/ultimo-domingo-do-mes-sera-com-instabilidade-a-qualquer-hora-do-dia\/#breadcrumb\"},\"inLanguage\":\"en-US\",\"potentialAction\":[{\"@type\":\"ReadAction\",\"target\":[\"https:\/\/sulsc.com\/index.php\/2026\/04\/26\/ultimo-domingo-do-mes-sera-com-instabilidade-a-qualquer-hora-do-dia\/\"]}]},{\"@type\":\"BreadcrumbList\",\"@id\":\"https:\/\/sulsc.com\/index.php\/2026\/04\/26\/ultimo-domingo-do-mes-sera-com-instabilidade-a-qualquer-hora-do-dia\/#breadcrumb\",\"itemListElement\":[{\"@type\":\"ListItem\",\"position\":1,\"name\":\"In\u00edcio\",\"item\":\"https:\/\/sulsc.com\/\"},{\"@type\":\"ListItem\",\"position\":2,\"name\":\"\u00daltimo domingo do m\u00eas ser\u00e1 com instabilidade a qualquer hora do dia\"}]},{\"@type\":\"WebSite\",\"@id\":\"https:\/\/sulsc.com\/#website\",\"url\":\"https:\/\/sulsc.com\/\",\"name\":\"\",\"description\":\"\",\"potentialAction\":[{\"@type\":\"SearchAction\",\"target\":{\"@type\":\"EntryPoint\",\"urlTemplate\":\"https:\/\/sulsc.com\/?s={search_term_string}\"},\"query-input\":\"required name=search_term_string\"}],\"inLanguage\":\"en-US\"},{\"@type\":\"Person\",\"@id\":\"https:\/\/sulsc.com\/#\/schema\/person\/84d2fc571684f6248ba83092f07750a3\",\"name\":\"Reda\u00e7\u00e3o Sul SC\",\"image\":{\"@type\":\"ImageObject\",\"inLanguage\":\"en-US\",\"@id\":\"https:\/\/sulsc.com\/#\/schema\/person\/image\/e08d7fe2cc4ed596372063bbe852b8d0\",\"url\":\"https:\/\/sulsc.com\/wp-content\/uploads\/2023\/09\/redacao.png\",\"contentUrl\":\"https:\/\/sulsc.com\/wp-content\/uploads\/2023\/09\/redacao.png\",\"caption\":\"Reda\u00e7\u00e3o Sul SC\"},\"description\":\"Foco em um jornalismo imparcial, voltado \u00e0 qualidade dos seus conte\u00fados e, assim, levar informa\u00e7\u00e3o de valor que agregue \u00e0 vida dos leitores. Esta \u00e9 grande miss\u00e3o do Portal de Not\u00edcias Sul SC. N\u00e3o \u00e9 quantidade que muda o mundo, sempre foi e seguir\u00e1 sendo qualidade!\",\"sameAs\":[\"https:\/\/sulsc.com\/\",\"https:\/\/www.facebook.com\/profile.php?id=61559278119680\",\"https:\/\/www.instagram.com\/sulscportal\/?hl=pt-br\",\"https:\/\/twitter.com\/https:\/\/twitter.com\/PortalSulSC\",\"https:\/\/www.youtube.com\/channel\/UCv_BE8GeySluDov2n8qhVmw\"],\"url\":\"https:\/\/sulsc.com\/index.php\/author\/redacao\/\"}]}<\/script>\n<!-- \/ Yoast SEO plugin. -->","yoast_head_json":{"title":"\u00daltimo domingo do m\u00eas ser\u00e1 com instabilidade a qualquer hora do dia -","robots":{"index":"index","follow":"follow","max-snippet":"max-snippet:-1","max-image-preview":"max-image-preview:large","max-video-preview":"max-video-preview:-1"},"canonical":"https:\/\/sulsc.com\/index.php\/2026\/04\/26\/ultimo-domingo-do-mes-sera-com-instabilidade-a-qualquer-hora-do-dia\/","og_locale":"en_US","og_type":"article","og_title":"\u00daltimo domingo do m\u00eas ser\u00e1 com instabilidade a qualquer hora do dia -","og_description":"Ao longo do domingo (26), a frente fria segue se deslocando pelo estado, mantendo o tempo inst\u00e1vel com condi\u00e7\u00e3o para chuva a qualquer hora do dia. A chuva ocorre de forma persistente e por vezes mais intensa, n\u00e3o se descartando a ocorr\u00eancia de temporais isolados com raios, rajadas de vento e granizo ocasional, especialmente nas &hellip; \u00daltimo domingo do m\u00eas ser\u00e1 com instabilidade a qualquer hora do dia Read More &raquo;","og_url":"https:\/\/sulsc.com\/index.php\/2026\/04\/26\/ultimo-domingo-do-mes-sera-com-instabilidade-a-qualquer-hora-do-dia\/","article_author":"https:\/\/www.facebook.com\/profile.php?id=61559278119680","article_published_time":"2026-04-26T13:46:45+00:00","og_image":[{"width":1500,"height":1000,"url":"http:\/\/sulsc.com\/wp-content\/uploads\/2024\/06\/tempo.jpg","type":"image\/jpeg"}],"author":"Reda\u00e7\u00e3o Sul SC","twitter_card":"summary_large_image","twitter_creator":"@https:\/\/twitter.com\/PortalSulSC","twitter_misc":{"Written by":"Reda\u00e7\u00e3o Sul SC","Est. reading time":"2 minutes"},"schema":{"@context":"https:\/\/schema.org","@graph":[{"@type":"WebPage","@id":"https:\/\/sulsc.com\/index.php\/2026\/04\/26\/ultimo-domingo-do-mes-sera-com-instabilidade-a-qualquer-hora-do-dia\/","url":"https:\/\/sulsc.com\/index.php\/2026\/04\/26\/ultimo-domingo-do-mes-sera-com-instabilidade-a-qualquer-hora-do-dia\/","name":"\u00daltimo domingo do m\u00eas ser\u00e1 com instabilidade a qualquer hora do dia -","isPartOf":{"@id":"https:\/\/sulsc.com\/#website"},"datePublished":"2026-04-26T13:46:45+00:00","dateModified":"2026-04-26T13:46:45+00:00","author":{"@id":"https:\/\/sulsc.com\/#\/schema\/person\/84d2fc571684f6248ba83092f07750a3"},"breadcrumb":{"@id":"https:\/\/sulsc.com\/index.php\/2026\/04\/26\/ultimo-domingo-do-mes-sera-com-instabilidade-a-qualquer-hora-do-dia\/#breadcrumb"},"inLanguage":"en-US","potentialAction":[{"@type":"ReadAction","target":["https:\/\/sulsc.com\/index.php\/2026\/04\/26\/ultimo-domingo-do-mes-sera-com-instabilidade-a-qualquer-hora-do-dia\/"]}]},{"@type":"BreadcrumbList","@id":"https:\/\/sulsc.com\/index.php\/2026\/04\/26\/ultimo-domingo-do-mes-sera-com-instabilidade-a-qualquer-hora-do-dia\/#breadcrumb","itemListElement":[{"@type":"ListItem","position":1,"name":"In\u00edcio","item":"https:\/\/sulsc.com\/"},{"@type":"ListItem","position":2,"name":"\u00daltimo domingo do m\u00eas ser\u00e1 com instabilidade a qualquer hora do dia"}]},{"@type":"WebSite","@id":"https:\/\/sulsc.com\/#website","url":"https:\/\/sulsc.com\/","name":"","description":"","potentialAction":[{"@type":"SearchAction","target":{"@type":"EntryPoint","urlTemplate":"https:\/\/sulsc.com\/?s={search_term_string}"},"query-input":"required name=search_term_string"}],"inLanguage":"en-US"},{"@type":"Person","@id":"https:\/\/sulsc.com\/#\/schema\/person\/84d2fc571684f6248ba83092f07750a3","name":"Reda\u00e7\u00e3o Sul SC","image":{"@type":"ImageObject","inLanguage":"en-US","@id":"https:\/\/sulsc.com\/#\/schema\/person\/image\/e08d7fe2cc4ed596372063bbe852b8d0","url":"https:\/\/sulsc.com\/wp-content\/uploads\/2023\/09\/redacao.png","contentUrl":"https:\/\/sulsc.com\/wp-content\/uploads\/2023\/09\/redacao.png","caption":"Reda\u00e7\u00e3o Sul SC"},"description":"Foco em um jornalismo imparcial, voltado \u00e0 qualidade dos seus conte\u00fados e, assim, levar informa\u00e7\u00e3o de valor que agregue \u00e0 vida dos leitores. Esta \u00e9 grande miss\u00e3o do Portal de Not\u00edcias Sul SC. N\u00e3o \u00e9 quantidade que muda o mundo, sempre foi e seguir\u00e1 sendo qualidade!","sameAs":["https:\/\/sulsc.com\/","https:\/\/www.facebook.com\/profile.php?id=61559278119680","https:\/\/www.instagram.com\/sulscportal\/?hl=pt-br","https:\/\/twitter.com\/https:\/\/twitter.com\/PortalSulSC","https:\/\/www.youtube.com\/channel\/UCv_BE8GeySluDov2n8qhVmw"],"url":"https:\/\/sulsc.com\/index.php\/author\/redacao\/"}]}},"authors":[],"_links":{"self":[{"href":"https:\/\/sulsc.com\/index.php\/wp-json\/wp\/v2\/posts\/33606"}],"collection":[{"href":"https:\/\/sulsc.com\/index.php\/wp-json\/wp\/v2\/posts"}],"about":[{"href":"https:\/\/sulsc.com\/index.php\/wp-json\/wp\/v2\/types\/post"}],"author":[{"embeddable":true,"href":"https:\/\/sulsc.com\/index.php\/wp-json\/wp\/v2\/users\/3"}],"replies":[{"embeddable":true,"href":"https:\/\/sulsc.com\/index.php\/wp-json\/wp\/v2\/comments?post=33606"}],"version-history":[{"count":1,"href":"https:\/\/sulsc.com\/index.php\/wp-json\/wp\/v2\/posts\/33606\/revisions"}],"predecessor-version":[{"id":33608,"href":"https:\/\/sulsc.com\/index.php\/wp-json\/wp\/v2\/posts\/33606\/revisions\/33608"}],"wp:featuredmedia":[{"embeddable":true,"href":"https:\/\/sulsc.com\/index.php\/wp-json\/wp\/v2\/media\/13306"}],"wp:attachment":[{"href":"https:\/\/sulsc.com\/index.php\/wp-json\/wp\/v2\/media?parent=33606"}],"wp:term":[{"taxonomy":"category","embeddable":true,"href":"https:\/\/sulsc.com\/index.php\/wp-json\/wp\/v2\/categories?post=33606"},{"taxonomy":"post_tag","embeddable":true,"href":"https:\/\/sulsc.com\/index.php\/wp-json\/wp\/v2\/tags?post=33606"}],"curies":[{"name":"wp","href":"https:\/\/api.w.org\/{rel}","templated":true}]}}