{"id":33612,"date":"2026-04-26T11:15:26","date_gmt":"2026-04-26T14:15:26","guid":{"rendered":"https:\/\/sulsc.com\/?p=33612"},"modified":"2026-04-26T11:15:26","modified_gmt":"2026-04-26T14:15:26","slug":"homem-atira-durante-jantar-de-trump-com-correspondentes-em-washington","status":"publish","type":"post","link":"https:\/\/sulsc.com\/index.php\/2026\/04\/26\/homem-atira-durante-jantar-de-trump-com-correspondentes-em-washington\/","title":{"rendered":"Homem atira durante jantar de Trump com correspondentes em Washington"},"content":{"rendered":"<p>Um homem fez disparos na noite deste s\u00e1bado (25) durante um jantar, num hotel em Washington, do presidente Donald Trump com correspondentes que cobrem a Casa Branca.<\/p>\n<p>Tiros foram ouvidos nas imedia\u00e7\u00f5es do local do evento e o presidente e a primeira-dama Melania Trump foram retirados rapidamente do lugar pelo Servi\u00e7o Secreto norte-americano. O suspeito de ter feito o ataque foi preso e ainda n\u00e3o teve sua identidade revelada.<\/p>\n<div id=\"metaslider-id-25573\" style=\"width: 100%;\" class=\"ml-slider-3-99-0 metaslider metaslider-flex metaslider-25573 ml-slider has-onhover-arrows ms-theme-default-base has-dots-nav\" role=\"region\" aria-label=\"Meio\" data-width=\"1200\">\n    <div id=\"metaslider_container_25573\">\n        <div id=\"metaslider_25573\">\n            <ul class='slides'>\n                <li style=\"display: block; width: 100%;\" class=\"slide-25684 ms-image \" aria-roledescription=\"slide\" data-date=\"2025-07-24 07:55:40\"><img src=\"https:\/\/sulsc.com\/wp-content\/uploads\/2025\/07\/Marr-2-1000x166.jpg\" height=\"200\" width=\"1200\" alt=\"\" class=\"slider-25573 slide-25684 msDefaultImage\" title=\"Marr 2\" \/><\/li>\n                <li style=\"display: none; width: 100%;\" class=\"slide-32412 ms-image \" aria-roledescription=\"slide\" data-date=\"2026-02-18 13:59:46\"><img src=\"https:\/\/sulsc.com\/wp-content\/uploads\/2026\/02\/40dc1580-cad5-4867-bc58-c4243821ad38-1000x166.jpeg\" height=\"200\" width=\"1200\" alt=\"\" class=\"slider-25573 slide-32412 msDefaultImage\" title=\"40dc1580-cad5-4867-bc58-c4243821ad38\" \/><\/li>\n                <li style=\"display: none; width: 100%;\" class=\"slide-32766 ms-image \" aria-roledescription=\"slide\" data-date=\"2026-03-03 17:22:59\"><img src=\"https:\/\/sulsc.com\/wp-content\/uploads\/2026\/03\/271ce739-f268-41c5-8051-3de1a1750359-1000x166.jpeg\" height=\"200\" width=\"1200\" alt=\"\" class=\"slider-25573 slide-32766 msDefaultImage\" title=\"271ce739-f268-41c5-8051-3de1a1750359\" \/><\/li>\n            <\/ul>\n        <\/div>\n        \n    <\/div>\n<\/div>\n<p>Segundo informa\u00e7\u00f5es obtidas pela Reuters, o suspeito atirou em um agente do servi\u00e7o secreto, mas n\u00e3o se feriu gra\u00e7as ao colete \u00e0 prova de balas que usava. Al\u00e9m dos disparos, testemunhas disseram a ag\u00eancias internacionais que tamb\u00e9m foram ouvidas explos\u00f5es na \u00e1rea pr\u00f3xima ao hotel.<\/p>\n<p>O jantar teve as presen\u00e7as do vice-presidente J.D. Vance e do secret\u00e1rio de Estado Marco Rubio. Eles tamb\u00e9m foram retirados do hotel e est\u00e3o em seguran\u00e7a.<\/p>\n<p>O presidente Trump deu uma entrevista coletiva na Casa Branca ap\u00f3s o ataque e disse que o atirador \u00e9 um &#8220;lobo solit\u00e1rio&#8221;, termo usado para descrever supostos criminosos que atuam sozinhos. Apesar da fala de Trump, o Servi\u00e7o Secreto dos EUA n\u00e3o deu mais detalhes sobre o suspeito.<\/p>\n<p><img fetchpriority=\"high\" decoding=\"async\" class=\"aligncenter size-full wp-image-33613\" src=\"http:\/\/sulsc.com\/wp-content\/uploads\/2026\/04\/trump.webp\" alt=\"\" width=\"1170\" height=\"700\" srcset=\"https:\/\/sulsc.com\/wp-content\/uploads\/2026\/04\/trump.webp 1170w, https:\/\/sulsc.com\/wp-content\/uploads\/2026\/04\/trump-300x179.webp 300w, https:\/\/sulsc.com\/wp-content\/uploads\/2026\/04\/trump-1024x613.webp 1024w, https:\/\/sulsc.com\/wp-content\/uploads\/2026\/04\/trump-768x459.webp 768w\" sizes=\"(max-width: 1170px) 100vw, 1170px\" \/><\/p>\n<p>Foto: JONATHAN ERNST\/Fonte: Ag\u00eancia Brasil<\/p>\n","protected":false},"excerpt":{"rendered":"<p>Um homem fez disparos na noite deste s\u00e1bado (25) durante um jantar, num hotel em Washington, do presidente Donald Trump com correspondentes que cobrem a Casa Branca. Tiros foram ouvidos nas imedia\u00e7\u00f5es do local do evento e o presidente e a primeira-dama Melania Trump foram retirados rapidamente do lugar pelo Servi\u00e7o Secreto norte-americano. O suspeito &hellip;<\/p>\n<p class=\"read-more\"> <a class=\"\" href=\"https:\/\/sulsc.com\/index.php\/2026\/04\/26\/homem-atira-durante-jantar-de-trump-com-correspondentes-em-washington\/\"> <span class=\"screen-reader-text\">Homem atira durante jantar de Trump com correspondentes em Washington<\/span> Read More &raquo;<\/a><\/p>\n","protected":false},"author":3,"featured_media":33613,"comment_status":"open","ping_status":"open","sticky":false,"template":"","format":"standard","meta":{"site-sidebar-layout":"default","site-content-layout":"","ast-site-content-layout":"default","site-content-style":"default","site-sidebar-style":"default","ast-global-header-display":"","ast-banner-title-visibility":"","ast-main-header-display":"","ast-hfb-above-header-display":"","ast-hfb-below-header-display":"","ast-hfb-mobile-header-display":"","site-post-title":"","ast-breadcrumbs-content":"","ast-featured-img":"","footer-sml-layout":"","theme-transparent-header-meta":"default","adv-header-id-meta":"","stick-header-meta":"","header-above-stick-meta":"","header-main-stick-meta":"","header-below-stick-meta":"","astra-migrate-meta-layouts":"set","footnotes":""},"categories":[1,16,6,12],"tags":[617],"yoast_head":"<!-- This site is optimized with the Yoast SEO plugin v21.4 - https:\/\/yoast.com\/wordpress\/plugins\/seo\/ -->\n<title>Homem atira durante jantar de Trump com correspondentes em Washington -<\/title>\n<meta name=\"robots\" content=\"index, follow, max-snippet:-1, max-image-preview:large, max-video-preview:-1\" \/>\n<link rel=\"canonical\" href=\"https:\/\/sulsc.com\/index.php\/2026\/04\/26\/homem-atira-durante-jantar-de-trump-com-correspondentes-em-washington\/\" \/>\n<meta property=\"og:locale\" content=\"en_US\" \/>\n<meta property=\"og:type\" content=\"article\" \/>\n<meta property=\"og:title\" content=\"Homem atira durante jantar de Trump com correspondentes em Washington -\" \/>\n<meta property=\"og:description\" content=\"Um homem fez disparos na noite deste s\u00e1bado (25) durante um jantar, num hotel em Washington, do presidente Donald Trump com correspondentes que cobrem a Casa Branca. Tiros foram ouvidos nas imedia\u00e7\u00f5es do local do evento e o presidente e a primeira-dama Melania Trump foram retirados rapidamente do lugar pelo Servi\u00e7o Secreto norte-americano. O suspeito &hellip; Homem atira durante jantar de Trump com correspondentes em Washington Read More &raquo;\" \/>\n<meta property=\"og:url\" content=\"https:\/\/sulsc.com\/index.php\/2026\/04\/26\/homem-atira-durante-jantar-de-trump-com-correspondentes-em-washington\/\" \/>\n<meta property=\"article:author\" content=\"https:\/\/www.facebook.com\/profile.php?id=61559278119680\" \/>\n<meta property=\"article:published_time\" content=\"2026-04-26T14:15:26+00:00\" \/>\n<meta property=\"og:image\" content=\"http:\/\/sulsc.com\/wp-content\/uploads\/2026\/04\/trump.webp\" \/>\n\t<meta property=\"og:image:width\" content=\"1170\" \/>\n\t<meta property=\"og:image:height\" content=\"700\" \/>\n\t<meta property=\"og:image:type\" content=\"image\/webp\" \/>\n<meta name=\"author\" content=\"Reda\u00e7\u00e3o Sul SC\" \/>\n<meta name=\"twitter:card\" content=\"summary_large_image\" \/>\n<meta name=\"twitter:creator\" content=\"@https:\/\/twitter.com\/PortalSulSC\" \/>\n<meta name=\"twitter:label1\" content=\"Written by\" \/>\n\t<meta name=\"twitter:data1\" content=\"Reda\u00e7\u00e3o Sul SC\" \/>\n\t<meta name=\"twitter:label2\" content=\"Est. reading time\" \/>\n\t<meta name=\"twitter:data2\" content=\"2 minutes\" \/>\n<script type=\"application\/ld+json\" class=\"yoast-schema-graph\">{\"@context\":\"https:\/\/schema.org\",\"@graph\":[{\"@type\":\"WebPage\",\"@id\":\"https:\/\/sulsc.com\/index.php\/2026\/04\/26\/homem-atira-durante-jantar-de-trump-com-correspondentes-em-washington\/\",\"url\":\"https:\/\/sulsc.com\/index.php\/2026\/04\/26\/homem-atira-durante-jantar-de-trump-com-correspondentes-em-washington\/\",\"name\":\"Homem atira durante jantar de Trump com correspondentes em Washington -\",\"isPartOf\":{\"@id\":\"https:\/\/sulsc.com\/#website\"},\"datePublished\":\"2026-04-26T14:15:26+00:00\",\"dateModified\":\"2026-04-26T14:15:26+00:00\",\"author\":{\"@id\":\"https:\/\/sulsc.com\/#\/schema\/person\/84d2fc571684f6248ba83092f07750a3\"},\"breadcrumb\":{\"@id\":\"https:\/\/sulsc.com\/index.php\/2026\/04\/26\/homem-atira-durante-jantar-de-trump-com-correspondentes-em-washington\/#breadcrumb\"},\"inLanguage\":\"en-US\",\"potentialAction\":[{\"@type\":\"ReadAction\",\"target\":[\"https:\/\/sulsc.com\/index.php\/2026\/04\/26\/homem-atira-durante-jantar-de-trump-com-correspondentes-em-washington\/\"]}]},{\"@type\":\"BreadcrumbList\",\"@id\":\"https:\/\/sulsc.com\/index.php\/2026\/04\/26\/homem-atira-durante-jantar-de-trump-com-correspondentes-em-washington\/#breadcrumb\",\"itemListElement\":[{\"@type\":\"ListItem\",\"position\":1,\"name\":\"In\u00edcio\",\"item\":\"https:\/\/sulsc.com\/\"},{\"@type\":\"ListItem\",\"position\":2,\"name\":\"Homem atira durante jantar de Trump com correspondentes em Washington\"}]},{\"@type\":\"WebSite\",\"@id\":\"https:\/\/sulsc.com\/#website\",\"url\":\"https:\/\/sulsc.com\/\",\"name\":\"\",\"description\":\"\",\"potentialAction\":[{\"@type\":\"SearchAction\",\"target\":{\"@type\":\"EntryPoint\",\"urlTemplate\":\"https:\/\/sulsc.com\/?s={search_term_string}\"},\"query-input\":\"required name=search_term_string\"}],\"inLanguage\":\"en-US\"},{\"@type\":\"Person\",\"@id\":\"https:\/\/sulsc.com\/#\/schema\/person\/84d2fc571684f6248ba83092f07750a3\",\"name\":\"Reda\u00e7\u00e3o Sul SC\",\"image\":{\"@type\":\"ImageObject\",\"inLanguage\":\"en-US\",\"@id\":\"https:\/\/sulsc.com\/#\/schema\/person\/image\/e08d7fe2cc4ed596372063bbe852b8d0\",\"url\":\"https:\/\/sulsc.com\/wp-content\/uploads\/2023\/09\/redacao.png\",\"contentUrl\":\"https:\/\/sulsc.com\/wp-content\/uploads\/2023\/09\/redacao.png\",\"caption\":\"Reda\u00e7\u00e3o Sul SC\"},\"description\":\"Foco em um jornalismo imparcial, voltado \u00e0 qualidade dos seus conte\u00fados e, assim, levar informa\u00e7\u00e3o de valor que agregue \u00e0 vida dos leitores. Esta \u00e9 grande miss\u00e3o do Portal de Not\u00edcias Sul SC. N\u00e3o \u00e9 quantidade que muda o mundo, sempre foi e seguir\u00e1 sendo qualidade!\",\"sameAs\":[\"https:\/\/sulsc.com\/\",\"https:\/\/www.facebook.com\/profile.php?id=61559278119680\",\"https:\/\/www.instagram.com\/sulscportal\/?hl=pt-br\",\"https:\/\/twitter.com\/https:\/\/twitter.com\/PortalSulSC\",\"https:\/\/www.youtube.com\/channel\/UCv_BE8GeySluDov2n8qhVmw\"],\"url\":\"https:\/\/sulsc.com\/index.php\/author\/redacao\/\"}]}<\/script>\n<!-- \/ Yoast SEO plugin. -->","yoast_head_json":{"title":"Homem atira durante jantar de Trump com correspondentes em Washington -","robots":{"index":"index","follow":"follow","max-snippet":"max-snippet:-1","max-image-preview":"max-image-preview:large","max-video-preview":"max-video-preview:-1"},"canonical":"https:\/\/sulsc.com\/index.php\/2026\/04\/26\/homem-atira-durante-jantar-de-trump-com-correspondentes-em-washington\/","og_locale":"en_US","og_type":"article","og_title":"Homem atira durante jantar de Trump com correspondentes em Washington -","og_description":"Um homem fez disparos na noite deste s\u00e1bado (25) durante um jantar, num hotel em Washington, do presidente Donald Trump com correspondentes que cobrem a Casa Branca. Tiros foram ouvidos nas imedia\u00e7\u00f5es do local do evento e o presidente e a primeira-dama Melania Trump foram retirados rapidamente do lugar pelo Servi\u00e7o Secreto norte-americano. O suspeito &hellip; Homem atira durante jantar de Trump com correspondentes em Washington Read More &raquo;","og_url":"https:\/\/sulsc.com\/index.php\/2026\/04\/26\/homem-atira-durante-jantar-de-trump-com-correspondentes-em-washington\/","article_author":"https:\/\/www.facebook.com\/profile.php?id=61559278119680","article_published_time":"2026-04-26T14:15:26+00:00","og_image":[{"width":1170,"height":700,"url":"http:\/\/sulsc.com\/wp-content\/uploads\/2026\/04\/trump.webp","type":"image\/webp"}],"author":"Reda\u00e7\u00e3o Sul SC","twitter_card":"summary_large_image","twitter_creator":"@https:\/\/twitter.com\/PortalSulSC","twitter_misc":{"Written by":"Reda\u00e7\u00e3o Sul SC","Est. reading time":"2 minutes"},"schema":{"@context":"https:\/\/schema.org","@graph":[{"@type":"WebPage","@id":"https:\/\/sulsc.com\/index.php\/2026\/04\/26\/homem-atira-durante-jantar-de-trump-com-correspondentes-em-washington\/","url":"https:\/\/sulsc.com\/index.php\/2026\/04\/26\/homem-atira-durante-jantar-de-trump-com-correspondentes-em-washington\/","name":"Homem atira durante jantar de Trump com correspondentes em Washington -","isPartOf":{"@id":"https:\/\/sulsc.com\/#website"},"datePublished":"2026-04-26T14:15:26+00:00","dateModified":"2026-04-26T14:15:26+00:00","author":{"@id":"https:\/\/sulsc.com\/#\/schema\/person\/84d2fc571684f6248ba83092f07750a3"},"breadcrumb":{"@id":"https:\/\/sulsc.com\/index.php\/2026\/04\/26\/homem-atira-durante-jantar-de-trump-com-correspondentes-em-washington\/#breadcrumb"},"inLanguage":"en-US","potentialAction":[{"@type":"ReadAction","target":["https:\/\/sulsc.com\/index.php\/2026\/04\/26\/homem-atira-durante-jantar-de-trump-com-correspondentes-em-washington\/"]}]},{"@type":"BreadcrumbList","@id":"https:\/\/sulsc.com\/index.php\/2026\/04\/26\/homem-atira-durante-jantar-de-trump-com-correspondentes-em-washington\/#breadcrumb","itemListElement":[{"@type":"ListItem","position":1,"name":"In\u00edcio","item":"https:\/\/sulsc.com\/"},{"@type":"ListItem","position":2,"name":"Homem atira durante jantar de Trump com correspondentes em Washington"}]},{"@type":"WebSite","@id":"https:\/\/sulsc.com\/#website","url":"https:\/\/sulsc.com\/","name":"","description":"","potentialAction":[{"@type":"SearchAction","target":{"@type":"EntryPoint","urlTemplate":"https:\/\/sulsc.com\/?s={search_term_string}"},"query-input":"required name=search_term_string"}],"inLanguage":"en-US"},{"@type":"Person","@id":"https:\/\/sulsc.com\/#\/schema\/person\/84d2fc571684f6248ba83092f07750a3","name":"Reda\u00e7\u00e3o Sul SC","image":{"@type":"ImageObject","inLanguage":"en-US","@id":"https:\/\/sulsc.com\/#\/schema\/person\/image\/e08d7fe2cc4ed596372063bbe852b8d0","url":"https:\/\/sulsc.com\/wp-content\/uploads\/2023\/09\/redacao.png","contentUrl":"https:\/\/sulsc.com\/wp-content\/uploads\/2023\/09\/redacao.png","caption":"Reda\u00e7\u00e3o Sul SC"},"description":"Foco em um jornalismo imparcial, voltado \u00e0 qualidade dos seus conte\u00fados e, assim, levar informa\u00e7\u00e3o de valor que agregue \u00e0 vida dos leitores. Esta \u00e9 grande miss\u00e3o do Portal de Not\u00edcias Sul SC. N\u00e3o \u00e9 quantidade que muda o mundo, sempre foi e seguir\u00e1 sendo qualidade!","sameAs":["https:\/\/sulsc.com\/","https:\/\/www.facebook.com\/profile.php?id=61559278119680","https:\/\/www.instagram.com\/sulscportal\/?hl=pt-br","https:\/\/twitter.com\/https:\/\/twitter.com\/PortalSulSC","https:\/\/www.youtube.com\/channel\/UCv_BE8GeySluDov2n8qhVmw"],"url":"https:\/\/sulsc.com\/index.php\/author\/redacao\/"}]}},"authors":[],"_links":{"self":[{"href":"https:\/\/sulsc.com\/index.php\/wp-json\/wp\/v2\/posts\/33612"}],"collection":[{"href":"https:\/\/sulsc.com\/index.php\/wp-json\/wp\/v2\/posts"}],"about":[{"href":"https:\/\/sulsc.com\/index.php\/wp-json\/wp\/v2\/types\/post"}],"author":[{"embeddable":true,"href":"https:\/\/sulsc.com\/index.php\/wp-json\/wp\/v2\/users\/3"}],"replies":[{"embeddable":true,"href":"https:\/\/sulsc.com\/index.php\/wp-json\/wp\/v2\/comments?post=33612"}],"version-history":[{"count":1,"href":"https:\/\/sulsc.com\/index.php\/wp-json\/wp\/v2\/posts\/33612\/revisions"}],"predecessor-version":[{"id":33614,"href":"https:\/\/sulsc.com\/index.php\/wp-json\/wp\/v2\/posts\/33612\/revisions\/33614"}],"wp:featuredmedia":[{"embeddable":true,"href":"https:\/\/sulsc.com\/index.php\/wp-json\/wp\/v2\/media\/33613"}],"wp:attachment":[{"href":"https:\/\/sulsc.com\/index.php\/wp-json\/wp\/v2\/media?parent=33612"}],"wp:term":[{"taxonomy":"category","embeddable":true,"href":"https:\/\/sulsc.com\/index.php\/wp-json\/wp\/v2\/categories?post=33612"},{"taxonomy":"post_tag","embeddable":true,"href":"https:\/\/sulsc.com\/index.php\/wp-json\/wp\/v2\/tags?post=33612"}],"curies":[{"name":"wp","href":"https:\/\/api.w.org\/{rel}","templated":true}]}}