{"id":33621,"date":"2026-04-26T13:14:24","date_gmt":"2026-04-26T16:14:24","guid":{"rendered":"https:\/\/sulsc.com\/?p=33621"},"modified":"2026-04-26T13:14:24","modified_gmt":"2026-04-26T16:14:24","slug":"autoridades-dos-eua-identificam-autor-de-atentado-contra-trump","status":"publish","type":"post","link":"https:\/\/sulsc.com\/index.php\/2026\/04\/26\/autoridades-dos-eua-identificam-autor-de-atentado-contra-trump\/","title":{"rendered":"Autoridades dos EUA identificam autor de atentado contra Trump"},"content":{"rendered":"<p>O homem preso por atirar contra o presidente dos Estados Unidos, Donald Trump, na noite de s\u00e1bado (25), foi identificado pelas autoridades do pa\u00eds como Cole Tomas Allen, segundo informa\u00e7\u00f5es da ag\u00eancia de not\u00edcias Reuters.<\/p>\n<div id=\"metaslider-id-25573\" style=\"width: 100%;\" class=\"ml-slider-3-99-0 metaslider metaslider-flex metaslider-25573 ml-slider has-onhover-arrows ms-theme-default-base has-dots-nav\" role=\"region\" aria-label=\"Meio\" data-width=\"1200\">\n    <div id=\"metaslider_container_25573\">\n        <div id=\"metaslider_25573\">\n            <ul class='slides'>\n                <li style=\"display: block; width: 100%;\" class=\"slide-25684 ms-image \" aria-roledescription=\"slide\" data-date=\"2025-07-24 07:55:40\"><img src=\"https:\/\/sulsc.com\/wp-content\/uploads\/2025\/07\/Marr-2-1000x166.jpg\" height=\"200\" width=\"1200\" alt=\"\" class=\"slider-25573 slide-25684 msDefaultImage\" title=\"Marr 2\" \/><\/li>\n                <li style=\"display: none; width: 100%;\" class=\"slide-32412 ms-image \" aria-roledescription=\"slide\" data-date=\"2026-02-18 13:59:46\"><img src=\"https:\/\/sulsc.com\/wp-content\/uploads\/2026\/02\/40dc1580-cad5-4867-bc58-c4243821ad38-1000x166.jpeg\" height=\"200\" width=\"1200\" alt=\"\" class=\"slider-25573 slide-32412 msDefaultImage\" title=\"40dc1580-cad5-4867-bc58-c4243821ad38\" \/><\/li>\n                <li style=\"display: none; width: 100%;\" class=\"slide-32766 ms-image \" aria-roledescription=\"slide\" data-date=\"2026-03-03 17:22:59\"><img src=\"https:\/\/sulsc.com\/wp-content\/uploads\/2026\/03\/271ce739-f268-41c5-8051-3de1a1750359-1000x166.jpeg\" height=\"200\" width=\"1200\" alt=\"\" class=\"slider-25573 slide-32766 msDefaultImage\" title=\"271ce739-f268-41c5-8051-3de1a1750359\" \/><\/li>\n            <\/ul>\n        <\/div>\n        \n    <\/div>\n<\/div>\n<p>Os disparos foram realizados durante um jantar em um hotel, em Washington, em que Trump recebia jornalistas que atuam como correspondentes da Casa Branca.<\/p>\n<p>Informa\u00e7\u00f5es preliminares apontam que Allen \u00e9 \u201cum homem da regi\u00e3o de Los Angeles que, segundo aparenta em redes sociais, \u00e9 graduado pelo Caltech e trabalha como professor em meio per\u00edodo e desenvolvedor de jogos\u201d.<\/p>\n<p><img fetchpriority=\"high\" decoding=\"async\" class=\"aligncenter size-full wp-image-33622\" src=\"http:\/\/sulsc.com\/wp-content\/uploads\/2026\/04\/f6865641-9724-4d0d-95f6-f27fac968849.jpg\" alt=\"\" width=\"419\" height=\"314\" srcset=\"https:\/\/sulsc.com\/wp-content\/uploads\/2026\/04\/f6865641-9724-4d0d-95f6-f27fac968849.jpg 419w, https:\/\/sulsc.com\/wp-content\/uploads\/2026\/04\/f6865641-9724-4d0d-95f6-f27fac968849-300x225.jpg 300w\" sizes=\"(max-width: 419px) 100vw, 419px\" \/><\/p>\n<p>Foto\/CNN Brasil<\/p>\n<p>Segundo as autoridades, ele tem 31 anos e reside em Torrance, na Calif\u00f3rnia.<\/p>\n<p>Ap\u00f3s o ataque, Trump usou as redes sociais para associar o caso \u00e0 necessidade de reforma da Casa Branca. Trump defende a constru\u00e7\u00e3o de um sal\u00e3o de baile no pr\u00e9dio hist\u00f3rico, obra que foi questionada na Justi\u00e7a.<\/p>\n<p>\u201cTodos os presidentes, nos \u00faltimos 150 anos, v\u00eam exigindo a constru\u00e7\u00e3o de um grande, seguro e protegido sal\u00e3o de baile nos terrenos da Casa Branca. Esse evento jamais teria ocorrido com o Sal\u00e3o de Baile militar de n\u00edvel m\u00e1ximo de sigilo\u201d, argumentou.<\/p>\n<p>\u201cO processo judicial rid\u00edculo sobre o sal\u00e3o de baile, movido por uma mulher que passeava com seu cachorro e que absolutamente n\u00e3o tem legitimidade para apresentar tal a\u00e7\u00e3o, deve ser arquivado imediatamente. Nada deve ser permitido a interferir em sua constru\u00e7\u00e3o\u201d, acrescentou.<\/p>\n<p>A obra tem tido seu cronograma adiado por conta do processo citado por Trump.<\/p>\n","protected":false},"excerpt":{"rendered":"<p>O homem preso por atirar contra o presidente dos Estados Unidos, Donald Trump, na noite de s\u00e1bado (25), foi identificado pelas autoridades do pa\u00eds como Cole Tomas Allen, segundo informa\u00e7\u00f5es da ag\u00eancia de not\u00edcias Reuters. Os disparos foram realizados durante um jantar em um hotel, em Washington, em que Trump recebia jornalistas que atuam como &hellip;<\/p>\n<p class=\"read-more\"> <a class=\"\" href=\"https:\/\/sulsc.com\/index.php\/2026\/04\/26\/autoridades-dos-eua-identificam-autor-de-atentado-contra-trump\/\"> <span class=\"screen-reader-text\">Autoridades dos EUA identificam autor de atentado contra Trump<\/span> Read More &raquo;<\/a><\/p>\n","protected":false},"author":3,"featured_media":33622,"comment_status":"open","ping_status":"open","sticky":false,"template":"","format":"standard","meta":{"site-sidebar-layout":"default","site-content-layout":"","ast-site-content-layout":"default","site-content-style":"default","site-sidebar-style":"default","ast-global-header-display":"","ast-banner-title-visibility":"","ast-main-header-display":"","ast-hfb-above-header-display":"","ast-hfb-below-header-display":"","ast-hfb-mobile-header-display":"","site-post-title":"","ast-breadcrumbs-content":"","ast-featured-img":"","footer-sml-layout":"","theme-transparent-header-meta":"default","adv-header-id-meta":"","stick-header-meta":"","header-above-stick-meta":"","header-main-stick-meta":"","header-below-stick-meta":"","astra-migrate-meta-layouts":"set","footnotes":""},"categories":[1,16,8,12],"tags":[617],"yoast_head":"<!-- This site is optimized with the Yoast SEO plugin v21.4 - https:\/\/yoast.com\/wordpress\/plugins\/seo\/ -->\n<title>Autoridades dos EUA identificam autor de atentado contra Trump -<\/title>\n<meta name=\"robots\" content=\"index, follow, max-snippet:-1, max-image-preview:large, max-video-preview:-1\" \/>\n<link rel=\"canonical\" href=\"https:\/\/sulsc.com\/index.php\/2026\/04\/26\/autoridades-dos-eua-identificam-autor-de-atentado-contra-trump\/\" \/>\n<meta property=\"og:locale\" content=\"en_US\" \/>\n<meta property=\"og:type\" content=\"article\" \/>\n<meta property=\"og:title\" content=\"Autoridades dos EUA identificam autor de atentado contra Trump -\" \/>\n<meta property=\"og:description\" content=\"O homem preso por atirar contra o presidente dos Estados Unidos, Donald Trump, na noite de s\u00e1bado (25), foi identificado pelas autoridades do pa\u00eds como Cole Tomas Allen, segundo informa\u00e7\u00f5es da ag\u00eancia de not\u00edcias Reuters. Os disparos foram realizados durante um jantar em um hotel, em Washington, em que Trump recebia jornalistas que atuam como &hellip; Autoridades dos EUA identificam autor de atentado contra Trump Read More &raquo;\" \/>\n<meta property=\"og:url\" content=\"https:\/\/sulsc.com\/index.php\/2026\/04\/26\/autoridades-dos-eua-identificam-autor-de-atentado-contra-trump\/\" \/>\n<meta property=\"article:author\" content=\"https:\/\/www.facebook.com\/profile.php?id=61559278119680\" \/>\n<meta property=\"article:published_time\" content=\"2026-04-26T16:14:24+00:00\" \/>\n<meta property=\"og:image\" content=\"http:\/\/sulsc.com\/wp-content\/uploads\/2026\/04\/f6865641-9724-4d0d-95f6-f27fac968849.jpg\" \/>\n\t<meta property=\"og:image:width\" content=\"419\" \/>\n\t<meta property=\"og:image:height\" content=\"314\" \/>\n\t<meta property=\"og:image:type\" content=\"image\/jpeg\" \/>\n<meta name=\"author\" content=\"Reda\u00e7\u00e3o Sul SC\" \/>\n<meta name=\"twitter:card\" content=\"summary_large_image\" \/>\n<meta name=\"twitter:creator\" content=\"@https:\/\/twitter.com\/PortalSulSC\" \/>\n<meta name=\"twitter:label1\" content=\"Written by\" \/>\n\t<meta name=\"twitter:data1\" content=\"Reda\u00e7\u00e3o Sul SC\" \/>\n\t<meta name=\"twitter:label2\" content=\"Est. reading time\" \/>\n\t<meta name=\"twitter:data2\" content=\"2 minutes\" \/>\n<script type=\"application\/ld+json\" class=\"yoast-schema-graph\">{\"@context\":\"https:\/\/schema.org\",\"@graph\":[{\"@type\":\"WebPage\",\"@id\":\"https:\/\/sulsc.com\/index.php\/2026\/04\/26\/autoridades-dos-eua-identificam-autor-de-atentado-contra-trump\/\",\"url\":\"https:\/\/sulsc.com\/index.php\/2026\/04\/26\/autoridades-dos-eua-identificam-autor-de-atentado-contra-trump\/\",\"name\":\"Autoridades dos EUA identificam autor de atentado contra Trump -\",\"isPartOf\":{\"@id\":\"https:\/\/sulsc.com\/#website\"},\"datePublished\":\"2026-04-26T16:14:24+00:00\",\"dateModified\":\"2026-04-26T16:14:24+00:00\",\"author\":{\"@id\":\"https:\/\/sulsc.com\/#\/schema\/person\/84d2fc571684f6248ba83092f07750a3\"},\"breadcrumb\":{\"@id\":\"https:\/\/sulsc.com\/index.php\/2026\/04\/26\/autoridades-dos-eua-identificam-autor-de-atentado-contra-trump\/#breadcrumb\"},\"inLanguage\":\"en-US\",\"potentialAction\":[{\"@type\":\"ReadAction\",\"target\":[\"https:\/\/sulsc.com\/index.php\/2026\/04\/26\/autoridades-dos-eua-identificam-autor-de-atentado-contra-trump\/\"]}]},{\"@type\":\"BreadcrumbList\",\"@id\":\"https:\/\/sulsc.com\/index.php\/2026\/04\/26\/autoridades-dos-eua-identificam-autor-de-atentado-contra-trump\/#breadcrumb\",\"itemListElement\":[{\"@type\":\"ListItem\",\"position\":1,\"name\":\"In\u00edcio\",\"item\":\"https:\/\/sulsc.com\/\"},{\"@type\":\"ListItem\",\"position\":2,\"name\":\"Autoridades dos EUA identificam autor de atentado contra Trump\"}]},{\"@type\":\"WebSite\",\"@id\":\"https:\/\/sulsc.com\/#website\",\"url\":\"https:\/\/sulsc.com\/\",\"name\":\"\",\"description\":\"\",\"potentialAction\":[{\"@type\":\"SearchAction\",\"target\":{\"@type\":\"EntryPoint\",\"urlTemplate\":\"https:\/\/sulsc.com\/?s={search_term_string}\"},\"query-input\":\"required name=search_term_string\"}],\"inLanguage\":\"en-US\"},{\"@type\":\"Person\",\"@id\":\"https:\/\/sulsc.com\/#\/schema\/person\/84d2fc571684f6248ba83092f07750a3\",\"name\":\"Reda\u00e7\u00e3o Sul SC\",\"image\":{\"@type\":\"ImageObject\",\"inLanguage\":\"en-US\",\"@id\":\"https:\/\/sulsc.com\/#\/schema\/person\/image\/e08d7fe2cc4ed596372063bbe852b8d0\",\"url\":\"https:\/\/sulsc.com\/wp-content\/uploads\/2023\/09\/redacao.png\",\"contentUrl\":\"https:\/\/sulsc.com\/wp-content\/uploads\/2023\/09\/redacao.png\",\"caption\":\"Reda\u00e7\u00e3o Sul SC\"},\"description\":\"Foco em um jornalismo imparcial, voltado \u00e0 qualidade dos seus conte\u00fados e, assim, levar informa\u00e7\u00e3o de valor que agregue \u00e0 vida dos leitores. Esta \u00e9 grande miss\u00e3o do Portal de Not\u00edcias Sul SC. N\u00e3o \u00e9 quantidade que muda o mundo, sempre foi e seguir\u00e1 sendo qualidade!\",\"sameAs\":[\"https:\/\/sulsc.com\/\",\"https:\/\/www.facebook.com\/profile.php?id=61559278119680\",\"https:\/\/www.instagram.com\/sulscportal\/?hl=pt-br\",\"https:\/\/twitter.com\/https:\/\/twitter.com\/PortalSulSC\",\"https:\/\/www.youtube.com\/channel\/UCv_BE8GeySluDov2n8qhVmw\"],\"url\":\"https:\/\/sulsc.com\/index.php\/author\/redacao\/\"}]}<\/script>\n<!-- \/ Yoast SEO plugin. -->","yoast_head_json":{"title":"Autoridades dos EUA identificam autor de atentado contra Trump -","robots":{"index":"index","follow":"follow","max-snippet":"max-snippet:-1","max-image-preview":"max-image-preview:large","max-video-preview":"max-video-preview:-1"},"canonical":"https:\/\/sulsc.com\/index.php\/2026\/04\/26\/autoridades-dos-eua-identificam-autor-de-atentado-contra-trump\/","og_locale":"en_US","og_type":"article","og_title":"Autoridades dos EUA identificam autor de atentado contra Trump -","og_description":"O homem preso por atirar contra o presidente dos Estados Unidos, Donald Trump, na noite de s\u00e1bado (25), foi identificado pelas autoridades do pa\u00eds como Cole Tomas Allen, segundo informa\u00e7\u00f5es da ag\u00eancia de not\u00edcias Reuters. Os disparos foram realizados durante um jantar em um hotel, em Washington, em que Trump recebia jornalistas que atuam como &hellip; Autoridades dos EUA identificam autor de atentado contra Trump Read More &raquo;","og_url":"https:\/\/sulsc.com\/index.php\/2026\/04\/26\/autoridades-dos-eua-identificam-autor-de-atentado-contra-trump\/","article_author":"https:\/\/www.facebook.com\/profile.php?id=61559278119680","article_published_time":"2026-04-26T16:14:24+00:00","og_image":[{"width":419,"height":314,"url":"http:\/\/sulsc.com\/wp-content\/uploads\/2026\/04\/f6865641-9724-4d0d-95f6-f27fac968849.jpg","type":"image\/jpeg"}],"author":"Reda\u00e7\u00e3o Sul SC","twitter_card":"summary_large_image","twitter_creator":"@https:\/\/twitter.com\/PortalSulSC","twitter_misc":{"Written by":"Reda\u00e7\u00e3o Sul SC","Est. reading time":"2 minutes"},"schema":{"@context":"https:\/\/schema.org","@graph":[{"@type":"WebPage","@id":"https:\/\/sulsc.com\/index.php\/2026\/04\/26\/autoridades-dos-eua-identificam-autor-de-atentado-contra-trump\/","url":"https:\/\/sulsc.com\/index.php\/2026\/04\/26\/autoridades-dos-eua-identificam-autor-de-atentado-contra-trump\/","name":"Autoridades dos EUA identificam autor de atentado contra Trump -","isPartOf":{"@id":"https:\/\/sulsc.com\/#website"},"datePublished":"2026-04-26T16:14:24+00:00","dateModified":"2026-04-26T16:14:24+00:00","author":{"@id":"https:\/\/sulsc.com\/#\/schema\/person\/84d2fc571684f6248ba83092f07750a3"},"breadcrumb":{"@id":"https:\/\/sulsc.com\/index.php\/2026\/04\/26\/autoridades-dos-eua-identificam-autor-de-atentado-contra-trump\/#breadcrumb"},"inLanguage":"en-US","potentialAction":[{"@type":"ReadAction","target":["https:\/\/sulsc.com\/index.php\/2026\/04\/26\/autoridades-dos-eua-identificam-autor-de-atentado-contra-trump\/"]}]},{"@type":"BreadcrumbList","@id":"https:\/\/sulsc.com\/index.php\/2026\/04\/26\/autoridades-dos-eua-identificam-autor-de-atentado-contra-trump\/#breadcrumb","itemListElement":[{"@type":"ListItem","position":1,"name":"In\u00edcio","item":"https:\/\/sulsc.com\/"},{"@type":"ListItem","position":2,"name":"Autoridades dos EUA identificam autor de atentado contra Trump"}]},{"@type":"WebSite","@id":"https:\/\/sulsc.com\/#website","url":"https:\/\/sulsc.com\/","name":"","description":"","potentialAction":[{"@type":"SearchAction","target":{"@type":"EntryPoint","urlTemplate":"https:\/\/sulsc.com\/?s={search_term_string}"},"query-input":"required name=search_term_string"}],"inLanguage":"en-US"},{"@type":"Person","@id":"https:\/\/sulsc.com\/#\/schema\/person\/84d2fc571684f6248ba83092f07750a3","name":"Reda\u00e7\u00e3o Sul SC","image":{"@type":"ImageObject","inLanguage":"en-US","@id":"https:\/\/sulsc.com\/#\/schema\/person\/image\/e08d7fe2cc4ed596372063bbe852b8d0","url":"https:\/\/sulsc.com\/wp-content\/uploads\/2023\/09\/redacao.png","contentUrl":"https:\/\/sulsc.com\/wp-content\/uploads\/2023\/09\/redacao.png","caption":"Reda\u00e7\u00e3o Sul SC"},"description":"Foco em um jornalismo imparcial, voltado \u00e0 qualidade dos seus conte\u00fados e, assim, levar informa\u00e7\u00e3o de valor que agregue \u00e0 vida dos leitores. Esta \u00e9 grande miss\u00e3o do Portal de Not\u00edcias Sul SC. N\u00e3o \u00e9 quantidade que muda o mundo, sempre foi e seguir\u00e1 sendo qualidade!","sameAs":["https:\/\/sulsc.com\/","https:\/\/www.facebook.com\/profile.php?id=61559278119680","https:\/\/www.instagram.com\/sulscportal\/?hl=pt-br","https:\/\/twitter.com\/https:\/\/twitter.com\/PortalSulSC","https:\/\/www.youtube.com\/channel\/UCv_BE8GeySluDov2n8qhVmw"],"url":"https:\/\/sulsc.com\/index.php\/author\/redacao\/"}]}},"authors":[],"_links":{"self":[{"href":"https:\/\/sulsc.com\/index.php\/wp-json\/wp\/v2\/posts\/33621"}],"collection":[{"href":"https:\/\/sulsc.com\/index.php\/wp-json\/wp\/v2\/posts"}],"about":[{"href":"https:\/\/sulsc.com\/index.php\/wp-json\/wp\/v2\/types\/post"}],"author":[{"embeddable":true,"href":"https:\/\/sulsc.com\/index.php\/wp-json\/wp\/v2\/users\/3"}],"replies":[{"embeddable":true,"href":"https:\/\/sulsc.com\/index.php\/wp-json\/wp\/v2\/comments?post=33621"}],"version-history":[{"count":1,"href":"https:\/\/sulsc.com\/index.php\/wp-json\/wp\/v2\/posts\/33621\/revisions"}],"predecessor-version":[{"id":33623,"href":"https:\/\/sulsc.com\/index.php\/wp-json\/wp\/v2\/posts\/33621\/revisions\/33623"}],"wp:featuredmedia":[{"embeddable":true,"href":"https:\/\/sulsc.com\/index.php\/wp-json\/wp\/v2\/media\/33622"}],"wp:attachment":[{"href":"https:\/\/sulsc.com\/index.php\/wp-json\/wp\/v2\/media?parent=33621"}],"wp:term":[{"taxonomy":"category","embeddable":true,"href":"https:\/\/sulsc.com\/index.php\/wp-json\/wp\/v2\/categories?post=33621"},{"taxonomy":"post_tag","embeddable":true,"href":"https:\/\/sulsc.com\/index.php\/wp-json\/wp\/v2\/tags?post=33621"}],"curies":[{"name":"wp","href":"https:\/\/api.w.org\/{rel}","templated":true}]}}