{"id":33624,"date":"2026-04-26T13:24:52","date_gmt":"2026-04-26T16:24:52","guid":{"rendered":"https:\/\/sulsc.com\/?p=33624"},"modified":"2026-04-26T13:24:52","modified_gmt":"2026-04-26T16:24:52","slug":"velozes-capturados-prf-intercepta-racha-na-br-101-na-madrugada-deste-sabado-25","status":"publish","type":"post","link":"https:\/\/sulsc.com\/index.php\/2026\/04\/26\/velozes-capturados-prf-intercepta-racha-na-br-101-na-madrugada-deste-sabado-25\/","title":{"rendered":"Velozes &#038; Capturados: PRF intercepta racha na BR-101 na madrugada deste s\u00e1bado (25)"},"content":{"rendered":"<p>Na madrugada deste s\u00e1bado (25), a Pol\u00edcia Rodovi\u00e1ria Federal (PRF) flagrou dois autom\u00f3veis disputando racha na BR-101, no trecho do Contorno Vi\u00e1rio de S\u00e3o Jos\u00e9 (SC), regi\u00e3o com sequ\u00eancia de curvas e alto risco de acidentes.<\/p>\n<p>A ocorr\u00eancia foi registrada por policiais do Grupo de Motociclismo da PRF, que realizavam policiamento ostensivo quando visualizaram os ve\u00edculos em alta velocidade, no sentido Palho\u00e7a\u2013S\u00e3o Jos\u00e9. Diante da infra\u00e7\u00e3o, os agentes iniciaram acompanhamento t\u00e1tico por cerca de 10 quil\u00f4metros, at\u00e9 conseguirem realizar a abordagem.<\/p>\n<div id=\"metaslider-id-25573\" style=\"width: 100%;\" class=\"ml-slider-3-99-0 metaslider metaslider-flex metaslider-25573 ml-slider has-onhover-arrows ms-theme-default-base has-dots-nav\" role=\"region\" aria-label=\"Meio\" data-width=\"1200\">\n    <div id=\"metaslider_container_25573\">\n        <div id=\"metaslider_25573\">\n            <ul class='slides'>\n                <li style=\"display: block; width: 100%;\" class=\"slide-25684 ms-image \" aria-roledescription=\"slide\" data-date=\"2025-07-24 07:55:40\"><img src=\"https:\/\/sulsc.com\/wp-content\/uploads\/2025\/07\/Marr-2-1000x166.jpg\" height=\"200\" width=\"1200\" alt=\"\" class=\"slider-25573 slide-25684 msDefaultImage\" title=\"Marr 2\" \/><\/li>\n                <li style=\"display: none; width: 100%;\" class=\"slide-32412 ms-image \" aria-roledescription=\"slide\" data-date=\"2026-02-18 13:59:46\"><img src=\"https:\/\/sulsc.com\/wp-content\/uploads\/2026\/02\/40dc1580-cad5-4867-bc58-c4243821ad38-1000x166.jpeg\" height=\"200\" width=\"1200\" alt=\"\" class=\"slider-25573 slide-32412 msDefaultImage\" title=\"40dc1580-cad5-4867-bc58-c4243821ad38\" \/><\/li>\n                <li style=\"display: none; width: 100%;\" class=\"slide-32766 ms-image \" aria-roledescription=\"slide\" data-date=\"2026-03-03 17:22:59\"><img src=\"https:\/\/sulsc.com\/wp-content\/uploads\/2026\/03\/271ce739-f268-41c5-8051-3de1a1750359-1000x166.jpeg\" height=\"200\" width=\"1200\" alt=\"\" class=\"slider-25573 slide-32766 msDefaultImage\" title=\"271ce739-f268-41c5-8051-3de1a1750359\" \/><\/li>\n            <\/ul>\n        <\/div>\n        \n    <\/div>\n<\/div>\n<p>Em um dos carros estavam o condutor, de 26 anos, natural de Florian\u00f3polis (SC), e uma passageira, de 22 anos, de Marechal C\u00e2ndido Rondon (PR). No outro ve\u00edculo, estavam o motorista, de 25 anos, de Cachoeirinha (RS), e uma passageira, de 28 anos, de Porto Alegre (RS).<\/p>\n<p>Os autom\u00f3veis, ambos modelos Renault Sandero RS 2.0 \u2014 vers\u00e3o esportiva \u2014, com placas de Florian\u00f3polis, apresentavam caracter\u00edsticas de prepara\u00e7\u00e3o para corrida.<\/p>\n<p>Os condutores foram autuados com base no artigo 173 do C\u00f3digo de Tr\u00e2nsito Brasileiro (CTB), que prev\u00ea multa de R$ 2.934,70, al\u00e9m de suspens\u00e3o do direito de dirigir.<\/p>\n<p>Os dois motoristas foram presos em flagrante por participa\u00e7\u00e3o em racha em via p\u00fablica e encaminhados \u00e0 Pol\u00edcia Judici\u00e1ria. Os ve\u00edculos foram removidos ao p\u00e1tio credenciado.<\/p>\n<p><img fetchpriority=\"high\" decoding=\"async\" class=\"aligncenter size-full wp-image-33625\" src=\"http:\/\/sulsc.com\/wp-content\/uploads\/2026\/04\/f90e2443-9e1b-4cbb-8e9f-e2d1171092b6.jpg\" alt=\"\" width=\"1280\" height=\"960\" srcset=\"https:\/\/sulsc.com\/wp-content\/uploads\/2026\/04\/f90e2443-9e1b-4cbb-8e9f-e2d1171092b6.jpg 1280w, https:\/\/sulsc.com\/wp-content\/uploads\/2026\/04\/f90e2443-9e1b-4cbb-8e9f-e2d1171092b6-300x225.jpg 300w, https:\/\/sulsc.com\/wp-content\/uploads\/2026\/04\/f90e2443-9e1b-4cbb-8e9f-e2d1171092b6-1024x768.jpg 1024w, https:\/\/sulsc.com\/wp-content\/uploads\/2026\/04\/f90e2443-9e1b-4cbb-8e9f-e2d1171092b6-768x576.jpg 768w\" sizes=\"(max-width: 1280px) 100vw, 1280px\" \/><\/p>\n<p>Imagens\/PRF-SC<\/p>\n","protected":false},"excerpt":{"rendered":"<p>Na madrugada deste s\u00e1bado (25), a Pol\u00edcia Rodovi\u00e1ria Federal (PRF) flagrou dois autom\u00f3veis disputando racha na BR-101, no trecho do Contorno Vi\u00e1rio de S\u00e3o Jos\u00e9 (SC), regi\u00e3o com sequ\u00eancia de curvas e alto risco de acidentes. A ocorr\u00eancia foi registrada por policiais do Grupo de Motociclismo da PRF, que realizavam policiamento ostensivo quando visualizaram os &hellip;<\/p>\n<p class=\"read-more\"> <a class=\"\" href=\"https:\/\/sulsc.com\/index.php\/2026\/04\/26\/velozes-capturados-prf-intercepta-racha-na-br-101-na-madrugada-deste-sabado-25\/\"> <span class=\"screen-reader-text\">Velozes &#038; Capturados: PRF intercepta racha na BR-101 na madrugada deste s\u00e1bado (25)<\/span> Read More &raquo;<\/a><\/p>\n","protected":false},"author":3,"featured_media":33625,"comment_status":"open","ping_status":"open","sticky":false,"template":"","format":"standard","meta":{"site-sidebar-layout":"default","site-content-layout":"","ast-site-content-layout":"default","site-content-style":"default","site-sidebar-style":"default","ast-global-header-display":"","ast-banner-title-visibility":"","ast-main-header-display":"","ast-hfb-above-header-display":"","ast-hfb-below-header-display":"","ast-hfb-mobile-header-display":"","site-post-title":"","ast-breadcrumbs-content":"","ast-featured-img":"","footer-sml-layout":"","theme-transparent-header-meta":"default","adv-header-id-meta":"","stick-header-meta":"","header-above-stick-meta":"","header-main-stick-meta":"","header-below-stick-meta":"","astra-migrate-meta-layouts":"set","footnotes":""},"categories":[1,14,8,12],"tags":[2316],"yoast_head":"<!-- This site is optimized with the Yoast SEO plugin v21.4 - https:\/\/yoast.com\/wordpress\/plugins\/seo\/ -->\n<title>Velozes &amp; Capturados: PRF intercepta racha na BR-101 na madrugada deste s\u00e1bado (25) -<\/title>\n<meta name=\"robots\" content=\"index, follow, max-snippet:-1, max-image-preview:large, max-video-preview:-1\" \/>\n<link rel=\"canonical\" href=\"https:\/\/sulsc.com\/index.php\/2026\/04\/26\/velozes-capturados-prf-intercepta-racha-na-br-101-na-madrugada-deste-sabado-25\/\" \/>\n<meta property=\"og:locale\" content=\"en_US\" \/>\n<meta property=\"og:type\" content=\"article\" \/>\n<meta property=\"og:title\" content=\"Velozes &amp; Capturados: PRF intercepta racha na BR-101 na madrugada deste s\u00e1bado (25) -\" \/>\n<meta property=\"og:description\" content=\"Na madrugada deste s\u00e1bado (25), a Pol\u00edcia Rodovi\u00e1ria Federal (PRF) flagrou dois autom\u00f3veis disputando racha na BR-101, no trecho do Contorno Vi\u00e1rio de S\u00e3o Jos\u00e9 (SC), regi\u00e3o com sequ\u00eancia de curvas e alto risco de acidentes. A ocorr\u00eancia foi registrada por policiais do Grupo de Motociclismo da PRF, que realizavam policiamento ostensivo quando visualizaram os &hellip; Velozes &#038; Capturados: PRF intercepta racha na BR-101 na madrugada deste s\u00e1bado (25) Read More &raquo;\" \/>\n<meta property=\"og:url\" content=\"https:\/\/sulsc.com\/index.php\/2026\/04\/26\/velozes-capturados-prf-intercepta-racha-na-br-101-na-madrugada-deste-sabado-25\/\" \/>\n<meta property=\"article:author\" content=\"https:\/\/www.facebook.com\/profile.php?id=61559278119680\" \/>\n<meta property=\"article:published_time\" content=\"2026-04-26T16:24:52+00:00\" \/>\n<meta property=\"og:image\" content=\"http:\/\/sulsc.com\/wp-content\/uploads\/2026\/04\/f90e2443-9e1b-4cbb-8e9f-e2d1171092b6.jpg\" \/>\n\t<meta property=\"og:image:width\" content=\"1280\" \/>\n\t<meta property=\"og:image:height\" content=\"960\" \/>\n\t<meta property=\"og:image:type\" content=\"image\/jpeg\" \/>\n<meta name=\"author\" content=\"Reda\u00e7\u00e3o Sul SC\" \/>\n<meta name=\"twitter:card\" content=\"summary_large_image\" \/>\n<meta name=\"twitter:creator\" content=\"@https:\/\/twitter.com\/PortalSulSC\" \/>\n<meta name=\"twitter:label1\" content=\"Written by\" \/>\n\t<meta name=\"twitter:data1\" content=\"Reda\u00e7\u00e3o Sul SC\" \/>\n\t<meta name=\"twitter:label2\" content=\"Est. reading time\" \/>\n\t<meta name=\"twitter:data2\" content=\"2 minutes\" \/>\n<script type=\"application\/ld+json\" class=\"yoast-schema-graph\">{\"@context\":\"https:\/\/schema.org\",\"@graph\":[{\"@type\":\"WebPage\",\"@id\":\"https:\/\/sulsc.com\/index.php\/2026\/04\/26\/velozes-capturados-prf-intercepta-racha-na-br-101-na-madrugada-deste-sabado-25\/\",\"url\":\"https:\/\/sulsc.com\/index.php\/2026\/04\/26\/velozes-capturados-prf-intercepta-racha-na-br-101-na-madrugada-deste-sabado-25\/\",\"name\":\"Velozes & Capturados: PRF intercepta racha na BR-101 na madrugada deste s\u00e1bado (25) -\",\"isPartOf\":{\"@id\":\"https:\/\/sulsc.com\/#website\"},\"datePublished\":\"2026-04-26T16:24:52+00:00\",\"dateModified\":\"2026-04-26T16:24:52+00:00\",\"author\":{\"@id\":\"https:\/\/sulsc.com\/#\/schema\/person\/84d2fc571684f6248ba83092f07750a3\"},\"breadcrumb\":{\"@id\":\"https:\/\/sulsc.com\/index.php\/2026\/04\/26\/velozes-capturados-prf-intercepta-racha-na-br-101-na-madrugada-deste-sabado-25\/#breadcrumb\"},\"inLanguage\":\"en-US\",\"potentialAction\":[{\"@type\":\"ReadAction\",\"target\":[\"https:\/\/sulsc.com\/index.php\/2026\/04\/26\/velozes-capturados-prf-intercepta-racha-na-br-101-na-madrugada-deste-sabado-25\/\"]}]},{\"@type\":\"BreadcrumbList\",\"@id\":\"https:\/\/sulsc.com\/index.php\/2026\/04\/26\/velozes-capturados-prf-intercepta-racha-na-br-101-na-madrugada-deste-sabado-25\/#breadcrumb\",\"itemListElement\":[{\"@type\":\"ListItem\",\"position\":1,\"name\":\"In\u00edcio\",\"item\":\"https:\/\/sulsc.com\/\"},{\"@type\":\"ListItem\",\"position\":2,\"name\":\"Velozes &#038; Capturados: PRF intercepta racha na BR-101 na madrugada deste s\u00e1bado (25)\"}]},{\"@type\":\"WebSite\",\"@id\":\"https:\/\/sulsc.com\/#website\",\"url\":\"https:\/\/sulsc.com\/\",\"name\":\"\",\"description\":\"\",\"potentialAction\":[{\"@type\":\"SearchAction\",\"target\":{\"@type\":\"EntryPoint\",\"urlTemplate\":\"https:\/\/sulsc.com\/?s={search_term_string}\"},\"query-input\":\"required name=search_term_string\"}],\"inLanguage\":\"en-US\"},{\"@type\":\"Person\",\"@id\":\"https:\/\/sulsc.com\/#\/schema\/person\/84d2fc571684f6248ba83092f07750a3\",\"name\":\"Reda\u00e7\u00e3o Sul SC\",\"image\":{\"@type\":\"ImageObject\",\"inLanguage\":\"en-US\",\"@id\":\"https:\/\/sulsc.com\/#\/schema\/person\/image\/e08d7fe2cc4ed596372063bbe852b8d0\",\"url\":\"https:\/\/sulsc.com\/wp-content\/uploads\/2023\/09\/redacao.png\",\"contentUrl\":\"https:\/\/sulsc.com\/wp-content\/uploads\/2023\/09\/redacao.png\",\"caption\":\"Reda\u00e7\u00e3o Sul SC\"},\"description\":\"Foco em um jornalismo imparcial, voltado \u00e0 qualidade dos seus conte\u00fados e, assim, levar informa\u00e7\u00e3o de valor que agregue \u00e0 vida dos leitores. Esta \u00e9 grande miss\u00e3o do Portal de Not\u00edcias Sul SC. N\u00e3o \u00e9 quantidade que muda o mundo, sempre foi e seguir\u00e1 sendo qualidade!\",\"sameAs\":[\"https:\/\/sulsc.com\/\",\"https:\/\/www.facebook.com\/profile.php?id=61559278119680\",\"https:\/\/www.instagram.com\/sulscportal\/?hl=pt-br\",\"https:\/\/twitter.com\/https:\/\/twitter.com\/PortalSulSC\",\"https:\/\/www.youtube.com\/channel\/UCv_BE8GeySluDov2n8qhVmw\"],\"url\":\"https:\/\/sulsc.com\/index.php\/author\/redacao\/\"}]}<\/script>\n<!-- \/ Yoast SEO plugin. -->","yoast_head_json":{"title":"Velozes & Capturados: PRF intercepta racha na BR-101 na madrugada deste s\u00e1bado (25) -","robots":{"index":"index","follow":"follow","max-snippet":"max-snippet:-1","max-image-preview":"max-image-preview:large","max-video-preview":"max-video-preview:-1"},"canonical":"https:\/\/sulsc.com\/index.php\/2026\/04\/26\/velozes-capturados-prf-intercepta-racha-na-br-101-na-madrugada-deste-sabado-25\/","og_locale":"en_US","og_type":"article","og_title":"Velozes & Capturados: PRF intercepta racha na BR-101 na madrugada deste s\u00e1bado (25) -","og_description":"Na madrugada deste s\u00e1bado (25), a Pol\u00edcia Rodovi\u00e1ria Federal (PRF) flagrou dois autom\u00f3veis disputando racha na BR-101, no trecho do Contorno Vi\u00e1rio de S\u00e3o Jos\u00e9 (SC), regi\u00e3o com sequ\u00eancia de curvas e alto risco de acidentes. A ocorr\u00eancia foi registrada por policiais do Grupo de Motociclismo da PRF, que realizavam policiamento ostensivo quando visualizaram os &hellip; Velozes &#038; Capturados: PRF intercepta racha na BR-101 na madrugada deste s\u00e1bado (25) Read More &raquo;","og_url":"https:\/\/sulsc.com\/index.php\/2026\/04\/26\/velozes-capturados-prf-intercepta-racha-na-br-101-na-madrugada-deste-sabado-25\/","article_author":"https:\/\/www.facebook.com\/profile.php?id=61559278119680","article_published_time":"2026-04-26T16:24:52+00:00","og_image":[{"width":1280,"height":960,"url":"http:\/\/sulsc.com\/wp-content\/uploads\/2026\/04\/f90e2443-9e1b-4cbb-8e9f-e2d1171092b6.jpg","type":"image\/jpeg"}],"author":"Reda\u00e7\u00e3o Sul SC","twitter_card":"summary_large_image","twitter_creator":"@https:\/\/twitter.com\/PortalSulSC","twitter_misc":{"Written by":"Reda\u00e7\u00e3o Sul SC","Est. reading time":"2 minutes"},"schema":{"@context":"https:\/\/schema.org","@graph":[{"@type":"WebPage","@id":"https:\/\/sulsc.com\/index.php\/2026\/04\/26\/velozes-capturados-prf-intercepta-racha-na-br-101-na-madrugada-deste-sabado-25\/","url":"https:\/\/sulsc.com\/index.php\/2026\/04\/26\/velozes-capturados-prf-intercepta-racha-na-br-101-na-madrugada-deste-sabado-25\/","name":"Velozes & Capturados: PRF intercepta racha na BR-101 na madrugada deste s\u00e1bado (25) -","isPartOf":{"@id":"https:\/\/sulsc.com\/#website"},"datePublished":"2026-04-26T16:24:52+00:00","dateModified":"2026-04-26T16:24:52+00:00","author":{"@id":"https:\/\/sulsc.com\/#\/schema\/person\/84d2fc571684f6248ba83092f07750a3"},"breadcrumb":{"@id":"https:\/\/sulsc.com\/index.php\/2026\/04\/26\/velozes-capturados-prf-intercepta-racha-na-br-101-na-madrugada-deste-sabado-25\/#breadcrumb"},"inLanguage":"en-US","potentialAction":[{"@type":"ReadAction","target":["https:\/\/sulsc.com\/index.php\/2026\/04\/26\/velozes-capturados-prf-intercepta-racha-na-br-101-na-madrugada-deste-sabado-25\/"]}]},{"@type":"BreadcrumbList","@id":"https:\/\/sulsc.com\/index.php\/2026\/04\/26\/velozes-capturados-prf-intercepta-racha-na-br-101-na-madrugada-deste-sabado-25\/#breadcrumb","itemListElement":[{"@type":"ListItem","position":1,"name":"In\u00edcio","item":"https:\/\/sulsc.com\/"},{"@type":"ListItem","position":2,"name":"Velozes &#038; Capturados: PRF intercepta racha na BR-101 na madrugada deste s\u00e1bado (25)"}]},{"@type":"WebSite","@id":"https:\/\/sulsc.com\/#website","url":"https:\/\/sulsc.com\/","name":"","description":"","potentialAction":[{"@type":"SearchAction","target":{"@type":"EntryPoint","urlTemplate":"https:\/\/sulsc.com\/?s={search_term_string}"},"query-input":"required name=search_term_string"}],"inLanguage":"en-US"},{"@type":"Person","@id":"https:\/\/sulsc.com\/#\/schema\/person\/84d2fc571684f6248ba83092f07750a3","name":"Reda\u00e7\u00e3o Sul SC","image":{"@type":"ImageObject","inLanguage":"en-US","@id":"https:\/\/sulsc.com\/#\/schema\/person\/image\/e08d7fe2cc4ed596372063bbe852b8d0","url":"https:\/\/sulsc.com\/wp-content\/uploads\/2023\/09\/redacao.png","contentUrl":"https:\/\/sulsc.com\/wp-content\/uploads\/2023\/09\/redacao.png","caption":"Reda\u00e7\u00e3o Sul SC"},"description":"Foco em um jornalismo imparcial, voltado \u00e0 qualidade dos seus conte\u00fados e, assim, levar informa\u00e7\u00e3o de valor que agregue \u00e0 vida dos leitores. Esta \u00e9 grande miss\u00e3o do Portal de Not\u00edcias Sul SC. N\u00e3o \u00e9 quantidade que muda o mundo, sempre foi e seguir\u00e1 sendo qualidade!","sameAs":["https:\/\/sulsc.com\/","https:\/\/www.facebook.com\/profile.php?id=61559278119680","https:\/\/www.instagram.com\/sulscportal\/?hl=pt-br","https:\/\/twitter.com\/https:\/\/twitter.com\/PortalSulSC","https:\/\/www.youtube.com\/channel\/UCv_BE8GeySluDov2n8qhVmw"],"url":"https:\/\/sulsc.com\/index.php\/author\/redacao\/"}]}},"authors":[],"_links":{"self":[{"href":"https:\/\/sulsc.com\/index.php\/wp-json\/wp\/v2\/posts\/33624"}],"collection":[{"href":"https:\/\/sulsc.com\/index.php\/wp-json\/wp\/v2\/posts"}],"about":[{"href":"https:\/\/sulsc.com\/index.php\/wp-json\/wp\/v2\/types\/post"}],"author":[{"embeddable":true,"href":"https:\/\/sulsc.com\/index.php\/wp-json\/wp\/v2\/users\/3"}],"replies":[{"embeddable":true,"href":"https:\/\/sulsc.com\/index.php\/wp-json\/wp\/v2\/comments?post=33624"}],"version-history":[{"count":1,"href":"https:\/\/sulsc.com\/index.php\/wp-json\/wp\/v2\/posts\/33624\/revisions"}],"predecessor-version":[{"id":33626,"href":"https:\/\/sulsc.com\/index.php\/wp-json\/wp\/v2\/posts\/33624\/revisions\/33626"}],"wp:featuredmedia":[{"embeddable":true,"href":"https:\/\/sulsc.com\/index.php\/wp-json\/wp\/v2\/media\/33625"}],"wp:attachment":[{"href":"https:\/\/sulsc.com\/index.php\/wp-json\/wp\/v2\/media?parent=33624"}],"wp:term":[{"taxonomy":"category","embeddable":true,"href":"https:\/\/sulsc.com\/index.php\/wp-json\/wp\/v2\/categories?post=33624"},{"taxonomy":"post_tag","embeddable":true,"href":"https:\/\/sulsc.com\/index.php\/wp-json\/wp\/v2\/tags?post=33624"}],"curies":[{"name":"wp","href":"https:\/\/api.w.org\/{rel}","templated":true}]}}