{"id":33638,"date":"2026-04-27T16:08:52","date_gmt":"2026-04-27T19:08:52","guid":{"rendered":"https:\/\/sulsc.com\/?p=33638"},"modified":"2026-04-27T16:08:52","modified_gmt":"2026-04-27T19:08:52","slug":"nova-dpcami-em-imbituba-delegacia-de-protecao-a-crianca-mulher-e-idoso-e-inaugurada","status":"publish","type":"post","link":"https:\/\/sulsc.com\/index.php\/2026\/04\/27\/nova-dpcami-em-imbituba-delegacia-de-protecao-a-crianca-mulher-e-idoso-e-inaugurada\/","title":{"rendered":"Nova DPCAMI em Imbituba: Delegacia de Prote\u00e7\u00e3o \u00e0 Crian\u00e7a, Mulher e Idoso \u00e9 inaugurada"},"content":{"rendered":"<p>Foi inaugurado na \u00faltima semana,\u00a0a Delegacia de Prote\u00e7\u00e3o \u00e0 Crian\u00e7a, ao Adolescente, \u00e0 Mulher e ao Idoso (DPCAMI) em Imbituba, a unidade especializada e voltada ao atendimento de v\u00edtimas em situa\u00e7\u00e3o de viol\u00eancia. A nova estrutura foi projetada para oferecer salas individualizadas e ambiente climatizado, visando garantir o sigilo, a efetividade e a qualidade t\u00e9cnica nos procedimentos.<\/p>\n<div id=\"metaslider-id-25573\" style=\"width: 100%;\" class=\"ml-slider-3-99-0 metaslider metaslider-flex metaslider-25573 ml-slider has-onhover-arrows ms-theme-default-base has-dots-nav\" role=\"region\" aria-label=\"Meio\" data-width=\"1200\">\n    <div id=\"metaslider_container_25573\">\n        <div id=\"metaslider_25573\">\n            <ul class='slides'>\n                <li style=\"display: block; width: 100%;\" class=\"slide-25684 ms-image \" aria-roledescription=\"slide\" data-date=\"2025-07-24 07:55:40\"><img src=\"https:\/\/sulsc.com\/wp-content\/uploads\/2025\/07\/Marr-2-1000x166.jpg\" height=\"200\" width=\"1200\" alt=\"\" class=\"slider-25573 slide-25684 msDefaultImage\" title=\"Marr 2\" \/><\/li>\n                <li style=\"display: none; width: 100%;\" class=\"slide-32412 ms-image \" aria-roledescription=\"slide\" data-date=\"2026-02-18 13:59:46\"><img src=\"https:\/\/sulsc.com\/wp-content\/uploads\/2026\/02\/40dc1580-cad5-4867-bc58-c4243821ad38-1000x166.jpeg\" height=\"200\" width=\"1200\" alt=\"\" class=\"slider-25573 slide-32412 msDefaultImage\" title=\"40dc1580-cad5-4867-bc58-c4243821ad38\" \/><\/li>\n                <li style=\"display: none; width: 100%;\" class=\"slide-32766 ms-image \" aria-roledescription=\"slide\" data-date=\"2026-03-03 17:22:59\"><img src=\"https:\/\/sulsc.com\/wp-content\/uploads\/2026\/03\/271ce739-f268-41c5-8051-3de1a1750359-1000x166.jpeg\" height=\"200\" width=\"1200\" alt=\"\" class=\"slider-25573 slide-32766 msDefaultImage\" title=\"271ce739-f268-41c5-8051-3de1a1750359\" \/><\/li>\n            <\/ul>\n        <\/div>\n        \n    <\/div>\n<\/div>\n<p>A implanta\u00e7\u00e3o da DPCAMI amplia a capacidade de resposta da institui\u00e7\u00e3o no munic\u00edpio, que anteriormente contava com a Sala Lil\u00e1s para o atendimento de crimes de g\u00eanero. Com a nova unidade, a Pol\u00edcia Civil passa a oferecer tamb\u00e9m o suporte de psic\u00f3loga policial para acolhimento qualificado e realiza\u00e7\u00e3o de entrevistas especializadas, focando na prote\u00e7\u00e3o integral e na redu\u00e7\u00e3o da revitimiza\u00e7\u00e3o das v\u00edtimas.<\/p>\n<p>A expans\u00e3o do servi\u00e7o em Imbituba acompanha o desempenho operacional da Delegacia de Pol\u00edcia da Comarca, que em 2025 foi classificada como a mais produtiva do estado entre as unidades de sua categoria.<\/p>\n<p>O balan\u00e7o anual registrou o cumprimento de 118 mandados de pris\u00e3o, um aumento de 66,20% em compara\u00e7\u00e3o a 2024, e a execu\u00e7\u00e3o de 150 mandados de busca e apreens\u00e3o, al\u00e9m da conclus\u00e3o de 300 inqu\u00e9ritos policiais.<\/p>\n<p>Esses resultados posicionaram a unidade de Imbituba como a sexta delegacia mais produtiva de Santa Catarina no ranking geral, sendo a \u00fanica de comarca a integrar este grupo.<\/p>\n<p><img fetchpriority=\"high\" decoding=\"async\" class=\"aligncenter size-full wp-image-33639\" src=\"http:\/\/sulsc.com\/wp-content\/uploads\/2026\/04\/5b86370e-a17e-4748-9953-0c430afad0c1.jpg\" alt=\"\" width=\"1600\" height=\"1200\" srcset=\"https:\/\/sulsc.com\/wp-content\/uploads\/2026\/04\/5b86370e-a17e-4748-9953-0c430afad0c1.jpg 1600w, https:\/\/sulsc.com\/wp-content\/uploads\/2026\/04\/5b86370e-a17e-4748-9953-0c430afad0c1-300x225.jpg 300w, https:\/\/sulsc.com\/wp-content\/uploads\/2026\/04\/5b86370e-a17e-4748-9953-0c430afad0c1-1024x768.jpg 1024w, https:\/\/sulsc.com\/wp-content\/uploads\/2026\/04\/5b86370e-a17e-4748-9953-0c430afad0c1-768x576.jpg 768w, https:\/\/sulsc.com\/wp-content\/uploads\/2026\/04\/5b86370e-a17e-4748-9953-0c430afad0c1-1536x1152.jpg 1536w\" sizes=\"(max-width: 1600px) 100vw, 1600px\" \/><\/p>\n<p>Fonte e Fotos: PC de Laguna<\/p>\n","protected":false},"excerpt":{"rendered":"<p>Foi inaugurado na \u00faltima semana,\u00a0a Delegacia de Prote\u00e7\u00e3o \u00e0 Crian\u00e7a, ao Adolescente, \u00e0 Mulher e ao Idoso (DPCAMI) em Imbituba, a unidade especializada e voltada ao atendimento de v\u00edtimas em situa\u00e7\u00e3o de viol\u00eancia. A nova estrutura foi projetada para oferecer salas individualizadas e ambiente climatizado, visando garantir o sigilo, a efetividade e a qualidade t\u00e9cnica &hellip;<\/p>\n<p class=\"read-more\"> <a class=\"\" href=\"https:\/\/sulsc.com\/index.php\/2026\/04\/27\/nova-dpcami-em-imbituba-delegacia-de-protecao-a-crianca-mulher-e-idoso-e-inaugurada\/\"> <span class=\"screen-reader-text\">Nova DPCAMI em Imbituba: Delegacia de Prote\u00e7\u00e3o \u00e0 Crian\u00e7a, Mulher e Idoso \u00e9 inaugurada<\/span> Read More &raquo;<\/a><\/p>\n","protected":false},"author":3,"featured_media":33640,"comment_status":"open","ping_status":"open","sticky":false,"template":"","format":"standard","meta":{"site-sidebar-layout":"default","site-content-layout":"","ast-site-content-layout":"default","site-content-style":"default","site-sidebar-style":"default","ast-global-header-display":"","ast-banner-title-visibility":"","ast-main-header-display":"","ast-hfb-above-header-display":"","ast-hfb-below-header-display":"","ast-hfb-mobile-header-display":"","site-post-title":"","ast-breadcrumbs-content":"","ast-featured-img":"","footer-sml-layout":"","theme-transparent-header-meta":"default","adv-header-id-meta":"","stick-header-meta":"","header-above-stick-meta":"","header-main-stick-meta":"","header-below-stick-meta":"","astra-migrate-meta-layouts":"set","footnotes":""},"categories":[2231,1,41,14,8,12],"tags":[2778],"yoast_head":"<!-- This site is optimized with the Yoast SEO plugin v21.4 - https:\/\/yoast.com\/wordpress\/plugins\/seo\/ -->\n<title>Nova DPCAMI em Imbituba: Delegacia de Prote\u00e7\u00e3o \u00e0 Crian\u00e7a, Mulher e Idoso \u00e9 inaugurada -<\/title>\n<meta name=\"robots\" content=\"index, follow, max-snippet:-1, max-image-preview:large, max-video-preview:-1\" \/>\n<link rel=\"canonical\" href=\"https:\/\/sulsc.com\/index.php\/2026\/04\/27\/nova-dpcami-em-imbituba-delegacia-de-protecao-a-crianca-mulher-e-idoso-e-inaugurada\/\" \/>\n<meta property=\"og:locale\" content=\"en_US\" \/>\n<meta property=\"og:type\" content=\"article\" \/>\n<meta property=\"og:title\" content=\"Nova DPCAMI em Imbituba: Delegacia de Prote\u00e7\u00e3o \u00e0 Crian\u00e7a, Mulher e Idoso \u00e9 inaugurada -\" \/>\n<meta property=\"og:description\" content=\"Foi inaugurado na \u00faltima semana,\u00a0a Delegacia de Prote\u00e7\u00e3o \u00e0 Crian\u00e7a, ao Adolescente, \u00e0 Mulher e ao Idoso (DPCAMI) em Imbituba, a unidade especializada e voltada ao atendimento de v\u00edtimas em situa\u00e7\u00e3o de viol\u00eancia. A nova estrutura foi projetada para oferecer salas individualizadas e ambiente climatizado, visando garantir o sigilo, a efetividade e a qualidade t\u00e9cnica &hellip; Nova DPCAMI em Imbituba: Delegacia de Prote\u00e7\u00e3o \u00e0 Crian\u00e7a, Mulher e Idoso \u00e9 inaugurada Read More &raquo;\" \/>\n<meta property=\"og:url\" content=\"https:\/\/sulsc.com\/index.php\/2026\/04\/27\/nova-dpcami-em-imbituba-delegacia-de-protecao-a-crianca-mulher-e-idoso-e-inaugurada\/\" \/>\n<meta property=\"article:author\" content=\"https:\/\/www.facebook.com\/profile.php?id=61559278119680\" \/>\n<meta property=\"article:published_time\" content=\"2026-04-27T19:08:52+00:00\" \/>\n<meta property=\"og:image\" content=\"http:\/\/sulsc.com\/wp-content\/uploads\/2026\/04\/3f0a86ad-547d-43d2-9019-7980bec3d0fa.jpg\" \/>\n\t<meta property=\"og:image:width\" content=\"1600\" \/>\n\t<meta property=\"og:image:height\" content=\"1200\" \/>\n\t<meta property=\"og:image:type\" content=\"image\/jpeg\" \/>\n<meta name=\"author\" content=\"Reda\u00e7\u00e3o Sul SC\" \/>\n<meta name=\"twitter:card\" content=\"summary_large_image\" \/>\n<meta name=\"twitter:creator\" content=\"@https:\/\/twitter.com\/PortalSulSC\" \/>\n<meta name=\"twitter:label1\" content=\"Written by\" \/>\n\t<meta name=\"twitter:data1\" content=\"Reda\u00e7\u00e3o Sul SC\" \/>\n\t<meta name=\"twitter:label2\" content=\"Est. reading time\" \/>\n\t<meta name=\"twitter:data2\" content=\"2 minutes\" \/>\n<script type=\"application\/ld+json\" class=\"yoast-schema-graph\">{\"@context\":\"https:\/\/schema.org\",\"@graph\":[{\"@type\":\"WebPage\",\"@id\":\"https:\/\/sulsc.com\/index.php\/2026\/04\/27\/nova-dpcami-em-imbituba-delegacia-de-protecao-a-crianca-mulher-e-idoso-e-inaugurada\/\",\"url\":\"https:\/\/sulsc.com\/index.php\/2026\/04\/27\/nova-dpcami-em-imbituba-delegacia-de-protecao-a-crianca-mulher-e-idoso-e-inaugurada\/\",\"name\":\"Nova DPCAMI em Imbituba: Delegacia de Prote\u00e7\u00e3o \u00e0 Crian\u00e7a, Mulher e Idoso \u00e9 inaugurada -\",\"isPartOf\":{\"@id\":\"https:\/\/sulsc.com\/#website\"},\"datePublished\":\"2026-04-27T19:08:52+00:00\",\"dateModified\":\"2026-04-27T19:08:52+00:00\",\"author\":{\"@id\":\"https:\/\/sulsc.com\/#\/schema\/person\/84d2fc571684f6248ba83092f07750a3\"},\"breadcrumb\":{\"@id\":\"https:\/\/sulsc.com\/index.php\/2026\/04\/27\/nova-dpcami-em-imbituba-delegacia-de-protecao-a-crianca-mulher-e-idoso-e-inaugurada\/#breadcrumb\"},\"inLanguage\":\"en-US\",\"potentialAction\":[{\"@type\":\"ReadAction\",\"target\":[\"https:\/\/sulsc.com\/index.php\/2026\/04\/27\/nova-dpcami-em-imbituba-delegacia-de-protecao-a-crianca-mulher-e-idoso-e-inaugurada\/\"]}]},{\"@type\":\"BreadcrumbList\",\"@id\":\"https:\/\/sulsc.com\/index.php\/2026\/04\/27\/nova-dpcami-em-imbituba-delegacia-de-protecao-a-crianca-mulher-e-idoso-e-inaugurada\/#breadcrumb\",\"itemListElement\":[{\"@type\":\"ListItem\",\"position\":1,\"name\":\"In\u00edcio\",\"item\":\"https:\/\/sulsc.com\/\"},{\"@type\":\"ListItem\",\"position\":2,\"name\":\"Nova DPCAMI em Imbituba: Delegacia de Prote\u00e7\u00e3o \u00e0 Crian\u00e7a, Mulher e Idoso \u00e9 inaugurada\"}]},{\"@type\":\"WebSite\",\"@id\":\"https:\/\/sulsc.com\/#website\",\"url\":\"https:\/\/sulsc.com\/\",\"name\":\"\",\"description\":\"\",\"potentialAction\":[{\"@type\":\"SearchAction\",\"target\":{\"@type\":\"EntryPoint\",\"urlTemplate\":\"https:\/\/sulsc.com\/?s={search_term_string}\"},\"query-input\":\"required name=search_term_string\"}],\"inLanguage\":\"en-US\"},{\"@type\":\"Person\",\"@id\":\"https:\/\/sulsc.com\/#\/schema\/person\/84d2fc571684f6248ba83092f07750a3\",\"name\":\"Reda\u00e7\u00e3o Sul SC\",\"image\":{\"@type\":\"ImageObject\",\"inLanguage\":\"en-US\",\"@id\":\"https:\/\/sulsc.com\/#\/schema\/person\/image\/e08d7fe2cc4ed596372063bbe852b8d0\",\"url\":\"https:\/\/sulsc.com\/wp-content\/uploads\/2023\/09\/redacao.png\",\"contentUrl\":\"https:\/\/sulsc.com\/wp-content\/uploads\/2023\/09\/redacao.png\",\"caption\":\"Reda\u00e7\u00e3o Sul SC\"},\"description\":\"Foco em um jornalismo imparcial, voltado \u00e0 qualidade dos seus conte\u00fados e, assim, levar informa\u00e7\u00e3o de valor que agregue \u00e0 vida dos leitores. Esta \u00e9 grande miss\u00e3o do Portal de Not\u00edcias Sul SC. N\u00e3o \u00e9 quantidade que muda o mundo, sempre foi e seguir\u00e1 sendo qualidade!\",\"sameAs\":[\"https:\/\/sulsc.com\/\",\"https:\/\/www.facebook.com\/profile.php?id=61559278119680\",\"https:\/\/www.instagram.com\/sulscportal\/?hl=pt-br\",\"https:\/\/twitter.com\/https:\/\/twitter.com\/PortalSulSC\",\"https:\/\/www.youtube.com\/channel\/UCv_BE8GeySluDov2n8qhVmw\"],\"url\":\"https:\/\/sulsc.com\/index.php\/author\/redacao\/\"}]}<\/script>\n<!-- \/ Yoast SEO plugin. -->","yoast_head_json":{"title":"Nova DPCAMI em Imbituba: Delegacia de Prote\u00e7\u00e3o \u00e0 Crian\u00e7a, Mulher e Idoso \u00e9 inaugurada -","robots":{"index":"index","follow":"follow","max-snippet":"max-snippet:-1","max-image-preview":"max-image-preview:large","max-video-preview":"max-video-preview:-1"},"canonical":"https:\/\/sulsc.com\/index.php\/2026\/04\/27\/nova-dpcami-em-imbituba-delegacia-de-protecao-a-crianca-mulher-e-idoso-e-inaugurada\/","og_locale":"en_US","og_type":"article","og_title":"Nova DPCAMI em Imbituba: Delegacia de Prote\u00e7\u00e3o \u00e0 Crian\u00e7a, Mulher e Idoso \u00e9 inaugurada -","og_description":"Foi inaugurado na \u00faltima semana,\u00a0a Delegacia de Prote\u00e7\u00e3o \u00e0 Crian\u00e7a, ao Adolescente, \u00e0 Mulher e ao Idoso (DPCAMI) em Imbituba, a unidade especializada e voltada ao atendimento de v\u00edtimas em situa\u00e7\u00e3o de viol\u00eancia. A nova estrutura foi projetada para oferecer salas individualizadas e ambiente climatizado, visando garantir o sigilo, a efetividade e a qualidade t\u00e9cnica &hellip; Nova DPCAMI em Imbituba: Delegacia de Prote\u00e7\u00e3o \u00e0 Crian\u00e7a, Mulher e Idoso \u00e9 inaugurada Read More &raquo;","og_url":"https:\/\/sulsc.com\/index.php\/2026\/04\/27\/nova-dpcami-em-imbituba-delegacia-de-protecao-a-crianca-mulher-e-idoso-e-inaugurada\/","article_author":"https:\/\/www.facebook.com\/profile.php?id=61559278119680","article_published_time":"2026-04-27T19:08:52+00:00","og_image":[{"width":1600,"height":1200,"url":"http:\/\/sulsc.com\/wp-content\/uploads\/2026\/04\/3f0a86ad-547d-43d2-9019-7980bec3d0fa.jpg","type":"image\/jpeg"}],"author":"Reda\u00e7\u00e3o Sul SC","twitter_card":"summary_large_image","twitter_creator":"@https:\/\/twitter.com\/PortalSulSC","twitter_misc":{"Written by":"Reda\u00e7\u00e3o Sul SC","Est. reading time":"2 minutes"},"schema":{"@context":"https:\/\/schema.org","@graph":[{"@type":"WebPage","@id":"https:\/\/sulsc.com\/index.php\/2026\/04\/27\/nova-dpcami-em-imbituba-delegacia-de-protecao-a-crianca-mulher-e-idoso-e-inaugurada\/","url":"https:\/\/sulsc.com\/index.php\/2026\/04\/27\/nova-dpcami-em-imbituba-delegacia-de-protecao-a-crianca-mulher-e-idoso-e-inaugurada\/","name":"Nova DPCAMI em Imbituba: Delegacia de Prote\u00e7\u00e3o \u00e0 Crian\u00e7a, Mulher e Idoso \u00e9 inaugurada -","isPartOf":{"@id":"https:\/\/sulsc.com\/#website"},"datePublished":"2026-04-27T19:08:52+00:00","dateModified":"2026-04-27T19:08:52+00:00","author":{"@id":"https:\/\/sulsc.com\/#\/schema\/person\/84d2fc571684f6248ba83092f07750a3"},"breadcrumb":{"@id":"https:\/\/sulsc.com\/index.php\/2026\/04\/27\/nova-dpcami-em-imbituba-delegacia-de-protecao-a-crianca-mulher-e-idoso-e-inaugurada\/#breadcrumb"},"inLanguage":"en-US","potentialAction":[{"@type":"ReadAction","target":["https:\/\/sulsc.com\/index.php\/2026\/04\/27\/nova-dpcami-em-imbituba-delegacia-de-protecao-a-crianca-mulher-e-idoso-e-inaugurada\/"]}]},{"@type":"BreadcrumbList","@id":"https:\/\/sulsc.com\/index.php\/2026\/04\/27\/nova-dpcami-em-imbituba-delegacia-de-protecao-a-crianca-mulher-e-idoso-e-inaugurada\/#breadcrumb","itemListElement":[{"@type":"ListItem","position":1,"name":"In\u00edcio","item":"https:\/\/sulsc.com\/"},{"@type":"ListItem","position":2,"name":"Nova DPCAMI em Imbituba: Delegacia de Prote\u00e7\u00e3o \u00e0 Crian\u00e7a, Mulher e Idoso \u00e9 inaugurada"}]},{"@type":"WebSite","@id":"https:\/\/sulsc.com\/#website","url":"https:\/\/sulsc.com\/","name":"","description":"","potentialAction":[{"@type":"SearchAction","target":{"@type":"EntryPoint","urlTemplate":"https:\/\/sulsc.com\/?s={search_term_string}"},"query-input":"required name=search_term_string"}],"inLanguage":"en-US"},{"@type":"Person","@id":"https:\/\/sulsc.com\/#\/schema\/person\/84d2fc571684f6248ba83092f07750a3","name":"Reda\u00e7\u00e3o Sul SC","image":{"@type":"ImageObject","inLanguage":"en-US","@id":"https:\/\/sulsc.com\/#\/schema\/person\/image\/e08d7fe2cc4ed596372063bbe852b8d0","url":"https:\/\/sulsc.com\/wp-content\/uploads\/2023\/09\/redacao.png","contentUrl":"https:\/\/sulsc.com\/wp-content\/uploads\/2023\/09\/redacao.png","caption":"Reda\u00e7\u00e3o Sul SC"},"description":"Foco em um jornalismo imparcial, voltado \u00e0 qualidade dos seus conte\u00fados e, assim, levar informa\u00e7\u00e3o de valor que agregue \u00e0 vida dos leitores. Esta \u00e9 grande miss\u00e3o do Portal de Not\u00edcias Sul SC. N\u00e3o \u00e9 quantidade que muda o mundo, sempre foi e seguir\u00e1 sendo qualidade!","sameAs":["https:\/\/sulsc.com\/","https:\/\/www.facebook.com\/profile.php?id=61559278119680","https:\/\/www.instagram.com\/sulscportal\/?hl=pt-br","https:\/\/twitter.com\/https:\/\/twitter.com\/PortalSulSC","https:\/\/www.youtube.com\/channel\/UCv_BE8GeySluDov2n8qhVmw"],"url":"https:\/\/sulsc.com\/index.php\/author\/redacao\/"}]}},"authors":[],"_links":{"self":[{"href":"https:\/\/sulsc.com\/index.php\/wp-json\/wp\/v2\/posts\/33638"}],"collection":[{"href":"https:\/\/sulsc.com\/index.php\/wp-json\/wp\/v2\/posts"}],"about":[{"href":"https:\/\/sulsc.com\/index.php\/wp-json\/wp\/v2\/types\/post"}],"author":[{"embeddable":true,"href":"https:\/\/sulsc.com\/index.php\/wp-json\/wp\/v2\/users\/3"}],"replies":[{"embeddable":true,"href":"https:\/\/sulsc.com\/index.php\/wp-json\/wp\/v2\/comments?post=33638"}],"version-history":[{"count":1,"href":"https:\/\/sulsc.com\/index.php\/wp-json\/wp\/v2\/posts\/33638\/revisions"}],"predecessor-version":[{"id":33641,"href":"https:\/\/sulsc.com\/index.php\/wp-json\/wp\/v2\/posts\/33638\/revisions\/33641"}],"wp:featuredmedia":[{"embeddable":true,"href":"https:\/\/sulsc.com\/index.php\/wp-json\/wp\/v2\/media\/33640"}],"wp:attachment":[{"href":"https:\/\/sulsc.com\/index.php\/wp-json\/wp\/v2\/media?parent=33638"}],"wp:term":[{"taxonomy":"category","embeddable":true,"href":"https:\/\/sulsc.com\/index.php\/wp-json\/wp\/v2\/categories?post=33638"},{"taxonomy":"post_tag","embeddable":true,"href":"https:\/\/sulsc.com\/index.php\/wp-json\/wp\/v2\/tags?post=33638"}],"curies":[{"name":"wp","href":"https:\/\/api.w.org\/{rel}","templated":true}]}}