{"id":33642,"date":"2026-04-28T08:54:31","date_gmt":"2026-04-28T11:54:31","guid":{"rendered":"https:\/\/sulsc.com\/?p=33642"},"modified":"2026-04-28T08:54:31","modified_gmt":"2026-04-28T11:54:31","slug":"terca-feira-28-gelada-em-todas-as-regioes-de-sc","status":"publish","type":"post","link":"https:\/\/sulsc.com\/index.php\/2026\/04\/28\/terca-feira-28-gelada-em-todas-as-regioes-de-sc\/","title":{"rendered":"Ter\u00e7a-feira (28) gelada em todas as regi\u00f5es de SC"},"content":{"rendered":"<p>A ter\u00e7a-feira (28) come\u00e7a com predom\u00ednio de tempo est\u00e1vel e temperaturas mais baixas em SC, em fun\u00e7\u00e3o da atua\u00e7\u00e3o de uma massa de ar seco e frio. Entre a tarde e a noite, a nebulosidade aumenta em todas as regi\u00f5es e a chuva volta a ocorrer com fraca intensidade, especialmente nas regi\u00f5es mais pr\u00f3ximas ao Paran\u00e1.<\/p>\n<div id=\"metaslider-id-25573\" style=\"width: 100%;\" class=\"ml-slider-3-99-0 metaslider metaslider-flex metaslider-25573 ml-slider has-onhover-arrows ms-theme-default-base has-dots-nav\" role=\"region\" aria-label=\"Meio\" data-width=\"1200\">\n    <div id=\"metaslider_container_25573\">\n        <div id=\"metaslider_25573\">\n            <ul class='slides'>\n                <li style=\"display: block; width: 100%;\" class=\"slide-25684 ms-image \" aria-roledescription=\"slide\" data-date=\"2025-07-24 07:55:40\"><img src=\"https:\/\/sulsc.com\/wp-content\/uploads\/2025\/07\/Marr-2-1000x166.jpg\" height=\"200\" width=\"1200\" alt=\"\" class=\"slider-25573 slide-25684 msDefaultImage\" title=\"Marr 2\" \/><\/li>\n                <li style=\"display: none; width: 100%;\" class=\"slide-32412 ms-image \" aria-roledescription=\"slide\" data-date=\"2026-02-18 13:59:46\"><img src=\"https:\/\/sulsc.com\/wp-content\/uploads\/2026\/02\/40dc1580-cad5-4867-bc58-c4243821ad38-1000x166.jpeg\" height=\"200\" width=\"1200\" alt=\"\" class=\"slider-25573 slide-32412 msDefaultImage\" title=\"40dc1580-cad5-4867-bc58-c4243821ad38\" \/><\/li>\n                <li style=\"display: none; width: 100%;\" class=\"slide-32766 ms-image \" aria-roledescription=\"slide\" data-date=\"2026-03-03 17:22:59\"><img src=\"https:\/\/sulsc.com\/wp-content\/uploads\/2026\/03\/271ce739-f268-41c5-8051-3de1a1750359-1000x166.jpeg\" height=\"200\" width=\"1200\" alt=\"\" class=\"slider-25573 slide-32766 msDefaultImage\" title=\"271ce739-f268-41c5-8051-3de1a1750359\" \/><\/li>\n            <\/ul>\n        <\/div>\n        \n    <\/div>\n<\/div>\n<p>No Litoral Norte, a chuva pode ser pontualmente intensa com risco baixo a moderado para ocorr\u00eancias associadas. As temperaturas m\u00e1ximas n\u00e3o sobem muito, ficando pr\u00f3ximas dos 20\u00b0C\/22\u00b0C na maioria das regi\u00f5es, com valores menores nas \u00e1reas serranas.<\/p>\n<p><strong>Temperaturas<\/strong><\/p>\n<p>No amanhecer, as temperaturas ficaram pr\u00f3ximas dos 0\u00b0C na Serra e em trechos do Meio-Oeste, onde houve condi\u00e7\u00e3o para forma\u00e7\u00e3o de geada. No Extremo Oeste e Oeste, marcas entre 3\u00b0C e 7\u00b0C. <strong>J\u00e1 no Litoral Sul, marcas entre 7\u00b0C e 12\u00b0C<\/strong> e entre a Grd. Florian\u00f3polis Litor\u00e2nea, M\u00e9dio e Baixo Vale do Itaja\u00ed e Litoral Norte, s\u00e3o esperados valores entre 11\u00b0C e 17\u00b0C.<\/p>\n<p><img fetchpriority=\"high\" decoding=\"async\" class=\"aligncenter size-full wp-image-33643\" src=\"http:\/\/sulsc.com\/wp-content\/uploads\/2026\/04\/image-312.png\" alt=\"\" width=\"1469\" height=\"999\" srcset=\"https:\/\/sulsc.com\/wp-content\/uploads\/2026\/04\/image-312.png 1469w, https:\/\/sulsc.com\/wp-content\/uploads\/2026\/04\/image-312-300x204.png 300w, https:\/\/sulsc.com\/wp-content\/uploads\/2026\/04\/image-312-1024x696.png 1024w, https:\/\/sulsc.com\/wp-content\/uploads\/2026\/04\/image-312-768x522.png 768w\" sizes=\"(max-width: 1469px) 100vw, 1469px\" \/><\/p>\n<p><img decoding=\"async\" class=\"aligncenter size-full wp-image-33516\" src=\"http:\/\/sulsc.com\/wp-content\/uploads\/2026\/04\/Captura-de-tela-2026-03-07-023821.png\" alt=\"\" width=\"1317\" height=\"282\" srcset=\"https:\/\/sulsc.com\/wp-content\/uploads\/2026\/04\/Captura-de-tela-2026-03-07-023821.png 1317w, https:\/\/sulsc.com\/wp-content\/uploads\/2026\/04\/Captura-de-tela-2026-03-07-023821-300x64.png 300w, https:\/\/sulsc.com\/wp-content\/uploads\/2026\/04\/Captura-de-tela-2026-03-07-023821-1024x219.png 1024w, https:\/\/sulsc.com\/wp-content\/uploads\/2026\/04\/Captura-de-tela-2026-03-07-023821-768x164.png 768w\" sizes=\"(max-width: 1317px) 100vw, 1317px\" \/><\/p>\n<p><strong>Ventos:<\/strong> continuam entre sudoeste a sudeste, de fraco a moderado.<\/p>\n<p><strong>Sistema predominante:<\/strong> massa de ar frio (alta press\u00e3o) no Sul do Brasil. Forma\u00e7\u00e3o de baixa press\u00e3o na altura do litoral de SP e PR.<\/p>\n<p><strong>J\u00e1 amanh\u00e3 quarta-feira (29),<\/strong> \u00a0a influ\u00eancia de uma \u00e1rea de baixa press\u00e3o e a forma\u00e7\u00e3o de uma frente quente mant\u00e9m o tempo inst\u00e1vel em todas as regi\u00f5es do estado, desde a madrugada. Destaque s\u00e3o para as temperaturas que no amanhecer, ficam entre <strong>8\u00b0C e 12\u00b0C entre o Grande Oeste, Planalto Sul e Litoral Sul<\/strong> e de 11\u00b0C a 18\u00b0C nas demais regi\u00f5es. Durante \u00e0 tarde, marcas entre 24\u00b0C e 26\u00b0C no Extremo Oeste e Oeste e de 20\u00b0C a 24\u00b0C no Litoral.<\/p>\n<p>Fontes: Defesa Civil-SC\/Epagri-Ciram<\/p>\n<p>Foto: Wagner Urbano\/NDTVRECORD\/ND Mais<\/p>\n","protected":false},"excerpt":{"rendered":"<p>A ter\u00e7a-feira (28) come\u00e7a com predom\u00ednio de tempo est\u00e1vel e temperaturas mais baixas em SC, em fun\u00e7\u00e3o da atua\u00e7\u00e3o de uma massa de ar seco e frio. Entre a tarde e a noite, a nebulosidade aumenta em todas as regi\u00f5es e a chuva volta a ocorrer com fraca intensidade, especialmente nas regi\u00f5es mais pr\u00f3ximas ao &hellip;<\/p>\n<p class=\"read-more\"> <a class=\"\" href=\"https:\/\/sulsc.com\/index.php\/2026\/04\/28\/terca-feira-28-gelada-em-todas-as-regioes-de-sc\/\"> <span class=\"screen-reader-text\">Ter\u00e7a-feira (28) gelada em todas as regi\u00f5es de SC<\/span> Read More &raquo;<\/a><\/p>\n","protected":false},"author":3,"featured_media":33644,"comment_status":"open","ping_status":"open","sticky":false,"template":"","format":"standard","meta":{"site-sidebar-layout":"default","site-content-layout":"","ast-site-content-layout":"default","site-content-style":"default","site-sidebar-style":"default","ast-global-header-display":"","ast-banner-title-visibility":"","ast-main-header-display":"","ast-hfb-above-header-display":"","ast-hfb-below-header-display":"","ast-hfb-mobile-header-display":"","site-post-title":"","ast-breadcrumbs-content":"","ast-featured-img":"","footer-sml-layout":"","theme-transparent-header-meta":"default","adv-header-id-meta":"","stick-header-meta":"","header-above-stick-meta":"","header-main-stick-meta":"","header-below-stick-meta":"","astra-migrate-meta-layouts":"set","footnotes":""},"categories":[1,14,38,12],"tags":[90],"yoast_head":"<!-- This site is optimized with the Yoast SEO plugin v21.4 - https:\/\/yoast.com\/wordpress\/plugins\/seo\/ -->\n<title>Ter\u00e7a-feira (28) gelada em todas as regi\u00f5es de SC -<\/title>\n<meta name=\"robots\" content=\"index, follow, max-snippet:-1, max-image-preview:large, max-video-preview:-1\" \/>\n<link rel=\"canonical\" href=\"https:\/\/sulsc.com\/index.php\/2026\/04\/28\/terca-feira-28-gelada-em-todas-as-regioes-de-sc\/\" \/>\n<meta property=\"og:locale\" content=\"en_US\" \/>\n<meta property=\"og:type\" content=\"article\" \/>\n<meta property=\"og:title\" content=\"Ter\u00e7a-feira (28) gelada em todas as regi\u00f5es de SC -\" \/>\n<meta property=\"og:description\" content=\"A ter\u00e7a-feira (28) come\u00e7a com predom\u00ednio de tempo est\u00e1vel e temperaturas mais baixas em SC, em fun\u00e7\u00e3o da atua\u00e7\u00e3o de uma massa de ar seco e frio. Entre a tarde e a noite, a nebulosidade aumenta em todas as regi\u00f5es e a chuva volta a ocorrer com fraca intensidade, especialmente nas regi\u00f5es mais pr\u00f3ximas ao &hellip; Ter\u00e7a-feira (28) gelada em todas as regi\u00f5es de SC Read More &raquo;\" \/>\n<meta property=\"og:url\" content=\"https:\/\/sulsc.com\/index.php\/2026\/04\/28\/terca-feira-28-gelada-em-todas-as-regioes-de-sc\/\" \/>\n<meta property=\"article:author\" content=\"https:\/\/www.facebook.com\/profile.php?id=61559278119680\" \/>\n<meta property=\"article:published_time\" content=\"2026-04-28T11:54:31+00:00\" \/>\n<meta property=\"og:image\" content=\"http:\/\/sulsc.com\/wp-content\/uploads\/2026\/04\/98bf2fe7-1ce8-4a4c-977d-78807ee29c77.jpg\" \/>\n\t<meta property=\"og:image:width\" content=\"1280\" \/>\n\t<meta property=\"og:image:height\" content=\"597\" \/>\n\t<meta property=\"og:image:type\" content=\"image\/jpeg\" \/>\n<meta name=\"author\" content=\"Reda\u00e7\u00e3o Sul SC\" \/>\n<meta name=\"twitter:card\" content=\"summary_large_image\" \/>\n<meta name=\"twitter:creator\" content=\"@https:\/\/twitter.com\/PortalSulSC\" \/>\n<meta name=\"twitter:label1\" content=\"Written by\" \/>\n\t<meta name=\"twitter:data1\" content=\"Reda\u00e7\u00e3o Sul SC\" \/>\n\t<meta name=\"twitter:label2\" content=\"Est. reading time\" \/>\n\t<meta name=\"twitter:data2\" content=\"2 minutes\" \/>\n<script type=\"application\/ld+json\" class=\"yoast-schema-graph\">{\"@context\":\"https:\/\/schema.org\",\"@graph\":[{\"@type\":\"WebPage\",\"@id\":\"https:\/\/sulsc.com\/index.php\/2026\/04\/28\/terca-feira-28-gelada-em-todas-as-regioes-de-sc\/\",\"url\":\"https:\/\/sulsc.com\/index.php\/2026\/04\/28\/terca-feira-28-gelada-em-todas-as-regioes-de-sc\/\",\"name\":\"Ter\u00e7a-feira (28) gelada em todas as regi\u00f5es de SC -\",\"isPartOf\":{\"@id\":\"https:\/\/sulsc.com\/#website\"},\"datePublished\":\"2026-04-28T11:54:31+00:00\",\"dateModified\":\"2026-04-28T11:54:31+00:00\",\"author\":{\"@id\":\"https:\/\/sulsc.com\/#\/schema\/person\/84d2fc571684f6248ba83092f07750a3\"},\"breadcrumb\":{\"@id\":\"https:\/\/sulsc.com\/index.php\/2026\/04\/28\/terca-feira-28-gelada-em-todas-as-regioes-de-sc\/#breadcrumb\"},\"inLanguage\":\"en-US\",\"potentialAction\":[{\"@type\":\"ReadAction\",\"target\":[\"https:\/\/sulsc.com\/index.php\/2026\/04\/28\/terca-feira-28-gelada-em-todas-as-regioes-de-sc\/\"]}]},{\"@type\":\"BreadcrumbList\",\"@id\":\"https:\/\/sulsc.com\/index.php\/2026\/04\/28\/terca-feira-28-gelada-em-todas-as-regioes-de-sc\/#breadcrumb\",\"itemListElement\":[{\"@type\":\"ListItem\",\"position\":1,\"name\":\"In\u00edcio\",\"item\":\"https:\/\/sulsc.com\/\"},{\"@type\":\"ListItem\",\"position\":2,\"name\":\"Ter\u00e7a-feira (28) gelada em todas as regi\u00f5es de SC\"}]},{\"@type\":\"WebSite\",\"@id\":\"https:\/\/sulsc.com\/#website\",\"url\":\"https:\/\/sulsc.com\/\",\"name\":\"\",\"description\":\"\",\"potentialAction\":[{\"@type\":\"SearchAction\",\"target\":{\"@type\":\"EntryPoint\",\"urlTemplate\":\"https:\/\/sulsc.com\/?s={search_term_string}\"},\"query-input\":\"required name=search_term_string\"}],\"inLanguage\":\"en-US\"},{\"@type\":\"Person\",\"@id\":\"https:\/\/sulsc.com\/#\/schema\/person\/84d2fc571684f6248ba83092f07750a3\",\"name\":\"Reda\u00e7\u00e3o Sul SC\",\"image\":{\"@type\":\"ImageObject\",\"inLanguage\":\"en-US\",\"@id\":\"https:\/\/sulsc.com\/#\/schema\/person\/image\/e08d7fe2cc4ed596372063bbe852b8d0\",\"url\":\"https:\/\/sulsc.com\/wp-content\/uploads\/2023\/09\/redacao.png\",\"contentUrl\":\"https:\/\/sulsc.com\/wp-content\/uploads\/2023\/09\/redacao.png\",\"caption\":\"Reda\u00e7\u00e3o Sul SC\"},\"description\":\"Foco em um jornalismo imparcial, voltado \u00e0 qualidade dos seus conte\u00fados e, assim, levar informa\u00e7\u00e3o de valor que agregue \u00e0 vida dos leitores. Esta \u00e9 grande miss\u00e3o do Portal de Not\u00edcias Sul SC. N\u00e3o \u00e9 quantidade que muda o mundo, sempre foi e seguir\u00e1 sendo qualidade!\",\"sameAs\":[\"https:\/\/sulsc.com\/\",\"https:\/\/www.facebook.com\/profile.php?id=61559278119680\",\"https:\/\/www.instagram.com\/sulscportal\/?hl=pt-br\",\"https:\/\/twitter.com\/https:\/\/twitter.com\/PortalSulSC\",\"https:\/\/www.youtube.com\/channel\/UCv_BE8GeySluDov2n8qhVmw\"],\"url\":\"https:\/\/sulsc.com\/index.php\/author\/redacao\/\"}]}<\/script>\n<!-- \/ Yoast SEO plugin. -->","yoast_head_json":{"title":"Ter\u00e7a-feira (28) gelada em todas as regi\u00f5es de SC -","robots":{"index":"index","follow":"follow","max-snippet":"max-snippet:-1","max-image-preview":"max-image-preview:large","max-video-preview":"max-video-preview:-1"},"canonical":"https:\/\/sulsc.com\/index.php\/2026\/04\/28\/terca-feira-28-gelada-em-todas-as-regioes-de-sc\/","og_locale":"en_US","og_type":"article","og_title":"Ter\u00e7a-feira (28) gelada em todas as regi\u00f5es de SC -","og_description":"A ter\u00e7a-feira (28) come\u00e7a com predom\u00ednio de tempo est\u00e1vel e temperaturas mais baixas em SC, em fun\u00e7\u00e3o da atua\u00e7\u00e3o de uma massa de ar seco e frio. Entre a tarde e a noite, a nebulosidade aumenta em todas as regi\u00f5es e a chuva volta a ocorrer com fraca intensidade, especialmente nas regi\u00f5es mais pr\u00f3ximas ao &hellip; Ter\u00e7a-feira (28) gelada em todas as regi\u00f5es de SC Read More &raquo;","og_url":"https:\/\/sulsc.com\/index.php\/2026\/04\/28\/terca-feira-28-gelada-em-todas-as-regioes-de-sc\/","article_author":"https:\/\/www.facebook.com\/profile.php?id=61559278119680","article_published_time":"2026-04-28T11:54:31+00:00","og_image":[{"width":1280,"height":597,"url":"http:\/\/sulsc.com\/wp-content\/uploads\/2026\/04\/98bf2fe7-1ce8-4a4c-977d-78807ee29c77.jpg","type":"image\/jpeg"}],"author":"Reda\u00e7\u00e3o Sul SC","twitter_card":"summary_large_image","twitter_creator":"@https:\/\/twitter.com\/PortalSulSC","twitter_misc":{"Written by":"Reda\u00e7\u00e3o Sul SC","Est. reading time":"2 minutes"},"schema":{"@context":"https:\/\/schema.org","@graph":[{"@type":"WebPage","@id":"https:\/\/sulsc.com\/index.php\/2026\/04\/28\/terca-feira-28-gelada-em-todas-as-regioes-de-sc\/","url":"https:\/\/sulsc.com\/index.php\/2026\/04\/28\/terca-feira-28-gelada-em-todas-as-regioes-de-sc\/","name":"Ter\u00e7a-feira (28) gelada em todas as regi\u00f5es de SC -","isPartOf":{"@id":"https:\/\/sulsc.com\/#website"},"datePublished":"2026-04-28T11:54:31+00:00","dateModified":"2026-04-28T11:54:31+00:00","author":{"@id":"https:\/\/sulsc.com\/#\/schema\/person\/84d2fc571684f6248ba83092f07750a3"},"breadcrumb":{"@id":"https:\/\/sulsc.com\/index.php\/2026\/04\/28\/terca-feira-28-gelada-em-todas-as-regioes-de-sc\/#breadcrumb"},"inLanguage":"en-US","potentialAction":[{"@type":"ReadAction","target":["https:\/\/sulsc.com\/index.php\/2026\/04\/28\/terca-feira-28-gelada-em-todas-as-regioes-de-sc\/"]}]},{"@type":"BreadcrumbList","@id":"https:\/\/sulsc.com\/index.php\/2026\/04\/28\/terca-feira-28-gelada-em-todas-as-regioes-de-sc\/#breadcrumb","itemListElement":[{"@type":"ListItem","position":1,"name":"In\u00edcio","item":"https:\/\/sulsc.com\/"},{"@type":"ListItem","position":2,"name":"Ter\u00e7a-feira (28) gelada em todas as regi\u00f5es de SC"}]},{"@type":"WebSite","@id":"https:\/\/sulsc.com\/#website","url":"https:\/\/sulsc.com\/","name":"","description":"","potentialAction":[{"@type":"SearchAction","target":{"@type":"EntryPoint","urlTemplate":"https:\/\/sulsc.com\/?s={search_term_string}"},"query-input":"required name=search_term_string"}],"inLanguage":"en-US"},{"@type":"Person","@id":"https:\/\/sulsc.com\/#\/schema\/person\/84d2fc571684f6248ba83092f07750a3","name":"Reda\u00e7\u00e3o Sul SC","image":{"@type":"ImageObject","inLanguage":"en-US","@id":"https:\/\/sulsc.com\/#\/schema\/person\/image\/e08d7fe2cc4ed596372063bbe852b8d0","url":"https:\/\/sulsc.com\/wp-content\/uploads\/2023\/09\/redacao.png","contentUrl":"https:\/\/sulsc.com\/wp-content\/uploads\/2023\/09\/redacao.png","caption":"Reda\u00e7\u00e3o Sul SC"},"description":"Foco em um jornalismo imparcial, voltado \u00e0 qualidade dos seus conte\u00fados e, assim, levar informa\u00e7\u00e3o de valor que agregue \u00e0 vida dos leitores. Esta \u00e9 grande miss\u00e3o do Portal de Not\u00edcias Sul SC. N\u00e3o \u00e9 quantidade que muda o mundo, sempre foi e seguir\u00e1 sendo qualidade!","sameAs":["https:\/\/sulsc.com\/","https:\/\/www.facebook.com\/profile.php?id=61559278119680","https:\/\/www.instagram.com\/sulscportal\/?hl=pt-br","https:\/\/twitter.com\/https:\/\/twitter.com\/PortalSulSC","https:\/\/www.youtube.com\/channel\/UCv_BE8GeySluDov2n8qhVmw"],"url":"https:\/\/sulsc.com\/index.php\/author\/redacao\/"}]}},"authors":[],"_links":{"self":[{"href":"https:\/\/sulsc.com\/index.php\/wp-json\/wp\/v2\/posts\/33642"}],"collection":[{"href":"https:\/\/sulsc.com\/index.php\/wp-json\/wp\/v2\/posts"}],"about":[{"href":"https:\/\/sulsc.com\/index.php\/wp-json\/wp\/v2\/types\/post"}],"author":[{"embeddable":true,"href":"https:\/\/sulsc.com\/index.php\/wp-json\/wp\/v2\/users\/3"}],"replies":[{"embeddable":true,"href":"https:\/\/sulsc.com\/index.php\/wp-json\/wp\/v2\/comments?post=33642"}],"version-history":[{"count":1,"href":"https:\/\/sulsc.com\/index.php\/wp-json\/wp\/v2\/posts\/33642\/revisions"}],"predecessor-version":[{"id":33645,"href":"https:\/\/sulsc.com\/index.php\/wp-json\/wp\/v2\/posts\/33642\/revisions\/33645"}],"wp:featuredmedia":[{"embeddable":true,"href":"https:\/\/sulsc.com\/index.php\/wp-json\/wp\/v2\/media\/33644"}],"wp:attachment":[{"href":"https:\/\/sulsc.com\/index.php\/wp-json\/wp\/v2\/media?parent=33642"}],"wp:term":[{"taxonomy":"category","embeddable":true,"href":"https:\/\/sulsc.com\/index.php\/wp-json\/wp\/v2\/categories?post=33642"},{"taxonomy":"post_tag","embeddable":true,"href":"https:\/\/sulsc.com\/index.php\/wp-json\/wp\/v2\/tags?post=33642"}],"curies":[{"name":"wp","href":"https:\/\/api.w.org\/{rel}","templated":true}]}}