{"id":33646,"date":"2026-04-28T09:18:52","date_gmt":"2026-04-28T12:18:52","guid":{"rendered":"https:\/\/sulsc.com\/?p=33646"},"modified":"2026-04-28T09:18:52","modified_gmt":"2026-04-28T12:18:52","slug":"quadrilha-caem-em-rio-com-caminhonete-roubada-em-revenda-de-carros-em-jaguaruna-e-acaba-detida","status":"publish","type":"post","link":"https:\/\/sulsc.com\/index.php\/2026\/04\/28\/quadrilha-caem-em-rio-com-caminhonete-roubada-em-revenda-de-carros-em-jaguaruna-e-acaba-detida\/","title":{"rendered":"Quadrilha caem em rio com caminhonete roubada em revenda de carros em Jaguaruna e acaba detida"},"content":{"rendered":"<p>Na manh\u00e3 desta segunda-feira (27), na Rodovia Ageu da Silva Medeiros, no bairro Madre, em Tubar\u00e3o, uma a\u00e7\u00e3o da Pol\u00edcia Militar\u00a0 resultou na recupera\u00e7\u00e3o de um ve\u00edculo com registro de furto e na deten\u00e7\u00e3o de quatro pessoas na manh\u00e3 desta segunda-feira (27), na Rodovia Ageu da Silva Medeiros, bairro Madre, em Tubar\u00e3o.<\/p>\n<div id=\"metaslider-id-25573\" style=\"width: 100%;\" class=\"ml-slider-3-99-0 metaslider metaslider-flex metaslider-25573 ml-slider has-onhover-arrows ms-theme-default-base has-dots-nav\" role=\"region\" aria-label=\"Meio\" data-width=\"1200\">\n    <div id=\"metaslider_container_25573\">\n        <div id=\"metaslider_25573\">\n            <ul class='slides'>\n                <li style=\"display: block; width: 100%;\" class=\"slide-25684 ms-image \" aria-roledescription=\"slide\" data-date=\"2025-07-24 07:55:40\"><img src=\"https:\/\/sulsc.com\/wp-content\/uploads\/2025\/07\/Marr-2-1000x166.jpg\" height=\"200\" width=\"1200\" alt=\"\" class=\"slider-25573 slide-25684 msDefaultImage\" title=\"Marr 2\" \/><\/li>\n                <li style=\"display: none; width: 100%;\" class=\"slide-32412 ms-image \" aria-roledescription=\"slide\" data-date=\"2026-02-18 13:59:46\"><img src=\"https:\/\/sulsc.com\/wp-content\/uploads\/2026\/02\/40dc1580-cad5-4867-bc58-c4243821ad38-1000x166.jpeg\" height=\"200\" width=\"1200\" alt=\"\" class=\"slider-25573 slide-32412 msDefaultImage\" title=\"40dc1580-cad5-4867-bc58-c4243821ad38\" \/><\/li>\n                <li style=\"display: none; width: 100%;\" class=\"slide-32766 ms-image \" aria-roledescription=\"slide\" data-date=\"2026-03-03 17:22:59\"><img src=\"https:\/\/sulsc.com\/wp-content\/uploads\/2026\/03\/271ce739-f268-41c5-8051-3de1a1750359-1000x166.jpeg\" height=\"200\" width=\"1200\" alt=\"\" class=\"slider-25573 slide-32766 msDefaultImage\" title=\"271ce739-f268-41c5-8051-3de1a1750359\" \/><\/li>\n            <\/ul>\n        <\/div>\n        \n    <\/div>\n<\/div>\n<p>A opera\u00e7\u00e3o teve in\u00edcio ap\u00f3s o Centro de Opera\u00e7\u00f5es Policiais Militares (COPOM) emitir um alerta sobre o furto de dois ve\u00edculos ocorrido horas antes em uma revenda localizada no munic\u00edpio de Jaguaruna. Durante o deslocamento para interceptar os suspeitos, as guarni\u00e7\u00f5es localizaram uma caminhonete que havia ca\u00eddo em um rio, na divisa entre as cidades de Tubar\u00e3o e Laguna.<\/p>\n<p>Ao realizar buscas nas proximidades, os policiais identificaram quatro indiv\u00edduos: tr\u00eas homens (com 20, 19 e 18 anos) e um adolescente de 15 anos. Ao notarem a presen\u00e7a da pol\u00edcia, os suspeitos tentaram fugir, dando in\u00edcio a um acompanhamento t\u00e1tico.<\/p>\n<p>Durante a abordagem, um dos envolvidos tentou resistir \u00e0 pris\u00e3o simulando estar armado. Para cont\u00ea-lo e garantir a seguran\u00e7a da guarni\u00e7\u00e3o e dos demais envolvidos, os policiais utilizaram muni\u00e7\u00e3o de elast\u00f4mero (menos letal), o que for\u00e7ou a rendi\u00e7\u00e3o do suspeito.<\/p>\n<p>Ao final da ocorr\u00eancia, os tr\u00eas homens foram presos e o adolescente foi apreendido. Todos foram encaminhados \u00e0 Delegacia de Pol\u00edcia Civil para os procedimentos legais cab\u00edveis. A Pol\u00edcia Civil investiga agora a participa\u00e7\u00e3o do grupo no furto dos outros ve\u00edculos.<\/p>\n<p><img fetchpriority=\"high\" decoding=\"async\" class=\"aligncenter size-full wp-image-33647\" src=\"http:\/\/sulsc.com\/wp-content\/uploads\/2026\/04\/dc38f921-12e9-44a6-858c-2cc664257748.jpg\" alt=\"\" width=\"686\" height=\"480\" srcset=\"https:\/\/sulsc.com\/wp-content\/uploads\/2026\/04\/dc38f921-12e9-44a6-858c-2cc664257748.jpg 686w, https:\/\/sulsc.com\/wp-content\/uploads\/2026\/04\/dc38f921-12e9-44a6-858c-2cc664257748-300x210.jpg 300w\" sizes=\"(max-width: 686px) 100vw, 686px\" \/><\/p>\n<p>Foto\/ Divulga\u00e7\u00e3o<\/p>\n","protected":false},"excerpt":{"rendered":"<p>Na manh\u00e3 desta segunda-feira (27), na Rodovia Ageu da Silva Medeiros, no bairro Madre, em Tubar\u00e3o, uma a\u00e7\u00e3o da Pol\u00edcia Militar\u00a0 resultou na recupera\u00e7\u00e3o de um ve\u00edculo com registro de furto e na deten\u00e7\u00e3o de quatro pessoas na manh\u00e3 desta segunda-feira (27), na Rodovia Ageu da Silva Medeiros, bairro Madre, em Tubar\u00e3o. A opera\u00e7\u00e3o teve &hellip;<\/p>\n<p class=\"read-more\"> <a class=\"\" href=\"https:\/\/sulsc.com\/index.php\/2026\/04\/28\/quadrilha-caem-em-rio-com-caminhonete-roubada-em-revenda-de-carros-em-jaguaruna-e-acaba-detida\/\"> <span class=\"screen-reader-text\">Quadrilha caem em rio com caminhonete roubada em revenda de carros em Jaguaruna e acaba detida<\/span> Read More &raquo;<\/a><\/p>\n","protected":false},"author":3,"featured_media":33648,"comment_status":"open","ping_status":"open","sticky":false,"template":"","format":"standard","meta":{"site-sidebar-layout":"default","site-content-layout":"","ast-site-content-layout":"default","site-content-style":"default","site-sidebar-style":"default","ast-global-header-display":"","ast-banner-title-visibility":"","ast-main-header-display":"","ast-hfb-above-header-display":"","ast-hfb-below-header-display":"","ast-hfb-mobile-header-display":"","site-post-title":"","ast-breadcrumbs-content":"","ast-featured-img":"","footer-sml-layout":"","theme-transparent-header-meta":"default","adv-header-id-meta":"","stick-header-meta":"","header-above-stick-meta":"","header-main-stick-meta":"","header-below-stick-meta":"","astra-migrate-meta-layouts":"set","footnotes":""},"categories":[2231,1,14,8,21,12],"tags":[2840],"yoast_head":"<!-- This site is optimized with the Yoast SEO plugin v21.4 - https:\/\/yoast.com\/wordpress\/plugins\/seo\/ -->\n<title>Quadrilha caem em rio com caminhonete roubada em revenda de carros em Jaguaruna e acaba detida -<\/title>\n<meta name=\"robots\" content=\"index, follow, max-snippet:-1, max-image-preview:large, max-video-preview:-1\" \/>\n<link rel=\"canonical\" href=\"https:\/\/sulsc.com\/index.php\/2026\/04\/28\/quadrilha-caem-em-rio-com-caminhonete-roubada-em-revenda-de-carros-em-jaguaruna-e-acaba-detida\/\" \/>\n<meta property=\"og:locale\" content=\"en_US\" \/>\n<meta property=\"og:type\" content=\"article\" \/>\n<meta property=\"og:title\" content=\"Quadrilha caem em rio com caminhonete roubada em revenda de carros em Jaguaruna e acaba detida -\" \/>\n<meta property=\"og:description\" content=\"Na manh\u00e3 desta segunda-feira (27), na Rodovia Ageu da Silva Medeiros, no bairro Madre, em Tubar\u00e3o, uma a\u00e7\u00e3o da Pol\u00edcia Militar\u00a0 resultou na recupera\u00e7\u00e3o de um ve\u00edculo com registro de furto e na deten\u00e7\u00e3o de quatro pessoas na manh\u00e3 desta segunda-feira (27), na Rodovia Ageu da Silva Medeiros, bairro Madre, em Tubar\u00e3o. A opera\u00e7\u00e3o teve &hellip; Quadrilha caem em rio com caminhonete roubada em revenda de carros em Jaguaruna e acaba detida Read More &raquo;\" \/>\n<meta property=\"og:url\" content=\"https:\/\/sulsc.com\/index.php\/2026\/04\/28\/quadrilha-caem-em-rio-com-caminhonete-roubada-em-revenda-de-carros-em-jaguaruna-e-acaba-detida\/\" \/>\n<meta property=\"article:author\" content=\"https:\/\/www.facebook.com\/profile.php?id=61559278119680\" \/>\n<meta property=\"article:published_time\" content=\"2026-04-28T12:18:52+00:00\" \/>\n<meta property=\"og:image\" content=\"http:\/\/sulsc.com\/wp-content\/uploads\/2026\/04\/76d5c62c-0dc9-4cf1-90ad-b59d6b260375.jpg\" \/>\n\t<meta property=\"og:image:width\" content=\"1080\" \/>\n\t<meta property=\"og:image:height\" content=\"1354\" \/>\n\t<meta property=\"og:image:type\" content=\"image\/jpeg\" \/>\n<meta name=\"author\" content=\"Reda\u00e7\u00e3o Sul SC\" \/>\n<meta name=\"twitter:card\" content=\"summary_large_image\" \/>\n<meta name=\"twitter:creator\" content=\"@https:\/\/twitter.com\/PortalSulSC\" \/>\n<meta name=\"twitter:label1\" content=\"Written by\" \/>\n\t<meta name=\"twitter:data1\" content=\"Reda\u00e7\u00e3o Sul SC\" \/>\n\t<meta name=\"twitter:label2\" content=\"Est. reading time\" \/>\n\t<meta name=\"twitter:data2\" content=\"2 minutes\" \/>\n<script type=\"application\/ld+json\" class=\"yoast-schema-graph\">{\"@context\":\"https:\/\/schema.org\",\"@graph\":[{\"@type\":\"WebPage\",\"@id\":\"https:\/\/sulsc.com\/index.php\/2026\/04\/28\/quadrilha-caem-em-rio-com-caminhonete-roubada-em-revenda-de-carros-em-jaguaruna-e-acaba-detida\/\",\"url\":\"https:\/\/sulsc.com\/index.php\/2026\/04\/28\/quadrilha-caem-em-rio-com-caminhonete-roubada-em-revenda-de-carros-em-jaguaruna-e-acaba-detida\/\",\"name\":\"Quadrilha caem em rio com caminhonete roubada em revenda de carros em Jaguaruna e acaba detida -\",\"isPartOf\":{\"@id\":\"https:\/\/sulsc.com\/#website\"},\"datePublished\":\"2026-04-28T12:18:52+00:00\",\"dateModified\":\"2026-04-28T12:18:52+00:00\",\"author\":{\"@id\":\"https:\/\/sulsc.com\/#\/schema\/person\/84d2fc571684f6248ba83092f07750a3\"},\"breadcrumb\":{\"@id\":\"https:\/\/sulsc.com\/index.php\/2026\/04\/28\/quadrilha-caem-em-rio-com-caminhonete-roubada-em-revenda-de-carros-em-jaguaruna-e-acaba-detida\/#breadcrumb\"},\"inLanguage\":\"en-US\",\"potentialAction\":[{\"@type\":\"ReadAction\",\"target\":[\"https:\/\/sulsc.com\/index.php\/2026\/04\/28\/quadrilha-caem-em-rio-com-caminhonete-roubada-em-revenda-de-carros-em-jaguaruna-e-acaba-detida\/\"]}]},{\"@type\":\"BreadcrumbList\",\"@id\":\"https:\/\/sulsc.com\/index.php\/2026\/04\/28\/quadrilha-caem-em-rio-com-caminhonete-roubada-em-revenda-de-carros-em-jaguaruna-e-acaba-detida\/#breadcrumb\",\"itemListElement\":[{\"@type\":\"ListItem\",\"position\":1,\"name\":\"In\u00edcio\",\"item\":\"https:\/\/sulsc.com\/\"},{\"@type\":\"ListItem\",\"position\":2,\"name\":\"Quadrilha caem em rio com caminhonete roubada em revenda de carros em Jaguaruna e acaba detida\"}]},{\"@type\":\"WebSite\",\"@id\":\"https:\/\/sulsc.com\/#website\",\"url\":\"https:\/\/sulsc.com\/\",\"name\":\"\",\"description\":\"\",\"potentialAction\":[{\"@type\":\"SearchAction\",\"target\":{\"@type\":\"EntryPoint\",\"urlTemplate\":\"https:\/\/sulsc.com\/?s={search_term_string}\"},\"query-input\":\"required name=search_term_string\"}],\"inLanguage\":\"en-US\"},{\"@type\":\"Person\",\"@id\":\"https:\/\/sulsc.com\/#\/schema\/person\/84d2fc571684f6248ba83092f07750a3\",\"name\":\"Reda\u00e7\u00e3o Sul SC\",\"image\":{\"@type\":\"ImageObject\",\"inLanguage\":\"en-US\",\"@id\":\"https:\/\/sulsc.com\/#\/schema\/person\/image\/e08d7fe2cc4ed596372063bbe852b8d0\",\"url\":\"https:\/\/sulsc.com\/wp-content\/uploads\/2023\/09\/redacao.png\",\"contentUrl\":\"https:\/\/sulsc.com\/wp-content\/uploads\/2023\/09\/redacao.png\",\"caption\":\"Reda\u00e7\u00e3o Sul SC\"},\"description\":\"Foco em um jornalismo imparcial, voltado \u00e0 qualidade dos seus conte\u00fados e, assim, levar informa\u00e7\u00e3o de valor que agregue \u00e0 vida dos leitores. Esta \u00e9 grande miss\u00e3o do Portal de Not\u00edcias Sul SC. N\u00e3o \u00e9 quantidade que muda o mundo, sempre foi e seguir\u00e1 sendo qualidade!\",\"sameAs\":[\"https:\/\/sulsc.com\/\",\"https:\/\/www.facebook.com\/profile.php?id=61559278119680\",\"https:\/\/www.instagram.com\/sulscportal\/?hl=pt-br\",\"https:\/\/twitter.com\/https:\/\/twitter.com\/PortalSulSC\",\"https:\/\/www.youtube.com\/channel\/UCv_BE8GeySluDov2n8qhVmw\"],\"url\":\"https:\/\/sulsc.com\/index.php\/author\/redacao\/\"}]}<\/script>\n<!-- \/ Yoast SEO plugin. -->","yoast_head_json":{"title":"Quadrilha caem em rio com caminhonete roubada em revenda de carros em Jaguaruna e acaba detida -","robots":{"index":"index","follow":"follow","max-snippet":"max-snippet:-1","max-image-preview":"max-image-preview:large","max-video-preview":"max-video-preview:-1"},"canonical":"https:\/\/sulsc.com\/index.php\/2026\/04\/28\/quadrilha-caem-em-rio-com-caminhonete-roubada-em-revenda-de-carros-em-jaguaruna-e-acaba-detida\/","og_locale":"en_US","og_type":"article","og_title":"Quadrilha caem em rio com caminhonete roubada em revenda de carros em Jaguaruna e acaba detida -","og_description":"Na manh\u00e3 desta segunda-feira (27), na Rodovia Ageu da Silva Medeiros, no bairro Madre, em Tubar\u00e3o, uma a\u00e7\u00e3o da Pol\u00edcia Militar\u00a0 resultou na recupera\u00e7\u00e3o de um ve\u00edculo com registro de furto e na deten\u00e7\u00e3o de quatro pessoas na manh\u00e3 desta segunda-feira (27), na Rodovia Ageu da Silva Medeiros, bairro Madre, em Tubar\u00e3o. A opera\u00e7\u00e3o teve &hellip; Quadrilha caem em rio com caminhonete roubada em revenda de carros em Jaguaruna e acaba detida Read More &raquo;","og_url":"https:\/\/sulsc.com\/index.php\/2026\/04\/28\/quadrilha-caem-em-rio-com-caminhonete-roubada-em-revenda-de-carros-em-jaguaruna-e-acaba-detida\/","article_author":"https:\/\/www.facebook.com\/profile.php?id=61559278119680","article_published_time":"2026-04-28T12:18:52+00:00","og_image":[{"width":1080,"height":1354,"url":"http:\/\/sulsc.com\/wp-content\/uploads\/2026\/04\/76d5c62c-0dc9-4cf1-90ad-b59d6b260375.jpg","type":"image\/jpeg"}],"author":"Reda\u00e7\u00e3o Sul SC","twitter_card":"summary_large_image","twitter_creator":"@https:\/\/twitter.com\/PortalSulSC","twitter_misc":{"Written by":"Reda\u00e7\u00e3o Sul SC","Est. reading time":"2 minutes"},"schema":{"@context":"https:\/\/schema.org","@graph":[{"@type":"WebPage","@id":"https:\/\/sulsc.com\/index.php\/2026\/04\/28\/quadrilha-caem-em-rio-com-caminhonete-roubada-em-revenda-de-carros-em-jaguaruna-e-acaba-detida\/","url":"https:\/\/sulsc.com\/index.php\/2026\/04\/28\/quadrilha-caem-em-rio-com-caminhonete-roubada-em-revenda-de-carros-em-jaguaruna-e-acaba-detida\/","name":"Quadrilha caem em rio com caminhonete roubada em revenda de carros em Jaguaruna e acaba detida -","isPartOf":{"@id":"https:\/\/sulsc.com\/#website"},"datePublished":"2026-04-28T12:18:52+00:00","dateModified":"2026-04-28T12:18:52+00:00","author":{"@id":"https:\/\/sulsc.com\/#\/schema\/person\/84d2fc571684f6248ba83092f07750a3"},"breadcrumb":{"@id":"https:\/\/sulsc.com\/index.php\/2026\/04\/28\/quadrilha-caem-em-rio-com-caminhonete-roubada-em-revenda-de-carros-em-jaguaruna-e-acaba-detida\/#breadcrumb"},"inLanguage":"en-US","potentialAction":[{"@type":"ReadAction","target":["https:\/\/sulsc.com\/index.php\/2026\/04\/28\/quadrilha-caem-em-rio-com-caminhonete-roubada-em-revenda-de-carros-em-jaguaruna-e-acaba-detida\/"]}]},{"@type":"BreadcrumbList","@id":"https:\/\/sulsc.com\/index.php\/2026\/04\/28\/quadrilha-caem-em-rio-com-caminhonete-roubada-em-revenda-de-carros-em-jaguaruna-e-acaba-detida\/#breadcrumb","itemListElement":[{"@type":"ListItem","position":1,"name":"In\u00edcio","item":"https:\/\/sulsc.com\/"},{"@type":"ListItem","position":2,"name":"Quadrilha caem em rio com caminhonete roubada em revenda de carros em Jaguaruna e acaba detida"}]},{"@type":"WebSite","@id":"https:\/\/sulsc.com\/#website","url":"https:\/\/sulsc.com\/","name":"","description":"","potentialAction":[{"@type":"SearchAction","target":{"@type":"EntryPoint","urlTemplate":"https:\/\/sulsc.com\/?s={search_term_string}"},"query-input":"required name=search_term_string"}],"inLanguage":"en-US"},{"@type":"Person","@id":"https:\/\/sulsc.com\/#\/schema\/person\/84d2fc571684f6248ba83092f07750a3","name":"Reda\u00e7\u00e3o Sul SC","image":{"@type":"ImageObject","inLanguage":"en-US","@id":"https:\/\/sulsc.com\/#\/schema\/person\/image\/e08d7fe2cc4ed596372063bbe852b8d0","url":"https:\/\/sulsc.com\/wp-content\/uploads\/2023\/09\/redacao.png","contentUrl":"https:\/\/sulsc.com\/wp-content\/uploads\/2023\/09\/redacao.png","caption":"Reda\u00e7\u00e3o Sul SC"},"description":"Foco em um jornalismo imparcial, voltado \u00e0 qualidade dos seus conte\u00fados e, assim, levar informa\u00e7\u00e3o de valor que agregue \u00e0 vida dos leitores. Esta \u00e9 grande miss\u00e3o do Portal de Not\u00edcias Sul SC. N\u00e3o \u00e9 quantidade que muda o mundo, sempre foi e seguir\u00e1 sendo qualidade!","sameAs":["https:\/\/sulsc.com\/","https:\/\/www.facebook.com\/profile.php?id=61559278119680","https:\/\/www.instagram.com\/sulscportal\/?hl=pt-br","https:\/\/twitter.com\/https:\/\/twitter.com\/PortalSulSC","https:\/\/www.youtube.com\/channel\/UCv_BE8GeySluDov2n8qhVmw"],"url":"https:\/\/sulsc.com\/index.php\/author\/redacao\/"}]}},"authors":[],"_links":{"self":[{"href":"https:\/\/sulsc.com\/index.php\/wp-json\/wp\/v2\/posts\/33646"}],"collection":[{"href":"https:\/\/sulsc.com\/index.php\/wp-json\/wp\/v2\/posts"}],"about":[{"href":"https:\/\/sulsc.com\/index.php\/wp-json\/wp\/v2\/types\/post"}],"author":[{"embeddable":true,"href":"https:\/\/sulsc.com\/index.php\/wp-json\/wp\/v2\/users\/3"}],"replies":[{"embeddable":true,"href":"https:\/\/sulsc.com\/index.php\/wp-json\/wp\/v2\/comments?post=33646"}],"version-history":[{"count":1,"href":"https:\/\/sulsc.com\/index.php\/wp-json\/wp\/v2\/posts\/33646\/revisions"}],"predecessor-version":[{"id":33649,"href":"https:\/\/sulsc.com\/index.php\/wp-json\/wp\/v2\/posts\/33646\/revisions\/33649"}],"wp:featuredmedia":[{"embeddable":true,"href":"https:\/\/sulsc.com\/index.php\/wp-json\/wp\/v2\/media\/33648"}],"wp:attachment":[{"href":"https:\/\/sulsc.com\/index.php\/wp-json\/wp\/v2\/media?parent=33646"}],"wp:term":[{"taxonomy":"category","embeddable":true,"href":"https:\/\/sulsc.com\/index.php\/wp-json\/wp\/v2\/categories?post=33646"},{"taxonomy":"post_tag","embeddable":true,"href":"https:\/\/sulsc.com\/index.php\/wp-json\/wp\/v2\/tags?post=33646"}],"curies":[{"name":"wp","href":"https:\/\/api.w.org\/{rel}","templated":true}]}}