{"id":33650,"date":"2026-04-28T09:33:12","date_gmt":"2026-04-28T12:33:12","guid":{"rendered":"https:\/\/sulsc.com\/?p=33650"},"modified":"2026-04-28T09:33:12","modified_gmt":"2026-04-28T12:33:12","slug":"ultima-semana-para-o-contribuinte-que-queira-aderir-o-refis-em-tubarao","status":"publish","type":"post","link":"https:\/\/sulsc.com\/index.php\/2026\/04\/28\/ultima-semana-para-o-contribuinte-que-queira-aderir-o-refis-em-tubarao\/","title":{"rendered":"\u00daltima semana para o contribuinte que queira aderir o Refis em Tubar\u00e3o"},"content":{"rendered":"<p>O Programa de Regulariza\u00e7\u00e3o Fiscal (Refis) entra na \u00faltima semana em Tubar\u00e3o, o programa oferece aos contribuintes d uma oportunidade de regularizar d\u00e9bitos tribut\u00e1rios e n\u00e3o tribut\u00e1rios, com condi\u00e7\u00f5es facilitadas e descontos significativos em juros e multas. No entanto, para garantir esses benef\u00edcios, \u00e9 necess\u00e1rio aderir ao programa at\u00e9 a pr\u00f3xima <strong>quinta-feira (30)<\/strong>.<\/p>\n<div id=\"metaslider-id-25573\" style=\"width: 100%;\" class=\"ml-slider-3-99-0 metaslider metaslider-flex metaslider-25573 ml-slider has-onhover-arrows ms-theme-default-base has-dots-nav\" role=\"region\" aria-label=\"Meio\" data-width=\"1200\">\n    <div id=\"metaslider_container_25573\">\n        <div id=\"metaslider_25573\">\n            <ul class='slides'>\n                <li style=\"display: block; width: 100%;\" class=\"slide-25684 ms-image \" aria-roledescription=\"slide\" data-date=\"2025-07-24 07:55:40\"><img src=\"https:\/\/sulsc.com\/wp-content\/uploads\/2025\/07\/Marr-2-1000x166.jpg\" height=\"200\" width=\"1200\" alt=\"\" class=\"slider-25573 slide-25684 msDefaultImage\" title=\"Marr 2\" \/><\/li>\n                <li style=\"display: none; width: 100%;\" class=\"slide-32412 ms-image \" aria-roledescription=\"slide\" data-date=\"2026-02-18 13:59:46\"><img src=\"https:\/\/sulsc.com\/wp-content\/uploads\/2026\/02\/40dc1580-cad5-4867-bc58-c4243821ad38-1000x166.jpeg\" height=\"200\" width=\"1200\" alt=\"\" class=\"slider-25573 slide-32412 msDefaultImage\" title=\"40dc1580-cad5-4867-bc58-c4243821ad38\" \/><\/li>\n                <li style=\"display: none; width: 100%;\" class=\"slide-32766 ms-image \" aria-roledescription=\"slide\" data-date=\"2026-03-03 17:22:59\"><img src=\"https:\/\/sulsc.com\/wp-content\/uploads\/2026\/03\/271ce739-f268-41c5-8051-3de1a1750359-1000x166.jpeg\" height=\"200\" width=\"1200\" alt=\"\" class=\"slider-25573 slide-32766 msDefaultImage\" title=\"271ce739-f268-41c5-8051-3de1a1750359\" \/><\/li>\n            <\/ul>\n        <\/div>\n        \n    <\/div>\n<\/div>\n<p>O desconto em juros e multas varia de acordo com a modalidade de pagamento: 90% para pagamento \u00e0 vista, 80% para pagamento em at\u00e9 6 parcelas, 70% para pagamento em at\u00e9 12 parcelas, 60% para pagamento em at\u00e9 24 parcelas e 50% para pagamento em at\u00e9 48 parcelas.<\/p>\n<p>Segundo a prefeitura os contribuintes, pessoas f\u00edsicas ou jur\u00eddicas, que estiverem sob qualquer procedimento de fiscaliza\u00e7\u00e3o, n\u00e3o poder\u00e3o aderir ao programa, e que o atraso de tr\u00eas parcelas consecutivas implicar\u00e1 no cancelamento do parcelamento e a perda dos benef\u00edcios. \u00c9 poss\u00edvel consolidar saldos de parcelamentos anteriores no novo Refis.<\/p>\n<p>O contribuinte que desejar aderir ao parcelamento dever\u00e1 protocolar o Requerimento Administrativo junto ao Facilita Tubar\u00e3o, presencialmente ou de forma <a href=\"https:\/\/tubarao-sc.prefeituramoderna.com.br\/meuiptu\/index.php?cidade=tubarao\"><strong>online<\/strong><\/a>. O facilita est\u00e1 localizado no bairro Oficinas, com hor\u00e1rio de funcionamento de <strong>segunda a sexta-feira, das 8 \u00e0s 18 horas e sem fechar ao meio-dia.<\/strong><\/p>\n<figure id=\"attachment_4177\" aria-describedby=\"caption-attachment-4177\" style=\"width: 901px\" class=\"wp-caption aligncenter\"><img fetchpriority=\"high\" decoding=\"async\" class=\"size-full wp-image-4177\" src=\"http:\/\/sulsc.com\/wp-content\/uploads\/2023\/11\/2-2.jpg\" alt=\"Tubar\u00e3o foi considerada a cidade mais hospitaleira do Brasil em 2020. Foto: Banco de imagens Sul SC\" width=\"901\" height=\"600\" srcset=\"https:\/\/sulsc.com\/wp-content\/uploads\/2023\/11\/2-2.jpg 901w, https:\/\/sulsc.com\/wp-content\/uploads\/2023\/11\/2-2-300x200.jpg 300w, https:\/\/sulsc.com\/wp-content\/uploads\/2023\/11\/2-2-768x511.jpg 768w\" sizes=\"(max-width: 901px) 100vw, 901px\" \/><figcaption id=\"caption-attachment-4177\" class=\"wp-caption-text\">Tubar\u00e3o foi considerada a cidade mais hospitaleira do Brasil em 2020. Foto: Banco de imagens Sul SC<\/figcaption><\/figure>\n<p>Foto\/Arquivo SulSC<\/p>\n","protected":false},"excerpt":{"rendered":"<p>O Programa de Regulariza\u00e7\u00e3o Fiscal (Refis) entra na \u00faltima semana em Tubar\u00e3o, o programa oferece aos contribuintes d uma oportunidade de regularizar d\u00e9bitos tribut\u00e1rios e n\u00e3o tribut\u00e1rios, com condi\u00e7\u00f5es facilitadas e descontos significativos em juros e multas. No entanto, para garantir esses benef\u00edcios, \u00e9 necess\u00e1rio aderir ao programa at\u00e9 a pr\u00f3xima quinta-feira (30). O desconto &hellip;<\/p>\n<p class=\"read-more\"> <a class=\"\" href=\"https:\/\/sulsc.com\/index.php\/2026\/04\/28\/ultima-semana-para-o-contribuinte-que-queira-aderir-o-refis-em-tubarao\/\"> <span class=\"screen-reader-text\">\u00daltima semana para o contribuinte que queira aderir o Refis em Tubar\u00e3o<\/span> Read More &raquo;<\/a><\/p>\n","protected":false},"author":3,"featured_media":4177,"comment_status":"open","ping_status":"open","sticky":false,"template":"","format":"standard","meta":{"site-sidebar-layout":"default","site-content-layout":"","ast-site-content-layout":"default","site-content-style":"default","site-sidebar-style":"default","ast-global-header-display":"","ast-banner-title-visibility":"","ast-main-header-display":"","ast-hfb-above-header-display":"","ast-hfb-below-header-display":"","ast-hfb-mobile-header-display":"","site-post-title":"","ast-breadcrumbs-content":"","ast-featured-img":"","footer-sml-layout":"","theme-transparent-header-meta":"default","adv-header-id-meta":"","stick-header-meta":"","header-above-stick-meta":"","header-main-stick-meta":"","header-below-stick-meta":"","astra-migrate-meta-layouts":"set","footnotes":""},"categories":[2231,11,14,21,12],"tags":[1193],"yoast_head":"<!-- This site is optimized with the Yoast SEO plugin v21.4 - https:\/\/yoast.com\/wordpress\/plugins\/seo\/ -->\n<title>\u00daltima semana para o contribuinte que queira aderir o Refis em Tubar\u00e3o -<\/title>\n<meta name=\"robots\" content=\"index, follow, max-snippet:-1, max-image-preview:large, max-video-preview:-1\" \/>\n<link rel=\"canonical\" href=\"https:\/\/sulsc.com\/index.php\/2026\/04\/28\/ultima-semana-para-o-contribuinte-que-queira-aderir-o-refis-em-tubarao\/\" \/>\n<meta property=\"og:locale\" content=\"en_US\" \/>\n<meta property=\"og:type\" content=\"article\" \/>\n<meta property=\"og:title\" content=\"\u00daltima semana para o contribuinte que queira aderir o Refis em Tubar\u00e3o -\" \/>\n<meta property=\"og:description\" content=\"O Programa de Regulariza\u00e7\u00e3o Fiscal (Refis) entra na \u00faltima semana em Tubar\u00e3o, o programa oferece aos contribuintes d uma oportunidade de regularizar d\u00e9bitos tribut\u00e1rios e n\u00e3o tribut\u00e1rios, com condi\u00e7\u00f5es facilitadas e descontos significativos em juros e multas. No entanto, para garantir esses benef\u00edcios, \u00e9 necess\u00e1rio aderir ao programa at\u00e9 a pr\u00f3xima quinta-feira (30). O desconto &hellip; \u00daltima semana para o contribuinte que queira aderir o Refis em Tubar\u00e3o Read More &raquo;\" \/>\n<meta property=\"og:url\" content=\"https:\/\/sulsc.com\/index.php\/2026\/04\/28\/ultima-semana-para-o-contribuinte-que-queira-aderir-o-refis-em-tubarao\/\" \/>\n<meta property=\"article:author\" content=\"https:\/\/www.facebook.com\/profile.php?id=61559278119680\" \/>\n<meta property=\"article:published_time\" content=\"2026-04-28T12:33:12+00:00\" \/>\n<meta property=\"og:image\" content=\"http:\/\/sulsc.com\/wp-content\/uploads\/2023\/11\/2-2.jpg\" \/>\n\t<meta property=\"og:image:width\" content=\"901\" \/>\n\t<meta property=\"og:image:height\" content=\"600\" \/>\n\t<meta property=\"og:image:type\" content=\"image\/jpeg\" \/>\n<meta name=\"author\" content=\"Reda\u00e7\u00e3o Sul SC\" \/>\n<meta name=\"twitter:card\" content=\"summary_large_image\" \/>\n<meta name=\"twitter:creator\" content=\"@https:\/\/twitter.com\/PortalSulSC\" \/>\n<meta name=\"twitter:label1\" content=\"Written by\" \/>\n\t<meta name=\"twitter:data1\" content=\"Reda\u00e7\u00e3o Sul SC\" \/>\n\t<meta name=\"twitter:label2\" content=\"Est. reading time\" \/>\n\t<meta name=\"twitter:data2\" content=\"2 minutes\" \/>\n<script type=\"application\/ld+json\" class=\"yoast-schema-graph\">{\"@context\":\"https:\/\/schema.org\",\"@graph\":[{\"@type\":\"WebPage\",\"@id\":\"https:\/\/sulsc.com\/index.php\/2026\/04\/28\/ultima-semana-para-o-contribuinte-que-queira-aderir-o-refis-em-tubarao\/\",\"url\":\"https:\/\/sulsc.com\/index.php\/2026\/04\/28\/ultima-semana-para-o-contribuinte-que-queira-aderir-o-refis-em-tubarao\/\",\"name\":\"\u00daltima semana para o contribuinte que queira aderir o Refis em Tubar\u00e3o -\",\"isPartOf\":{\"@id\":\"https:\/\/sulsc.com\/#website\"},\"datePublished\":\"2026-04-28T12:33:12+00:00\",\"dateModified\":\"2026-04-28T12:33:12+00:00\",\"author\":{\"@id\":\"https:\/\/sulsc.com\/#\/schema\/person\/84d2fc571684f6248ba83092f07750a3\"},\"breadcrumb\":{\"@id\":\"https:\/\/sulsc.com\/index.php\/2026\/04\/28\/ultima-semana-para-o-contribuinte-que-queira-aderir-o-refis-em-tubarao\/#breadcrumb\"},\"inLanguage\":\"en-US\",\"potentialAction\":[{\"@type\":\"ReadAction\",\"target\":[\"https:\/\/sulsc.com\/index.php\/2026\/04\/28\/ultima-semana-para-o-contribuinte-que-queira-aderir-o-refis-em-tubarao\/\"]}]},{\"@type\":\"BreadcrumbList\",\"@id\":\"https:\/\/sulsc.com\/index.php\/2026\/04\/28\/ultima-semana-para-o-contribuinte-que-queira-aderir-o-refis-em-tubarao\/#breadcrumb\",\"itemListElement\":[{\"@type\":\"ListItem\",\"position\":1,\"name\":\"In\u00edcio\",\"item\":\"https:\/\/sulsc.com\/\"},{\"@type\":\"ListItem\",\"position\":2,\"name\":\"\u00daltima semana para o contribuinte que queira aderir o Refis em Tubar\u00e3o\"}]},{\"@type\":\"WebSite\",\"@id\":\"https:\/\/sulsc.com\/#website\",\"url\":\"https:\/\/sulsc.com\/\",\"name\":\"\",\"description\":\"\",\"potentialAction\":[{\"@type\":\"SearchAction\",\"target\":{\"@type\":\"EntryPoint\",\"urlTemplate\":\"https:\/\/sulsc.com\/?s={search_term_string}\"},\"query-input\":\"required name=search_term_string\"}],\"inLanguage\":\"en-US\"},{\"@type\":\"Person\",\"@id\":\"https:\/\/sulsc.com\/#\/schema\/person\/84d2fc571684f6248ba83092f07750a3\",\"name\":\"Reda\u00e7\u00e3o Sul SC\",\"image\":{\"@type\":\"ImageObject\",\"inLanguage\":\"en-US\",\"@id\":\"https:\/\/sulsc.com\/#\/schema\/person\/image\/e08d7fe2cc4ed596372063bbe852b8d0\",\"url\":\"https:\/\/sulsc.com\/wp-content\/uploads\/2023\/09\/redacao.png\",\"contentUrl\":\"https:\/\/sulsc.com\/wp-content\/uploads\/2023\/09\/redacao.png\",\"caption\":\"Reda\u00e7\u00e3o Sul SC\"},\"description\":\"Foco em um jornalismo imparcial, voltado \u00e0 qualidade dos seus conte\u00fados e, assim, levar informa\u00e7\u00e3o de valor que agregue \u00e0 vida dos leitores. Esta \u00e9 grande miss\u00e3o do Portal de Not\u00edcias Sul SC. N\u00e3o \u00e9 quantidade que muda o mundo, sempre foi e seguir\u00e1 sendo qualidade!\",\"sameAs\":[\"https:\/\/sulsc.com\/\",\"https:\/\/www.facebook.com\/profile.php?id=61559278119680\",\"https:\/\/www.instagram.com\/sulscportal\/?hl=pt-br\",\"https:\/\/twitter.com\/https:\/\/twitter.com\/PortalSulSC\",\"https:\/\/www.youtube.com\/channel\/UCv_BE8GeySluDov2n8qhVmw\"],\"url\":\"https:\/\/sulsc.com\/index.php\/author\/redacao\/\"}]}<\/script>\n<!-- \/ Yoast SEO plugin. -->","yoast_head_json":{"title":"\u00daltima semana para o contribuinte que queira aderir o Refis em Tubar\u00e3o -","robots":{"index":"index","follow":"follow","max-snippet":"max-snippet:-1","max-image-preview":"max-image-preview:large","max-video-preview":"max-video-preview:-1"},"canonical":"https:\/\/sulsc.com\/index.php\/2026\/04\/28\/ultima-semana-para-o-contribuinte-que-queira-aderir-o-refis-em-tubarao\/","og_locale":"en_US","og_type":"article","og_title":"\u00daltima semana para o contribuinte que queira aderir o Refis em Tubar\u00e3o -","og_description":"O Programa de Regulariza\u00e7\u00e3o Fiscal (Refis) entra na \u00faltima semana em Tubar\u00e3o, o programa oferece aos contribuintes d uma oportunidade de regularizar d\u00e9bitos tribut\u00e1rios e n\u00e3o tribut\u00e1rios, com condi\u00e7\u00f5es facilitadas e descontos significativos em juros e multas. No entanto, para garantir esses benef\u00edcios, \u00e9 necess\u00e1rio aderir ao programa at\u00e9 a pr\u00f3xima quinta-feira (30). O desconto &hellip; \u00daltima semana para o contribuinte que queira aderir o Refis em Tubar\u00e3o Read More &raquo;","og_url":"https:\/\/sulsc.com\/index.php\/2026\/04\/28\/ultima-semana-para-o-contribuinte-que-queira-aderir-o-refis-em-tubarao\/","article_author":"https:\/\/www.facebook.com\/profile.php?id=61559278119680","article_published_time":"2026-04-28T12:33:12+00:00","og_image":[{"width":901,"height":600,"url":"http:\/\/sulsc.com\/wp-content\/uploads\/2023\/11\/2-2.jpg","type":"image\/jpeg"}],"author":"Reda\u00e7\u00e3o Sul SC","twitter_card":"summary_large_image","twitter_creator":"@https:\/\/twitter.com\/PortalSulSC","twitter_misc":{"Written by":"Reda\u00e7\u00e3o Sul SC","Est. reading time":"2 minutes"},"schema":{"@context":"https:\/\/schema.org","@graph":[{"@type":"WebPage","@id":"https:\/\/sulsc.com\/index.php\/2026\/04\/28\/ultima-semana-para-o-contribuinte-que-queira-aderir-o-refis-em-tubarao\/","url":"https:\/\/sulsc.com\/index.php\/2026\/04\/28\/ultima-semana-para-o-contribuinte-que-queira-aderir-o-refis-em-tubarao\/","name":"\u00daltima semana para o contribuinte que queira aderir o Refis em Tubar\u00e3o -","isPartOf":{"@id":"https:\/\/sulsc.com\/#website"},"datePublished":"2026-04-28T12:33:12+00:00","dateModified":"2026-04-28T12:33:12+00:00","author":{"@id":"https:\/\/sulsc.com\/#\/schema\/person\/84d2fc571684f6248ba83092f07750a3"},"breadcrumb":{"@id":"https:\/\/sulsc.com\/index.php\/2026\/04\/28\/ultima-semana-para-o-contribuinte-que-queira-aderir-o-refis-em-tubarao\/#breadcrumb"},"inLanguage":"en-US","potentialAction":[{"@type":"ReadAction","target":["https:\/\/sulsc.com\/index.php\/2026\/04\/28\/ultima-semana-para-o-contribuinte-que-queira-aderir-o-refis-em-tubarao\/"]}]},{"@type":"BreadcrumbList","@id":"https:\/\/sulsc.com\/index.php\/2026\/04\/28\/ultima-semana-para-o-contribuinte-que-queira-aderir-o-refis-em-tubarao\/#breadcrumb","itemListElement":[{"@type":"ListItem","position":1,"name":"In\u00edcio","item":"https:\/\/sulsc.com\/"},{"@type":"ListItem","position":2,"name":"\u00daltima semana para o contribuinte que queira aderir o Refis em Tubar\u00e3o"}]},{"@type":"WebSite","@id":"https:\/\/sulsc.com\/#website","url":"https:\/\/sulsc.com\/","name":"","description":"","potentialAction":[{"@type":"SearchAction","target":{"@type":"EntryPoint","urlTemplate":"https:\/\/sulsc.com\/?s={search_term_string}"},"query-input":"required name=search_term_string"}],"inLanguage":"en-US"},{"@type":"Person","@id":"https:\/\/sulsc.com\/#\/schema\/person\/84d2fc571684f6248ba83092f07750a3","name":"Reda\u00e7\u00e3o Sul SC","image":{"@type":"ImageObject","inLanguage":"en-US","@id":"https:\/\/sulsc.com\/#\/schema\/person\/image\/e08d7fe2cc4ed596372063bbe852b8d0","url":"https:\/\/sulsc.com\/wp-content\/uploads\/2023\/09\/redacao.png","contentUrl":"https:\/\/sulsc.com\/wp-content\/uploads\/2023\/09\/redacao.png","caption":"Reda\u00e7\u00e3o Sul SC"},"description":"Foco em um jornalismo imparcial, voltado \u00e0 qualidade dos seus conte\u00fados e, assim, levar informa\u00e7\u00e3o de valor que agregue \u00e0 vida dos leitores. Esta \u00e9 grande miss\u00e3o do Portal de Not\u00edcias Sul SC. N\u00e3o \u00e9 quantidade que muda o mundo, sempre foi e seguir\u00e1 sendo qualidade!","sameAs":["https:\/\/sulsc.com\/","https:\/\/www.facebook.com\/profile.php?id=61559278119680","https:\/\/www.instagram.com\/sulscportal\/?hl=pt-br","https:\/\/twitter.com\/https:\/\/twitter.com\/PortalSulSC","https:\/\/www.youtube.com\/channel\/UCv_BE8GeySluDov2n8qhVmw"],"url":"https:\/\/sulsc.com\/index.php\/author\/redacao\/"}]}},"authors":[],"_links":{"self":[{"href":"https:\/\/sulsc.com\/index.php\/wp-json\/wp\/v2\/posts\/33650"}],"collection":[{"href":"https:\/\/sulsc.com\/index.php\/wp-json\/wp\/v2\/posts"}],"about":[{"href":"https:\/\/sulsc.com\/index.php\/wp-json\/wp\/v2\/types\/post"}],"author":[{"embeddable":true,"href":"https:\/\/sulsc.com\/index.php\/wp-json\/wp\/v2\/users\/3"}],"replies":[{"embeddable":true,"href":"https:\/\/sulsc.com\/index.php\/wp-json\/wp\/v2\/comments?post=33650"}],"version-history":[{"count":1,"href":"https:\/\/sulsc.com\/index.php\/wp-json\/wp\/v2\/posts\/33650\/revisions"}],"predecessor-version":[{"id":33651,"href":"https:\/\/sulsc.com\/index.php\/wp-json\/wp\/v2\/posts\/33650\/revisions\/33651"}],"wp:featuredmedia":[{"embeddable":true,"href":"https:\/\/sulsc.com\/index.php\/wp-json\/wp\/v2\/media\/4177"}],"wp:attachment":[{"href":"https:\/\/sulsc.com\/index.php\/wp-json\/wp\/v2\/media?parent=33650"}],"wp:term":[{"taxonomy":"category","embeddable":true,"href":"https:\/\/sulsc.com\/index.php\/wp-json\/wp\/v2\/categories?post=33650"},{"taxonomy":"post_tag","embeddable":true,"href":"https:\/\/sulsc.com\/index.php\/wp-json\/wp\/v2\/tags?post=33650"}],"curies":[{"name":"wp","href":"https:\/\/api.w.org\/{rel}","templated":true}]}}