{"id":33652,"date":"2026-04-28T10:20:52","date_gmt":"2026-04-28T13:20:52","guid":{"rendered":"https:\/\/sulsc.com\/?p=33652"},"modified":"2026-04-28T10:20:52","modified_gmt":"2026-04-28T13:20:52","slug":"ministerio-publico-2a-promotoria-de-justica-cria-materiais-informativos-para-reforcar-cumprimento-de-medidas-protetivas-em-tubarao","status":"publish","type":"post","link":"https:\/\/sulsc.com\/index.php\/2026\/04\/28\/ministerio-publico-2a-promotoria-de-justica-cria-materiais-informativos-para-reforcar-cumprimento-de-medidas-protetivas-em-tubarao\/","title":{"rendered":"Minist\u00e9rio P\u00fablico &#8211; 2\u00aa Promotoria de Justi\u00e7a cria materiais informativos para refor\u00e7ar cumprimento de medidas protetivas em Tubar\u00e3o"},"content":{"rendered":"<p>Com o objetivo de refor\u00e7ar o cumprimento das medidas protetivas de urg\u00eancia e esclarecer, de forma did\u00e1tica, as obriga\u00e7\u00f5es impostas pela Justi\u00e7a, a 2\u00aa Promotoria de Justi\u00e7a de Tubar\u00e3o desenvolveu um folder e um v\u00eddeo informativos denominados \u201cMedida protetiva \u00e9 para ser cumprida\u201d.<\/p>\n<p>A iniciativa surgiu a partir da atua\u00e7\u00e3o cotidiana da Promotoria de Justi\u00e7a, que identificou a necessidade de orientar de maneira mais clara e acess\u00edvel os investigados sobre os limites impostos pelas decis\u00f5es judiciais. Em muitos casos, segundo o \u00f3rg\u00e3o, os requeridos alegam desconhecimento das regras ou relativizam as medidas durante audi\u00eancias e no momento da intima\u00e7\u00e3o.<\/p>\n<div id=\"metaslider-id-25573\" style=\"width: 100%;\" class=\"ml-slider-3-99-0 metaslider metaslider-flex metaslider-25573 ml-slider has-onhover-arrows ms-theme-default-base has-dots-nav\" role=\"region\" aria-label=\"Meio\" data-width=\"1200\">\n    <div id=\"metaslider_container_25573\">\n        <div id=\"metaslider_25573\">\n            <ul class='slides'>\n                <li style=\"display: block; width: 100%;\" class=\"slide-25684 ms-image \" aria-roledescription=\"slide\" data-date=\"2025-07-24 07:55:40\"><img src=\"https:\/\/sulsc.com\/wp-content\/uploads\/2025\/07\/Marr-2-1000x166.jpg\" height=\"200\" width=\"1200\" alt=\"\" class=\"slider-25573 slide-25684 msDefaultImage\" title=\"Marr 2\" \/><\/li>\n                <li style=\"display: none; width: 100%;\" class=\"slide-32412 ms-image \" aria-roledescription=\"slide\" data-date=\"2026-02-18 13:59:46\"><img src=\"https:\/\/sulsc.com\/wp-content\/uploads\/2026\/02\/40dc1580-cad5-4867-bc58-c4243821ad38-1000x166.jpeg\" height=\"200\" width=\"1200\" alt=\"\" class=\"slider-25573 slide-32412 msDefaultImage\" title=\"40dc1580-cad5-4867-bc58-c4243821ad38\" \/><\/li>\n                <li style=\"display: none; width: 100%;\" class=\"slide-32766 ms-image \" aria-roledescription=\"slide\" data-date=\"2026-03-03 17:22:59\"><img src=\"https:\/\/sulsc.com\/wp-content\/uploads\/2026\/03\/271ce739-f268-41c5-8051-3de1a1750359-1000x166.jpeg\" height=\"200\" width=\"1200\" alt=\"\" class=\"slider-25573 slide-32766 msDefaultImage\" title=\"271ce739-f268-41c5-8051-3de1a1750359\" \/><\/li>\n            <\/ul>\n        <\/div>\n        \n    <\/div>\n<\/div>\n<p>A medida protetiva de urg\u00eancia \u00e9 uma decis\u00e3o judicial concedida de forma r\u00e1pida para proteger uma pessoa em situa\u00e7\u00e3o de risco, geralmente v\u00edtima de viol\u00eancia dom\u00e9stica ou familiar. <strong>Prevista na Lei Maria da Penha,<\/strong> esse tipo de medida tem como objetivo garantir a seguran\u00e7a da v\u00edtima, podendo incluir determina\u00e7\u00f5es como o afastamento do agressor do lar, a proibi\u00e7\u00e3o de contato ou aproxima\u00e7\u00e3o e outras restri\u00e7\u00f5es necess\u00e1rias para evitar novas agress\u00f5es.<\/p>\n<p>A proposta \u00e9 que os materiais sejam entregues ou enviados aos agressores no momento em que s\u00e3o intimados das medidas protetivas, a\u00e7\u00e3o que est\u00e1 sendo articulada com o Ju\u00edzo da comarca. Eles tamb\u00e9m ser\u00e3o utilizados em audi\u00eancias e em outras atividades de conscientiza\u00e7\u00e3o e do dia a dia das Promotorias de Justi\u00e7a.<\/p>\n<p><strong>\u201c<\/strong>Percebemos, na atua\u00e7\u00e3o di\u00e1ria, que muitos investigados alegam desconhecimento ou n\u00e3o compreendem plenamente o alcance das medidas protetivas. Esse material foi pensado justamente para refor\u00e7ar que se trata de uma ordem judicial que deve ser rigorosamente cumprida. Nosso objetivo \u00e9 prevenir o descumprimento, protegendo as v\u00edtimas. Com os materiais prontos, n\u00f3s da 2\u00aa Promotoria de Justi\u00e7a e do N\u00facleo de Enfrentamento a Viol\u00eancias e Apoio \u00e0s V\u00edtimas (NEAVIT) passaremos a buscar entidades parcerias para uma ampla divulga\u00e7\u00e3o da campanha em toda cidade de Tubar\u00e3o<strong>\u201d, destacou o Promotor de Justi\u00e7a Fred Anderson Vicente.<\/strong><\/p>\n<p><strong>O Promotor de Justi\u00e7a \u00e9 tamb\u00e9m Coordenador no NEAVIT de Tubar\u00e3o,<\/strong> que \u00e9 voltado ao atendimento de pessoas v\u00edtimas de viol\u00eancias. O n\u00facleo acolhe aqueles que sofreram viol\u00eancia dom\u00e9stica, crimes sexuais, racismo, intoler\u00e2ncia religiosa, viol\u00eancia no esporte e outras formas de ataque que envolvam grave amea\u00e7a ou viola\u00e7\u00e3o de direitos.<\/p>\n<p><strong>Informa\u00e7\u00e3o clara para evitar o descumprimento<\/strong><\/p>\n<p>Os materiais re\u00fanem orienta\u00e7\u00f5es objetivas sobre o que configura o descumprimento das medidas protetivas, como a proibi\u00e7\u00e3o de se aproximar da v\u00edtima, manter contato por mensagens, redes sociais ou por interm\u00e9dio de terceiros, al\u00e9m de esclarecer que a simples aproxima\u00e7\u00e3o ou tentativa de contato j\u00e1 caracteriza viola\u00e7\u00e3o da ordem judicial, mesmo sem ocorr\u00eancia de viol\u00eancia f\u00edsica.<\/p>\n<p>Eles tamb\u00e9m abordam d\u00favidas frequentes, como situa\u00e7\u00f5es em que a pr\u00f3pria v\u00edtima entra em contato com o agressor. Nesses casos, o material refor\u00e7a que a medida protetiva \u00e9 uma determina\u00e7\u00e3o judicial e n\u00e3o pode ser flexibilizada por iniciativa das partes. Outro ponto destacado \u00e9 a necessidade de buscar os meios legais adequados para tratar de quest\u00f5es familiares, como visitas aos filhos, sempre por meio da Defensoria P\u00fablica ou de advogado, evitando o descumprimento da decis\u00e3o judicial.<\/p>\n<p><img fetchpriority=\"high\" decoding=\"async\" class=\"aligncenter size-full wp-image-33653\" src=\"http:\/\/sulsc.com\/wp-content\/uploads\/2026\/04\/folder-1.png\" alt=\"\" width=\"898\" height=\"629\" srcset=\"https:\/\/sulsc.com\/wp-content\/uploads\/2026\/04\/folder-1.png 898w, https:\/\/sulsc.com\/wp-content\/uploads\/2026\/04\/folder-1-300x210.png 300w, https:\/\/sulsc.com\/wp-content\/uploads\/2026\/04\/folder-1-768x538.png 768w\" sizes=\"(max-width: 898px) 100vw, 898px\" \/><\/p>\n<p>Al\u00e9m das orienta\u00e7\u00f5es, o folder e o v\u00eddeo informam das poss\u00edveis consequ\u00eancias do descumprimento das medidas protetivas, como pris\u00e3o em flagrante, instaura\u00e7\u00e3o de novo processo criminal e at\u00e9 a imposi\u00e7\u00e3o de monitoramento eletr\u00f4nico. O material tamb\u00e9m incentiva a busca por ajuda e a participa\u00e7\u00e3o em grupos reflexivos para homens, como forma de promover a mudan\u00e7a de comportamento e a resolu\u00e7\u00e3o pac\u00edfica de conflitos.<\/p>\n<p>Com linguagem direta e acess\u00edvel, ambos refor\u00e7am que o cumprimento da medida protetiva \u00e9 essencial n\u00e3o apenas para evitar san\u00e7\u00f5es legais, mas tamb\u00e9m para preservar direitos, garantir a seguran\u00e7a da v\u00edtima e possibilitar a constru\u00e7\u00e3o de caminhos legais e respons\u00e1veis para a resolu\u00e7\u00e3o de conflitos.<\/p>\n<p><img decoding=\"async\" class=\"aligncenter size-full wp-image-33654\" src=\"http:\/\/sulsc.com\/wp-content\/uploads\/2026\/04\/folder-2.png\" alt=\"\" width=\"889\" height=\"627\" srcset=\"https:\/\/sulsc.com\/wp-content\/uploads\/2026\/04\/folder-2.png 889w, https:\/\/sulsc.com\/wp-content\/uploads\/2026\/04\/folder-2-300x212.png 300w, https:\/\/sulsc.com\/wp-content\/uploads\/2026\/04\/folder-2-768x542.png 768w\" sizes=\"(max-width: 889px) 100vw, 889px\" \/><\/p>\n<p>Imagens e Fonte\/MPSC\/Divulga\u00e7\u00e3o\/SulSC<\/p>\n","protected":false},"excerpt":{"rendered":"<p>Com o objetivo de refor\u00e7ar o cumprimento das medidas protetivas de urg\u00eancia e esclarecer, de forma did\u00e1tica, as obriga\u00e7\u00f5es impostas pela Justi\u00e7a, a 2\u00aa Promotoria de Justi\u00e7a de Tubar\u00e3o desenvolveu um folder e um v\u00eddeo informativos denominados \u201cMedida protetiva \u00e9 para ser cumprida\u201d. A iniciativa surgiu a partir da atua\u00e7\u00e3o cotidiana da Promotoria de Justi\u00e7a, &hellip;<\/p>\n<p class=\"read-more\"> <a class=\"\" href=\"https:\/\/sulsc.com\/index.php\/2026\/04\/28\/ministerio-publico-2a-promotoria-de-justica-cria-materiais-informativos-para-reforcar-cumprimento-de-medidas-protetivas-em-tubarao\/\"> <span class=\"screen-reader-text\">Minist\u00e9rio P\u00fablico &#8211; 2\u00aa Promotoria de Justi\u00e7a cria materiais informativos para refor\u00e7ar cumprimento de medidas protetivas em Tubar\u00e3o<\/span> Read More &raquo;<\/a><\/p>\n","protected":false},"author":3,"featured_media":33655,"comment_status":"open","ping_status":"open","sticky":false,"template":"","format":"standard","meta":{"site-sidebar-layout":"default","site-content-layout":"","ast-site-content-layout":"default","site-content-style":"default","site-sidebar-style":"default","ast-global-header-display":"","ast-banner-title-visibility":"","ast-main-header-display":"","ast-hfb-above-header-display":"","ast-hfb-below-header-display":"","ast-hfb-mobile-header-display":"","site-post-title":"","ast-breadcrumbs-content":"","ast-featured-img":"","footer-sml-layout":"","theme-transparent-header-meta":"default","adv-header-id-meta":"","stick-header-meta":"","header-above-stick-meta":"","header-main-stick-meta":"","header-below-stick-meta":"","astra-migrate-meta-layouts":"set","footnotes":""},"categories":[2231,2321,1,2313,14,8,21,12],"tags":[100],"yoast_head":"<!-- This site is optimized with the Yoast SEO plugin v21.4 - https:\/\/yoast.com\/wordpress\/plugins\/seo\/ -->\n<title>Minist\u00e9rio P\u00fablico - 2\u00aa Promotoria de Justi\u00e7a cria materiais informativos para refor\u00e7ar cumprimento de medidas protetivas em Tubar\u00e3o -<\/title>\n<meta name=\"robots\" content=\"index, follow, max-snippet:-1, max-image-preview:large, max-video-preview:-1\" \/>\n<link rel=\"canonical\" href=\"https:\/\/sulsc.com\/index.php\/2026\/04\/28\/ministerio-publico-2a-promotoria-de-justica-cria-materiais-informativos-para-reforcar-cumprimento-de-medidas-protetivas-em-tubarao\/\" \/>\n<meta property=\"og:locale\" content=\"en_US\" \/>\n<meta property=\"og:type\" content=\"article\" \/>\n<meta property=\"og:title\" content=\"Minist\u00e9rio P\u00fablico - 2\u00aa Promotoria de Justi\u00e7a cria materiais informativos para refor\u00e7ar cumprimento de medidas protetivas em Tubar\u00e3o -\" \/>\n<meta property=\"og:description\" content=\"Com o objetivo de refor\u00e7ar o cumprimento das medidas protetivas de urg\u00eancia e esclarecer, de forma did\u00e1tica, as obriga\u00e7\u00f5es impostas pela Justi\u00e7a, a 2\u00aa Promotoria de Justi\u00e7a de Tubar\u00e3o desenvolveu um folder e um v\u00eddeo informativos denominados \u201cMedida protetiva \u00e9 para ser cumprida\u201d. A iniciativa surgiu a partir da atua\u00e7\u00e3o cotidiana da Promotoria de Justi\u00e7a, &hellip; Minist\u00e9rio P\u00fablico &#8211; 2\u00aa Promotoria de Justi\u00e7a cria materiais informativos para refor\u00e7ar cumprimento de medidas protetivas em Tubar\u00e3o Read More &raquo;\" \/>\n<meta property=\"og:url\" content=\"https:\/\/sulsc.com\/index.php\/2026\/04\/28\/ministerio-publico-2a-promotoria-de-justica-cria-materiais-informativos-para-reforcar-cumprimento-de-medidas-protetivas-em-tubarao\/\" \/>\n<meta property=\"article:author\" content=\"https:\/\/www.facebook.com\/profile.php?id=61559278119680\" \/>\n<meta property=\"article:published_time\" content=\"2026-04-28T13:20:52+00:00\" \/>\n<meta property=\"og:image\" content=\"http:\/\/sulsc.com\/wp-content\/uploads\/2026\/04\/e27631cb-54d9-490c-b91b-b9c1b9a71568.jpg\" \/>\n\t<meta property=\"og:image:width\" content=\"679\" \/>\n\t<meta property=\"og:image:height\" content=\"452\" \/>\n\t<meta property=\"og:image:type\" content=\"image\/jpeg\" \/>\n<meta name=\"author\" content=\"Reda\u00e7\u00e3o Sul SC\" \/>\n<meta name=\"twitter:card\" content=\"summary_large_image\" \/>\n<meta name=\"twitter:creator\" content=\"@https:\/\/twitter.com\/PortalSulSC\" \/>\n<meta name=\"twitter:label1\" content=\"Written by\" \/>\n\t<meta name=\"twitter:data1\" content=\"Reda\u00e7\u00e3o Sul SC\" \/>\n\t<meta name=\"twitter:label2\" content=\"Est. reading time\" \/>\n\t<meta name=\"twitter:data2\" content=\"4 minutes\" \/>\n<script type=\"application\/ld+json\" class=\"yoast-schema-graph\">{\"@context\":\"https:\/\/schema.org\",\"@graph\":[{\"@type\":\"WebPage\",\"@id\":\"https:\/\/sulsc.com\/index.php\/2026\/04\/28\/ministerio-publico-2a-promotoria-de-justica-cria-materiais-informativos-para-reforcar-cumprimento-de-medidas-protetivas-em-tubarao\/\",\"url\":\"https:\/\/sulsc.com\/index.php\/2026\/04\/28\/ministerio-publico-2a-promotoria-de-justica-cria-materiais-informativos-para-reforcar-cumprimento-de-medidas-protetivas-em-tubarao\/\",\"name\":\"Minist\u00e9rio P\u00fablico - 2\u00aa Promotoria de Justi\u00e7a cria materiais informativos para refor\u00e7ar cumprimento de medidas protetivas em Tubar\u00e3o -\",\"isPartOf\":{\"@id\":\"https:\/\/sulsc.com\/#website\"},\"datePublished\":\"2026-04-28T13:20:52+00:00\",\"dateModified\":\"2026-04-28T13:20:52+00:00\",\"author\":{\"@id\":\"https:\/\/sulsc.com\/#\/schema\/person\/84d2fc571684f6248ba83092f07750a3\"},\"breadcrumb\":{\"@id\":\"https:\/\/sulsc.com\/index.php\/2026\/04\/28\/ministerio-publico-2a-promotoria-de-justica-cria-materiais-informativos-para-reforcar-cumprimento-de-medidas-protetivas-em-tubarao\/#breadcrumb\"},\"inLanguage\":\"en-US\",\"potentialAction\":[{\"@type\":\"ReadAction\",\"target\":[\"https:\/\/sulsc.com\/index.php\/2026\/04\/28\/ministerio-publico-2a-promotoria-de-justica-cria-materiais-informativos-para-reforcar-cumprimento-de-medidas-protetivas-em-tubarao\/\"]}]},{\"@type\":\"BreadcrumbList\",\"@id\":\"https:\/\/sulsc.com\/index.php\/2026\/04\/28\/ministerio-publico-2a-promotoria-de-justica-cria-materiais-informativos-para-reforcar-cumprimento-de-medidas-protetivas-em-tubarao\/#breadcrumb\",\"itemListElement\":[{\"@type\":\"ListItem\",\"position\":1,\"name\":\"In\u00edcio\",\"item\":\"https:\/\/sulsc.com\/\"},{\"@type\":\"ListItem\",\"position\":2,\"name\":\"Minist\u00e9rio P\u00fablico &#8211; 2\u00aa Promotoria de Justi\u00e7a cria materiais informativos para refor\u00e7ar cumprimento de medidas protetivas em Tubar\u00e3o\"}]},{\"@type\":\"WebSite\",\"@id\":\"https:\/\/sulsc.com\/#website\",\"url\":\"https:\/\/sulsc.com\/\",\"name\":\"\",\"description\":\"\",\"potentialAction\":[{\"@type\":\"SearchAction\",\"target\":{\"@type\":\"EntryPoint\",\"urlTemplate\":\"https:\/\/sulsc.com\/?s={search_term_string}\"},\"query-input\":\"required name=search_term_string\"}],\"inLanguage\":\"en-US\"},{\"@type\":\"Person\",\"@id\":\"https:\/\/sulsc.com\/#\/schema\/person\/84d2fc571684f6248ba83092f07750a3\",\"name\":\"Reda\u00e7\u00e3o Sul SC\",\"image\":{\"@type\":\"ImageObject\",\"inLanguage\":\"en-US\",\"@id\":\"https:\/\/sulsc.com\/#\/schema\/person\/image\/e08d7fe2cc4ed596372063bbe852b8d0\",\"url\":\"https:\/\/sulsc.com\/wp-content\/uploads\/2023\/09\/redacao.png\",\"contentUrl\":\"https:\/\/sulsc.com\/wp-content\/uploads\/2023\/09\/redacao.png\",\"caption\":\"Reda\u00e7\u00e3o Sul SC\"},\"description\":\"Foco em um jornalismo imparcial, voltado \u00e0 qualidade dos seus conte\u00fados e, assim, levar informa\u00e7\u00e3o de valor que agregue \u00e0 vida dos leitores. Esta \u00e9 grande miss\u00e3o do Portal de Not\u00edcias Sul SC. N\u00e3o \u00e9 quantidade que muda o mundo, sempre foi e seguir\u00e1 sendo qualidade!\",\"sameAs\":[\"https:\/\/sulsc.com\/\",\"https:\/\/www.facebook.com\/profile.php?id=61559278119680\",\"https:\/\/www.instagram.com\/sulscportal\/?hl=pt-br\",\"https:\/\/twitter.com\/https:\/\/twitter.com\/PortalSulSC\",\"https:\/\/www.youtube.com\/channel\/UCv_BE8GeySluDov2n8qhVmw\"],\"url\":\"https:\/\/sulsc.com\/index.php\/author\/redacao\/\"}]}<\/script>\n<!-- \/ Yoast SEO plugin. -->","yoast_head_json":{"title":"Minist\u00e9rio P\u00fablico - 2\u00aa Promotoria de Justi\u00e7a cria materiais informativos para refor\u00e7ar cumprimento de medidas protetivas em Tubar\u00e3o -","robots":{"index":"index","follow":"follow","max-snippet":"max-snippet:-1","max-image-preview":"max-image-preview:large","max-video-preview":"max-video-preview:-1"},"canonical":"https:\/\/sulsc.com\/index.php\/2026\/04\/28\/ministerio-publico-2a-promotoria-de-justica-cria-materiais-informativos-para-reforcar-cumprimento-de-medidas-protetivas-em-tubarao\/","og_locale":"en_US","og_type":"article","og_title":"Minist\u00e9rio P\u00fablico - 2\u00aa Promotoria de Justi\u00e7a cria materiais informativos para refor\u00e7ar cumprimento de medidas protetivas em Tubar\u00e3o -","og_description":"Com o objetivo de refor\u00e7ar o cumprimento das medidas protetivas de urg\u00eancia e esclarecer, de forma did\u00e1tica, as obriga\u00e7\u00f5es impostas pela Justi\u00e7a, a 2\u00aa Promotoria de Justi\u00e7a de Tubar\u00e3o desenvolveu um folder e um v\u00eddeo informativos denominados \u201cMedida protetiva \u00e9 para ser cumprida\u201d. A iniciativa surgiu a partir da atua\u00e7\u00e3o cotidiana da Promotoria de Justi\u00e7a, &hellip; Minist\u00e9rio P\u00fablico &#8211; 2\u00aa Promotoria de Justi\u00e7a cria materiais informativos para refor\u00e7ar cumprimento de medidas protetivas em Tubar\u00e3o Read More &raquo;","og_url":"https:\/\/sulsc.com\/index.php\/2026\/04\/28\/ministerio-publico-2a-promotoria-de-justica-cria-materiais-informativos-para-reforcar-cumprimento-de-medidas-protetivas-em-tubarao\/","article_author":"https:\/\/www.facebook.com\/profile.php?id=61559278119680","article_published_time":"2026-04-28T13:20:52+00:00","og_image":[{"width":679,"height":452,"url":"http:\/\/sulsc.com\/wp-content\/uploads\/2026\/04\/e27631cb-54d9-490c-b91b-b9c1b9a71568.jpg","type":"image\/jpeg"}],"author":"Reda\u00e7\u00e3o Sul SC","twitter_card":"summary_large_image","twitter_creator":"@https:\/\/twitter.com\/PortalSulSC","twitter_misc":{"Written by":"Reda\u00e7\u00e3o Sul SC","Est. reading time":"4 minutes"},"schema":{"@context":"https:\/\/schema.org","@graph":[{"@type":"WebPage","@id":"https:\/\/sulsc.com\/index.php\/2026\/04\/28\/ministerio-publico-2a-promotoria-de-justica-cria-materiais-informativos-para-reforcar-cumprimento-de-medidas-protetivas-em-tubarao\/","url":"https:\/\/sulsc.com\/index.php\/2026\/04\/28\/ministerio-publico-2a-promotoria-de-justica-cria-materiais-informativos-para-reforcar-cumprimento-de-medidas-protetivas-em-tubarao\/","name":"Minist\u00e9rio P\u00fablico - 2\u00aa Promotoria de Justi\u00e7a cria materiais informativos para refor\u00e7ar cumprimento de medidas protetivas em Tubar\u00e3o -","isPartOf":{"@id":"https:\/\/sulsc.com\/#website"},"datePublished":"2026-04-28T13:20:52+00:00","dateModified":"2026-04-28T13:20:52+00:00","author":{"@id":"https:\/\/sulsc.com\/#\/schema\/person\/84d2fc571684f6248ba83092f07750a3"},"breadcrumb":{"@id":"https:\/\/sulsc.com\/index.php\/2026\/04\/28\/ministerio-publico-2a-promotoria-de-justica-cria-materiais-informativos-para-reforcar-cumprimento-de-medidas-protetivas-em-tubarao\/#breadcrumb"},"inLanguage":"en-US","potentialAction":[{"@type":"ReadAction","target":["https:\/\/sulsc.com\/index.php\/2026\/04\/28\/ministerio-publico-2a-promotoria-de-justica-cria-materiais-informativos-para-reforcar-cumprimento-de-medidas-protetivas-em-tubarao\/"]}]},{"@type":"BreadcrumbList","@id":"https:\/\/sulsc.com\/index.php\/2026\/04\/28\/ministerio-publico-2a-promotoria-de-justica-cria-materiais-informativos-para-reforcar-cumprimento-de-medidas-protetivas-em-tubarao\/#breadcrumb","itemListElement":[{"@type":"ListItem","position":1,"name":"In\u00edcio","item":"https:\/\/sulsc.com\/"},{"@type":"ListItem","position":2,"name":"Minist\u00e9rio P\u00fablico &#8211; 2\u00aa Promotoria de Justi\u00e7a cria materiais informativos para refor\u00e7ar cumprimento de medidas protetivas em Tubar\u00e3o"}]},{"@type":"WebSite","@id":"https:\/\/sulsc.com\/#website","url":"https:\/\/sulsc.com\/","name":"","description":"","potentialAction":[{"@type":"SearchAction","target":{"@type":"EntryPoint","urlTemplate":"https:\/\/sulsc.com\/?s={search_term_string}"},"query-input":"required name=search_term_string"}],"inLanguage":"en-US"},{"@type":"Person","@id":"https:\/\/sulsc.com\/#\/schema\/person\/84d2fc571684f6248ba83092f07750a3","name":"Reda\u00e7\u00e3o Sul SC","image":{"@type":"ImageObject","inLanguage":"en-US","@id":"https:\/\/sulsc.com\/#\/schema\/person\/image\/e08d7fe2cc4ed596372063bbe852b8d0","url":"https:\/\/sulsc.com\/wp-content\/uploads\/2023\/09\/redacao.png","contentUrl":"https:\/\/sulsc.com\/wp-content\/uploads\/2023\/09\/redacao.png","caption":"Reda\u00e7\u00e3o Sul SC"},"description":"Foco em um jornalismo imparcial, voltado \u00e0 qualidade dos seus conte\u00fados e, assim, levar informa\u00e7\u00e3o de valor que agregue \u00e0 vida dos leitores. Esta \u00e9 grande miss\u00e3o do Portal de Not\u00edcias Sul SC. N\u00e3o \u00e9 quantidade que muda o mundo, sempre foi e seguir\u00e1 sendo qualidade!","sameAs":["https:\/\/sulsc.com\/","https:\/\/www.facebook.com\/profile.php?id=61559278119680","https:\/\/www.instagram.com\/sulscportal\/?hl=pt-br","https:\/\/twitter.com\/https:\/\/twitter.com\/PortalSulSC","https:\/\/www.youtube.com\/channel\/UCv_BE8GeySluDov2n8qhVmw"],"url":"https:\/\/sulsc.com\/index.php\/author\/redacao\/"}]}},"authors":[],"_links":{"self":[{"href":"https:\/\/sulsc.com\/index.php\/wp-json\/wp\/v2\/posts\/33652"}],"collection":[{"href":"https:\/\/sulsc.com\/index.php\/wp-json\/wp\/v2\/posts"}],"about":[{"href":"https:\/\/sulsc.com\/index.php\/wp-json\/wp\/v2\/types\/post"}],"author":[{"embeddable":true,"href":"https:\/\/sulsc.com\/index.php\/wp-json\/wp\/v2\/users\/3"}],"replies":[{"embeddable":true,"href":"https:\/\/sulsc.com\/index.php\/wp-json\/wp\/v2\/comments?post=33652"}],"version-history":[{"count":1,"href":"https:\/\/sulsc.com\/index.php\/wp-json\/wp\/v2\/posts\/33652\/revisions"}],"predecessor-version":[{"id":33656,"href":"https:\/\/sulsc.com\/index.php\/wp-json\/wp\/v2\/posts\/33652\/revisions\/33656"}],"wp:featuredmedia":[{"embeddable":true,"href":"https:\/\/sulsc.com\/index.php\/wp-json\/wp\/v2\/media\/33655"}],"wp:attachment":[{"href":"https:\/\/sulsc.com\/index.php\/wp-json\/wp\/v2\/media?parent=33652"}],"wp:term":[{"taxonomy":"category","embeddable":true,"href":"https:\/\/sulsc.com\/index.php\/wp-json\/wp\/v2\/categories?post=33652"},{"taxonomy":"post_tag","embeddable":true,"href":"https:\/\/sulsc.com\/index.php\/wp-json\/wp\/v2\/tags?post=33652"}],"curies":[{"name":"wp","href":"https:\/\/api.w.org\/{rel}","templated":true}]}}