{"id":33672,"date":"2026-04-29T19:17:37","date_gmt":"2026-04-29T22:17:37","guid":{"rendered":"https:\/\/sulsc.com\/?p=33672"},"modified":"2026-04-29T19:21:26","modified_gmt":"2026-04-29T22:21:26","slug":"colisao-entre-dois-carros-deixa-tres-feridos-na-sc-370-em-gravatal-no-inicio-da-tarde-desta-quarta-feira","status":"publish","type":"post","link":"https:\/\/sulsc.com\/index.php\/2026\/04\/29\/colisao-entre-dois-carros-deixa-tres-feridos-na-sc-370-em-gravatal-no-inicio-da-tarde-desta-quarta-feira\/","title":{"rendered":"Colis\u00e3o entre dois carros deixa tr\u00eas feridos na SC-370, em Gravatal no inicio da tarde desta quarta-feira"},"content":{"rendered":"<p><span dir=\"auto\" style=\"vertical-align: inherit;\"><span dir=\"auto\" style=\"vertical-align: inherit;\">Tr\u00eas pessoas reclamaram ap\u00f3s uma investiga\u00e7\u00e3o entre um Toyota Corolla e um Chevrolet Prisma na tarde desta quarta-feira (29), em Gravatal. O acidente aconteceu por volta das 13h, na Rodovia Estadual SC-370, na altura do bairro Termas.<\/span><\/span><\/p>\n<div id=\"metaslider-id-25573\" style=\"width: 100%;\" class=\"ml-slider-3-99-0 metaslider metaslider-flex metaslider-25573 ml-slider has-onhover-arrows ms-theme-default-base has-dots-nav\" role=\"region\" aria-label=\"Meio\" data-width=\"1200\">\n    <div id=\"metaslider_container_25573\">\n        <div id=\"metaslider_25573\">\n            <ul class='slides'>\n                <li style=\"display: block; width: 100%;\" class=\"slide-25684 ms-image \" aria-roledescription=\"slide\" data-date=\"2025-07-24 07:55:40\"><img src=\"https:\/\/sulsc.com\/wp-content\/uploads\/2025\/07\/Marr-2-1000x166.jpg\" height=\"200\" width=\"1200\" alt=\"\" class=\"slider-25573 slide-25684 msDefaultImage\" title=\"Marr 2\" \/><\/li>\n                <li style=\"display: none; width: 100%;\" class=\"slide-32412 ms-image \" aria-roledescription=\"slide\" data-date=\"2026-02-18 13:59:46\"><img src=\"https:\/\/sulsc.com\/wp-content\/uploads\/2026\/02\/40dc1580-cad5-4867-bc58-c4243821ad38-1000x166.jpeg\" height=\"200\" width=\"1200\" alt=\"\" class=\"slider-25573 slide-32412 msDefaultImage\" title=\"40dc1580-cad5-4867-bc58-c4243821ad38\" \/><\/li>\n                <li style=\"display: none; width: 100%;\" class=\"slide-32766 ms-image \" aria-roledescription=\"slide\" data-date=\"2026-03-03 17:22:59\"><img src=\"https:\/\/sulsc.com\/wp-content\/uploads\/2026\/03\/271ce739-f268-41c5-8051-3de1a1750359-1000x166.jpeg\" height=\"200\" width=\"1200\" alt=\"\" class=\"slider-25573 slide-32766 msDefaultImage\" title=\"271ce739-f268-41c5-8051-3de1a1750359\" \/><\/li>\n            <\/ul>\n        <\/div>\n        \n    <\/div>\n<\/div>\n<p><span dir=\"auto\" style=\"vertical-align: inherit;\"><span dir=\"auto\" style=\"vertical-align: inherit;\">Ao chegarem ao local, as equipes de resgate resgataram as v\u00edtimas j\u00e1 fora dos ve\u00edculos, que permaneceram sobre as quatro rodas. A \u00e1rea foi isolada e sinalizada para garantir a seguran\u00e7a dos envolvidos, permitir o controle do tr\u00e1fego e evitar aglomera\u00e7\u00f5es.<\/span><\/span><\/p>\n<p><span dir=\"auto\" style=\"vertical-align: inherit;\"><span dir=\"auto\" style=\"vertical-align: inherit;\">O condutor do Corolla, um jovem de 20 anos, estava consciente e orientado, mas apresentava press\u00e3o arterial elevada e frequ\u00eancia card\u00edaca acelerada. Devido ao seu hist\u00f3rico de Doen\u00e7a de Addison e \u00e0s queixas de n\u00e1useas e dores cervicais, o jovem recebeu monitoramento intensivo, apresentando epis\u00f3dios de sobreviv\u00eancia durante o transporte ao hospital.<\/span><\/span><\/p>\n<p><span dir=\"auto\" style=\"vertical-align: inherit;\"><span dir=\"auto\" style=\"vertical-align: inherit;\">A motorista do Prisma, uma mulher de 70 anos, tamb\u00e9m estava consciente e com sinais espec\u00edficos. Ela queixava-se de dor cervical e, por possuir hist\u00f3rico de cardiopatia \u2014 incluindo um infarto anterior e a coloca\u00e7\u00e3o de stents h\u00e1 cerca de tr\u00eas anos \u2014, foi encaminhada para avalia\u00e7\u00e3o m\u00e9dica especializada.<\/span><\/span><\/p>\n<p>A terceira v\u00edtima, era passageira do Chevrolet Prisma, e n\u00e3o foi identificada pela guarni\u00e7\u00e3o no local, tendo sido atendida pela equipe do SAMU e conduzida ao Hospital de Bra\u00e7o do Norte.<\/p>\n<p><img fetchpriority=\"high\" decoding=\"async\" class=\"aligncenter size-full wp-image-33673\" src=\"http:\/\/sulsc.com\/wp-content\/uploads\/2026\/04\/a7f87cbb-a926-41a1-8364-1ba0a7c61c30.jpg\" alt=\"\" width=\"1600\" height=\"1200\" srcset=\"https:\/\/sulsc.com\/wp-content\/uploads\/2026\/04\/a7f87cbb-a926-41a1-8364-1ba0a7c61c30.jpg 1600w, https:\/\/sulsc.com\/wp-content\/uploads\/2026\/04\/a7f87cbb-a926-41a1-8364-1ba0a7c61c30-300x225.jpg 300w, https:\/\/sulsc.com\/wp-content\/uploads\/2026\/04\/a7f87cbb-a926-41a1-8364-1ba0a7c61c30-1024x768.jpg 1024w, https:\/\/sulsc.com\/wp-content\/uploads\/2026\/04\/a7f87cbb-a926-41a1-8364-1ba0a7c61c30-768x576.jpg 768w, https:\/\/sulsc.com\/wp-content\/uploads\/2026\/04\/a7f87cbb-a926-41a1-8364-1ba0a7c61c30-1536x1152.jpg 1536w\" sizes=\"(max-width: 1600px) 100vw, 1600px\" \/><\/p>\n<p><span dir=\"auto\" style=\"vertical-align: inherit;\"><span dir=\"auto\" style=\"vertical-align: inherit;\">Foto\/8\u00b0BBM\/Divulga\u00e7\u00e3o\/SulSC<\/span><\/span><\/p>\n","protected":false},"excerpt":{"rendered":"<p>Tr\u00eas pessoas reclamaram ap\u00f3s uma investiga\u00e7\u00e3o entre um Toyota Corolla e um Chevrolet Prisma na tarde desta quarta-feira (29), em Gravatal. O acidente aconteceu por volta das 13h, na Rodovia Estadual SC-370, na altura do bairro Termas. Ao chegarem ao local, as equipes de resgate resgataram as v\u00edtimas j\u00e1 fora dos ve\u00edculos, que permaneceram sobre &hellip;<\/p>\n<p class=\"read-more\"> <a class=\"\" href=\"https:\/\/sulsc.com\/index.php\/2026\/04\/29\/colisao-entre-dois-carros-deixa-tres-feridos-na-sc-370-em-gravatal-no-inicio-da-tarde-desta-quarta-feira\/\"> <span class=\"screen-reader-text\">Colis\u00e3o entre dois carros deixa tr\u00eas feridos na SC-370, em Gravatal no inicio da tarde desta quarta-feira<\/span> Read More &raquo;<\/a><\/p>\n","protected":false},"author":3,"featured_media":33674,"comment_status":"open","ping_status":"open","sticky":false,"template":"","format":"standard","meta":{"site-sidebar-layout":"default","site-content-layout":"","ast-site-content-layout":"default","site-content-style":"default","site-sidebar-style":"default","ast-global-header-display":"","ast-banner-title-visibility":"","ast-main-header-display":"","ast-hfb-above-header-display":"","ast-hfb-below-header-display":"","ast-hfb-mobile-header-display":"","site-post-title":"","ast-breadcrumbs-content":"","ast-featured-img":"","footer-sml-layout":"","theme-transparent-header-meta":"default","adv-header-id-meta":"","stick-header-meta":"","header-above-stick-meta":"","header-main-stick-meta":"","header-below-stick-meta":"","astra-migrate-meta-layouts":"set","footnotes":""},"categories":[2231,1,2779,14,8,12],"tags":[224],"yoast_head":"<!-- This site is optimized with the Yoast SEO plugin v21.4 - https:\/\/yoast.com\/wordpress\/plugins\/seo\/ -->\n<title>Colis\u00e3o entre dois carros deixa tr\u00eas feridos na SC-370, em Gravatal no inicio da tarde desta quarta-feira -<\/title>\n<meta name=\"robots\" content=\"index, follow, max-snippet:-1, max-image-preview:large, max-video-preview:-1\" \/>\n<link rel=\"canonical\" href=\"https:\/\/sulsc.com\/index.php\/2026\/04\/29\/colisao-entre-dois-carros-deixa-tres-feridos-na-sc-370-em-gravatal-no-inicio-da-tarde-desta-quarta-feira\/\" \/>\n<meta property=\"og:locale\" content=\"en_US\" \/>\n<meta property=\"og:type\" content=\"article\" \/>\n<meta property=\"og:title\" content=\"Colis\u00e3o entre dois carros deixa tr\u00eas feridos na SC-370, em Gravatal no inicio da tarde desta quarta-feira -\" \/>\n<meta property=\"og:description\" content=\"Tr\u00eas pessoas reclamaram ap\u00f3s uma investiga\u00e7\u00e3o entre um Toyota Corolla e um Chevrolet Prisma na tarde desta quarta-feira (29), em Gravatal. O acidente aconteceu por volta das 13h, na Rodovia Estadual SC-370, na altura do bairro Termas. Ao chegarem ao local, as equipes de resgate resgataram as v\u00edtimas j\u00e1 fora dos ve\u00edculos, que permaneceram sobre &hellip; Colis\u00e3o entre dois carros deixa tr\u00eas feridos na SC-370, em Gravatal no inicio da tarde desta quarta-feira Read More &raquo;\" \/>\n<meta property=\"og:url\" content=\"https:\/\/sulsc.com\/index.php\/2026\/04\/29\/colisao-entre-dois-carros-deixa-tres-feridos-na-sc-370-em-gravatal-no-inicio-da-tarde-desta-quarta-feira\/\" \/>\n<meta property=\"article:author\" content=\"https:\/\/www.facebook.com\/profile.php?id=61559278119680\" \/>\n<meta property=\"article:published_time\" content=\"2026-04-29T22:17:37+00:00\" \/>\n<meta property=\"article:modified_time\" content=\"2026-04-29T22:21:26+00:00\" \/>\n<meta property=\"og:image\" content=\"http:\/\/sulsc.com\/wp-content\/uploads\/2026\/04\/a2077ffd-cd7f-4d3f-81af-ddfcb1bcce17.jpg\" \/>\n\t<meta property=\"og:image:width\" content=\"1600\" \/>\n\t<meta property=\"og:image:height\" content=\"1200\" \/>\n\t<meta property=\"og:image:type\" content=\"image\/jpeg\" \/>\n<meta name=\"author\" content=\"Reda\u00e7\u00e3o Sul SC\" \/>\n<meta name=\"twitter:card\" content=\"summary_large_image\" \/>\n<meta name=\"twitter:creator\" content=\"@https:\/\/twitter.com\/PortalSulSC\" \/>\n<meta name=\"twitter:label1\" content=\"Written by\" \/>\n\t<meta name=\"twitter:data1\" content=\"Reda\u00e7\u00e3o Sul SC\" \/>\n\t<meta name=\"twitter:label2\" content=\"Est. reading time\" \/>\n\t<meta name=\"twitter:data2\" content=\"2 minutes\" \/>\n<script type=\"application\/ld+json\" class=\"yoast-schema-graph\">{\"@context\":\"https:\/\/schema.org\",\"@graph\":[{\"@type\":\"WebPage\",\"@id\":\"https:\/\/sulsc.com\/index.php\/2026\/04\/29\/colisao-entre-dois-carros-deixa-tres-feridos-na-sc-370-em-gravatal-no-inicio-da-tarde-desta-quarta-feira\/\",\"url\":\"https:\/\/sulsc.com\/index.php\/2026\/04\/29\/colisao-entre-dois-carros-deixa-tres-feridos-na-sc-370-em-gravatal-no-inicio-da-tarde-desta-quarta-feira\/\",\"name\":\"Colis\u00e3o entre dois carros deixa tr\u00eas feridos na SC-370, em Gravatal no inicio da tarde desta quarta-feira -\",\"isPartOf\":{\"@id\":\"https:\/\/sulsc.com\/#website\"},\"datePublished\":\"2026-04-29T22:17:37+00:00\",\"dateModified\":\"2026-04-29T22:21:26+00:00\",\"author\":{\"@id\":\"https:\/\/sulsc.com\/#\/schema\/person\/84d2fc571684f6248ba83092f07750a3\"},\"breadcrumb\":{\"@id\":\"https:\/\/sulsc.com\/index.php\/2026\/04\/29\/colisao-entre-dois-carros-deixa-tres-feridos-na-sc-370-em-gravatal-no-inicio-da-tarde-desta-quarta-feira\/#breadcrumb\"},\"inLanguage\":\"en-US\",\"potentialAction\":[{\"@type\":\"ReadAction\",\"target\":[\"https:\/\/sulsc.com\/index.php\/2026\/04\/29\/colisao-entre-dois-carros-deixa-tres-feridos-na-sc-370-em-gravatal-no-inicio-da-tarde-desta-quarta-feira\/\"]}]},{\"@type\":\"BreadcrumbList\",\"@id\":\"https:\/\/sulsc.com\/index.php\/2026\/04\/29\/colisao-entre-dois-carros-deixa-tres-feridos-na-sc-370-em-gravatal-no-inicio-da-tarde-desta-quarta-feira\/#breadcrumb\",\"itemListElement\":[{\"@type\":\"ListItem\",\"position\":1,\"name\":\"In\u00edcio\",\"item\":\"https:\/\/sulsc.com\/\"},{\"@type\":\"ListItem\",\"position\":2,\"name\":\"Colis\u00e3o entre dois carros deixa tr\u00eas feridos na SC-370, em Gravatal no inicio da tarde desta quarta-feira\"}]},{\"@type\":\"WebSite\",\"@id\":\"https:\/\/sulsc.com\/#website\",\"url\":\"https:\/\/sulsc.com\/\",\"name\":\"\",\"description\":\"\",\"potentialAction\":[{\"@type\":\"SearchAction\",\"target\":{\"@type\":\"EntryPoint\",\"urlTemplate\":\"https:\/\/sulsc.com\/?s={search_term_string}\"},\"query-input\":\"required name=search_term_string\"}],\"inLanguage\":\"en-US\"},{\"@type\":\"Person\",\"@id\":\"https:\/\/sulsc.com\/#\/schema\/person\/84d2fc571684f6248ba83092f07750a3\",\"name\":\"Reda\u00e7\u00e3o Sul SC\",\"image\":{\"@type\":\"ImageObject\",\"inLanguage\":\"en-US\",\"@id\":\"https:\/\/sulsc.com\/#\/schema\/person\/image\/e08d7fe2cc4ed596372063bbe852b8d0\",\"url\":\"https:\/\/sulsc.com\/wp-content\/uploads\/2023\/09\/redacao.png\",\"contentUrl\":\"https:\/\/sulsc.com\/wp-content\/uploads\/2023\/09\/redacao.png\",\"caption\":\"Reda\u00e7\u00e3o Sul SC\"},\"description\":\"Foco em um jornalismo imparcial, voltado \u00e0 qualidade dos seus conte\u00fados e, assim, levar informa\u00e7\u00e3o de valor que agregue \u00e0 vida dos leitores. Esta \u00e9 grande miss\u00e3o do Portal de Not\u00edcias Sul SC. N\u00e3o \u00e9 quantidade que muda o mundo, sempre foi e seguir\u00e1 sendo qualidade!\",\"sameAs\":[\"https:\/\/sulsc.com\/\",\"https:\/\/www.facebook.com\/profile.php?id=61559278119680\",\"https:\/\/www.instagram.com\/sulscportal\/?hl=pt-br\",\"https:\/\/twitter.com\/https:\/\/twitter.com\/PortalSulSC\",\"https:\/\/www.youtube.com\/channel\/UCv_BE8GeySluDov2n8qhVmw\"],\"url\":\"https:\/\/sulsc.com\/index.php\/author\/redacao\/\"}]}<\/script>\n<!-- \/ Yoast SEO plugin. -->","yoast_head_json":{"title":"Colis\u00e3o entre dois carros deixa tr\u00eas feridos na SC-370, em Gravatal no inicio da tarde desta quarta-feira -","robots":{"index":"index","follow":"follow","max-snippet":"max-snippet:-1","max-image-preview":"max-image-preview:large","max-video-preview":"max-video-preview:-1"},"canonical":"https:\/\/sulsc.com\/index.php\/2026\/04\/29\/colisao-entre-dois-carros-deixa-tres-feridos-na-sc-370-em-gravatal-no-inicio-da-tarde-desta-quarta-feira\/","og_locale":"en_US","og_type":"article","og_title":"Colis\u00e3o entre dois carros deixa tr\u00eas feridos na SC-370, em Gravatal no inicio da tarde desta quarta-feira -","og_description":"Tr\u00eas pessoas reclamaram ap\u00f3s uma investiga\u00e7\u00e3o entre um Toyota Corolla e um Chevrolet Prisma na tarde desta quarta-feira (29), em Gravatal. O acidente aconteceu por volta das 13h, na Rodovia Estadual SC-370, na altura do bairro Termas. Ao chegarem ao local, as equipes de resgate resgataram as v\u00edtimas j\u00e1 fora dos ve\u00edculos, que permaneceram sobre &hellip; Colis\u00e3o entre dois carros deixa tr\u00eas feridos na SC-370, em Gravatal no inicio da tarde desta quarta-feira Read More &raquo;","og_url":"https:\/\/sulsc.com\/index.php\/2026\/04\/29\/colisao-entre-dois-carros-deixa-tres-feridos-na-sc-370-em-gravatal-no-inicio-da-tarde-desta-quarta-feira\/","article_author":"https:\/\/www.facebook.com\/profile.php?id=61559278119680","article_published_time":"2026-04-29T22:17:37+00:00","article_modified_time":"2026-04-29T22:21:26+00:00","og_image":[{"width":1600,"height":1200,"url":"http:\/\/sulsc.com\/wp-content\/uploads\/2026\/04\/a2077ffd-cd7f-4d3f-81af-ddfcb1bcce17.jpg","type":"image\/jpeg"}],"author":"Reda\u00e7\u00e3o Sul SC","twitter_card":"summary_large_image","twitter_creator":"@https:\/\/twitter.com\/PortalSulSC","twitter_misc":{"Written by":"Reda\u00e7\u00e3o Sul SC","Est. reading time":"2 minutes"},"schema":{"@context":"https:\/\/schema.org","@graph":[{"@type":"WebPage","@id":"https:\/\/sulsc.com\/index.php\/2026\/04\/29\/colisao-entre-dois-carros-deixa-tres-feridos-na-sc-370-em-gravatal-no-inicio-da-tarde-desta-quarta-feira\/","url":"https:\/\/sulsc.com\/index.php\/2026\/04\/29\/colisao-entre-dois-carros-deixa-tres-feridos-na-sc-370-em-gravatal-no-inicio-da-tarde-desta-quarta-feira\/","name":"Colis\u00e3o entre dois carros deixa tr\u00eas feridos na SC-370, em Gravatal no inicio da tarde desta quarta-feira -","isPartOf":{"@id":"https:\/\/sulsc.com\/#website"},"datePublished":"2026-04-29T22:17:37+00:00","dateModified":"2026-04-29T22:21:26+00:00","author":{"@id":"https:\/\/sulsc.com\/#\/schema\/person\/84d2fc571684f6248ba83092f07750a3"},"breadcrumb":{"@id":"https:\/\/sulsc.com\/index.php\/2026\/04\/29\/colisao-entre-dois-carros-deixa-tres-feridos-na-sc-370-em-gravatal-no-inicio-da-tarde-desta-quarta-feira\/#breadcrumb"},"inLanguage":"en-US","potentialAction":[{"@type":"ReadAction","target":["https:\/\/sulsc.com\/index.php\/2026\/04\/29\/colisao-entre-dois-carros-deixa-tres-feridos-na-sc-370-em-gravatal-no-inicio-da-tarde-desta-quarta-feira\/"]}]},{"@type":"BreadcrumbList","@id":"https:\/\/sulsc.com\/index.php\/2026\/04\/29\/colisao-entre-dois-carros-deixa-tres-feridos-na-sc-370-em-gravatal-no-inicio-da-tarde-desta-quarta-feira\/#breadcrumb","itemListElement":[{"@type":"ListItem","position":1,"name":"In\u00edcio","item":"https:\/\/sulsc.com\/"},{"@type":"ListItem","position":2,"name":"Colis\u00e3o entre dois carros deixa tr\u00eas feridos na SC-370, em Gravatal no inicio da tarde desta quarta-feira"}]},{"@type":"WebSite","@id":"https:\/\/sulsc.com\/#website","url":"https:\/\/sulsc.com\/","name":"","description":"","potentialAction":[{"@type":"SearchAction","target":{"@type":"EntryPoint","urlTemplate":"https:\/\/sulsc.com\/?s={search_term_string}"},"query-input":"required name=search_term_string"}],"inLanguage":"en-US"},{"@type":"Person","@id":"https:\/\/sulsc.com\/#\/schema\/person\/84d2fc571684f6248ba83092f07750a3","name":"Reda\u00e7\u00e3o Sul SC","image":{"@type":"ImageObject","inLanguage":"en-US","@id":"https:\/\/sulsc.com\/#\/schema\/person\/image\/e08d7fe2cc4ed596372063bbe852b8d0","url":"https:\/\/sulsc.com\/wp-content\/uploads\/2023\/09\/redacao.png","contentUrl":"https:\/\/sulsc.com\/wp-content\/uploads\/2023\/09\/redacao.png","caption":"Reda\u00e7\u00e3o Sul SC"},"description":"Foco em um jornalismo imparcial, voltado \u00e0 qualidade dos seus conte\u00fados e, assim, levar informa\u00e7\u00e3o de valor que agregue \u00e0 vida dos leitores. Esta \u00e9 grande miss\u00e3o do Portal de Not\u00edcias Sul SC. N\u00e3o \u00e9 quantidade que muda o mundo, sempre foi e seguir\u00e1 sendo qualidade!","sameAs":["https:\/\/sulsc.com\/","https:\/\/www.facebook.com\/profile.php?id=61559278119680","https:\/\/www.instagram.com\/sulscportal\/?hl=pt-br","https:\/\/twitter.com\/https:\/\/twitter.com\/PortalSulSC","https:\/\/www.youtube.com\/channel\/UCv_BE8GeySluDov2n8qhVmw"],"url":"https:\/\/sulsc.com\/index.php\/author\/redacao\/"}]}},"authors":[],"_links":{"self":[{"href":"https:\/\/sulsc.com\/index.php\/wp-json\/wp\/v2\/posts\/33672"}],"collection":[{"href":"https:\/\/sulsc.com\/index.php\/wp-json\/wp\/v2\/posts"}],"about":[{"href":"https:\/\/sulsc.com\/index.php\/wp-json\/wp\/v2\/types\/post"}],"author":[{"embeddable":true,"href":"https:\/\/sulsc.com\/index.php\/wp-json\/wp\/v2\/users\/3"}],"replies":[{"embeddable":true,"href":"https:\/\/sulsc.com\/index.php\/wp-json\/wp\/v2\/comments?post=33672"}],"version-history":[{"count":3,"href":"https:\/\/sulsc.com\/index.php\/wp-json\/wp\/v2\/posts\/33672\/revisions"}],"predecessor-version":[{"id":33677,"href":"https:\/\/sulsc.com\/index.php\/wp-json\/wp\/v2\/posts\/33672\/revisions\/33677"}],"wp:featuredmedia":[{"embeddable":true,"href":"https:\/\/sulsc.com\/index.php\/wp-json\/wp\/v2\/media\/33674"}],"wp:attachment":[{"href":"https:\/\/sulsc.com\/index.php\/wp-json\/wp\/v2\/media?parent=33672"}],"wp:term":[{"taxonomy":"category","embeddable":true,"href":"https:\/\/sulsc.com\/index.php\/wp-json\/wp\/v2\/categories?post=33672"},{"taxonomy":"post_tag","embeddable":true,"href":"https:\/\/sulsc.com\/index.php\/wp-json\/wp\/v2\/tags?post=33672"}],"curies":[{"name":"wp","href":"https:\/\/api.w.org\/{rel}","templated":true}]}}