{"id":33682,"date":"2026-05-01T09:36:51","date_gmt":"2026-05-01T12:36:51","guid":{"rendered":"https:\/\/sulsc.com\/?p=33682"},"modified":"2026-05-01T09:39:27","modified_gmt":"2026-05-01T12:39:27","slug":"1-de-maio-dia-do-trabalhador-om-sol-e-calor-em-sc","status":"publish","type":"post","link":"https:\/\/sulsc.com\/index.php\/2026\/05\/01\/1-de-maio-dia-do-trabalhador-om-sol-e-calor-em-sc\/","title":{"rendered":"1\u00b0 de maio dia do trabalhador com sol e calor em SC"},"content":{"rendered":"<p><span dir=\"auto\" style=\"vertical-align: inherit;\"><span dir=\"auto\" style=\"vertical-align: inherit;\"><span dir=\"auto\" style=\"vertical-align: inherit;\"><span dir=\"auto\" style=\"vertical-align: inherit;\">Sexta-feira (01), de presen\u00e7a de sol entre nuvens em boa parte do dia em todas as regi\u00f5es catarinenses. A partir do final da tarde o calor combinado a forma\u00e7\u00e3o de uma frente fria no RS, favorecendo a ocorr\u00eancia de pancadas de chuva e isolados temporariamente nas \u00e1reas que fazem divisa com o estado ga\u00facho.<\/span><\/span><\/span><\/span><\/p>\n<div id=\"metaslider-id-25573\" style=\"width: 100%;\" class=\"ml-slider-3-99-0 metaslider metaslider-flex metaslider-25573 ml-slider has-onhover-arrows ms-theme-default-base has-dots-nav\" role=\"region\" aria-label=\"Meio\" data-width=\"1200\">\n    <div id=\"metaslider_container_25573\">\n        <div id=\"metaslider_25573\">\n            <ul class='slides'>\n                <li style=\"display: block; width: 100%;\" class=\"slide-25684 ms-image \" aria-roledescription=\"slide\" data-date=\"2025-07-24 07:55:40\"><img src=\"https:\/\/sulsc.com\/wp-content\/uploads\/2025\/07\/Marr-2-1000x166.jpg\" height=\"200\" width=\"1200\" alt=\"\" class=\"slider-25573 slide-25684 msDefaultImage\" title=\"Marr 2\" \/><\/li>\n                <li style=\"display: none; width: 100%;\" class=\"slide-32412 ms-image \" aria-roledescription=\"slide\" data-date=\"2026-02-18 13:59:46\"><img src=\"https:\/\/sulsc.com\/wp-content\/uploads\/2026\/02\/40dc1580-cad5-4867-bc58-c4243821ad38-1000x166.jpeg\" height=\"200\" width=\"1200\" alt=\"\" class=\"slider-25573 slide-32412 msDefaultImage\" title=\"40dc1580-cad5-4867-bc58-c4243821ad38\" \/><\/li>\n                <li style=\"display: none; width: 100%;\" class=\"slide-32766 ms-image \" aria-roledescription=\"slide\" data-date=\"2026-03-03 17:22:59\"><img src=\"https:\/\/sulsc.com\/wp-content\/uploads\/2026\/03\/271ce739-f268-41c5-8051-3de1a1750359-1000x166.jpeg\" height=\"200\" width=\"1200\" alt=\"\" class=\"slider-25573 slide-32766 msDefaultImage\" title=\"271ce739-f268-41c5-8051-3de1a1750359\" \/><\/li>\n            <\/ul>\n        <\/div>\n        \n    <\/div>\n<\/div>\n<p><span dir=\"auto\" style=\"vertical-align: inherit;\"><span dir=\"auto\" style=\"vertical-align: inherit;\"><span dir=\"auto\" style=\"vertical-align: inherit;\"><span dir=\"auto\" style=\"vertical-align: inherit;\">O risco \u00e9 baixo a pontualmente moderado para ocorr\u00eancias associadas a alagamentos e enxarradas pontuais, destelhamentos e danos na rede el\u00e9trica.<\/span><\/span><\/span><\/span><\/p>\n<p><strong><span dir=\"auto\" style=\"vertical-align: inherit;\"><span dir=\"auto\" style=\"vertical-align: inherit;\"><span dir=\"auto\" style=\"vertical-align: inherit;\"><span dir=\"auto\" style=\"vertical-align: inherit;\">Temperaturas<\/span><\/span><\/span><\/span><\/strong><\/p>\n<p><span dir=\"auto\" style=\"vertical-align: inherit;\"><span dir=\"auto\" style=\"vertical-align: inherit;\"><span dir=\"auto\" style=\"vertical-align: inherit;\"><span dir=\"auto\" style=\"vertical-align: inherit;\">As temperaturas m\u00e1ximas voltam a superar 30\u00b0C no Grande Oeste, Vale do Itaja\u00ed e Litoral e varia\u00e7\u00e3o de 23 a 26\u00b0C nas demais regi\u00f5es.<\/span><\/span><\/span><\/span><\/p>\n<p><img fetchpriority=\"high\" decoding=\"async\" class=\"aligncenter size-full wp-image-33684\" src=\"http:\/\/sulsc.com\/wp-content\/uploads\/2026\/05\/Captura-de-tela-2026-04-29-025901.png\" alt=\"\" width=\"1476\" height=\"1000\" srcset=\"https:\/\/sulsc.com\/wp-content\/uploads\/2026\/05\/Captura-de-tela-2026-04-29-025901.png 1476w, https:\/\/sulsc.com\/wp-content\/uploads\/2026\/05\/Captura-de-tela-2026-04-29-025901-300x203.png 300w, https:\/\/sulsc.com\/wp-content\/uploads\/2026\/05\/Captura-de-tela-2026-04-29-025901-1024x694.png 1024w, https:\/\/sulsc.com\/wp-content\/uploads\/2026\/05\/Captura-de-tela-2026-04-29-025901-768x520.png 768w\" sizes=\"(max-width: 1476px) 100vw, 1476px\" \/><\/p>\n<p><img decoding=\"async\" class=\"aligncenter size-full wp-image-33516\" src=\"http:\/\/sulsc.com\/wp-content\/uploads\/2026\/04\/Captura-de-tela-2026-03-07-023821.png\" alt=\"\" width=\"1317\" height=\"282\" srcset=\"https:\/\/sulsc.com\/wp-content\/uploads\/2026\/04\/Captura-de-tela-2026-03-07-023821.png 1317w, https:\/\/sulsc.com\/wp-content\/uploads\/2026\/04\/Captura-de-tela-2026-03-07-023821-300x64.png 300w, https:\/\/sulsc.com\/wp-content\/uploads\/2026\/04\/Captura-de-tela-2026-03-07-023821-1024x219.png 1024w, https:\/\/sulsc.com\/wp-content\/uploads\/2026\/04\/Captura-de-tela-2026-03-07-023821-768x164.png 768w\" sizes=\"(max-width: 1317px) 100vw, 1317px\" \/><\/p>\n<p><strong><span dir=\"auto\" style=\"vertical-align: inherit;\"><span dir=\"auto\" style=\"vertical-align: inherit;\"><span dir=\"auto\" style=\"vertical-align: inherit;\"><span dir=\"auto\" style=\"vertical-align: inherit;\">Vento:<\/span><\/span><\/span><\/span><\/strong><span dir=\"auto\" style=\"vertical-align: inherit;\"><span dir=\"auto\" style=\"vertical-align: inherit;\"><span dir=\"auto\" style=\"vertical-align: inherit;\"><span dir=\"auto\" style=\"vertical-align: inherit;\"> nordeste, fraco a moderado.<\/span><\/span><\/span><\/span><\/p>\n<p><strong><span dir=\"auto\" style=\"vertical-align: inherit;\"><span dir=\"auto\" style=\"vertical-align: inherit;\"><span dir=\"auto\" style=\"vertical-align: inherit;\"><span dir=\"auto\" style=\"vertical-align: inherit;\">Sistema predominante:<\/span><\/span><\/span><\/span><\/strong><span dir=\"auto\" style=\"vertical-align: inherit;\"><span dir=\"auto\" style=\"vertical-align: inherit;\"><span dir=\"auto\" style=\"vertical-align: inherit;\"><span dir=\"auto\" style=\"vertical-align: inherit;\"> cavado (\u00e1rea de baixa press\u00e3o) e frente fria no RS.<\/span><\/span><\/span><\/span><\/p>\n<p><strong><span dir=\"auto\" style=\"vertical-align: inherit;\"><span dir=\"auto\" style=\"vertical-align: inherit;\"><span dir=\"auto\" style=\"vertical-align: inherit;\"><span dir=\"auto\" style=\"vertical-align: inherit;\">Amanh\u00e3 s\u00e1bado (02\/05),<\/span><\/span><\/span><\/span><\/strong><span dir=\"auto\" style=\"vertical-align: inherit;\"><span dir=\"auto\" style=\"vertical-align: inherit;\"><span dir=\"auto\" style=\"vertical-align: inherit;\"><span dir=\"auto\" style=\"vertical-align: inherit;\"> o dia ser\u00e1 inst\u00e1vel com chuva e temporais isolados em SC, come\u00e7ando pelo oeste e sul do estado e estendendo-se a todas as regi\u00f5es no decorrer do dia, devido \u00e0 r\u00e1pida desloca\u00e7\u00e3o de uma frente fria. No fim do dia, o tempo melhorou em boa parte do estado com o avan\u00e7o de uma nova massa de ar frio pelo Sul do Brasil.<\/span><\/span><\/span><\/span><\/p>\n<p><span dir=\"auto\" style=\"vertical-align: inherit;\"><span dir=\"auto\" style=\"vertical-align: inherit;\"><span dir=\"auto\" style=\"vertical-align: inherit;\"><span dir=\"auto\" style=\"vertical-align: inherit;\">As temperaturas ficam mais baixas, com m\u00e1ximas inferiores a 24\u00b0C na maioria das regi\u00f5es devido \u00e0 cobertura de nuvens. J\u00e1 na Grande Florian\u00f3polis e Litoral Norte ser\u00e3o com maior eleva\u00e7\u00e3o permanecendo entre (25\u00b0C a 30\u00b0C), mas em decl\u00ednio mais acentuado no fim do dia. Os ventos ser\u00e3o mais fortes em compara\u00e7\u00e3o com as condi\u00e7\u00f5es de hoje, ficando entre norte a sudoeste, fracos a moderados, com rajadas, mais intensos a partir da tarde no Litoral <\/span><\/span><\/span><\/span><strong><span dir=\"auto\" style=\"vertical-align: inherit;\"><span dir=\"auto\" style=\"vertical-align: inherit;\"><span dir=\"auto\" style=\"vertical-align: inherit;\"><span dir=\"auto\" style=\"vertical-align: inherit;\">(50 a 80km\/h).<\/span><\/span><\/span><\/span><\/strong><\/p>\n<p><span dir=\"auto\" style=\"vertical-align: inherit;\"><span dir=\"auto\" style=\"vertical-align: inherit;\"><span dir=\"auto\" style=\"vertical-align: inherit;\"><span dir=\"auto\" style=\"vertical-align: inherit;\">Fontes: Defesa Civil-SC\/Epagri-Ciram<\/span><\/span><\/span><\/span><\/p>\n<p><strong><span dir=\"auto\" style=\"vertical-align: inherit;\"><span dir=\"auto\" style=\"vertical-align: inherit;\"><span dir=\"auto\" style=\"vertical-align: inherit;\"><span dir=\"auto\" style=\"vertical-align: inherit;\">Charges SulSC<\/span><\/span><\/span><\/span><\/strong><\/p>\n<p><img decoding=\"async\" class=\"aligncenter size-full wp-image-33683\" src=\"http:\/\/sulsc.com\/wp-content\/uploads\/2026\/05\/16078372-3dc5-4968-8291-2908590c8025.jpg\" alt=\"\" width=\"1536\" height=\"1096\" srcset=\"https:\/\/sulsc.com\/wp-content\/uploads\/2026\/05\/16078372-3dc5-4968-8291-2908590c8025.jpg 1536w, https:\/\/sulsc.com\/wp-content\/uploads\/2026\/05\/16078372-3dc5-4968-8291-2908590c8025-300x214.jpg 300w, https:\/\/sulsc.com\/wp-content\/uploads\/2026\/05\/16078372-3dc5-4968-8291-2908590c8025-1024x731.jpg 1024w, https:\/\/sulsc.com\/wp-content\/uploads\/2026\/05\/16078372-3dc5-4968-8291-2908590c8025-768x548.jpg 768w\" sizes=\"(max-width: 1536px) 100vw, 1536px\" \/><\/p>\n<p>&nbsp;<\/p>\n","protected":false},"excerpt":{"rendered":"<p>Sexta-feira (01), de presen\u00e7a de sol entre nuvens em boa parte do dia em todas as regi\u00f5es catarinenses. A partir do final da tarde o calor combinado a forma\u00e7\u00e3o de uma frente fria no RS, favorecendo a ocorr\u00eancia de pancadas de chuva e isolados temporariamente nas \u00e1reas que fazem divisa com o estado ga\u00facho. O &hellip;<\/p>\n<p class=\"read-more\"> <a class=\"\" href=\"https:\/\/sulsc.com\/index.php\/2026\/05\/01\/1-de-maio-dia-do-trabalhador-om-sol-e-calor-em-sc\/\"> <span class=\"screen-reader-text\">1\u00b0 de maio dia do trabalhador com sol e calor em SC<\/span> Read More &raquo;<\/a><\/p>\n","protected":false},"author":3,"featured_media":32977,"comment_status":"open","ping_status":"open","sticky":false,"template":"","format":"standard","meta":{"site-sidebar-layout":"default","site-content-layout":"","ast-site-content-layout":"default","site-content-style":"default","site-sidebar-style":"default","ast-global-header-display":"","ast-banner-title-visibility":"","ast-main-header-display":"","ast-hfb-above-header-display":"","ast-hfb-below-header-display":"","ast-hfb-mobile-header-display":"","site-post-title":"","ast-breadcrumbs-content":"","ast-featured-img":"","footer-sml-layout":"","theme-transparent-header-meta":"default","adv-header-id-meta":"","stick-header-meta":"","header-above-stick-meta":"","header-main-stick-meta":"","header-below-stick-meta":"","astra-migrate-meta-layouts":"set","footnotes":""},"categories":[1,14,38,12],"tags":[90],"yoast_head":"<!-- This site is optimized with the Yoast SEO plugin v21.4 - https:\/\/yoast.com\/wordpress\/plugins\/seo\/ -->\n<title>1\u00b0 de maio dia do trabalhador com sol e calor em SC -<\/title>\n<meta name=\"robots\" content=\"index, follow, max-snippet:-1, max-image-preview:large, max-video-preview:-1\" \/>\n<link rel=\"canonical\" href=\"https:\/\/sulsc.com\/index.php\/2026\/05\/01\/1-de-maio-dia-do-trabalhador-om-sol-e-calor-em-sc\/\" \/>\n<meta property=\"og:locale\" content=\"en_US\" \/>\n<meta property=\"og:type\" content=\"article\" \/>\n<meta property=\"og:title\" content=\"1\u00b0 de maio dia do trabalhador com sol e calor em SC -\" \/>\n<meta property=\"og:description\" content=\"Sexta-feira (01), de presen\u00e7a de sol entre nuvens em boa parte do dia em todas as regi\u00f5es catarinenses. A partir do final da tarde o calor combinado a forma\u00e7\u00e3o de uma frente fria no RS, favorecendo a ocorr\u00eancia de pancadas de chuva e isolados temporariamente nas \u00e1reas que fazem divisa com o estado ga\u00facho. O &hellip; 1\u00b0 de maio dia do trabalhador com sol e calor em SC Read More &raquo;\" \/>\n<meta property=\"og:url\" content=\"https:\/\/sulsc.com\/index.php\/2026\/05\/01\/1-de-maio-dia-do-trabalhador-om-sol-e-calor-em-sc\/\" \/>\n<meta property=\"article:author\" content=\"https:\/\/www.facebook.com\/profile.php?id=61559278119680\" \/>\n<meta property=\"article:published_time\" content=\"2026-05-01T12:36:51+00:00\" \/>\n<meta property=\"article:modified_time\" content=\"2026-05-01T12:39:27+00:00\" \/>\n<meta property=\"og:image\" content=\"http:\/\/sulsc.com\/wp-content\/uploads\/2026\/03\/1e4ca8ac-59b1-49f2-9ad8-9e6005e3bb0e-e1773309480279.jpeg\" \/>\n\t<meta property=\"og:image:width\" content=\"712\" \/>\n\t<meta property=\"og:image:height\" content=\"945\" \/>\n\t<meta property=\"og:image:type\" content=\"image\/jpeg\" \/>\n<meta name=\"author\" content=\"Reda\u00e7\u00e3o Sul SC\" \/>\n<meta name=\"twitter:card\" content=\"summary_large_image\" \/>\n<meta name=\"twitter:creator\" content=\"@https:\/\/twitter.com\/PortalSulSC\" \/>\n<meta name=\"twitter:label1\" content=\"Written by\" \/>\n\t<meta name=\"twitter:data1\" content=\"Reda\u00e7\u00e3o Sul SC\" \/>\n\t<meta name=\"twitter:label2\" content=\"Est. reading time\" \/>\n\t<meta name=\"twitter:data2\" content=\"2 minutes\" \/>\n<script type=\"application\/ld+json\" class=\"yoast-schema-graph\">{\"@context\":\"https:\/\/schema.org\",\"@graph\":[{\"@type\":\"WebPage\",\"@id\":\"https:\/\/sulsc.com\/index.php\/2026\/05\/01\/1-de-maio-dia-do-trabalhador-om-sol-e-calor-em-sc\/\",\"url\":\"https:\/\/sulsc.com\/index.php\/2026\/05\/01\/1-de-maio-dia-do-trabalhador-om-sol-e-calor-em-sc\/\",\"name\":\"1\u00b0 de maio dia do trabalhador com sol e calor em SC -\",\"isPartOf\":{\"@id\":\"https:\/\/sulsc.com\/#website\"},\"datePublished\":\"2026-05-01T12:36:51+00:00\",\"dateModified\":\"2026-05-01T12:39:27+00:00\",\"author\":{\"@id\":\"https:\/\/sulsc.com\/#\/schema\/person\/84d2fc571684f6248ba83092f07750a3\"},\"breadcrumb\":{\"@id\":\"https:\/\/sulsc.com\/index.php\/2026\/05\/01\/1-de-maio-dia-do-trabalhador-om-sol-e-calor-em-sc\/#breadcrumb\"},\"inLanguage\":\"en-US\",\"potentialAction\":[{\"@type\":\"ReadAction\",\"target\":[\"https:\/\/sulsc.com\/index.php\/2026\/05\/01\/1-de-maio-dia-do-trabalhador-om-sol-e-calor-em-sc\/\"]}]},{\"@type\":\"BreadcrumbList\",\"@id\":\"https:\/\/sulsc.com\/index.php\/2026\/05\/01\/1-de-maio-dia-do-trabalhador-om-sol-e-calor-em-sc\/#breadcrumb\",\"itemListElement\":[{\"@type\":\"ListItem\",\"position\":1,\"name\":\"In\u00edcio\",\"item\":\"https:\/\/sulsc.com\/\"},{\"@type\":\"ListItem\",\"position\":2,\"name\":\"1\u00b0 de maio dia do trabalhador com sol e calor em SC\"}]},{\"@type\":\"WebSite\",\"@id\":\"https:\/\/sulsc.com\/#website\",\"url\":\"https:\/\/sulsc.com\/\",\"name\":\"\",\"description\":\"\",\"potentialAction\":[{\"@type\":\"SearchAction\",\"target\":{\"@type\":\"EntryPoint\",\"urlTemplate\":\"https:\/\/sulsc.com\/?s={search_term_string}\"},\"query-input\":\"required name=search_term_string\"}],\"inLanguage\":\"en-US\"},{\"@type\":\"Person\",\"@id\":\"https:\/\/sulsc.com\/#\/schema\/person\/84d2fc571684f6248ba83092f07750a3\",\"name\":\"Reda\u00e7\u00e3o Sul SC\",\"image\":{\"@type\":\"ImageObject\",\"inLanguage\":\"en-US\",\"@id\":\"https:\/\/sulsc.com\/#\/schema\/person\/image\/e08d7fe2cc4ed596372063bbe852b8d0\",\"url\":\"https:\/\/sulsc.com\/wp-content\/uploads\/2023\/09\/redacao.png\",\"contentUrl\":\"https:\/\/sulsc.com\/wp-content\/uploads\/2023\/09\/redacao.png\",\"caption\":\"Reda\u00e7\u00e3o Sul SC\"},\"description\":\"Foco em um jornalismo imparcial, voltado \u00e0 qualidade dos seus conte\u00fados e, assim, levar informa\u00e7\u00e3o de valor que agregue \u00e0 vida dos leitores. Esta \u00e9 grande miss\u00e3o do Portal de Not\u00edcias Sul SC. N\u00e3o \u00e9 quantidade que muda o mundo, sempre foi e seguir\u00e1 sendo qualidade!\",\"sameAs\":[\"https:\/\/sulsc.com\/\",\"https:\/\/www.facebook.com\/profile.php?id=61559278119680\",\"https:\/\/www.instagram.com\/sulscportal\/?hl=pt-br\",\"https:\/\/twitter.com\/https:\/\/twitter.com\/PortalSulSC\",\"https:\/\/www.youtube.com\/channel\/UCv_BE8GeySluDov2n8qhVmw\"],\"url\":\"https:\/\/sulsc.com\/index.php\/author\/redacao\/\"}]}<\/script>\n<!-- \/ Yoast SEO plugin. -->","yoast_head_json":{"title":"1\u00b0 de maio dia do trabalhador com sol e calor em SC -","robots":{"index":"index","follow":"follow","max-snippet":"max-snippet:-1","max-image-preview":"max-image-preview:large","max-video-preview":"max-video-preview:-1"},"canonical":"https:\/\/sulsc.com\/index.php\/2026\/05\/01\/1-de-maio-dia-do-trabalhador-om-sol-e-calor-em-sc\/","og_locale":"en_US","og_type":"article","og_title":"1\u00b0 de maio dia do trabalhador com sol e calor em SC -","og_description":"Sexta-feira (01), de presen\u00e7a de sol entre nuvens em boa parte do dia em todas as regi\u00f5es catarinenses. A partir do final da tarde o calor combinado a forma\u00e7\u00e3o de uma frente fria no RS, favorecendo a ocorr\u00eancia de pancadas de chuva e isolados temporariamente nas \u00e1reas que fazem divisa com o estado ga\u00facho. O &hellip; 1\u00b0 de maio dia do trabalhador com sol e calor em SC Read More &raquo;","og_url":"https:\/\/sulsc.com\/index.php\/2026\/05\/01\/1-de-maio-dia-do-trabalhador-om-sol-e-calor-em-sc\/","article_author":"https:\/\/www.facebook.com\/profile.php?id=61559278119680","article_published_time":"2026-05-01T12:36:51+00:00","article_modified_time":"2026-05-01T12:39:27+00:00","og_image":[{"width":712,"height":945,"url":"http:\/\/sulsc.com\/wp-content\/uploads\/2026\/03\/1e4ca8ac-59b1-49f2-9ad8-9e6005e3bb0e-e1773309480279.jpeg","type":"image\/jpeg"}],"author":"Reda\u00e7\u00e3o Sul SC","twitter_card":"summary_large_image","twitter_creator":"@https:\/\/twitter.com\/PortalSulSC","twitter_misc":{"Written by":"Reda\u00e7\u00e3o Sul SC","Est. reading time":"2 minutes"},"schema":{"@context":"https:\/\/schema.org","@graph":[{"@type":"WebPage","@id":"https:\/\/sulsc.com\/index.php\/2026\/05\/01\/1-de-maio-dia-do-trabalhador-om-sol-e-calor-em-sc\/","url":"https:\/\/sulsc.com\/index.php\/2026\/05\/01\/1-de-maio-dia-do-trabalhador-om-sol-e-calor-em-sc\/","name":"1\u00b0 de maio dia do trabalhador com sol e calor em SC -","isPartOf":{"@id":"https:\/\/sulsc.com\/#website"},"datePublished":"2026-05-01T12:36:51+00:00","dateModified":"2026-05-01T12:39:27+00:00","author":{"@id":"https:\/\/sulsc.com\/#\/schema\/person\/84d2fc571684f6248ba83092f07750a3"},"breadcrumb":{"@id":"https:\/\/sulsc.com\/index.php\/2026\/05\/01\/1-de-maio-dia-do-trabalhador-om-sol-e-calor-em-sc\/#breadcrumb"},"inLanguage":"en-US","potentialAction":[{"@type":"ReadAction","target":["https:\/\/sulsc.com\/index.php\/2026\/05\/01\/1-de-maio-dia-do-trabalhador-om-sol-e-calor-em-sc\/"]}]},{"@type":"BreadcrumbList","@id":"https:\/\/sulsc.com\/index.php\/2026\/05\/01\/1-de-maio-dia-do-trabalhador-om-sol-e-calor-em-sc\/#breadcrumb","itemListElement":[{"@type":"ListItem","position":1,"name":"In\u00edcio","item":"https:\/\/sulsc.com\/"},{"@type":"ListItem","position":2,"name":"1\u00b0 de maio dia do trabalhador com sol e calor em SC"}]},{"@type":"WebSite","@id":"https:\/\/sulsc.com\/#website","url":"https:\/\/sulsc.com\/","name":"","description":"","potentialAction":[{"@type":"SearchAction","target":{"@type":"EntryPoint","urlTemplate":"https:\/\/sulsc.com\/?s={search_term_string}"},"query-input":"required name=search_term_string"}],"inLanguage":"en-US"},{"@type":"Person","@id":"https:\/\/sulsc.com\/#\/schema\/person\/84d2fc571684f6248ba83092f07750a3","name":"Reda\u00e7\u00e3o Sul SC","image":{"@type":"ImageObject","inLanguage":"en-US","@id":"https:\/\/sulsc.com\/#\/schema\/person\/image\/e08d7fe2cc4ed596372063bbe852b8d0","url":"https:\/\/sulsc.com\/wp-content\/uploads\/2023\/09\/redacao.png","contentUrl":"https:\/\/sulsc.com\/wp-content\/uploads\/2023\/09\/redacao.png","caption":"Reda\u00e7\u00e3o Sul SC"},"description":"Foco em um jornalismo imparcial, voltado \u00e0 qualidade dos seus conte\u00fados e, assim, levar informa\u00e7\u00e3o de valor que agregue \u00e0 vida dos leitores. Esta \u00e9 grande miss\u00e3o do Portal de Not\u00edcias Sul SC. N\u00e3o \u00e9 quantidade que muda o mundo, sempre foi e seguir\u00e1 sendo qualidade!","sameAs":["https:\/\/sulsc.com\/","https:\/\/www.facebook.com\/profile.php?id=61559278119680","https:\/\/www.instagram.com\/sulscportal\/?hl=pt-br","https:\/\/twitter.com\/https:\/\/twitter.com\/PortalSulSC","https:\/\/www.youtube.com\/channel\/UCv_BE8GeySluDov2n8qhVmw"],"url":"https:\/\/sulsc.com\/index.php\/author\/redacao\/"}]}},"authors":[],"_links":{"self":[{"href":"https:\/\/sulsc.com\/index.php\/wp-json\/wp\/v2\/posts\/33682"}],"collection":[{"href":"https:\/\/sulsc.com\/index.php\/wp-json\/wp\/v2\/posts"}],"about":[{"href":"https:\/\/sulsc.com\/index.php\/wp-json\/wp\/v2\/types\/post"}],"author":[{"embeddable":true,"href":"https:\/\/sulsc.com\/index.php\/wp-json\/wp\/v2\/users\/3"}],"replies":[{"embeddable":true,"href":"https:\/\/sulsc.com\/index.php\/wp-json\/wp\/v2\/comments?post=33682"}],"version-history":[{"count":3,"href":"https:\/\/sulsc.com\/index.php\/wp-json\/wp\/v2\/posts\/33682\/revisions"}],"predecessor-version":[{"id":33687,"href":"https:\/\/sulsc.com\/index.php\/wp-json\/wp\/v2\/posts\/33682\/revisions\/33687"}],"wp:featuredmedia":[{"embeddable":true,"href":"https:\/\/sulsc.com\/index.php\/wp-json\/wp\/v2\/media\/32977"}],"wp:attachment":[{"href":"https:\/\/sulsc.com\/index.php\/wp-json\/wp\/v2\/media?parent=33682"}],"wp:term":[{"taxonomy":"category","embeddable":true,"href":"https:\/\/sulsc.com\/index.php\/wp-json\/wp\/v2\/categories?post=33682"},{"taxonomy":"post_tag","embeddable":true,"href":"https:\/\/sulsc.com\/index.php\/wp-json\/wp\/v2\/tags?post=33682"}],"curies":[{"name":"wp","href":"https:\/\/api.w.org\/{rel}","templated":true}]}}