{"id":33688,"date":"2026-05-01T10:14:46","date_gmt":"2026-05-01T13:14:46","guid":{"rendered":"https:\/\/sulsc.com\/?p=33688"},"modified":"2026-05-01T10:14:46","modified_gmt":"2026-05-01T13:14:46","slug":"confira-os-horarios-de-grande-movimento-na-br-101-neste-feriadao-1-de-maio","status":"publish","type":"post","link":"https:\/\/sulsc.com\/index.php\/2026\/05\/01\/confira-os-horarios-de-grande-movimento-na-br-101-neste-feriadao-1-de-maio\/","title":{"rendered":"Confira os hor\u00e1rios de grande movimento na BR-101 neste feriad\u00e3o 1\u00b0 de Maio"},"content":{"rendered":"<p>A ViaCosteira, uma empresa Motiva, estima que a partir de ontem quinta-feira (30) at\u00e9\u00a0 (03) de maio, per\u00edodo de feriado do Dia do Trabalhador, mais de 635 mil ve\u00edculos devem circular entre os sentidos norte e sul da BR-101 Sul\/SC .<\/p>\n<div id=\"metaslider-id-25573\" style=\"width: 100%;\" class=\"ml-slider-3-99-0 metaslider metaslider-flex metaslider-25573 ml-slider has-onhover-arrows ms-theme-default-base has-dots-nav\" role=\"region\" aria-label=\"Meio\" data-width=\"1200\">\n    <div id=\"metaslider_container_25573\">\n        <div id=\"metaslider_25573\">\n            <ul class='slides'>\n                <li style=\"display: block; width: 100%;\" class=\"slide-25684 ms-image \" aria-roledescription=\"slide\" data-date=\"2025-07-24 07:55:40\"><img src=\"https:\/\/sulsc.com\/wp-content\/uploads\/2025\/07\/Marr-2-1000x166.jpg\" height=\"200\" width=\"1200\" alt=\"\" class=\"slider-25573 slide-25684 msDefaultImage\" title=\"Marr 2\" \/><\/li>\n                <li style=\"display: none; width: 100%;\" class=\"slide-32412 ms-image \" aria-roledescription=\"slide\" data-date=\"2026-02-18 13:59:46\"><img src=\"https:\/\/sulsc.com\/wp-content\/uploads\/2026\/02\/40dc1580-cad5-4867-bc58-c4243821ad38-1000x166.jpeg\" height=\"200\" width=\"1200\" alt=\"\" class=\"slider-25573 slide-32412 msDefaultImage\" title=\"40dc1580-cad5-4867-bc58-c4243821ad38\" \/><\/li>\n                <li style=\"display: none; width: 100%;\" class=\"slide-32766 ms-image \" aria-roledescription=\"slide\" data-date=\"2026-03-03 17:22:59\"><img src=\"https:\/\/sulsc.com\/wp-content\/uploads\/2026\/03\/271ce739-f268-41c5-8051-3de1a1750359-1000x166.jpeg\" height=\"200\" width=\"1200\" alt=\"\" class=\"slider-25573 slide-32766 msDefaultImage\" title=\"271ce739-f268-41c5-8051-3de1a1750359\" \/><\/li>\n            <\/ul>\n        <\/div>\n        \n    <\/div>\n<\/div>\n<p>Ontem quinta (30), foram esperados mais de 183 mil condutores entre os sentidos norte e sul. J\u00e1 nesta sexta (1\u00ba) Dia do Trablhador, o volume de tr\u00e1fego aumenta, e est\u00e3o previstos cerca de <strong>153 mil motoristas<\/strong> e o fluxo estar\u00e1 concentrado <strong>entre 7h e 17h<\/strong>.<\/p>\n<p><strong>Para o retorno do feriado<\/strong>, a maior movimenta\u00e7\u00e3o est\u00e1 sendo esperada para o domingo (03), quando aproximadamente <strong>184 mil ve\u00edculos<\/strong> ir\u00e3o transitar no trecho <strong>entre Paulo Lopes e Passo de Torres,<\/strong> e a previs\u00e3o \u00e9 do fluxo se concentrar <strong>entre 9h e 19h.<\/strong><\/p>\n<p>A Concession\u00e1ria orienta os motoristas que programem suas viagens e, se poss\u00edvel, evitem transitar nos hor\u00e1rios de maior movimenta\u00e7\u00e3o.<\/p>\n<p><strong>Fluxo di\u00e1rio<\/strong><\/p>\n<p><strong>Sexta (1\u00ba)<\/strong> \u2013 153.163 ve\u00edculos<br \/>\n<strong>S\u00e1bado (2)<\/strong> \u2013 116.064 ve\u00edculos<br \/>\n<strong>Domingo (3)<\/strong> 183.576 ve\u00edculos<\/p>\n<p><strong>Agilize sua viagem<\/strong><\/p>\n<p>Para agilizar a passagem nas pra\u00e7as de ped\u00e1gio, o motorista pode optar pelos meios de pagamento eletr\u00f4nicos, que s\u00e3o os TAGs e o Autoatendimento nas cabines com totens, permitindo que o usu\u00e1rio passe pela pra\u00e7a de ped\u00e1gio sem necessidade de parar em uma das cabines.<\/p>\n<p><strong>Novo contato via Whatsapp<\/strong><\/p>\n<p>Os usu\u00e1rios da Concession\u00e1ria tamb\u00e9m podem contar contam com o <strong>Disque ViaCosteira 0800-255-5550,<\/strong> telefone que oferece gratuitamente informa\u00e7\u00f5es sobre as condi\u00e7\u00f5es da estrada 24 horas por dia, e que tamb\u00e9m pode ser utilizado para solicita\u00e7\u00e3o de socorro m\u00e9dico ou mec\u00e2nico. <strong>Aten\u00e7\u00e3o, o telefone agora tamb\u00e9m fica dispon\u00edvel como whatsapp.<\/strong><\/p>\n<p><strong>Movimento Afaste-se<\/strong><\/p>\n<p>\u00c9 uma iniciativa criada pela Motiva e coordenada pela ABCR com o objetivo de conscientizar motoristas sobre a preven\u00e7\u00e3o de acidentes envolvendo viaturas em atendimento, colaboradores realizando manuten\u00e7\u00e3o e \u00e1reas com obras.<\/p>\n<p><img fetchpriority=\"high\" decoding=\"async\" class=\"aligncenter size-full wp-image-18492\" src=\"http:\/\/sulsc.com\/wp-content\/uploads\/2024\/12\/CCR-4.jpg\" alt=\"\" width=\"1280\" height=\"853\" srcset=\"https:\/\/sulsc.com\/wp-content\/uploads\/2024\/12\/CCR-4.jpg 1280w, https:\/\/sulsc.com\/wp-content\/uploads\/2024\/12\/CCR-4-300x200.jpg 300w, https:\/\/sulsc.com\/wp-content\/uploads\/2024\/12\/CCR-4-1024x682.jpg 1024w, https:\/\/sulsc.com\/wp-content\/uploads\/2024\/12\/CCR-4-768x512.jpg 768w\" sizes=\"(max-width: 1280px) 100vw, 1280px\" \/><\/p>\n<p><strong>As orienta\u00e7\u00f5es s\u00e3o simples,<\/strong> <strong>mas t\u00eam o poder de salvar vidas:<\/strong> sempre que se deparar com um atendimento em pista ou alguma atividade em que existam pessoas trabalhando \u00e0s margens da rodovia, o condutor deve reduzir a velocidade e, sempre que poss\u00edvel, trocar de faixa.<\/p>\n<p>Atualmente, o Movimento Afaste-se conta com 34 concession\u00e1rias, que administram cerca de 13,7 mil quil\u00f4metros de rodovias, em 12 estados do pa\u00eds.<\/p>\n<p>Outra ferramenta importante dispon\u00edvel aos motoristas, s\u00e3o as informa\u00e7\u00f5es sobre condi\u00e7\u00f5es das estradas que podem ser obtidas por meio do <strong>site da Concession\u00e1ria www.rodovias.motiva.com.br\/viacosteira.<\/strong><\/p>\n<p><img decoding=\"async\" class=\"aligncenter size-full wp-image-18857\" src=\"http:\/\/sulsc.com\/wp-content\/uploads\/2025\/01\/CCR-2.jpg\" alt=\"\" width=\"1280\" height=\"853\" srcset=\"https:\/\/sulsc.com\/wp-content\/uploads\/2025\/01\/CCR-2.jpg 1280w, https:\/\/sulsc.com\/wp-content\/uploads\/2025\/01\/CCR-2-300x200.jpg 300w, https:\/\/sulsc.com\/wp-content\/uploads\/2025\/01\/CCR-2-1024x682.jpg 1024w, https:\/\/sulsc.com\/wp-content\/uploads\/2025\/01\/CCR-2-768x512.jpg 768w\" sizes=\"(max-width: 1280px) 100vw, 1280px\" \/><\/p>\n<p>Fotos\/Assessoria Motiva<\/p>\n","protected":false},"excerpt":{"rendered":"<p>A ViaCosteira, uma empresa Motiva, estima que a partir de ontem quinta-feira (30) at\u00e9\u00a0 (03) de maio, per\u00edodo de feriado do Dia do Trabalhador, mais de 635 mil ve\u00edculos devem circular entre os sentidos norte e sul da BR-101 Sul\/SC . Ontem quinta (30), foram esperados mais de 183 mil condutores entre os sentidos norte &hellip;<\/p>\n<p class=\"read-more\"> <a class=\"\" href=\"https:\/\/sulsc.com\/index.php\/2026\/05\/01\/confira-os-horarios-de-grande-movimento-na-br-101-neste-feriadao-1-de-maio\/\"> <span class=\"screen-reader-text\">Confira os hor\u00e1rios de grande movimento na BR-101 neste feriad\u00e3o 1\u00b0 de Maio<\/span> Read More &raquo;<\/a><\/p>\n","protected":false},"author":3,"featured_media":18858,"comment_status":"open","ping_status":"open","sticky":false,"template":"","format":"standard","meta":{"site-sidebar-layout":"default","site-content-layout":"","ast-site-content-layout":"default","site-content-style":"default","site-sidebar-style":"default","ast-global-header-display":"","ast-banner-title-visibility":"","ast-main-header-display":"","ast-hfb-above-header-display":"","ast-hfb-below-header-display":"","ast-hfb-mobile-header-display":"","site-post-title":"","ast-breadcrumbs-content":"","ast-featured-img":"","footer-sml-layout":"","theme-transparent-header-meta":"default","adv-header-id-meta":"","stick-header-meta":"","header-above-stick-meta":"","header-main-stick-meta":"","header-below-stick-meta":"","astra-migrate-meta-layouts":"set","footnotes":""},"categories":[2354,2231,1,14,8,12],"tags":[1148],"yoast_head":"<!-- This site is optimized with the Yoast SEO plugin v21.4 - https:\/\/yoast.com\/wordpress\/plugins\/seo\/ -->\n<title>Confira os hor\u00e1rios de grande movimento na BR-101 neste feriad\u00e3o 1\u00b0 de Maio -<\/title>\n<meta name=\"robots\" content=\"index, follow, max-snippet:-1, max-image-preview:large, max-video-preview:-1\" \/>\n<link rel=\"canonical\" href=\"https:\/\/sulsc.com\/index.php\/2026\/05\/01\/confira-os-horarios-de-grande-movimento-na-br-101-neste-feriadao-1-de-maio\/\" \/>\n<meta property=\"og:locale\" content=\"en_US\" \/>\n<meta property=\"og:type\" content=\"article\" \/>\n<meta property=\"og:title\" content=\"Confira os hor\u00e1rios de grande movimento na BR-101 neste feriad\u00e3o 1\u00b0 de Maio -\" \/>\n<meta property=\"og:description\" content=\"A ViaCosteira, uma empresa Motiva, estima que a partir de ontem quinta-feira (30) at\u00e9\u00a0 (03) de maio, per\u00edodo de feriado do Dia do Trabalhador, mais de 635 mil ve\u00edculos devem circular entre os sentidos norte e sul da BR-101 Sul\/SC . Ontem quinta (30), foram esperados mais de 183 mil condutores entre os sentidos norte &hellip; Confira os hor\u00e1rios de grande movimento na BR-101 neste feriad\u00e3o 1\u00b0 de Maio Read More &raquo;\" \/>\n<meta property=\"og:url\" content=\"https:\/\/sulsc.com\/index.php\/2026\/05\/01\/confira-os-horarios-de-grande-movimento-na-br-101-neste-feriadao-1-de-maio\/\" \/>\n<meta property=\"article:author\" content=\"https:\/\/www.facebook.com\/profile.php?id=61559278119680\" \/>\n<meta property=\"article:published_time\" content=\"2026-05-01T13:14:46+00:00\" \/>\n<meta property=\"og:image\" content=\"http:\/\/sulsc.com\/wp-content\/uploads\/2025\/01\/CCR.jpg\" \/>\n\t<meta property=\"og:image:width\" content=\"1279\" \/>\n\t<meta property=\"og:image:height\" content=\"853\" \/>\n\t<meta property=\"og:image:type\" content=\"image\/jpeg\" \/>\n<meta name=\"author\" content=\"Reda\u00e7\u00e3o Sul SC\" \/>\n<meta name=\"twitter:card\" content=\"summary_large_image\" \/>\n<meta name=\"twitter:creator\" content=\"@https:\/\/twitter.com\/PortalSulSC\" \/>\n<meta name=\"twitter:label1\" content=\"Written by\" \/>\n\t<meta name=\"twitter:data1\" content=\"Reda\u00e7\u00e3o Sul SC\" \/>\n\t<meta name=\"twitter:label2\" content=\"Est. reading time\" \/>\n\t<meta name=\"twitter:data2\" content=\"3 minutes\" \/>\n<script type=\"application\/ld+json\" class=\"yoast-schema-graph\">{\"@context\":\"https:\/\/schema.org\",\"@graph\":[{\"@type\":\"WebPage\",\"@id\":\"https:\/\/sulsc.com\/index.php\/2026\/05\/01\/confira-os-horarios-de-grande-movimento-na-br-101-neste-feriadao-1-de-maio\/\",\"url\":\"https:\/\/sulsc.com\/index.php\/2026\/05\/01\/confira-os-horarios-de-grande-movimento-na-br-101-neste-feriadao-1-de-maio\/\",\"name\":\"Confira os hor\u00e1rios de grande movimento na BR-101 neste feriad\u00e3o 1\u00b0 de Maio -\",\"isPartOf\":{\"@id\":\"https:\/\/sulsc.com\/#website\"},\"datePublished\":\"2026-05-01T13:14:46+00:00\",\"dateModified\":\"2026-05-01T13:14:46+00:00\",\"author\":{\"@id\":\"https:\/\/sulsc.com\/#\/schema\/person\/84d2fc571684f6248ba83092f07750a3\"},\"breadcrumb\":{\"@id\":\"https:\/\/sulsc.com\/index.php\/2026\/05\/01\/confira-os-horarios-de-grande-movimento-na-br-101-neste-feriadao-1-de-maio\/#breadcrumb\"},\"inLanguage\":\"en-US\",\"potentialAction\":[{\"@type\":\"ReadAction\",\"target\":[\"https:\/\/sulsc.com\/index.php\/2026\/05\/01\/confira-os-horarios-de-grande-movimento-na-br-101-neste-feriadao-1-de-maio\/\"]}]},{\"@type\":\"BreadcrumbList\",\"@id\":\"https:\/\/sulsc.com\/index.php\/2026\/05\/01\/confira-os-horarios-de-grande-movimento-na-br-101-neste-feriadao-1-de-maio\/#breadcrumb\",\"itemListElement\":[{\"@type\":\"ListItem\",\"position\":1,\"name\":\"In\u00edcio\",\"item\":\"https:\/\/sulsc.com\/\"},{\"@type\":\"ListItem\",\"position\":2,\"name\":\"Confira os hor\u00e1rios de grande movimento na BR-101 neste feriad\u00e3o 1\u00b0 de Maio\"}]},{\"@type\":\"WebSite\",\"@id\":\"https:\/\/sulsc.com\/#website\",\"url\":\"https:\/\/sulsc.com\/\",\"name\":\"\",\"description\":\"\",\"potentialAction\":[{\"@type\":\"SearchAction\",\"target\":{\"@type\":\"EntryPoint\",\"urlTemplate\":\"https:\/\/sulsc.com\/?s={search_term_string}\"},\"query-input\":\"required name=search_term_string\"}],\"inLanguage\":\"en-US\"},{\"@type\":\"Person\",\"@id\":\"https:\/\/sulsc.com\/#\/schema\/person\/84d2fc571684f6248ba83092f07750a3\",\"name\":\"Reda\u00e7\u00e3o Sul SC\",\"image\":{\"@type\":\"ImageObject\",\"inLanguage\":\"en-US\",\"@id\":\"https:\/\/sulsc.com\/#\/schema\/person\/image\/e08d7fe2cc4ed596372063bbe852b8d0\",\"url\":\"https:\/\/sulsc.com\/wp-content\/uploads\/2023\/09\/redacao.png\",\"contentUrl\":\"https:\/\/sulsc.com\/wp-content\/uploads\/2023\/09\/redacao.png\",\"caption\":\"Reda\u00e7\u00e3o Sul SC\"},\"description\":\"Foco em um jornalismo imparcial, voltado \u00e0 qualidade dos seus conte\u00fados e, assim, levar informa\u00e7\u00e3o de valor que agregue \u00e0 vida dos leitores. Esta \u00e9 grande miss\u00e3o do Portal de Not\u00edcias Sul SC. N\u00e3o \u00e9 quantidade que muda o mundo, sempre foi e seguir\u00e1 sendo qualidade!\",\"sameAs\":[\"https:\/\/sulsc.com\/\",\"https:\/\/www.facebook.com\/profile.php?id=61559278119680\",\"https:\/\/www.instagram.com\/sulscportal\/?hl=pt-br\",\"https:\/\/twitter.com\/https:\/\/twitter.com\/PortalSulSC\",\"https:\/\/www.youtube.com\/channel\/UCv_BE8GeySluDov2n8qhVmw\"],\"url\":\"https:\/\/sulsc.com\/index.php\/author\/redacao\/\"}]}<\/script>\n<!-- \/ Yoast SEO plugin. -->","yoast_head_json":{"title":"Confira os hor\u00e1rios de grande movimento na BR-101 neste feriad\u00e3o 1\u00b0 de Maio -","robots":{"index":"index","follow":"follow","max-snippet":"max-snippet:-1","max-image-preview":"max-image-preview:large","max-video-preview":"max-video-preview:-1"},"canonical":"https:\/\/sulsc.com\/index.php\/2026\/05\/01\/confira-os-horarios-de-grande-movimento-na-br-101-neste-feriadao-1-de-maio\/","og_locale":"en_US","og_type":"article","og_title":"Confira os hor\u00e1rios de grande movimento na BR-101 neste feriad\u00e3o 1\u00b0 de Maio -","og_description":"A ViaCosteira, uma empresa Motiva, estima que a partir de ontem quinta-feira (30) at\u00e9\u00a0 (03) de maio, per\u00edodo de feriado do Dia do Trabalhador, mais de 635 mil ve\u00edculos devem circular entre os sentidos norte e sul da BR-101 Sul\/SC . Ontem quinta (30), foram esperados mais de 183 mil condutores entre os sentidos norte &hellip; Confira os hor\u00e1rios de grande movimento na BR-101 neste feriad\u00e3o 1\u00b0 de Maio Read More &raquo;","og_url":"https:\/\/sulsc.com\/index.php\/2026\/05\/01\/confira-os-horarios-de-grande-movimento-na-br-101-neste-feriadao-1-de-maio\/","article_author":"https:\/\/www.facebook.com\/profile.php?id=61559278119680","article_published_time":"2026-05-01T13:14:46+00:00","og_image":[{"width":1279,"height":853,"url":"http:\/\/sulsc.com\/wp-content\/uploads\/2025\/01\/CCR.jpg","type":"image\/jpeg"}],"author":"Reda\u00e7\u00e3o Sul SC","twitter_card":"summary_large_image","twitter_creator":"@https:\/\/twitter.com\/PortalSulSC","twitter_misc":{"Written by":"Reda\u00e7\u00e3o Sul SC","Est. reading time":"3 minutes"},"schema":{"@context":"https:\/\/schema.org","@graph":[{"@type":"WebPage","@id":"https:\/\/sulsc.com\/index.php\/2026\/05\/01\/confira-os-horarios-de-grande-movimento-na-br-101-neste-feriadao-1-de-maio\/","url":"https:\/\/sulsc.com\/index.php\/2026\/05\/01\/confira-os-horarios-de-grande-movimento-na-br-101-neste-feriadao-1-de-maio\/","name":"Confira os hor\u00e1rios de grande movimento na BR-101 neste feriad\u00e3o 1\u00b0 de Maio -","isPartOf":{"@id":"https:\/\/sulsc.com\/#website"},"datePublished":"2026-05-01T13:14:46+00:00","dateModified":"2026-05-01T13:14:46+00:00","author":{"@id":"https:\/\/sulsc.com\/#\/schema\/person\/84d2fc571684f6248ba83092f07750a3"},"breadcrumb":{"@id":"https:\/\/sulsc.com\/index.php\/2026\/05\/01\/confira-os-horarios-de-grande-movimento-na-br-101-neste-feriadao-1-de-maio\/#breadcrumb"},"inLanguage":"en-US","potentialAction":[{"@type":"ReadAction","target":["https:\/\/sulsc.com\/index.php\/2026\/05\/01\/confira-os-horarios-de-grande-movimento-na-br-101-neste-feriadao-1-de-maio\/"]}]},{"@type":"BreadcrumbList","@id":"https:\/\/sulsc.com\/index.php\/2026\/05\/01\/confira-os-horarios-de-grande-movimento-na-br-101-neste-feriadao-1-de-maio\/#breadcrumb","itemListElement":[{"@type":"ListItem","position":1,"name":"In\u00edcio","item":"https:\/\/sulsc.com\/"},{"@type":"ListItem","position":2,"name":"Confira os hor\u00e1rios de grande movimento na BR-101 neste feriad\u00e3o 1\u00b0 de Maio"}]},{"@type":"WebSite","@id":"https:\/\/sulsc.com\/#website","url":"https:\/\/sulsc.com\/","name":"","description":"","potentialAction":[{"@type":"SearchAction","target":{"@type":"EntryPoint","urlTemplate":"https:\/\/sulsc.com\/?s={search_term_string}"},"query-input":"required name=search_term_string"}],"inLanguage":"en-US"},{"@type":"Person","@id":"https:\/\/sulsc.com\/#\/schema\/person\/84d2fc571684f6248ba83092f07750a3","name":"Reda\u00e7\u00e3o Sul SC","image":{"@type":"ImageObject","inLanguage":"en-US","@id":"https:\/\/sulsc.com\/#\/schema\/person\/image\/e08d7fe2cc4ed596372063bbe852b8d0","url":"https:\/\/sulsc.com\/wp-content\/uploads\/2023\/09\/redacao.png","contentUrl":"https:\/\/sulsc.com\/wp-content\/uploads\/2023\/09\/redacao.png","caption":"Reda\u00e7\u00e3o Sul SC"},"description":"Foco em um jornalismo imparcial, voltado \u00e0 qualidade dos seus conte\u00fados e, assim, levar informa\u00e7\u00e3o de valor que agregue \u00e0 vida dos leitores. Esta \u00e9 grande miss\u00e3o do Portal de Not\u00edcias Sul SC. N\u00e3o \u00e9 quantidade que muda o mundo, sempre foi e seguir\u00e1 sendo qualidade!","sameAs":["https:\/\/sulsc.com\/","https:\/\/www.facebook.com\/profile.php?id=61559278119680","https:\/\/www.instagram.com\/sulscportal\/?hl=pt-br","https:\/\/twitter.com\/https:\/\/twitter.com\/PortalSulSC","https:\/\/www.youtube.com\/channel\/UCv_BE8GeySluDov2n8qhVmw"],"url":"https:\/\/sulsc.com\/index.php\/author\/redacao\/"}]}},"authors":[],"_links":{"self":[{"href":"https:\/\/sulsc.com\/index.php\/wp-json\/wp\/v2\/posts\/33688"}],"collection":[{"href":"https:\/\/sulsc.com\/index.php\/wp-json\/wp\/v2\/posts"}],"about":[{"href":"https:\/\/sulsc.com\/index.php\/wp-json\/wp\/v2\/types\/post"}],"author":[{"embeddable":true,"href":"https:\/\/sulsc.com\/index.php\/wp-json\/wp\/v2\/users\/3"}],"replies":[{"embeddable":true,"href":"https:\/\/sulsc.com\/index.php\/wp-json\/wp\/v2\/comments?post=33688"}],"version-history":[{"count":1,"href":"https:\/\/sulsc.com\/index.php\/wp-json\/wp\/v2\/posts\/33688\/revisions"}],"predecessor-version":[{"id":33689,"href":"https:\/\/sulsc.com\/index.php\/wp-json\/wp\/v2\/posts\/33688\/revisions\/33689"}],"wp:featuredmedia":[{"embeddable":true,"href":"https:\/\/sulsc.com\/index.php\/wp-json\/wp\/v2\/media\/18858"}],"wp:attachment":[{"href":"https:\/\/sulsc.com\/index.php\/wp-json\/wp\/v2\/media?parent=33688"}],"wp:term":[{"taxonomy":"category","embeddable":true,"href":"https:\/\/sulsc.com\/index.php\/wp-json\/wp\/v2\/categories?post=33688"},{"taxonomy":"post_tag","embeddable":true,"href":"https:\/\/sulsc.com\/index.php\/wp-json\/wp\/v2\/tags?post=33688"}],"curies":[{"name":"wp","href":"https:\/\/api.w.org\/{rel}","templated":true}]}}